{"id":187750,"date":"2026-04-27T01:00:00","date_gmt":"2026-04-27T07:00:00","guid":{"rendered":"https:\/\/confidencial.digital\/sin-categoria\/the-sins-of-luis-canas-operator-of-the-exile-machinery\/"},"modified":"2026-04-27T02:49:35","modified_gmt":"2026-04-27T08:49:35","slug":"the-sins-of-luis-canas-operator-of-the-exile-machinery","status":"publish","type":"post","link":"https:\/\/confidencial.digital\/en\/english\/the-sins-of-luis-canas-operator-of-the-exile-machinery\/","title":{"rendered":"The Sins of Luis Ca\u00f1as, Operator of the Exile Machinery"},"content":{"rendered":"\n<p>Deputy Interior Minister Luis Ca\u00f1as Novoa is a key figure within the repressive apparatus of Daniel Ortega and Rosario Murillo. He was <a href=\"https:\/\/confidencial.digital\/politica\/estados-unidos-sanciona-a-luis-canas-el-operador-de-murillo-en-el-ministerio-del-interior\/\" target=\"_blank\" rel=\"noreferrer noopener\">sanctioned by the United States government on April 18, 2026<\/a>, and is described by those who know him as someone capable of doing \u201canything\u201d to achieve his objectives. As Murillo\u2019s operator within the Interior Ministry, those objectives are to repress the Nicaraguan population and carry out the orders of the all-powerful \u201cco-president.\u201d  <\/p>\n\n<p>Ca\u00f1as has gained prominence as a central figure in the regime\u2019s exile machinery and as part of Murillo\u2019s inner circle. He is also involved in a system of permanent surveillance across the country and is responsible for relaying Murillo\u2019s orders, effectively wielding real power within the Interior Ministry. <\/p>\n\n<p>His record includes a dismissal for corruption in 2007. His later promotion to the rank of commissioner general positioned him as a key figure in implementing the regime\u2019s most repressive policies.<\/p>\n\n<h2 class=\"wp-block-heading\" id=\"h-mano-derecha-en-la-maquinaria-del-destierro\"><strong>Right-hand man in the exile machinery<\/strong><\/h2>\n\n<p>The right-hand man to Rosario Murillo in the regime\u2019s exile machinery\u2014the system that decides who is allowed to enter Nicaragua\u2014is Deputy Interior Minister Luis Ca\u00f1as Novoa. He has been identified as <a href=\"https:\/\/confidencial.digital\/en\/english\/ghren-identifies-54-senior-officials-responsible-for-repression-in-nicaragua\/\" target=\"_blank\" rel=\"noreferrer noopener\">one of 54 officials responsible for crimes against humanity<\/a> committed by the dictatorship, according to the United Nations Group of Human Rights Experts on Nicaragua. <\/p>\n\n<p>The group of experts reports that, to deny entry to Nicaraguans, the vice minister requests information from the Sandinista Front\u2019s organization secretary, Fidel Moreno, who oversees a domestic surveillance network with support from the Police Intelligence Directorate and the Telecommunications and Postal Institute (Telcor). Moreno compiles a profile of the individual, and based on that information, the vice minister decides whether the person is allowed to enter Nicaragua. <\/p>\n\n<figure class=\"wp-block-image size-large\"><img decoding=\"async\" width=\"1024\" height=\"683\" src=\"https:\/\/confidencial.digital\/wp-content\/uploads\/2026\/04\/Canas3-1024x683.jpg\" alt=\"\" class=\"wp-image-187655\" srcset=\"https:\/\/confidencial.digital\/wp-content\/uploads\/2026\/04\/Canas3-1024x683.jpg 1024w, https:\/\/confidencial.digital\/wp-content\/uploads\/2026\/04\/Canas3-300x200.jpg 300w, https:\/\/confidencial.digital\/wp-content\/uploads\/2026\/04\/Canas3-768x512.jpg 768w, https:\/\/confidencial.digital\/wp-content\/uploads\/2026\/04\/Canas3-480x320.jpg 480w, https:\/\/confidencial.digital\/wp-content\/uploads\/2026\/04\/Canas3.jpg 1500w\" sizes=\"(max-width: 1024px) 100vw, 1024px\" \/><figcaption class=\"wp-element-caption\">Daniel Ortega and Deputy Interior Minister Luis Ca\u00f1as during an event held in December 2023. \/\/ Photo: CCC <\/figcaption><\/figure>\n\n<p>Ca\u00f1as also took part in the exile of the 222 political prisoners sent to the United States in 2023, as well as the 135 sent to Guatemala in 2024. He ordered the issuance of their passports without their request, and the documents were personally delivered by the vice minister.<br\/>  <\/p>\n\n<h2 class=\"wp-block-heading\" id=\"h-luis-canas-en-los-nuevos-anillos-del-poder-de-murillo\"><strong>Luis Ca\u00f1as in Murillo\u2019s new rings of power<\/strong><\/h2>\n\n<p>Within the new <a href=\"https:\/\/confidencial.digital\/en\/english\/the-ortega-murillo-regimes-political-operators-and-its-four-pillars-of-power\/\" target=\"_blank\" rel=\"noreferrer noopener\">inner rings of power built by Rosario Murillo<\/a> to secure a dynastic succession, Ca\u00f1as ranks among the closest figures. He is the one who effectively exercises real authority within the Interior Ministry, above Minister Mar\u00eda Amelia Coronel. <\/p>\n\n<p>Since late 2024, Ca\u00f1as has also regularly occupied a seat at the main table alongside the country\u2019s rulers and has become one of the most visible operators, despite having initially maintained a lower profile.<\/p>\n\n<p>According to the UN experts, the vice minister plays \u201can important role\u201d in the regime\u2019s repressive infrastructure.<br\/><\/p>\n\n<p>According to a report by <em><a href=\"https:\/\/www.divergentes.com\/luis-canas-el-poderoso-viceministro-de-la-represion-ortega-murillo\/\" target=\"_blank\" rel=\"noreferrer noopener\">Divergentes<\/a><\/em>, before becoming vice minister, Ca\u00f1as organized a group of former Sandinista combatants, securing medical and financial support for them. The group later backed the 2018 crackdown, when the dictatorship armed paramilitary forces to attack and carry out massacres against citizens participating in that year\u2019s civic protests. <\/p>\n\n<h2 class=\"wp-block-heading\" id=\"h-vigilancia-y-control-en-el-territorio-nacional\"><strong>Surveillance and control across the country<\/strong><\/h2>\n\n<p>Ca\u00f1as\u2019s role within the Interior Ministry also includes political surveillance and permanent control throughout the country.<\/p>\n\n<p>According to United Nations experts, this surveillance system allows the regime to control the flow of information within Nicaragua and to decide who should be monitored, detained, expelled from the country, barred from returning, or stripped of their Nicaraguan nationality. <\/p>\n\n<p>Ca\u00f1as has served as the link between the Interior Ministry, the Police, and the orders coming from El Carmen, the residence, party headquarters, and office of co-rulers Daniel Ortega and Rosario Murillo.<\/p>\n\n<p>Until mid-2025, he carried out that role through former presidential security adviser N\u00e9stor Moncada Lau, who was <a href=\"https:\/\/confidencial.digital\/en\/policy\/nestor-moncada-lau-ortega-and-murillos-security-advisor-imprisoned\/\" target=\"_blank\" rel=\"noreferrer noopener\">\u201cpurged\u201d by Murillo in August 2025.<\/a> After Moncada Lau\u2019s fall, the vice minister has taken on a more visible role within the regime\u2019s surveillance structure.  <\/p>\n\n<p>Ca\u00f1as is the one who receives direct orders from Ortega and Murillo and passes them on to the police surveillance apparatus. According to UN experts, in April 2023 Murillo instructed the Police that \u201cnot even a fly should be moving without her knowing.\u201d <\/p>\n\n<h2 class=\"wp-block-heading\" id=\"h-policia-corrupto-ascendido-a-comisionado-general\"><strong>A corrupt police officer promoted to commissioner general<\/strong><\/h2>\n\n<p>Ca\u00f1as comes from a poor family in El Sauce, Le\u00f3n. He joined the ranks of the Sandinista Front in the 1970s as a combatant. He was a founding member of the National Police in the 1980s and, a decade later, in the 1990s, established himself in anti-drug investigations.  <\/p>\n\n<p>He also headed the police intelligence unit in the early 2000s, but then\u2013Police Chief Aminta Granera removed him from the force in 2007 after he was linked to corruption cases.<\/p>\n\n<p>After leaving the Police, Ca\u00f1as spent eight years as a civilian. In 2015, Moncada Lau recommended him for the position of <a href=\"https:\/\/www.lagaceta.gob.ni\/la-gaceta-n-103-jueves-04-junio-de-2015\/\" target=\"_blank\" rel=\"noreferrer noopener\">vice minister,<\/a> replacing Carlos N\u00e1jar. During his first year in office, Ca\u00f1as kept a low profile, but he gained prominence after the removal of Ana Isabel Morales in 2016 as head of the Ministry of the Interior, which Ortega renamed in 2023 as the \u201cMinistry of the Interior (MINT),\u201d reviving its 1980s name.   <\/p>\n\n<div class=\"wp-block-essential-blocks-slider root-eb-slider-op86d\"><div class=\"eb-parent-wrapper eb-parent-eb-slider-op86d \"><div class=\"eb-slider-wrapper eb-slider-op86d default-slider\" data-blockid=\"eb-slider-op86d\" data-version=\"v4\" data-settings=\"eyJhcnJvd3MiOnRydWUsImFkYXB0aXZlSGVpZ2h0Ijp0cnVlLCJhdXRvcGxheSI6dHJ1ZSwiYXV0b3BsYXlTcGVlZCI6MzAwMCwiZG90cyI6dHJ1ZSwiZmFkZSI6ZmFsc2UsImluZmluaXRlIjp0cnVlLCJwYXVzZU9uSG92ZXIiOnRydWUsInNsaWRlc1RvU2hvdyI6MSwic3BlZWQiOjUwMCwidmVydGljYWwiOmZhbHNlLCJjdXJyZW50U2xpZGUiOjAsInJ0bCI6ZmFsc2UsInJlc3BvbnNpdmUiOlt7ImJyZWFrcG9pbnQiOjEwMjUsInNldHRpbmdzIjp7InNsaWRlc1RvU2hvdyI6MX19LHsiYnJlYWtwb2ludCI6NzY3LCJzZXR0aW5ncyI6eyJzbGlkZXNUb1Nob3ciOjF9fV19\" data-arrownexticon=\"fas fa-arrow-alt-circle-right\" data-arrowprevicon=\"fas fa-arrow-alt-circle-left\" data-lightbox=\"false\"><div class=\"eb-slider-init eb-slider-type-image\"><div class=\"eb-slider-item content-1\" data-src=\"https:\/\/confidencial.digital\/wp-content\/uploads\/2026\/04\/Canas4.jpg\"><div><img class=\"eb-slider-image\" data-lazy=\"https:\/\/confidencial.digital\/wp-content\/uploads\/2026\/04\/Canas4.jpg\"><\/div><\/div><div class=\"eb-slider-item content-1\" data-src=\"https:\/\/confidencial.digital\/wp-content\/uploads\/2026\/04\/Canas2.jpg\"><div><img class=\"eb-slider-image\" data-lazy=\"https:\/\/confidencial.digital\/wp-content\/uploads\/2026\/04\/Canas2.jpg\"><\/div><\/div><div class=\"eb-slider-item content-1\" data-src=\"https:\/\/confidencial.digital\/wp-content\/uploads\/2026\/04\/Canas1.jpg\"><div><img class=\"eb-slider-image\" data-lazy=\"https:\/\/confidencial.digital\/wp-content\/uploads\/2026\/04\/Canas1.jpg\"><\/div><\/div><\/div><\/div><\/div><\/div>\n\n<p>Alongside the reestablishment of the Interior Ministry (MINT), the dictatorship imposed its direct <a href=\"https:\/\/confidencial.digital\/nacion\/regimen-orteguista-subordina-el-ministerio-de-gobernacion-a-la-policia\/\" target=\"_blank\" rel=\"noreferrer noopener\">subordination to the Police,<\/a> establishing police rank structures within its general directorates. The new law stipulated that the position of vice minister is equivalent to the rank of commissioner general. Days later, <a href=\"http:\/\/legislacion.asamblea.gob.ni\/Normaweb.nsf\/(All)\/9C0A9E3300B2735506258A9E006F1F3E?OpenDocument\" target=\"_blank\" rel=\"noreferrer noopener\">Ca\u00f1as was promoted.<\/a>  <\/p>\n\n<h2 class=\"wp-block-heading\" id=\"h-organizador-del-maltrato-a-los-presos-politicos\"><strong>Organizer of the mistreatment of political prisoners<\/strong><\/h2>\n\n<p>The vice minister\u2019s repressive framework also extends to the National Penitentiary System (SPN). According to the United Nations experts, Ca\u00f1as ordered \u201ca systematic policy of discriminatory treatment against political prisoners.\u201d <\/p>\n\n<p>He also instructed prison directors to \u201cobstruct access for defense attorneys and to ignore court orders for release and habeas corpus.\u201d<\/p>\n\n<p>These instructions also include defying judicial orders authorizing forensic medical evaluations and access to information about detention conditions, reinforcing a systematic pattern of impunity within the prison system. This obstructs accountability and allows abuses against detainees to continue, including dozens who remain in conditions of enforced disappearance.<\/p>\n\n<p>In May 2019, following the <a href=\"https:\/\/confidencial.digital\/politica\/ue-exige-investigacion-exhaustiva-sobre-asesinato-de-eddy-montes\/\" target=\"_blank\" rel=\"noreferrer noopener\">killing in prison of political prisoner Eddy Montes,<\/a> Ca\u00f1as claimed that Montes was shot while struggling with a guard during an attempted riot at La Modelo prison. However, political prisoners who witnessed the killing dispute the official version and say it was a direct shooting. <\/p>\n\n<h2 class=\"wp-block-heading\" id=\"h-gestor-de-las-cancelaciones-de-oeneges\"><strong>Overseeing the shutdown of NGOs<\/strong><\/h2>\n\n<p>Ca\u00f1as also carried out direct orders from co-president Rosario Murillo to revoke the legal status of NGOs and other nonprofit organizations. In addition, the Group of Experts points to him as someone who seeks Murillo\u2019s authorization to cancel the legal status of organizations he himself selects. <\/p>\n\n<p>In an interview on October 9, 2024, Ca\u00f1as justified the closures by claiming that funds sent to NGOs were being used to undermine public order in the country.<br\/><\/p>\n\n<p>\u201cA large percentage of these nonprofit organizations had been inactive, in some cases for decades. They had never submitted any of the required reports, especially financial statements. There were organizations that received significant amounts of money and never accounted for it. And donors of questionable origin or even existence didn\u2019t care. They knew that money was being used to undermine order and security in the country. And that had to be prevented,\u201d Ca\u00f1as said.<\/p>\n\n<h2 class=\"wp-block-heading\" id=\"h-negacion-de-pasaportes-y-despojo-de-nacionalidad\"><strong>Denial of passports and stripping of nationality<\/strong><\/h2>\n\n<p>Ca\u00f1as is also identified as the main figure, alongside the Ministry of Foreign Affairs, behind the state policy of denying the issuance or renewal of passports to opponents both inside and outside Nicaragua.<br\/><\/p>\n\n<p>Other measures include the annulment or deletion of official records, including birth certificates. According to the United Nations Group of Experts, this leads to the arbitrary deprivation of nationality on political grounds. <\/p>\n\n<p>Nicaraguans who are denied these rights are individuals identified by the regime\u2019s intelligence network, which coordinates the collection of personal, family, professional, and other types of information on people considered a threat to national sovereignty and society.<br\/><\/p>\n\n<p>Within this structure, Fidel Moreno works with the Civil Registry and municipal civil registry offices to order the deletion of official records. Based on that information, and in consultation with Rosario Murillo, Vice Minister Ca\u00f1as decides who will be stripped of their nationality. <\/p>\n","protected":false},"excerpt":{"rendered":"<p>Deputy Interior Minister Luis Ca\u00f1as Novoa is a key figure within the repressive apparatus of Daniel Ortega and Rosario Murillo. He was sanctioned by the United States government on April 18, 2026, and is described by those who know him as someone capable of doing \u201canything\u201d to achieve his objectives. As Murillo\u2019s operator within the [&hellip;]<\/p>\n","protected":false},"author":10,"featured_media":187638,"comment_status":"closed","ping_status":"closed","sticky":false,"template":"","format":"standard","meta":{"_acf_changed":false,"_eb_attr":"","_eb_data_table":"","footnotes":""},"categories":[15445],"tags":[],"class_list":["post-187750","post","type-post","status-publish","format-standard","has-post-thumbnail","hentry","category-english"],"acf":[],"yoast_head":"<!-- This site is optimized with the Yoast SEO Premium plugin v27.4 (Yoast SEO v27.4) - https:\/\/yoast.com\/product\/yoast-seo-premium-wordpress\/ -->\n<title>The sins of Luis Ca\u00f1as, the signature behind Nicaragua\u2019s exiles<\/title>\n<meta name=\"description\" content=\"Deputy Interior Minister Luis Ca\u00f1as Novoa is a key figure within the repressive regime of Daniel Ortega and Rosario Murillo\" \/>\n<meta name=\"robots\" content=\"index, follow, max-snippet:-1, max-image-preview:large, max-video-preview:-1\" \/>\n<link rel=\"canonical\" href=\"https:\/\/confidencial.digital\/en\/english\/the-sins-of-luis-canas-operator-of-the-exile-machinery\/\" \/>\n<meta property=\"og:locale\" content=\"en_US\" \/>\n<meta property=\"og:type\" content=\"article\" \/>\n<meta property=\"og:title\" content=\"The Sins of Luis Ca\u00f1as, Operator of the Exile Machinery\" \/>\n<meta property=\"og:description\" content=\"Deputy Interior Minister Luis Ca\u00f1as Novoa is a key figure within the repressive regime of Daniel Ortega and Rosario Murillo\" \/>\n<meta property=\"og:url\" content=\"https:\/\/confidencial.digital\/en\/english\/the-sins-of-luis-canas-operator-of-the-exile-machinery\/\" \/>\n<meta property=\"og:site_name\" content=\"Confidencial\" \/>\n<meta property=\"article:publisher\" content=\"https:\/\/www.facebook.com\/confidencial.com.ni\" \/>\n<meta property=\"article:published_time\" content=\"2026-04-27T07:00:00+00:00\" \/>\n<meta property=\"article:modified_time\" content=\"2026-04-27T08:49:35+00:00\" \/>\n<meta property=\"og:image\" content=\"https:\/\/confidencial.digital\/wp-content\/uploads\/2026\/04\/Luis-Canas.jpg\" \/>\n\t<meta property=\"og:image:width\" content=\"1920\" \/>\n\t<meta property=\"og:image:height\" content=\"1080\" \/>\n\t<meta property=\"og:image:type\" content=\"image\/jpeg\" \/>\n<meta name=\"author\" content=\"Redacci\u00f3n Confidencial\" \/>\n<meta name=\"twitter:card\" content=\"summary_large_image\" \/>\n<meta name=\"twitter:creator\" content=\"@confidencial_ni\" \/>\n<meta name=\"twitter:site\" content=\"@confidencial_ni\" \/>\n<meta name=\"twitter:label1\" content=\"Written by\" \/>\n\t<meta name=\"twitter:data1\" content=\"Redacci\u00f3n Confidencial\" \/>\n\t<meta name=\"twitter:label2\" content=\"Est. reading time\" \/>\n\t<meta name=\"twitter:data2\" content=\"7 minutes\" \/>\n<script type=\"application\/ld+json\" class=\"yoast-schema-graph\">{\"@context\":\"https:\\\/\\\/schema.org\",\"@graph\":[{\"@type\":\"NewsArticle\",\"@id\":\"https:\\\/\\\/confidencial.digital\\\/en\\\/english\\\/the-sins-of-luis-canas-operator-of-the-exile-machinery\\\/#article\",\"isPartOf\":{\"@id\":\"https:\\\/\\\/confidencial.digital\\\/en\\\/english\\\/the-sins-of-luis-canas-operator-of-the-exile-machinery\\\/\"},\"author\":{\"name\":\"Redacci\u00f3n Confidencial\",\"@id\":\"https:\\\/\\\/confidencial.digital\\\/en\\\/#\\\/schema\\\/person\\\/64733b11255c0e9d6b4e93e81a984809\"},\"headline\":\"The Sins of Luis Ca\u00f1as, Operator of the Exile Machinery\",\"datePublished\":\"2026-04-27T07:00:00+00:00\",\"dateModified\":\"2026-04-27T08:49:35+00:00\",\"mainEntityOfPage\":{\"@id\":\"https:\\\/\\\/confidencial.digital\\\/en\\\/english\\\/the-sins-of-luis-canas-operator-of-the-exile-machinery\\\/\"},\"wordCount\":1386,\"publisher\":{\"@id\":\"https:\\\/\\\/confidencial.digital\\\/en\\\/#organization\"},\"image\":{\"@id\":\"https:\\\/\\\/confidencial.digital\\\/en\\\/english\\\/the-sins-of-luis-canas-operator-of-the-exile-machinery\\\/#primaryimage\"},\"thumbnailUrl\":\"https:\\\/\\\/confidencial.digital\\\/wp-content\\\/uploads\\\/2026\\\/04\\\/Luis-Canas.jpg\",\"articleSection\":[\"English\"],\"inLanguage\":\"en-US\",\"copyrightYear\":\"2026\",\"copyrightHolder\":{\"@id\":\"https:\\\/\\\/confidencial.digital\\\/#organization\"}},{\"@type\":\"WebPage\",\"@id\":\"https:\\\/\\\/confidencial.digital\\\/en\\\/english\\\/the-sins-of-luis-canas-operator-of-the-exile-machinery\\\/\",\"url\":\"https:\\\/\\\/confidencial.digital\\\/en\\\/english\\\/the-sins-of-luis-canas-operator-of-the-exile-machinery\\\/\",\"name\":\"The sins of Luis Ca\u00f1as, the signature behind Nicaragua\u2019s exiles\",\"isPartOf\":{\"@id\":\"https:\\\/\\\/confidencial.digital\\\/en\\\/#website\"},\"primaryImageOfPage\":{\"@id\":\"https:\\\/\\\/confidencial.digital\\\/en\\\/english\\\/the-sins-of-luis-canas-operator-of-the-exile-machinery\\\/#primaryimage\"},\"image\":{\"@id\":\"https:\\\/\\\/confidencial.digital\\\/en\\\/english\\\/the-sins-of-luis-canas-operator-of-the-exile-machinery\\\/#primaryimage\"},\"thumbnailUrl\":\"https:\\\/\\\/confidencial.digital\\\/wp-content\\\/uploads\\\/2026\\\/04\\\/Luis-Canas.jpg\",\"datePublished\":\"2026-04-27T07:00:00+00:00\",\"dateModified\":\"2026-04-27T08:49:35+00:00\",\"description\":\"Deputy Interior Minister Luis Ca\u00f1as Novoa is a key figure within the repressive regime of Daniel Ortega and Rosario Murillo\",\"breadcrumb\":{\"@id\":\"https:\\\/\\\/confidencial.digital\\\/en\\\/english\\\/the-sins-of-luis-canas-operator-of-the-exile-machinery\\\/#breadcrumb\"},\"inLanguage\":\"en-US\",\"potentialAction\":[{\"@type\":\"ReadAction\",\"target\":[\"https:\\\/\\\/confidencial.digital\\\/en\\\/english\\\/the-sins-of-luis-canas-operator-of-the-exile-machinery\\\/\"]}]},{\"@type\":\"ImageObject\",\"inLanguage\":\"en-US\",\"@id\":\"https:\\\/\\\/confidencial.digital\\\/en\\\/english\\\/the-sins-of-luis-canas-operator-of-the-exile-machinery\\\/#primaryimage\",\"url\":\"https:\\\/\\\/confidencial.digital\\\/wp-content\\\/uploads\\\/2026\\\/04\\\/Luis-Canas.jpg\",\"contentUrl\":\"https:\\\/\\\/confidencial.digital\\\/wp-content\\\/uploads\\\/2026\\\/04\\\/Luis-Canas.jpg\",\"width\":1920,\"height\":1080,\"caption\":\"Luis Ca\u00f1as Novoa, viceministro del Interior. \\\/\\\/Ilustraci\u00f3n: Confidencial\"},{\"@type\":\"BreadcrumbList\",\"@id\":\"https:\\\/\\\/confidencial.digital\\\/en\\\/english\\\/the-sins-of-luis-canas-operator-of-the-exile-machinery\\\/#breadcrumb\",\"itemListElement\":[{\"@type\":\"ListItem\",\"position\":1,\"name\":\"Portada\",\"item\":\"https:\\\/\\\/confidencial.digital\\\/en\\\/\"},{\"@type\":\"ListItem\",\"position\":2,\"name\":\"The Sins of Luis Ca\u00f1as, Operator of the Exile Machinery\"}]},{\"@type\":\"WebSite\",\"@id\":\"https:\\\/\\\/confidencial.digital\\\/en\\\/#website\",\"url\":\"https:\\\/\\\/confidencial.digital\\\/en\\\/\",\"name\":\"Confidencial Nicaragua\",\"description\":\"Noticias de Nicaragua, informaci\u00f3n, an\u00e1lisis, reportajes, investigaciones, perfiles y entrevistas. Somos Confidencial. Hacemos periodismo independiente.\",\"publisher\":{\"@id\":\"https:\\\/\\\/confidencial.digital\\\/en\\\/#organization\"},\"potentialAction\":[{\"@type\":\"SearchAction\",\"target\":{\"@type\":\"EntryPoint\",\"urlTemplate\":\"https:\\\/\\\/confidencial.digital\\\/en\\\/?s={search_term_string}\"},\"query-input\":{\"@type\":\"PropertyValueSpecification\",\"valueRequired\":true,\"valueName\":\"search_term_string\"}}],\"inLanguage\":\"en-US\"},{\"@type\":\"Organization\",\"@id\":\"https:\\\/\\\/confidencial.digital\\\/en\\\/#organization\",\"name\":\"Confidencial\",\"url\":\"https:\\\/\\\/confidencial.digital\\\/en\\\/\",\"logo\":{\"@type\":\"ImageObject\",\"inLanguage\":\"en-US\",\"@id\":\"https:\\\/\\\/confidencial.digital\\\/en\\\/#\\\/schema\\\/logo\\\/image\\\/\",\"url\":\"https:\\\/\\\/confidencial.digital\\\/wp-content\\\/uploads\\\/2023\\\/09\\\/Confidencial_696x696.jpg\",\"contentUrl\":\"https:\\\/\\\/confidencial.digital\\\/wp-content\\\/uploads\\\/2023\\\/09\\\/Confidencial_696x696.jpg\",\"width\":696,\"height\":696,\"caption\":\"Confidencial\"},\"image\":{\"@id\":\"https:\\\/\\\/confidencial.digital\\\/en\\\/#\\\/schema\\\/logo\\\/image\\\/\"},\"sameAs\":[\"https:\\\/\\\/www.facebook.com\\\/confidencial.com.ni\",\"https:\\\/\\\/x.com\\\/confidencial_ni\",\"https:\\\/\\\/www.youtube.com\\\/user\\\/ConfidencialNica\",\"https:\\\/\\\/www.instagram.com\\\/confidencial_ni\\\/\",\"https:\\\/\\\/www.linkedin.com\\\/company\\\/confidencial-nicaragua\\\/\",\"https:\\\/\\\/open.spotify.com\\\/show\\\/1rNymjqQuqP1CTGqHKdQ24\",\"https:\\\/\\\/bsky.app\\\/profile\\\/confidencialni.bsky.social\",\"https:\\\/\\\/www.threads.com\\\/@confidencial_ni\"],\"description\":\"En Confidencial hacemos periodismo de investigaci\u00f3n y an\u00e1lisis independiente para Nicaragua y su di\u00e1spora en el mundo. Fundado en 1996\",\"email\":\"info@confidencial.digital\",\"foundingDate\":\"1996-06-01\"},{\"@type\":\"Person\",\"@id\":\"https:\\\/\\\/confidencial.digital\\\/en\\\/#\\\/schema\\\/person\\\/64733b11255c0e9d6b4e93e81a984809\",\"name\":\"Redacci\u00f3n Confidencial\",\"image\":{\"@type\":\"ImageObject\",\"inLanguage\":\"en-US\",\"@id\":\"https:\\\/\\\/confidencial.digital\\\/wp-content\\\/uploads\\\/2024\\\/04\\\/redaccion-confidencial_avatar-96x96.png\",\"url\":\"https:\\\/\\\/confidencial.digital\\\/wp-content\\\/uploads\\\/2024\\\/04\\\/redaccion-confidencial_avatar-96x96.png\",\"contentUrl\":\"https:\\\/\\\/confidencial.digital\\\/wp-content\\\/uploads\\\/2024\\\/04\\\/redaccion-confidencial_avatar-96x96.png\",\"caption\":\"Redacci\u00f3n Confidencial\"},\"description\":\"Confidencial es un diario digital nicarag\u00fcense, de formato multimedia, fundado por Carlos F. Chamorro en junio de 1996. Inici\u00f3 como un semanario impreso y hoy es un medio de referencia regional con informaci\u00f3n, an\u00e1lisis, entrevistas, perfiles, reportajes e investigaciones sobre Nicaragua, informando desde el exilio por la persecuci\u00f3n pol\u00edtica de la dictadura de Daniel Ortega y Rosario Murillo.\",\"sameAs\":[\"https:\\\/\\\/x.com\\\/confidencial_ni\"],\"url\":\"https:\\\/\\\/confidencial.digital\\\/en\\\/author\\\/confidencial-digital\\\/\"}]}<\/script>\n<!-- \/ Yoast SEO Premium plugin. -->","yoast_head_json":{"title":"The sins of Luis Ca\u00f1as, the signature behind Nicaragua\u2019s exiles","description":"Deputy Interior Minister Luis Ca\u00f1as Novoa is a key figure within the repressive regime of Daniel Ortega and Rosario Murillo","robots":{"index":"index","follow":"follow","max-snippet":"max-snippet:-1","max-image-preview":"max-image-preview:large","max-video-preview":"max-video-preview:-1"},"canonical":"https:\/\/confidencial.digital\/en\/english\/the-sins-of-luis-canas-operator-of-the-exile-machinery\/","og_locale":"en_US","og_type":"article","og_title":"The Sins of Luis Ca\u00f1as, Operator of the Exile Machinery","og_description":"Deputy Interior Minister Luis Ca\u00f1as Novoa is a key figure within the repressive regime of Daniel Ortega and Rosario Murillo","og_url":"https:\/\/confidencial.digital\/en\/english\/the-sins-of-luis-canas-operator-of-the-exile-machinery\/","og_site_name":"Confidencial","article_publisher":"https:\/\/www.facebook.com\/confidencial.com.ni","article_published_time":"2026-04-27T07:00:00+00:00","article_modified_time":"2026-04-27T08:49:35+00:00","og_image":[{"width":1920,"height":1080,"url":"https:\/\/confidencial.digital\/wp-content\/uploads\/2026\/04\/Luis-Canas.jpg","type":"image\/jpeg"}],"author":"Redacci\u00f3n Confidencial","twitter_card":"summary_large_image","twitter_creator":"@confidencial_ni","twitter_site":"@confidencial_ni","twitter_misc":{"Written by":"Redacci\u00f3n Confidencial","Est. reading time":"7 minutes"},"schema":{"@context":"https:\/\/schema.org","@graph":[{"@type":"NewsArticle","@id":"https:\/\/confidencial.digital\/en\/english\/the-sins-of-luis-canas-operator-of-the-exile-machinery\/#article","isPartOf":{"@id":"https:\/\/confidencial.digital\/en\/english\/the-sins-of-luis-canas-operator-of-the-exile-machinery\/"},"author":{"name":"Redacci\u00f3n Confidencial","@id":"https:\/\/confidencial.digital\/en\/#\/schema\/person\/64733b11255c0e9d6b4e93e81a984809"},"headline":"The Sins of Luis Ca\u00f1as, Operator of the Exile Machinery","datePublished":"2026-04-27T07:00:00+00:00","dateModified":"2026-04-27T08:49:35+00:00","mainEntityOfPage":{"@id":"https:\/\/confidencial.digital\/en\/english\/the-sins-of-luis-canas-operator-of-the-exile-machinery\/"},"wordCount":1386,"publisher":{"@id":"https:\/\/confidencial.digital\/en\/#organization"},"image":{"@id":"https:\/\/confidencial.digital\/en\/english\/the-sins-of-luis-canas-operator-of-the-exile-machinery\/#primaryimage"},"thumbnailUrl":"https:\/\/confidencial.digital\/wp-content\/uploads\/2026\/04\/Luis-Canas.jpg","articleSection":["English"],"inLanguage":"en-US","copyrightYear":"2026","copyrightHolder":{"@id":"https:\/\/confidencial.digital\/#organization"}},{"@type":"WebPage","@id":"https:\/\/confidencial.digital\/en\/english\/the-sins-of-luis-canas-operator-of-the-exile-machinery\/","url":"https:\/\/confidencial.digital\/en\/english\/the-sins-of-luis-canas-operator-of-the-exile-machinery\/","name":"The sins of Luis Ca\u00f1as, the signature behind Nicaragua\u2019s exiles","isPartOf":{"@id":"https:\/\/confidencial.digital\/en\/#website"},"primaryImageOfPage":{"@id":"https:\/\/confidencial.digital\/en\/english\/the-sins-of-luis-canas-operator-of-the-exile-machinery\/#primaryimage"},"image":{"@id":"https:\/\/confidencial.digital\/en\/english\/the-sins-of-luis-canas-operator-of-the-exile-machinery\/#primaryimage"},"thumbnailUrl":"https:\/\/confidencial.digital\/wp-content\/uploads\/2026\/04\/Luis-Canas.jpg","datePublished":"2026-04-27T07:00:00+00:00","dateModified":"2026-04-27T08:49:35+00:00","description":"Deputy Interior Minister Luis Ca\u00f1as Novoa is a key figure within the repressive regime of Daniel Ortega and Rosario Murillo","breadcrumb":{"@id":"https:\/\/confidencial.digital\/en\/english\/the-sins-of-luis-canas-operator-of-the-exile-machinery\/#breadcrumb"},"inLanguage":"en-US","potentialAction":[{"@type":"ReadAction","target":["https:\/\/confidencial.digital\/en\/english\/the-sins-of-luis-canas-operator-of-the-exile-machinery\/"]}]},{"@type":"ImageObject","inLanguage":"en-US","@id":"https:\/\/confidencial.digital\/en\/english\/the-sins-of-luis-canas-operator-of-the-exile-machinery\/#primaryimage","url":"https:\/\/confidencial.digital\/wp-content\/uploads\/2026\/04\/Luis-Canas.jpg","contentUrl":"https:\/\/confidencial.digital\/wp-content\/uploads\/2026\/04\/Luis-Canas.jpg","width":1920,"height":1080,"caption":"Luis Ca\u00f1as Novoa, viceministro del Interior. \/\/Ilustraci\u00f3n: Confidencial"},{"@type":"BreadcrumbList","@id":"https:\/\/confidencial.digital\/en\/english\/the-sins-of-luis-canas-operator-of-the-exile-machinery\/#breadcrumb","itemListElement":[{"@type":"ListItem","position":1,"name":"Portada","item":"https:\/\/confidencial.digital\/en\/"},{"@type":"ListItem","position":2,"name":"The Sins of Luis Ca\u00f1as, Operator of the Exile Machinery"}]},{"@type":"WebSite","@id":"https:\/\/confidencial.digital\/en\/#website","url":"https:\/\/confidencial.digital\/en\/","name":"Confidencial Nicaragua","description":"Noticias de Nicaragua, informaci\u00f3n, an\u00e1lisis, reportajes, investigaciones, perfiles y entrevistas. Somos Confidencial. Hacemos periodismo independiente.","publisher":{"@id":"https:\/\/confidencial.digital\/en\/#organization"},"potentialAction":[{"@type":"SearchAction","target":{"@type":"EntryPoint","urlTemplate":"https:\/\/confidencial.digital\/en\/?s={search_term_string}"},"query-input":{"@type":"PropertyValueSpecification","valueRequired":true,"valueName":"search_term_string"}}],"inLanguage":"en-US"},{"@type":"Organization","@id":"https:\/\/confidencial.digital\/en\/#organization","name":"Confidencial","url":"https:\/\/confidencial.digital\/en\/","logo":{"@type":"ImageObject","inLanguage":"en-US","@id":"https:\/\/confidencial.digital\/en\/#\/schema\/logo\/image\/","url":"https:\/\/confidencial.digital\/wp-content\/uploads\/2023\/09\/Confidencial_696x696.jpg","contentUrl":"https:\/\/confidencial.digital\/wp-content\/uploads\/2023\/09\/Confidencial_696x696.jpg","width":696,"height":696,"caption":"Confidencial"},"image":{"@id":"https:\/\/confidencial.digital\/en\/#\/schema\/logo\/image\/"},"sameAs":["https:\/\/www.facebook.com\/confidencial.com.ni","https:\/\/x.com\/confidencial_ni","https:\/\/www.youtube.com\/user\/ConfidencialNica","https:\/\/www.instagram.com\/confidencial_ni\/","https:\/\/www.linkedin.com\/company\/confidencial-nicaragua\/","https:\/\/open.spotify.com\/show\/1rNymjqQuqP1CTGqHKdQ24","https:\/\/bsky.app\/profile\/confidencialni.bsky.social","https:\/\/www.threads.com\/@confidencial_ni"],"description":"En Confidencial hacemos periodismo de investigaci\u00f3n y an\u00e1lisis independiente para Nicaragua y su di\u00e1spora en el mundo. Fundado en 1996","email":"info@confidencial.digital","foundingDate":"1996-06-01"},{"@type":"Person","@id":"https:\/\/confidencial.digital\/en\/#\/schema\/person\/64733b11255c0e9d6b4e93e81a984809","name":"Redacci\u00f3n Confidencial","image":{"@type":"ImageObject","inLanguage":"en-US","@id":"https:\/\/confidencial.digital\/wp-content\/uploads\/2024\/04\/redaccion-confidencial_avatar-96x96.png","url":"https:\/\/confidencial.digital\/wp-content\/uploads\/2024\/04\/redaccion-confidencial_avatar-96x96.png","contentUrl":"https:\/\/confidencial.digital\/wp-content\/uploads\/2024\/04\/redaccion-confidencial_avatar-96x96.png","caption":"Redacci\u00f3n Confidencial"},"description":"Confidencial es un diario digital nicarag\u00fcense, de formato multimedia, fundado por Carlos F. Chamorro en junio de 1996. Inici\u00f3 como un semanario impreso y hoy es un medio de referencia regional con informaci\u00f3n, an\u00e1lisis, entrevistas, perfiles, reportajes e investigaciones sobre Nicaragua, informando desde el exilio por la persecuci\u00f3n pol\u00edtica de la dictadura de Daniel Ortega y Rosario Murillo.","sameAs":["https:\/\/x.com\/confidencial_ni"],"url":"https:\/\/confidencial.digital\/en\/author\/confidencial-digital\/"}]}},"_links":{"self":[{"href":"https:\/\/confidencial.digital\/en\/wp-json\/wp\/v2\/posts\/187750","targetHints":{"allow":["GET"]}}],"collection":[{"href":"https:\/\/confidencial.digital\/en\/wp-json\/wp\/v2\/posts"}],"about":[{"href":"https:\/\/confidencial.digital\/en\/wp-json\/wp\/v2\/types\/post"}],"author":[{"embeddable":true,"href":"https:\/\/confidencial.digital\/en\/wp-json\/wp\/v2\/users\/10"}],"replies":[{"embeddable":true,"href":"https:\/\/confidencial.digital\/en\/wp-json\/wp\/v2\/comments?post=187750"}],"version-history":[{"count":2,"href":"https:\/\/confidencial.digital\/en\/wp-json\/wp\/v2\/posts\/187750\/revisions"}],"predecessor-version":[{"id":187752,"href":"https:\/\/confidencial.digital\/en\/wp-json\/wp\/v2\/posts\/187750\/revisions\/187752"}],"wp:featuredmedia":[{"embeddable":true,"href":"https:\/\/confidencial.digital\/en\/wp-json\/wp\/v2\/media\/187638"}],"wp:attachment":[{"href":"https:\/\/confidencial.digital\/en\/wp-json\/wp\/v2\/media?parent=187750"}],"wp:term":[{"taxonomy":"category","embeddable":true,"href":"https:\/\/confidencial.digital\/en\/wp-json\/wp\/v2\/categories?post=187750"},{"taxonomy":"post_tag","embeddable":true,"href":"https:\/\/confidencial.digital\/en\/wp-json\/wp\/v2\/tags?post=187750"}],"curies":[{"name":"wp","href":"https:\/\/api.w.org\/{rel}","templated":true}]}}