{"id":186421,"date":"2026-04-06T18:26:48","date_gmt":"2026-04-07T00:26:48","guid":{"rendered":"https:\/\/confidencial.digital\/sin-categoria\/iachr-grants-precautionary-measures-for-bayardo-arce-and-his-family\/"},"modified":"2026-04-07T13:40:49","modified_gmt":"2026-04-07T19:40:49","slug":"iachr-grants-precautionary-measures-for-bayardo-arce-and-his-family","status":"publish","type":"post","link":"https:\/\/confidencial.digital\/en\/policy\/iachr-grants-precautionary-measures-for-bayardo-arce-and-his-family\/","title":{"rendered":"IACHR Grants Precautionary Measures for Bayardo Arce and His Family"},"content":{"rendered":"\n<p>The Inter-American Commission on Human Rights (IACHR) granted precautionary measures on April 5, 2026, in favor of Bayardo Arce Casta\u00f1o, former presidential advisor on economic affairs, and his immediate family, after determining that the former guerrilla commander is in a situation of \u201cseriousness and urgency\u201d while in the custody of the Nicaraguan state.<\/p>\n\n<p><a href=\"https:\/\/www.oas.org\/es\/cidh\/decisiones\/mc\/2026\/res_23-26_mc_455-26_ni_es.pdf\">Through Resolution 23\/2026<\/a>, the regional body called on the Government of Nicaragua to take immediate action to guarantee the life, physical integrity, and health of Arce, who has been detained since July 2025.<\/p>\n\n<p><a href=\"https:\/\/www.oas.org\/es\/CIDH\/jsForm\/?File=\/es\/cidh\/prensa\/comunicados\/2026\/058.asp&amp;utm_content=country-nic&amp;utm_term=class-mc\">The IACHR\u2019s decision<\/a> is based on reports about Arce Casta\u00f1o\u2019s detention conditions. According to the petition submitted to the body, the beneficiary is being held under a regime of severe isolation, without access to specialized medical care for his chronic conditions\u2014an especially critical factor given his age. <\/p>\n\n<p>The autonomous body of the OAS noted that the lack of official information about his current condition and the limited contact with his family increase the risk of \u201cirreparable harm.\u201d<\/p>\n\n<p>According to the IACHR, the Government of Nicaragua did not provide any information or respond to the Commission\u2019s requests during the review process.<\/p>\n\n<p>On March 22, 2026, the <a href=\"https:\/\/confidencial.digital\/en\/english\/regime-releases-images-of-bayardo-arce-former-presidential-advisor\/\">Ortega regime released a series of images<\/a> of Bayardo Arce in which he appeared severely emaciated. Days earlier, the former presidential advisor\u2019s<a href=\"https:\/\/confidencial.digital\/en\/english\/bayardo-arces-children-demand-proof-of-life-for-former-presidential-adviser\/\" target=\"_blank\" rel=\"noreferrer noopener\"> six children<\/a> had called\u2014through a public letter\u2014for \u201cpublic proof of life\u201d of the former member of the FSLN National Directorate. <\/p>\n\n<h2 class=\"wp-block-heading\" id=\"h-exigencias-al-estado\">Demands to the State<\/h2>\n\n<p>The IACHR\u2019s binding resolution calls on Nicaraguan authorities to comply with the following measures:<\/p>\n\n<ul class=\"wp-block-list\">\n<li>Immediate medical evaluation: Conduct a comprehensive examination and ensure access to medication and specialists.<\/li>\n\n\n\n<li>Adequate detention conditions: Ensure that the place of detention meets international standards for elderly individuals.<\/li>\n\n\n\n<li>End to harassment of family members: The IACHR identified a pattern of surveillance and intimidation against Arce\u2019s close relatives and is demanding protective measures for them.<\/li>\n\n\n\n<li>Communication: Guarantee regular contact with lawyers and family members.<br\/><\/li>\n<\/ul>\n\n<p>The Commission clarified that granting these measures does not prejudge the merits of a potential case involving violations of the American Convention, but rather serves as a preventive mechanism in response to an imminent risk.<br\/><\/p>\n\n<p>Bayardo Arce joins a list of political figures for whom the IACHR has issued urgent pronouncements due to the lack of due process guarantees and inadequate health conditions within the country\u2019s prison system.<br\/><\/p>\n\n<p>At the end of January 2026, the <a href=\"https:\/\/confidencial.digital\/en\/policy\/ortega-aligned-justice-convicts-bayardo-arce-of-money-laundering\/\" target=\"_blank\" rel=\"noreferrer noopener\">Ortega regime\u2019s judiciary sentenced Bayardo Arce<\/a> for the alleged crime of \u201cmoney laundering, in the form of defrauding the Nicaraguan state,\u201d according to a statement from the Office of the Attorney General. In addition, all of his companies were shut down and all his assets were confiscated. <\/p>\n","protected":false},"excerpt":{"rendered":"<p>The Inter-American Commission on Human Rights (IACHR) granted precautionary measures on April 5, 2026, in favor of Bayardo Arce Casta\u00f1o, former presidential advisor on economic affairs, and his immediate family, after determining that the former guerrilla commander is in a situation of \u201cseriousness and urgency\u201d while in the custody of the Nicaraguan state. Through Resolution [&hellip;]<\/p>\n","protected":false},"author":10,"featured_media":185900,"comment_status":"closed","ping_status":"closed","sticky":false,"template":"","format":"standard","meta":{"_acf_changed":false,"_eb_attr":"","_eb_data_table":"","footnotes":""},"categories":[15445,15449],"tags":[],"class_list":["post-186421","post","type-post","status-publish","format-standard","has-post-thumbnail","hentry","category-english","category-policy"],"acf":[],"yoast_head":"<!-- This site is optimized with the Yoast SEO Premium plugin v27.4 (Yoast SEO v27.4) - https:\/\/yoast.com\/product\/yoast-seo-premium-wordpress\/ -->\n<title>IACHR Grants Precautionary Measures for Bayardo Arce and His Family<\/title>\n<meta name=\"description\" content=\"The former guerrilla commander is in a situation of \u201cseriousness and urgency\u201d while in the custody of the Nicaraguan state, according to the regional body.\" \/>\n<meta name=\"robots\" content=\"index, follow, max-snippet:-1, max-image-preview:large, max-video-preview:-1\" \/>\n<link rel=\"canonical\" href=\"https:\/\/confidencial.digital\/en\/policy\/iachr-grants-precautionary-measures-for-bayardo-arce-and-his-family\/\" \/>\n<meta property=\"og:locale\" content=\"en_US\" \/>\n<meta property=\"og:type\" content=\"article\" \/>\n<meta property=\"og:title\" content=\"IACHR Grants Precautionary Measures for Bayardo Arce and His Family\" \/>\n<meta property=\"og:description\" content=\"The former guerrilla commander is in a situation of \u201cseriousness and urgency\u201d while in the custody of the Nicaraguan state, according to the regional body.\" \/>\n<meta property=\"og:url\" content=\"https:\/\/confidencial.digital\/en\/policy\/iachr-grants-precautionary-measures-for-bayardo-arce-and-his-family\/\" \/>\n<meta property=\"og:site_name\" content=\"Confidencial\" \/>\n<meta property=\"article:publisher\" content=\"https:\/\/www.facebook.com\/confidencial.com.ni\" \/>\n<meta property=\"article:published_time\" content=\"2026-04-07T00:26:48+00:00\" \/>\n<meta property=\"article:modified_time\" content=\"2026-04-07T19:40:49+00:00\" \/>\n<meta property=\"og:image\" content=\"https:\/\/confidencial.digital\/wp-content\/uploads\/2026\/03\/Bayardo-Arce-1.jpg\" \/>\n\t<meta property=\"og:image:width\" content=\"1292\" \/>\n\t<meta property=\"og:image:height\" content=\"871\" \/>\n\t<meta property=\"og:image:type\" content=\"image\/jpeg\" \/>\n<meta name=\"author\" content=\"Redacci\u00f3n Confidencial\" \/>\n<meta name=\"twitter:card\" content=\"summary_large_image\" \/>\n<meta name=\"twitter:creator\" content=\"@confidencial_ni\" \/>\n<meta name=\"twitter:site\" content=\"@confidencial_ni\" \/>\n<meta name=\"twitter:label1\" content=\"Written by\" \/>\n\t<meta name=\"twitter:data1\" content=\"Redacci\u00f3n Confidencial\" \/>\n\t<meta name=\"twitter:label2\" content=\"Est. reading time\" \/>\n\t<meta name=\"twitter:data2\" content=\"2 minutes\" \/>\n<script type=\"application\/ld+json\" class=\"yoast-schema-graph\">{\"@context\":\"https:\\\/\\\/schema.org\",\"@graph\":[{\"@type\":\"NewsArticle\",\"@id\":\"https:\\\/\\\/confidencial.digital\\\/en\\\/policy\\\/iachr-grants-precautionary-measures-for-bayardo-arce-and-his-family\\\/#article\",\"isPartOf\":{\"@id\":\"https:\\\/\\\/confidencial.digital\\\/en\\\/policy\\\/iachr-grants-precautionary-measures-for-bayardo-arce-and-his-family\\\/\"},\"author\":{\"name\":\"Redacci\u00f3n Confidencial\",\"@id\":\"https:\\\/\\\/confidencial.digital\\\/en\\\/#\\\/schema\\\/person\\\/64733b11255c0e9d6b4e93e81a984809\"},\"headline\":\"IACHR Grants Precautionary Measures for Bayardo Arce and His Family\",\"datePublished\":\"2026-04-07T00:26:48+00:00\",\"dateModified\":\"2026-04-07T19:40:49+00:00\",\"mainEntityOfPage\":{\"@id\":\"https:\\\/\\\/confidencial.digital\\\/en\\\/policy\\\/iachr-grants-precautionary-measures-for-bayardo-arce-and-his-family\\\/\"},\"wordCount\":453,\"publisher\":{\"@id\":\"https:\\\/\\\/confidencial.digital\\\/en\\\/#organization\"},\"image\":{\"@id\":\"https:\\\/\\\/confidencial.digital\\\/en\\\/policy\\\/iachr-grants-precautionary-measures-for-bayardo-arce-and-his-family\\\/#primaryimage\"},\"thumbnailUrl\":\"https:\\\/\\\/confidencial.digital\\\/wp-content\\\/uploads\\\/2026\\\/03\\\/Bayardo-Arce-1.jpg\",\"articleSection\":[\"English\",\"Policy\"],\"inLanguage\":\"en-US\",\"copyrightYear\":\"2026\",\"copyrightHolder\":{\"@id\":\"https:\\\/\\\/confidencial.digital\\\/#organization\"}},{\"@type\":\"WebPage\",\"@id\":\"https:\\\/\\\/confidencial.digital\\\/en\\\/policy\\\/iachr-grants-precautionary-measures-for-bayardo-arce-and-his-family\\\/\",\"url\":\"https:\\\/\\\/confidencial.digital\\\/en\\\/policy\\\/iachr-grants-precautionary-measures-for-bayardo-arce-and-his-family\\\/\",\"name\":\"IACHR Grants Precautionary Measures for Bayardo Arce and His Family\",\"isPartOf\":{\"@id\":\"https:\\\/\\\/confidencial.digital\\\/en\\\/#website\"},\"primaryImageOfPage\":{\"@id\":\"https:\\\/\\\/confidencial.digital\\\/en\\\/policy\\\/iachr-grants-precautionary-measures-for-bayardo-arce-and-his-family\\\/#primaryimage\"},\"image\":{\"@id\":\"https:\\\/\\\/confidencial.digital\\\/en\\\/policy\\\/iachr-grants-precautionary-measures-for-bayardo-arce-and-his-family\\\/#primaryimage\"},\"thumbnailUrl\":\"https:\\\/\\\/confidencial.digital\\\/wp-content\\\/uploads\\\/2026\\\/03\\\/Bayardo-Arce-1.jpg\",\"datePublished\":\"2026-04-07T00:26:48+00:00\",\"dateModified\":\"2026-04-07T19:40:49+00:00\",\"description\":\"The former guerrilla commander is in a situation of \u201cseriousness and urgency\u201d while in the custody of the Nicaraguan state, according to the regional body.\",\"breadcrumb\":{\"@id\":\"https:\\\/\\\/confidencial.digital\\\/en\\\/policy\\\/iachr-grants-precautionary-measures-for-bayardo-arce-and-his-family\\\/#breadcrumb\"},\"inLanguage\":\"en-US\",\"potentialAction\":[{\"@type\":\"ReadAction\",\"target\":[\"https:\\\/\\\/confidencial.digital\\\/en\\\/policy\\\/iachr-grants-precautionary-measures-for-bayardo-arce-and-his-family\\\/\"]}]},{\"@type\":\"ImageObject\",\"inLanguage\":\"en-US\",\"@id\":\"https:\\\/\\\/confidencial.digital\\\/en\\\/policy\\\/iachr-grants-precautionary-measures-for-bayardo-arce-and-his-family\\\/#primaryimage\",\"url\":\"https:\\\/\\\/confidencial.digital\\\/wp-content\\\/uploads\\\/2026\\\/03\\\/Bayardo-Arce-1.jpg\",\"contentUrl\":\"https:\\\/\\\/confidencial.digital\\\/wp-content\\\/uploads\\\/2026\\\/03\\\/Bayardo-Arce-1.jpg\",\"width\":1292,\"height\":871,\"caption\":\"Bayardo Arce Casta\u00f1o, ex asesor presidencial en Asuntos Econ\u00f3micos, en un sal\u00f3n de la c\u00e1rcel La Modelo. | Foto: Tomada de El 19 Digital\"},{\"@type\":\"BreadcrumbList\",\"@id\":\"https:\\\/\\\/confidencial.digital\\\/en\\\/policy\\\/iachr-grants-precautionary-measures-for-bayardo-arce-and-his-family\\\/#breadcrumb\",\"itemListElement\":[{\"@type\":\"ListItem\",\"position\":1,\"name\":\"Portada\",\"item\":\"https:\\\/\\\/confidencial.digital\\\/en\\\/\"},{\"@type\":\"ListItem\",\"position\":2,\"name\":\"IACHR Grants Precautionary Measures for Bayardo Arce and His Family\"}]},{\"@type\":\"WebSite\",\"@id\":\"https:\\\/\\\/confidencial.digital\\\/en\\\/#website\",\"url\":\"https:\\\/\\\/confidencial.digital\\\/en\\\/\",\"name\":\"Confidencial Nicaragua\",\"description\":\"Noticias de Nicaragua, informaci\u00f3n, an\u00e1lisis, reportajes, investigaciones, perfiles y entrevistas. Somos Confidencial. Hacemos periodismo independiente.\",\"publisher\":{\"@id\":\"https:\\\/\\\/confidencial.digital\\\/en\\\/#organization\"},\"potentialAction\":[{\"@type\":\"SearchAction\",\"target\":{\"@type\":\"EntryPoint\",\"urlTemplate\":\"https:\\\/\\\/confidencial.digital\\\/en\\\/?s={search_term_string}\"},\"query-input\":{\"@type\":\"PropertyValueSpecification\",\"valueRequired\":true,\"valueName\":\"search_term_string\"}}],\"inLanguage\":\"en-US\"},{\"@type\":\"Organization\",\"@id\":\"https:\\\/\\\/confidencial.digital\\\/en\\\/#organization\",\"name\":\"Confidencial\",\"url\":\"https:\\\/\\\/confidencial.digital\\\/en\\\/\",\"logo\":{\"@type\":\"ImageObject\",\"inLanguage\":\"en-US\",\"@id\":\"https:\\\/\\\/confidencial.digital\\\/en\\\/#\\\/schema\\\/logo\\\/image\\\/\",\"url\":\"https:\\\/\\\/confidencial.digital\\\/wp-content\\\/uploads\\\/2023\\\/09\\\/Confidencial_696x696.jpg\",\"contentUrl\":\"https:\\\/\\\/confidencial.digital\\\/wp-content\\\/uploads\\\/2023\\\/09\\\/Confidencial_696x696.jpg\",\"width\":696,\"height\":696,\"caption\":\"Confidencial\"},\"image\":{\"@id\":\"https:\\\/\\\/confidencial.digital\\\/en\\\/#\\\/schema\\\/logo\\\/image\\\/\"},\"sameAs\":[\"https:\\\/\\\/www.facebook.com\\\/confidencial.com.ni\",\"https:\\\/\\\/x.com\\\/confidencial_ni\",\"https:\\\/\\\/www.youtube.com\\\/user\\\/ConfidencialNica\",\"https:\\\/\\\/www.instagram.com\\\/confidencial_ni\\\/\",\"https:\\\/\\\/www.linkedin.com\\\/company\\\/confidencial-nicaragua\\\/\",\"https:\\\/\\\/open.spotify.com\\\/show\\\/1rNymjqQuqP1CTGqHKdQ24\",\"https:\\\/\\\/bsky.app\\\/profile\\\/confidencialni.bsky.social\",\"https:\\\/\\\/www.threads.com\\\/@confidencial_ni\"],\"description\":\"En Confidencial hacemos periodismo de investigaci\u00f3n y an\u00e1lisis independiente para Nicaragua y su di\u00e1spora en el mundo. Fundado en 1996\",\"email\":\"info@confidencial.digital\",\"foundingDate\":\"1996-06-01\"},{\"@type\":\"Person\",\"@id\":\"https:\\\/\\\/confidencial.digital\\\/en\\\/#\\\/schema\\\/person\\\/64733b11255c0e9d6b4e93e81a984809\",\"name\":\"Redacci\u00f3n Confidencial\",\"image\":{\"@type\":\"ImageObject\",\"inLanguage\":\"en-US\",\"@id\":\"https:\\\/\\\/confidencial.digital\\\/wp-content\\\/uploads\\\/2024\\\/04\\\/redaccion-confidencial_avatar-96x96.png\",\"url\":\"https:\\\/\\\/confidencial.digital\\\/wp-content\\\/uploads\\\/2024\\\/04\\\/redaccion-confidencial_avatar-96x96.png\",\"contentUrl\":\"https:\\\/\\\/confidencial.digital\\\/wp-content\\\/uploads\\\/2024\\\/04\\\/redaccion-confidencial_avatar-96x96.png\",\"caption\":\"Redacci\u00f3n Confidencial\"},\"description\":\"Confidencial es un diario digital nicarag\u00fcense, de formato multimedia, fundado por Carlos F. Chamorro en junio de 1996. Inici\u00f3 como un semanario impreso y hoy es un medio de referencia regional con informaci\u00f3n, an\u00e1lisis, entrevistas, perfiles, reportajes e investigaciones sobre Nicaragua, informando desde el exilio por la persecuci\u00f3n pol\u00edtica de la dictadura de Daniel Ortega y Rosario Murillo.\",\"sameAs\":[\"https:\\\/\\\/x.com\\\/confidencial_ni\"],\"url\":\"https:\\\/\\\/confidencial.digital\\\/en\\\/author\\\/confidencial-digital\\\/\"}]}<\/script>\n<!-- \/ Yoast SEO Premium plugin. -->","yoast_head_json":{"title":"IACHR Grants Precautionary Measures for Bayardo Arce and His Family","description":"The former guerrilla commander is in a situation of \u201cseriousness and urgency\u201d while in the custody of the Nicaraguan state, according to the regional body.","robots":{"index":"index","follow":"follow","max-snippet":"max-snippet:-1","max-image-preview":"max-image-preview:large","max-video-preview":"max-video-preview:-1"},"canonical":"https:\/\/confidencial.digital\/en\/policy\/iachr-grants-precautionary-measures-for-bayardo-arce-and-his-family\/","og_locale":"en_US","og_type":"article","og_title":"IACHR Grants Precautionary Measures for Bayardo Arce and His Family","og_description":"The former guerrilla commander is in a situation of \u201cseriousness and urgency\u201d while in the custody of the Nicaraguan state, according to the regional body.","og_url":"https:\/\/confidencial.digital\/en\/policy\/iachr-grants-precautionary-measures-for-bayardo-arce-and-his-family\/","og_site_name":"Confidencial","article_publisher":"https:\/\/www.facebook.com\/confidencial.com.ni","article_published_time":"2026-04-07T00:26:48+00:00","article_modified_time":"2026-04-07T19:40:49+00:00","og_image":[{"width":1292,"height":871,"url":"https:\/\/confidencial.digital\/wp-content\/uploads\/2026\/03\/Bayardo-Arce-1.jpg","type":"image\/jpeg"}],"author":"Redacci\u00f3n Confidencial","twitter_card":"summary_large_image","twitter_creator":"@confidencial_ni","twitter_site":"@confidencial_ni","twitter_misc":{"Written by":"Redacci\u00f3n Confidencial","Est. reading time":"2 minutes"},"schema":{"@context":"https:\/\/schema.org","@graph":[{"@type":"NewsArticle","@id":"https:\/\/confidencial.digital\/en\/policy\/iachr-grants-precautionary-measures-for-bayardo-arce-and-his-family\/#article","isPartOf":{"@id":"https:\/\/confidencial.digital\/en\/policy\/iachr-grants-precautionary-measures-for-bayardo-arce-and-his-family\/"},"author":{"name":"Redacci\u00f3n Confidencial","@id":"https:\/\/confidencial.digital\/en\/#\/schema\/person\/64733b11255c0e9d6b4e93e81a984809"},"headline":"IACHR Grants Precautionary Measures for Bayardo Arce and His Family","datePublished":"2026-04-07T00:26:48+00:00","dateModified":"2026-04-07T19:40:49+00:00","mainEntityOfPage":{"@id":"https:\/\/confidencial.digital\/en\/policy\/iachr-grants-precautionary-measures-for-bayardo-arce-and-his-family\/"},"wordCount":453,"publisher":{"@id":"https:\/\/confidencial.digital\/en\/#organization"},"image":{"@id":"https:\/\/confidencial.digital\/en\/policy\/iachr-grants-precautionary-measures-for-bayardo-arce-and-his-family\/#primaryimage"},"thumbnailUrl":"https:\/\/confidencial.digital\/wp-content\/uploads\/2026\/03\/Bayardo-Arce-1.jpg","articleSection":["English","Policy"],"inLanguage":"en-US","copyrightYear":"2026","copyrightHolder":{"@id":"https:\/\/confidencial.digital\/#organization"}},{"@type":"WebPage","@id":"https:\/\/confidencial.digital\/en\/policy\/iachr-grants-precautionary-measures-for-bayardo-arce-and-his-family\/","url":"https:\/\/confidencial.digital\/en\/policy\/iachr-grants-precautionary-measures-for-bayardo-arce-and-his-family\/","name":"IACHR Grants Precautionary Measures for Bayardo Arce and His Family","isPartOf":{"@id":"https:\/\/confidencial.digital\/en\/#website"},"primaryImageOfPage":{"@id":"https:\/\/confidencial.digital\/en\/policy\/iachr-grants-precautionary-measures-for-bayardo-arce-and-his-family\/#primaryimage"},"image":{"@id":"https:\/\/confidencial.digital\/en\/policy\/iachr-grants-precautionary-measures-for-bayardo-arce-and-his-family\/#primaryimage"},"thumbnailUrl":"https:\/\/confidencial.digital\/wp-content\/uploads\/2026\/03\/Bayardo-Arce-1.jpg","datePublished":"2026-04-07T00:26:48+00:00","dateModified":"2026-04-07T19:40:49+00:00","description":"The former guerrilla commander is in a situation of \u201cseriousness and urgency\u201d while in the custody of the Nicaraguan state, according to the regional body.","breadcrumb":{"@id":"https:\/\/confidencial.digital\/en\/policy\/iachr-grants-precautionary-measures-for-bayardo-arce-and-his-family\/#breadcrumb"},"inLanguage":"en-US","potentialAction":[{"@type":"ReadAction","target":["https:\/\/confidencial.digital\/en\/policy\/iachr-grants-precautionary-measures-for-bayardo-arce-and-his-family\/"]}]},{"@type":"ImageObject","inLanguage":"en-US","@id":"https:\/\/confidencial.digital\/en\/policy\/iachr-grants-precautionary-measures-for-bayardo-arce-and-his-family\/#primaryimage","url":"https:\/\/confidencial.digital\/wp-content\/uploads\/2026\/03\/Bayardo-Arce-1.jpg","contentUrl":"https:\/\/confidencial.digital\/wp-content\/uploads\/2026\/03\/Bayardo-Arce-1.jpg","width":1292,"height":871,"caption":"Bayardo Arce Casta\u00f1o, ex asesor presidencial en Asuntos Econ\u00f3micos, en un sal\u00f3n de la c\u00e1rcel La Modelo. | Foto: Tomada de El 19 Digital"},{"@type":"BreadcrumbList","@id":"https:\/\/confidencial.digital\/en\/policy\/iachr-grants-precautionary-measures-for-bayardo-arce-and-his-family\/#breadcrumb","itemListElement":[{"@type":"ListItem","position":1,"name":"Portada","item":"https:\/\/confidencial.digital\/en\/"},{"@type":"ListItem","position":2,"name":"IACHR Grants Precautionary Measures for Bayardo Arce and His Family"}]},{"@type":"WebSite","@id":"https:\/\/confidencial.digital\/en\/#website","url":"https:\/\/confidencial.digital\/en\/","name":"Confidencial Nicaragua","description":"Noticias de Nicaragua, informaci\u00f3n, an\u00e1lisis, reportajes, investigaciones, perfiles y entrevistas. Somos Confidencial. Hacemos periodismo independiente.","publisher":{"@id":"https:\/\/confidencial.digital\/en\/#organization"},"potentialAction":[{"@type":"SearchAction","target":{"@type":"EntryPoint","urlTemplate":"https:\/\/confidencial.digital\/en\/?s={search_term_string}"},"query-input":{"@type":"PropertyValueSpecification","valueRequired":true,"valueName":"search_term_string"}}],"inLanguage":"en-US"},{"@type":"Organization","@id":"https:\/\/confidencial.digital\/en\/#organization","name":"Confidencial","url":"https:\/\/confidencial.digital\/en\/","logo":{"@type":"ImageObject","inLanguage":"en-US","@id":"https:\/\/confidencial.digital\/en\/#\/schema\/logo\/image\/","url":"https:\/\/confidencial.digital\/wp-content\/uploads\/2023\/09\/Confidencial_696x696.jpg","contentUrl":"https:\/\/confidencial.digital\/wp-content\/uploads\/2023\/09\/Confidencial_696x696.jpg","width":696,"height":696,"caption":"Confidencial"},"image":{"@id":"https:\/\/confidencial.digital\/en\/#\/schema\/logo\/image\/"},"sameAs":["https:\/\/www.facebook.com\/confidencial.com.ni","https:\/\/x.com\/confidencial_ni","https:\/\/www.youtube.com\/user\/ConfidencialNica","https:\/\/www.instagram.com\/confidencial_ni\/","https:\/\/www.linkedin.com\/company\/confidencial-nicaragua\/","https:\/\/open.spotify.com\/show\/1rNymjqQuqP1CTGqHKdQ24","https:\/\/bsky.app\/profile\/confidencialni.bsky.social","https:\/\/www.threads.com\/@confidencial_ni"],"description":"En Confidencial hacemos periodismo de investigaci\u00f3n y an\u00e1lisis independiente para Nicaragua y su di\u00e1spora en el mundo. Fundado en 1996","email":"info@confidencial.digital","foundingDate":"1996-06-01"},{"@type":"Person","@id":"https:\/\/confidencial.digital\/en\/#\/schema\/person\/64733b11255c0e9d6b4e93e81a984809","name":"Redacci\u00f3n Confidencial","image":{"@type":"ImageObject","inLanguage":"en-US","@id":"https:\/\/confidencial.digital\/wp-content\/uploads\/2024\/04\/redaccion-confidencial_avatar-96x96.png","url":"https:\/\/confidencial.digital\/wp-content\/uploads\/2024\/04\/redaccion-confidencial_avatar-96x96.png","contentUrl":"https:\/\/confidencial.digital\/wp-content\/uploads\/2024\/04\/redaccion-confidencial_avatar-96x96.png","caption":"Redacci\u00f3n Confidencial"},"description":"Confidencial es un diario digital nicarag\u00fcense, de formato multimedia, fundado por Carlos F. Chamorro en junio de 1996. Inici\u00f3 como un semanario impreso y hoy es un medio de referencia regional con informaci\u00f3n, an\u00e1lisis, entrevistas, perfiles, reportajes e investigaciones sobre Nicaragua, informando desde el exilio por la persecuci\u00f3n pol\u00edtica de la dictadura de Daniel Ortega y Rosario Murillo.","sameAs":["https:\/\/x.com\/confidencial_ni"],"url":"https:\/\/confidencial.digital\/en\/author\/confidencial-digital\/"}]}},"_links":{"self":[{"href":"https:\/\/confidencial.digital\/en\/wp-json\/wp\/v2\/posts\/186421","targetHints":{"allow":["GET"]}}],"collection":[{"href":"https:\/\/confidencial.digital\/en\/wp-json\/wp\/v2\/posts"}],"about":[{"href":"https:\/\/confidencial.digital\/en\/wp-json\/wp\/v2\/types\/post"}],"author":[{"embeddable":true,"href":"https:\/\/confidencial.digital\/en\/wp-json\/wp\/v2\/users\/10"}],"replies":[{"embeddable":true,"href":"https:\/\/confidencial.digital\/en\/wp-json\/wp\/v2\/comments?post=186421"}],"version-history":[{"count":1,"href":"https:\/\/confidencial.digital\/en\/wp-json\/wp\/v2\/posts\/186421\/revisions"}],"predecessor-version":[{"id":186422,"href":"https:\/\/confidencial.digital\/en\/wp-json\/wp\/v2\/posts\/186421\/revisions\/186422"}],"wp:featuredmedia":[{"embeddable":true,"href":"https:\/\/confidencial.digital\/en\/wp-json\/wp\/v2\/media\/185900"}],"wp:attachment":[{"href":"https:\/\/confidencial.digital\/en\/wp-json\/wp\/v2\/media?parent=186421"}],"wp:term":[{"taxonomy":"category","embeddable":true,"href":"https:\/\/confidencial.digital\/en\/wp-json\/wp\/v2\/categories?post=186421"},{"taxonomy":"post_tag","embeddable":true,"href":"https:\/\/confidencial.digital\/en\/wp-json\/wp\/v2\/tags?post=186421"}],"curies":[{"name":"wp","href":"https:\/\/api.w.org\/{rel}","templated":true}]}}