{"id":185984,"date":"2026-03-29T02:45:00","date_gmt":"2026-03-29T08:45:00","guid":{"rendered":"https:\/\/confidencial.digital\/sin-categoria\/political-prisoner-giovanni-jaret-guido-released-after-serving-unjust-sentence\/"},"modified":"2026-03-30T15:39:33","modified_gmt":"2026-03-30T21:39:33","slug":"political-prisoner-giovanni-jaret-guido-released-after-serving-unjust-sentence","status":"publish","type":"post","link":"https:\/\/confidencial.digital\/en\/english\/political-prisoner-giovanni-jaret-guido-released-after-serving-unjust-sentence\/","title":{"rendered":"Political Prisoner Giovanni Jaret Guido Released After Serving \u201cUnjust Sentence\u201d"},"content":{"rendered":"\n<p>The regime of Daniel Ortega and Rosario Murillo released political prisoner Giovanni Jaret Guido Morales on March 28, 2026, after he completed a four-year sentence, the Group of Reflection of Former Political Prisoners (GREX) confirmed.<\/p>\n\n<p>\u201cThe visibility of his case, in a context of international pressure, yielded results (\u2026) Today he has the opportunity to rebuild his life, which was deeply affected after four years of uninterrupted imprisonment and nearly eight years of political persecution,\u201d GREX said.<\/p>\n\n<p>Guido Morales completed his sentence on March 27, 2026, after being convicted in a process that, according to GREX, was riddled with irregularities and lacked \u201cany evidence\u201d of his involvement in the alleged acts.<\/p>\n\n<p>Following a closed-door trial\u2014in which, according to GREX, \u201chis mother was never allowed to enter\u201d\u2014the sentence was handed down on October 5, 2022. Guido Morales had been arrested on March 27 of that year after an altercation with neighbors who claimed they had been robbed and assaulted. <\/p>\n\n<h2 class=\"wp-block-heading\" id=\"h-recluido-en-celda-de-castigo-nbsp\">Held in a punishment cell <\/h2>\n\n<p>The dictatorship has detained Guido Morales at least three times since 2018.<br\/> <\/p>\n\n<p>He was first arrested in October 2018 and \u201cput on trial.\u201d Although he was acquitted on December 12 of attempted murder charges due to a lack of evidence, the prison system \u201cfailed to comply with the court order,\u201d and he was not released until June 6, 2019, GREX recalled.  <\/p>\n\n<p>\u201cIt was a completely arbitrary process,\u201d GREX added, \u201cas was his release. Witnesses saw him being held at El Chipote during those days.\u201d<\/p>\n\n<p>However, after regaining his freedom, he continued to face surveillance, harassment, and threats from the police, and was arrested a second time in January 2020. He was charged with drug trafficking and storage, sentenced to seven years in prison, and released on July 19, 2020.<br\/> <\/p>\n\n<p>During that period of detention, under precarious prison conditions\u2014including time spent in dark cells\u2014he \u201csuffered an infection in the eye socket he had lost\u201d in 2018 during the anti-government protests, due to not receiving \u201cmedical care,\u201d GREX said in a statement. <\/p>\n\n<p>In 2022, he was detained and convicted once again. Since August 2024, Guido Morales has been the beneficiary of<a href=\"https:\/\/www.oas.org\/es\/cidh\/decisiones\/mc\/2024\/res_45-24_mc_697-24,%20730-24%20y%20736-24_ni_es.pdf\" target=\"_blank\" rel=\"noreferrer noopener\"> precautionary measures granted by the Inter-American Commission on Human Rights (IACHR), <\/a>which confirmed that he was held in \u201cprolonged isolation.\u201d <\/p>\n\n<h2 class=\"wp-block-heading\" id=\"h-presos-politicos-sin-ser-liberados\">Political prisoners still not released <\/h2>\n\n<p>In Nicaragua, four political prisoners have completed their sentences or have release orders but remain imprisoned due to newly fabricated charges. Among them are the following <a href=\"https:\/\/confidencial.digital\/en\/english\/forced-silence-shrinks-list-of-political-prisoners-families-fear-speaking-out\/\" target=\"_blank\" rel=\"noreferrer noopener\">prisoners of conscience listed by the Mechanism for the Recognition of Political Prisoners:<\/a> <\/p>\n\n<ul class=\"wp-block-list\">\n<li><strong>Marvin Vargas: <\/strong>The longest-held political prisoner. In 2012, he was sentenced to five years in prison. He should have been released, but a new conviction was fabricated to keep him imprisoned for an additional 12 years.  <\/li>\n\n\n\n<li><strong>Jaime Navarrete: <\/strong>He was a political prisoner in 2018 and released under the \u201cAmnesty\u201d in June 2019. Weeks later, he was re-arrested on new charges. In 2023, authorities \u201crevived\u201d the previous sentence to avoid releasing him.  <\/li>\n\n\n\n<li><strong>Jos\u00e9 Meza Ra\u00fadez: <\/strong>A campesino. He was sentenced to 10 years in prison, linked to the \u201cJuly 19 massacre\u201d of 2014. He completed his sentence in 2024 but remains imprisoned in La Modelo prison.  <\/li>\n\n\n\n<li><strong>Manuel Urbina Lara: <\/strong>An opposition lawyer sentenced to four years in prison for negligent homicide following a traffic accident in which a man he had given a ride to died. Both he and the victim\u2019s family attempted mediation, but the Prosecutor\u2019s Office blocked it. He completed his sentence in January 2025 but was not released.  <\/li>\n<\/ul>\n\n<p id=\"h-campana-para-que-lo-liberen\">In Guido Morales\u2019 case, fearing that history might repeat itself, a social media campaign was launched demanding his release. <\/p>\n\n<p id=\"h-campana-para-que-lo-liberen\">During this most recent period of detention, he had been \u201cbeaten and searched countless times\u201d and \u201cstripped of all his belongings,\u201d including food, towels, sheets, and even sleeping mats that his family had provided in prison. <\/p>\n","protected":false},"excerpt":{"rendered":"<p>The regime of Daniel Ortega and Rosario Murillo released political prisoner Giovanni Jaret Guido Morales on March 28, 2026, after he completed a four-year sentence, the Group of Reflection of Former Political Prisoners (GREX) confirmed. \u201cThe visibility of his case, in a context of international pressure, yielded results (\u2026) Today he has the opportunity to [&hellip;]<\/p>\n","protected":false},"author":10,"featured_media":185933,"comment_status":"closed","ping_status":"closed","sticky":false,"template":"","format":"standard","meta":{"_acf_changed":false,"_eb_attr":"","_eb_data_table":"","footnotes":""},"categories":[15445],"tags":[],"class_list":["post-185984","post","type-post","status-publish","format-standard","has-post-thumbnail","hentry","category-english"],"acf":[],"yoast_head":"<!-- This site is optimized with the Yoast SEO Premium plugin v27.4 (Yoast SEO v27.4) - https:\/\/yoast.com\/product\/yoast-seo-premium-wordpress\/ -->\n<title>Political prisoner Giovanni Jaret Guido released in Nicaragua<\/title>\n<meta name=\"description\" content=\"The Group of Reflection of Former Political Prisoners confirmed his release after he completed his sentence; four others who have served their terms remain imprisoned.\" \/>\n<meta name=\"robots\" content=\"index, follow, max-snippet:-1, max-image-preview:large, max-video-preview:-1\" \/>\n<link rel=\"canonical\" href=\"https:\/\/confidencial.digital\/en\/english\/political-prisoner-giovanni-jaret-guido-released-after-serving-unjust-sentence\/\" \/>\n<meta property=\"og:locale\" content=\"en_US\" \/>\n<meta property=\"og:type\" content=\"article\" \/>\n<meta property=\"og:title\" content=\"Political Prisoner Giovanni Jaret Guido Released After Serving \u201cUnjust Sentence\u201d\" \/>\n<meta property=\"og:description\" content=\"The Group of Reflection of Former Political Prisoners confirmed his release after he completed his sentence; four others who have served their terms remain imprisoned.\" \/>\n<meta property=\"og:url\" content=\"https:\/\/confidencial.digital\/en\/english\/political-prisoner-giovanni-jaret-guido-released-after-serving-unjust-sentence\/\" \/>\n<meta property=\"og:site_name\" content=\"Confidencial\" \/>\n<meta property=\"article:publisher\" content=\"https:\/\/www.facebook.com\/confidencial.com.ni\" \/>\n<meta property=\"article:published_time\" content=\"2026-03-29T08:45:00+00:00\" \/>\n<meta property=\"article:modified_time\" content=\"2026-03-30T21:39:33+00:00\" \/>\n<meta property=\"og:image\" content=\"https:\/\/confidencial.digital\/wp-content\/uploads\/2026\/03\/Giovanni-Jaret-Guido-Morales.png\" \/>\n\t<meta property=\"og:image:width\" content=\"618\" \/>\n\t<meta property=\"og:image:height\" content=\"345\" \/>\n\t<meta property=\"og:image:type\" content=\"image\/png\" \/>\n<meta name=\"author\" content=\"Redacci\u00f3n Confidencial\" \/>\n<meta name=\"twitter:card\" content=\"summary_large_image\" \/>\n<meta name=\"twitter:creator\" content=\"@confidencial_ni\" \/>\n<meta name=\"twitter:site\" content=\"@confidencial_ni\" \/>\n<meta name=\"twitter:label1\" content=\"Written by\" \/>\n\t<meta name=\"twitter:data1\" content=\"Redacci\u00f3n Confidencial\" \/>\n\t<meta name=\"twitter:label2\" content=\"Est. reading time\" \/>\n\t<meta name=\"twitter:data2\" content=\"3 minutes\" \/>\n<script type=\"application\/ld+json\" class=\"yoast-schema-graph\">{\"@context\":\"https:\\\/\\\/schema.org\",\"@graph\":[{\"@type\":\"NewsArticle\",\"@id\":\"https:\\\/\\\/confidencial.digital\\\/en\\\/english\\\/political-prisoner-giovanni-jaret-guido-released-after-serving-unjust-sentence\\\/#article\",\"isPartOf\":{\"@id\":\"https:\\\/\\\/confidencial.digital\\\/en\\\/english\\\/political-prisoner-giovanni-jaret-guido-released-after-serving-unjust-sentence\\\/\"},\"author\":{\"name\":\"Redacci\u00f3n Confidencial\",\"@id\":\"https:\\\/\\\/confidencial.digital\\\/en\\\/#\\\/schema\\\/person\\\/64733b11255c0e9d6b4e93e81a984809\"},\"headline\":\"Political Prisoner Giovanni Jaret Guido Released After Serving \u201cUnjust Sentence\u201d\",\"datePublished\":\"2026-03-29T08:45:00+00:00\",\"dateModified\":\"2026-03-30T21:39:33+00:00\",\"mainEntityOfPage\":{\"@id\":\"https:\\\/\\\/confidencial.digital\\\/en\\\/english\\\/political-prisoner-giovanni-jaret-guido-released-after-serving-unjust-sentence\\\/\"},\"wordCount\":620,\"publisher\":{\"@id\":\"https:\\\/\\\/confidencial.digital\\\/en\\\/#organization\"},\"image\":{\"@id\":\"https:\\\/\\\/confidencial.digital\\\/en\\\/english\\\/political-prisoner-giovanni-jaret-guido-released-after-serving-unjust-sentence\\\/#primaryimage\"},\"thumbnailUrl\":\"https:\\\/\\\/confidencial.digital\\\/wp-content\\\/uploads\\\/2026\\\/03\\\/Giovanni-Jaret-Guido-Morales.png\",\"articleSection\":[\"English\"],\"inLanguage\":\"en-US\",\"copyrightYear\":\"2026\",\"copyrightHolder\":{\"@id\":\"https:\\\/\\\/confidencial.digital\\\/#organization\"}},{\"@type\":\"WebPage\",\"@id\":\"https:\\\/\\\/confidencial.digital\\\/en\\\/english\\\/political-prisoner-giovanni-jaret-guido-released-after-serving-unjust-sentence\\\/\",\"url\":\"https:\\\/\\\/confidencial.digital\\\/en\\\/english\\\/political-prisoner-giovanni-jaret-guido-released-after-serving-unjust-sentence\\\/\",\"name\":\"Political prisoner Giovanni Jaret Guido released in Nicaragua\",\"isPartOf\":{\"@id\":\"https:\\\/\\\/confidencial.digital\\\/en\\\/#website\"},\"primaryImageOfPage\":{\"@id\":\"https:\\\/\\\/confidencial.digital\\\/en\\\/english\\\/political-prisoner-giovanni-jaret-guido-released-after-serving-unjust-sentence\\\/#primaryimage\"},\"image\":{\"@id\":\"https:\\\/\\\/confidencial.digital\\\/en\\\/english\\\/political-prisoner-giovanni-jaret-guido-released-after-serving-unjust-sentence\\\/#primaryimage\"},\"thumbnailUrl\":\"https:\\\/\\\/confidencial.digital\\\/wp-content\\\/uploads\\\/2026\\\/03\\\/Giovanni-Jaret-Guido-Morales.png\",\"datePublished\":\"2026-03-29T08:45:00+00:00\",\"dateModified\":\"2026-03-30T21:39:33+00:00\",\"description\":\"The Group of Reflection of Former Political Prisoners confirmed his release after he completed his sentence; four others who have served their terms remain imprisoned.\",\"breadcrumb\":{\"@id\":\"https:\\\/\\\/confidencial.digital\\\/en\\\/english\\\/political-prisoner-giovanni-jaret-guido-released-after-serving-unjust-sentence\\\/#breadcrumb\"},\"inLanguage\":\"en-US\",\"potentialAction\":[{\"@type\":\"ReadAction\",\"target\":[\"https:\\\/\\\/confidencial.digital\\\/en\\\/english\\\/political-prisoner-giovanni-jaret-guido-released-after-serving-unjust-sentence\\\/\"]}]},{\"@type\":\"ImageObject\",\"inLanguage\":\"en-US\",\"@id\":\"https:\\\/\\\/confidencial.digital\\\/en\\\/english\\\/political-prisoner-giovanni-jaret-guido-released-after-serving-unjust-sentence\\\/#primaryimage\",\"url\":\"https:\\\/\\\/confidencial.digital\\\/wp-content\\\/uploads\\\/2026\\\/03\\\/Giovanni-Jaret-Guido-Morales.png\",\"contentUrl\":\"https:\\\/\\\/confidencial.digital\\\/wp-content\\\/uploads\\\/2026\\\/03\\\/Giovanni-Jaret-Guido-Morales.png\",\"width\":618,\"height\":345,\"caption\":\"Grupo de Reflexi\u00f3n de Excarcelados Pol\u00edticos (GREX).\"},{\"@type\":\"BreadcrumbList\",\"@id\":\"https:\\\/\\\/confidencial.digital\\\/en\\\/english\\\/political-prisoner-giovanni-jaret-guido-released-after-serving-unjust-sentence\\\/#breadcrumb\",\"itemListElement\":[{\"@type\":\"ListItem\",\"position\":1,\"name\":\"Portada\",\"item\":\"https:\\\/\\\/confidencial.digital\\\/en\\\/\"},{\"@type\":\"ListItem\",\"position\":2,\"name\":\"Political Prisoner Giovanni Jaret Guido Released After Serving \u201cUnjust Sentence\u201d\"}]},{\"@type\":\"WebSite\",\"@id\":\"https:\\\/\\\/confidencial.digital\\\/en\\\/#website\",\"url\":\"https:\\\/\\\/confidencial.digital\\\/en\\\/\",\"name\":\"Confidencial Nicaragua\",\"description\":\"Noticias de Nicaragua, informaci\u00f3n, an\u00e1lisis, reportajes, investigaciones, perfiles y entrevistas. Somos Confidencial. Hacemos periodismo independiente.\",\"publisher\":{\"@id\":\"https:\\\/\\\/confidencial.digital\\\/en\\\/#organization\"},\"potentialAction\":[{\"@type\":\"SearchAction\",\"target\":{\"@type\":\"EntryPoint\",\"urlTemplate\":\"https:\\\/\\\/confidencial.digital\\\/en\\\/?s={search_term_string}\"},\"query-input\":{\"@type\":\"PropertyValueSpecification\",\"valueRequired\":true,\"valueName\":\"search_term_string\"}}],\"inLanguage\":\"en-US\"},{\"@type\":\"Organization\",\"@id\":\"https:\\\/\\\/confidencial.digital\\\/en\\\/#organization\",\"name\":\"Confidencial\",\"url\":\"https:\\\/\\\/confidencial.digital\\\/en\\\/\",\"logo\":{\"@type\":\"ImageObject\",\"inLanguage\":\"en-US\",\"@id\":\"https:\\\/\\\/confidencial.digital\\\/en\\\/#\\\/schema\\\/logo\\\/image\\\/\",\"url\":\"https:\\\/\\\/confidencial.digital\\\/wp-content\\\/uploads\\\/2023\\\/09\\\/Confidencial_696x696.jpg\",\"contentUrl\":\"https:\\\/\\\/confidencial.digital\\\/wp-content\\\/uploads\\\/2023\\\/09\\\/Confidencial_696x696.jpg\",\"width\":696,\"height\":696,\"caption\":\"Confidencial\"},\"image\":{\"@id\":\"https:\\\/\\\/confidencial.digital\\\/en\\\/#\\\/schema\\\/logo\\\/image\\\/\"},\"sameAs\":[\"https:\\\/\\\/www.facebook.com\\\/confidencial.com.ni\",\"https:\\\/\\\/x.com\\\/confidencial_ni\",\"https:\\\/\\\/www.youtube.com\\\/user\\\/ConfidencialNica\",\"https:\\\/\\\/www.instagram.com\\\/confidencial_ni\\\/\",\"https:\\\/\\\/www.linkedin.com\\\/company\\\/confidencial-nicaragua\\\/\",\"https:\\\/\\\/open.spotify.com\\\/show\\\/1rNymjqQuqP1CTGqHKdQ24\",\"https:\\\/\\\/bsky.app\\\/profile\\\/confidencialni.bsky.social\",\"https:\\\/\\\/www.threads.com\\\/@confidencial_ni\"],\"description\":\"En Confidencial hacemos periodismo de investigaci\u00f3n y an\u00e1lisis independiente para Nicaragua y su di\u00e1spora en el mundo. Fundado en 1996\",\"email\":\"info@confidencial.digital\",\"foundingDate\":\"1996-06-01\"},{\"@type\":\"Person\",\"@id\":\"https:\\\/\\\/confidencial.digital\\\/en\\\/#\\\/schema\\\/person\\\/64733b11255c0e9d6b4e93e81a984809\",\"name\":\"Redacci\u00f3n Confidencial\",\"image\":{\"@type\":\"ImageObject\",\"inLanguage\":\"en-US\",\"@id\":\"https:\\\/\\\/confidencial.digital\\\/wp-content\\\/uploads\\\/2024\\\/04\\\/redaccion-confidencial_avatar-96x96.png\",\"url\":\"https:\\\/\\\/confidencial.digital\\\/wp-content\\\/uploads\\\/2024\\\/04\\\/redaccion-confidencial_avatar-96x96.png\",\"contentUrl\":\"https:\\\/\\\/confidencial.digital\\\/wp-content\\\/uploads\\\/2024\\\/04\\\/redaccion-confidencial_avatar-96x96.png\",\"caption\":\"Redacci\u00f3n Confidencial\"},\"description\":\"Confidencial es un diario digital nicarag\u00fcense, de formato multimedia, fundado por Carlos F. Chamorro en junio de 1996. Inici\u00f3 como un semanario impreso y hoy es un medio de referencia regional con informaci\u00f3n, an\u00e1lisis, entrevistas, perfiles, reportajes e investigaciones sobre Nicaragua, informando desde el exilio por la persecuci\u00f3n pol\u00edtica de la dictadura de Daniel Ortega y Rosario Murillo.\",\"sameAs\":[\"https:\\\/\\\/x.com\\\/confidencial_ni\"],\"url\":\"https:\\\/\\\/confidencial.digital\\\/en\\\/author\\\/confidencial-digital\\\/\"}]}<\/script>\n<!-- \/ Yoast SEO Premium plugin. -->","yoast_head_json":{"title":"Political prisoner Giovanni Jaret Guido released in Nicaragua","description":"The Group of Reflection of Former Political Prisoners confirmed his release after he completed his sentence; four others who have served their terms remain imprisoned.","robots":{"index":"index","follow":"follow","max-snippet":"max-snippet:-1","max-image-preview":"max-image-preview:large","max-video-preview":"max-video-preview:-1"},"canonical":"https:\/\/confidencial.digital\/en\/english\/political-prisoner-giovanni-jaret-guido-released-after-serving-unjust-sentence\/","og_locale":"en_US","og_type":"article","og_title":"Political Prisoner Giovanni Jaret Guido Released After Serving \u201cUnjust Sentence\u201d","og_description":"The Group of Reflection of Former Political Prisoners confirmed his release after he completed his sentence; four others who have served their terms remain imprisoned.","og_url":"https:\/\/confidencial.digital\/en\/english\/political-prisoner-giovanni-jaret-guido-released-after-serving-unjust-sentence\/","og_site_name":"Confidencial","article_publisher":"https:\/\/www.facebook.com\/confidencial.com.ni","article_published_time":"2026-03-29T08:45:00+00:00","article_modified_time":"2026-03-30T21:39:33+00:00","og_image":[{"width":618,"height":345,"url":"https:\/\/confidencial.digital\/wp-content\/uploads\/2026\/03\/Giovanni-Jaret-Guido-Morales.png","type":"image\/png"}],"author":"Redacci\u00f3n Confidencial","twitter_card":"summary_large_image","twitter_creator":"@confidencial_ni","twitter_site":"@confidencial_ni","twitter_misc":{"Written by":"Redacci\u00f3n Confidencial","Est. reading time":"3 minutes"},"schema":{"@context":"https:\/\/schema.org","@graph":[{"@type":"NewsArticle","@id":"https:\/\/confidencial.digital\/en\/english\/political-prisoner-giovanni-jaret-guido-released-after-serving-unjust-sentence\/#article","isPartOf":{"@id":"https:\/\/confidencial.digital\/en\/english\/political-prisoner-giovanni-jaret-guido-released-after-serving-unjust-sentence\/"},"author":{"name":"Redacci\u00f3n Confidencial","@id":"https:\/\/confidencial.digital\/en\/#\/schema\/person\/64733b11255c0e9d6b4e93e81a984809"},"headline":"Political Prisoner Giovanni Jaret Guido Released After Serving \u201cUnjust Sentence\u201d","datePublished":"2026-03-29T08:45:00+00:00","dateModified":"2026-03-30T21:39:33+00:00","mainEntityOfPage":{"@id":"https:\/\/confidencial.digital\/en\/english\/political-prisoner-giovanni-jaret-guido-released-after-serving-unjust-sentence\/"},"wordCount":620,"publisher":{"@id":"https:\/\/confidencial.digital\/en\/#organization"},"image":{"@id":"https:\/\/confidencial.digital\/en\/english\/political-prisoner-giovanni-jaret-guido-released-after-serving-unjust-sentence\/#primaryimage"},"thumbnailUrl":"https:\/\/confidencial.digital\/wp-content\/uploads\/2026\/03\/Giovanni-Jaret-Guido-Morales.png","articleSection":["English"],"inLanguage":"en-US","copyrightYear":"2026","copyrightHolder":{"@id":"https:\/\/confidencial.digital\/#organization"}},{"@type":"WebPage","@id":"https:\/\/confidencial.digital\/en\/english\/political-prisoner-giovanni-jaret-guido-released-after-serving-unjust-sentence\/","url":"https:\/\/confidencial.digital\/en\/english\/political-prisoner-giovanni-jaret-guido-released-after-serving-unjust-sentence\/","name":"Political prisoner Giovanni Jaret Guido released in Nicaragua","isPartOf":{"@id":"https:\/\/confidencial.digital\/en\/#website"},"primaryImageOfPage":{"@id":"https:\/\/confidencial.digital\/en\/english\/political-prisoner-giovanni-jaret-guido-released-after-serving-unjust-sentence\/#primaryimage"},"image":{"@id":"https:\/\/confidencial.digital\/en\/english\/political-prisoner-giovanni-jaret-guido-released-after-serving-unjust-sentence\/#primaryimage"},"thumbnailUrl":"https:\/\/confidencial.digital\/wp-content\/uploads\/2026\/03\/Giovanni-Jaret-Guido-Morales.png","datePublished":"2026-03-29T08:45:00+00:00","dateModified":"2026-03-30T21:39:33+00:00","description":"The Group of Reflection of Former Political Prisoners confirmed his release after he completed his sentence; four others who have served their terms remain imprisoned.","breadcrumb":{"@id":"https:\/\/confidencial.digital\/en\/english\/political-prisoner-giovanni-jaret-guido-released-after-serving-unjust-sentence\/#breadcrumb"},"inLanguage":"en-US","potentialAction":[{"@type":"ReadAction","target":["https:\/\/confidencial.digital\/en\/english\/political-prisoner-giovanni-jaret-guido-released-after-serving-unjust-sentence\/"]}]},{"@type":"ImageObject","inLanguage":"en-US","@id":"https:\/\/confidencial.digital\/en\/english\/political-prisoner-giovanni-jaret-guido-released-after-serving-unjust-sentence\/#primaryimage","url":"https:\/\/confidencial.digital\/wp-content\/uploads\/2026\/03\/Giovanni-Jaret-Guido-Morales.png","contentUrl":"https:\/\/confidencial.digital\/wp-content\/uploads\/2026\/03\/Giovanni-Jaret-Guido-Morales.png","width":618,"height":345,"caption":"Grupo de Reflexi\u00f3n de Excarcelados Pol\u00edticos (GREX)."},{"@type":"BreadcrumbList","@id":"https:\/\/confidencial.digital\/en\/english\/political-prisoner-giovanni-jaret-guido-released-after-serving-unjust-sentence\/#breadcrumb","itemListElement":[{"@type":"ListItem","position":1,"name":"Portada","item":"https:\/\/confidencial.digital\/en\/"},{"@type":"ListItem","position":2,"name":"Political Prisoner Giovanni Jaret Guido Released After Serving \u201cUnjust Sentence\u201d"}]},{"@type":"WebSite","@id":"https:\/\/confidencial.digital\/en\/#website","url":"https:\/\/confidencial.digital\/en\/","name":"Confidencial Nicaragua","description":"Noticias de Nicaragua, informaci\u00f3n, an\u00e1lisis, reportajes, investigaciones, perfiles y entrevistas. Somos Confidencial. Hacemos periodismo independiente.","publisher":{"@id":"https:\/\/confidencial.digital\/en\/#organization"},"potentialAction":[{"@type":"SearchAction","target":{"@type":"EntryPoint","urlTemplate":"https:\/\/confidencial.digital\/en\/?s={search_term_string}"},"query-input":{"@type":"PropertyValueSpecification","valueRequired":true,"valueName":"search_term_string"}}],"inLanguage":"en-US"},{"@type":"Organization","@id":"https:\/\/confidencial.digital\/en\/#organization","name":"Confidencial","url":"https:\/\/confidencial.digital\/en\/","logo":{"@type":"ImageObject","inLanguage":"en-US","@id":"https:\/\/confidencial.digital\/en\/#\/schema\/logo\/image\/","url":"https:\/\/confidencial.digital\/wp-content\/uploads\/2023\/09\/Confidencial_696x696.jpg","contentUrl":"https:\/\/confidencial.digital\/wp-content\/uploads\/2023\/09\/Confidencial_696x696.jpg","width":696,"height":696,"caption":"Confidencial"},"image":{"@id":"https:\/\/confidencial.digital\/en\/#\/schema\/logo\/image\/"},"sameAs":["https:\/\/www.facebook.com\/confidencial.com.ni","https:\/\/x.com\/confidencial_ni","https:\/\/www.youtube.com\/user\/ConfidencialNica","https:\/\/www.instagram.com\/confidencial_ni\/","https:\/\/www.linkedin.com\/company\/confidencial-nicaragua\/","https:\/\/open.spotify.com\/show\/1rNymjqQuqP1CTGqHKdQ24","https:\/\/bsky.app\/profile\/confidencialni.bsky.social","https:\/\/www.threads.com\/@confidencial_ni"],"description":"En Confidencial hacemos periodismo de investigaci\u00f3n y an\u00e1lisis independiente para Nicaragua y su di\u00e1spora en el mundo. Fundado en 1996","email":"info@confidencial.digital","foundingDate":"1996-06-01"},{"@type":"Person","@id":"https:\/\/confidencial.digital\/en\/#\/schema\/person\/64733b11255c0e9d6b4e93e81a984809","name":"Redacci\u00f3n Confidencial","image":{"@type":"ImageObject","inLanguage":"en-US","@id":"https:\/\/confidencial.digital\/wp-content\/uploads\/2024\/04\/redaccion-confidencial_avatar-96x96.png","url":"https:\/\/confidencial.digital\/wp-content\/uploads\/2024\/04\/redaccion-confidencial_avatar-96x96.png","contentUrl":"https:\/\/confidencial.digital\/wp-content\/uploads\/2024\/04\/redaccion-confidencial_avatar-96x96.png","caption":"Redacci\u00f3n Confidencial"},"description":"Confidencial es un diario digital nicarag\u00fcense, de formato multimedia, fundado por Carlos F. Chamorro en junio de 1996. Inici\u00f3 como un semanario impreso y hoy es un medio de referencia regional con informaci\u00f3n, an\u00e1lisis, entrevistas, perfiles, reportajes e investigaciones sobre Nicaragua, informando desde el exilio por la persecuci\u00f3n pol\u00edtica de la dictadura de Daniel Ortega y Rosario Murillo.","sameAs":["https:\/\/x.com\/confidencial_ni"],"url":"https:\/\/confidencial.digital\/en\/author\/confidencial-digital\/"}]}},"_links":{"self":[{"href":"https:\/\/confidencial.digital\/en\/wp-json\/wp\/v2\/posts\/185984","targetHints":{"allow":["GET"]}}],"collection":[{"href":"https:\/\/confidencial.digital\/en\/wp-json\/wp\/v2\/posts"}],"about":[{"href":"https:\/\/confidencial.digital\/en\/wp-json\/wp\/v2\/types\/post"}],"author":[{"embeddable":true,"href":"https:\/\/confidencial.digital\/en\/wp-json\/wp\/v2\/users\/10"}],"replies":[{"embeddable":true,"href":"https:\/\/confidencial.digital\/en\/wp-json\/wp\/v2\/comments?post=185984"}],"version-history":[{"count":1,"href":"https:\/\/confidencial.digital\/en\/wp-json\/wp\/v2\/posts\/185984\/revisions"}],"predecessor-version":[{"id":185985,"href":"https:\/\/confidencial.digital\/en\/wp-json\/wp\/v2\/posts\/185984\/revisions\/185985"}],"wp:featuredmedia":[{"embeddable":true,"href":"https:\/\/confidencial.digital\/en\/wp-json\/wp\/v2\/media\/185933"}],"wp:attachment":[{"href":"https:\/\/confidencial.digital\/en\/wp-json\/wp\/v2\/media?parent=185984"}],"wp:term":[{"taxonomy":"category","embeddable":true,"href":"https:\/\/confidencial.digital\/en\/wp-json\/wp\/v2\/categories?post=185984"},{"taxonomy":"post_tag","embeddable":true,"href":"https:\/\/confidencial.digital\/en\/wp-json\/wp\/v2\/tags?post=185984"}],"curies":[{"name":"wp","href":"https:\/\/api.w.org\/{rel}","templated":true}]}}