{"id":185640,"date":"2026-03-20T01:10:00","date_gmt":"2026-03-20T07:10:00","guid":{"rendered":"https:\/\/confidencial.digital\/sin-categoria\/how-to-help-the-people-of-cuba\/"},"modified":"2026-03-24T04:36:37","modified_gmt":"2026-03-24T10:36:37","slug":"how-to-help-the-people-of-cuba","status":"publish","type":"post","link":"https:\/\/confidencial.digital\/en\/english\/how-to-help-the-people-of-cuba\/","title":{"rendered":"How to Help the People of Cuba"},"content":{"rendered":"\n<p>In recent days, former Mexican president Andres Manuel Lopez Obrador and President Claudia Sheinbaum have once again called for solidarity with the people of Cuba. Both in the issuing and in the reception of those messages\u2014quickly acknowledged by President Miguel Diaz-Canel\u2014it has become clear that the main recipient of the aid is the government of the island. <\/p>\n\n<p>The confusion stems from the official dogma, shared by both governments\u2014the Mexican and the Cuban\u2014that in both countries the people govern. This confusion is also rooted in an old doctrine and practice of solidarity with Cuba, based on the idea that since the island is a victim of the United States embargo, its government and its system of state-run economy and single communist party must also be defended by the Latin American left. <\/p>\n\n<p>The problem with this doctrine of solidarity, which is put into practice through organizations in all Cuban embassies in Latin America, is that it distorts the fact that the current model is also responsible for the island\u2019s collapse. Over the last quarter century, the Cuban government has developed an economic policy based on Venezuelan oil subsidies, tourism, and remittances from the diaspora as its main sources of income\u2014an approach that has decapitalized the country. <\/p>\n\n<p>That unproductive model\u2014not only the US trade embargo\u2014is responsible for rising poverty and inequality, youth emigration and demographic decline, popular discontent, and recurring protests, which the official Mexican press conceals. Therefore, the Cuban people are not truly helped by a policy toward the island that seeks to reproduce that model. <\/p>\n\n<p>Real help for the Cuban people would be a policy aimed at encouraging reforms that recapitalize the country and allow for the opening of public freedoms. If a process of opening were to begin on the island, Mexico\u2019s role could be pivotal due to the geographic proximity between the two countries. If such an opening were supported by the United States, Mexico could become even more involved through an offer of credit and investment, as well as deeper scientific and technical collaboration.  <\/p>\n\n<p>The policy toward the island pursued by Mexico\u2019s last two governments has not only failed to contribute to such an opening but has instead favored the persistence of the island\u2019s exhausted model. By resorting to the same system of energy subsidies associated with Chavismo and Maduro\u2019s government, the administrations of Morena and the so-called Fourth Transformation (4T) have aligned themselves with the Cuban government\u2019s immobility. In attempting to differentiate themselves from the US sanctions strategy, they have adhered to the official Cuban line.  <\/p>\n\n<p>Now that a <a href=\"https:\/\/confidencial.digital\/mundo\/cuba-la-familia-castro-maneja-la-negociacion-con-ee-uu\/\">new round of negotiations between the United States and Cuba<\/a> is beginning, this may be a timely opportunity for Mexico\u2014currently renewing its trade agreement with Washington\u2014to recalibrate its approach toward the island and join efforts to encourage economic and political opening.<\/p>\n\n<p><em><a href=\"https:\/\/www.razon.com.mx\/opinion\/2026\/03\/18\/como-ayudar-al-pueblo-de-cuba\/\">*This article was originally published in La Raz\u00f3n de M\u00e9xico.<\/a><\/em><\/p>\n","protected":false},"excerpt":{"rendered":"<p>In recent days, former Mexican president Andres Manuel Lopez Obrador and President Claudia Sheinbaum have once again called for solidarity with the people of Cuba. Both in the issuing and in the reception of those messages\u2014quickly acknowledged by President Miguel Diaz-Canel\u2014it has become clear that the main recipient of the aid is the government of [&hellip;]<\/p>\n","protected":false},"author":203,"featured_media":163979,"comment_status":"closed","ping_status":"closed","sticky":false,"template":"","format":"standard","meta":{"_acf_changed":false,"_eb_attr":"","_eb_data_table":"","footnotes":""},"categories":[15445],"tags":[],"class_list":["post-185640","post","type-post","status-publish","format-standard","has-post-thumbnail","hentry","category-english"],"acf":[],"yoast_head":"<!-- This site is optimized with the Yoast SEO Premium plugin v27.4 (Yoast SEO v27.4) - https:\/\/yoast.com\/product\/yoast-seo-premium-wordpress\/ -->\n<title>How to Help the People of Cuba<\/title>\n<meta name=\"description\" content=\"Real help for the Cuban people would be a policy aimed at encouraging reforms that recapitalize the country and allow for the opening of public freedoms\" \/>\n<meta name=\"robots\" content=\"index, follow, max-snippet:-1, max-image-preview:large, max-video-preview:-1\" \/>\n<link rel=\"canonical\" href=\"https:\/\/confidencial.digital\/en\/english\/how-to-help-the-people-of-cuba\/\" \/>\n<meta property=\"og:locale\" content=\"en_US\" \/>\n<meta property=\"og:type\" content=\"article\" \/>\n<meta property=\"og:title\" content=\"How to Help the People of Cuba\" \/>\n<meta property=\"og:description\" content=\"Real help for the Cuban people would be a policy aimed at encouraging reforms that recapitalize the country and allow for the opening of public freedoms\" \/>\n<meta property=\"og:url\" content=\"https:\/\/confidencial.digital\/en\/english\/how-to-help-the-people-of-cuba\/\" \/>\n<meta property=\"og:site_name\" content=\"Confidencial\" \/>\n<meta property=\"article:publisher\" content=\"https:\/\/www.facebook.com\/confidencial.com.ni\" \/>\n<meta property=\"article:published_time\" content=\"2026-03-20T07:10:00+00:00\" \/>\n<meta property=\"article:modified_time\" content=\"2026-03-24T10:36:37+00:00\" \/>\n<meta property=\"og:image\" content=\"https:\/\/confidencial.digital\/wp-content\/uploads\/2025\/03\/Lopez-Obrador-y-Sheinbaum.jpg\" \/>\n\t<meta property=\"og:image:width\" content=\"1050\" \/>\n\t<meta property=\"og:image:height\" content=\"699\" \/>\n\t<meta property=\"og:image:type\" content=\"image\/jpeg\" \/>\n<meta name=\"author\" content=\"Rafael Rojas\" \/>\n<meta name=\"twitter:card\" content=\"summary_large_image\" \/>\n<meta name=\"twitter:creator\" content=\"@confidencial_ni\" \/>\n<meta name=\"twitter:site\" content=\"@confidencial_ni\" \/>\n<meta name=\"twitter:label1\" content=\"Written by\" \/>\n\t<meta name=\"twitter:data1\" content=\"Rafael Rojas\" \/>\n\t<meta name=\"twitter:label2\" content=\"Est. reading time\" \/>\n\t<meta name=\"twitter:data2\" content=\"2 minutes\" \/>\n<script type=\"application\/ld+json\" class=\"yoast-schema-graph\">{\"@context\":\"https:\\\/\\\/schema.org\",\"@graph\":[{\"@type\":\"NewsArticle\",\"@id\":\"https:\\\/\\\/confidencial.digital\\\/en\\\/english\\\/how-to-help-the-people-of-cuba\\\/#article\",\"isPartOf\":{\"@id\":\"https:\\\/\\\/confidencial.digital\\\/en\\\/english\\\/how-to-help-the-people-of-cuba\\\/\"},\"author\":{\"name\":\"Rafael Rojas\",\"@id\":\"https:\\\/\\\/confidencial.digital\\\/en\\\/#\\\/schema\\\/person\\\/a8e2d4a5e9b74ad4551709510cfd082f\"},\"headline\":\"How to Help the People of Cuba\",\"datePublished\":\"2026-03-20T07:10:00+00:00\",\"dateModified\":\"2026-03-24T10:36:37+00:00\",\"mainEntityOfPage\":{\"@id\":\"https:\\\/\\\/confidencial.digital\\\/en\\\/english\\\/how-to-help-the-people-of-cuba\\\/\"},\"wordCount\":497,\"publisher\":{\"@id\":\"https:\\\/\\\/confidencial.digital\\\/en\\\/#organization\"},\"image\":{\"@id\":\"https:\\\/\\\/confidencial.digital\\\/en\\\/english\\\/how-to-help-the-people-of-cuba\\\/#primaryimage\"},\"thumbnailUrl\":\"https:\\\/\\\/confidencial.digital\\\/wp-content\\\/uploads\\\/2025\\\/03\\\/Lopez-Obrador-y-Sheinbaum.jpg\",\"articleSection\":[\"English\"],\"inLanguage\":\"en-US\",\"copyrightYear\":\"2026\",\"copyrightHolder\":{\"@id\":\"https:\\\/\\\/confidencial.digital\\\/#organization\"}},{\"@type\":\"WebPage\",\"@id\":\"https:\\\/\\\/confidencial.digital\\\/en\\\/english\\\/how-to-help-the-people-of-cuba\\\/\",\"url\":\"https:\\\/\\\/confidencial.digital\\\/en\\\/english\\\/how-to-help-the-people-of-cuba\\\/\",\"name\":\"How to Help the People of Cuba\",\"isPartOf\":{\"@id\":\"https:\\\/\\\/confidencial.digital\\\/en\\\/#website\"},\"primaryImageOfPage\":{\"@id\":\"https:\\\/\\\/confidencial.digital\\\/en\\\/english\\\/how-to-help-the-people-of-cuba\\\/#primaryimage\"},\"image\":{\"@id\":\"https:\\\/\\\/confidencial.digital\\\/en\\\/english\\\/how-to-help-the-people-of-cuba\\\/#primaryimage\"},\"thumbnailUrl\":\"https:\\\/\\\/confidencial.digital\\\/wp-content\\\/uploads\\\/2025\\\/03\\\/Lopez-Obrador-y-Sheinbaum.jpg\",\"datePublished\":\"2026-03-20T07:10:00+00:00\",\"dateModified\":\"2026-03-24T10:36:37+00:00\",\"description\":\"Real help for the Cuban people would be a policy aimed at encouraging reforms that recapitalize the country and allow for the opening of public freedoms\",\"breadcrumb\":{\"@id\":\"https:\\\/\\\/confidencial.digital\\\/en\\\/english\\\/how-to-help-the-people-of-cuba\\\/#breadcrumb\"},\"inLanguage\":\"en-US\",\"potentialAction\":[{\"@type\":\"ReadAction\",\"target\":[\"https:\\\/\\\/confidencial.digital\\\/en\\\/english\\\/how-to-help-the-people-of-cuba\\\/\"]}]},{\"@type\":\"ImageObject\",\"inLanguage\":\"en-US\",\"@id\":\"https:\\\/\\\/confidencial.digital\\\/en\\\/english\\\/how-to-help-the-people-of-cuba\\\/#primaryimage\",\"url\":\"https:\\\/\\\/confidencial.digital\\\/wp-content\\\/uploads\\\/2025\\\/03\\\/Lopez-Obrador-y-Sheinbaum.jpg\",\"contentUrl\":\"https:\\\/\\\/confidencial.digital\\\/wp-content\\\/uploads\\\/2025\\\/03\\\/Lopez-Obrador-y-Sheinbaum.jpg\",\"width\":1050,\"height\":699,\"caption\":\"La presidenta de M\u00e9xico, Claudia Sheinbaum, camina junto a su predecesor Andr\u00e9s Manuel L\u00f3pez Obrador, en el Palacio Nacional de la Ciudad de M\u00e9xico, en junio de 2024. \\\/\\\/ Foto: EFE\\\/Presidencia de M\u00e9xico\"},{\"@type\":\"BreadcrumbList\",\"@id\":\"https:\\\/\\\/confidencial.digital\\\/en\\\/english\\\/how-to-help-the-people-of-cuba\\\/#breadcrumb\",\"itemListElement\":[{\"@type\":\"ListItem\",\"position\":1,\"name\":\"Portada\",\"item\":\"https:\\\/\\\/confidencial.digital\\\/en\\\/\"},{\"@type\":\"ListItem\",\"position\":2,\"name\":\"How to Help the People of Cuba\"}]},{\"@type\":\"WebSite\",\"@id\":\"https:\\\/\\\/confidencial.digital\\\/en\\\/#website\",\"url\":\"https:\\\/\\\/confidencial.digital\\\/en\\\/\",\"name\":\"Confidencial Nicaragua\",\"description\":\"Noticias de Nicaragua, informaci\u00f3n, an\u00e1lisis, reportajes, investigaciones, perfiles y entrevistas. Somos Confidencial. Hacemos periodismo independiente.\",\"publisher\":{\"@id\":\"https:\\\/\\\/confidencial.digital\\\/en\\\/#organization\"},\"potentialAction\":[{\"@type\":\"SearchAction\",\"target\":{\"@type\":\"EntryPoint\",\"urlTemplate\":\"https:\\\/\\\/confidencial.digital\\\/en\\\/?s={search_term_string}\"},\"query-input\":{\"@type\":\"PropertyValueSpecification\",\"valueRequired\":true,\"valueName\":\"search_term_string\"}}],\"inLanguage\":\"en-US\"},{\"@type\":\"Organization\",\"@id\":\"https:\\\/\\\/confidencial.digital\\\/en\\\/#organization\",\"name\":\"Confidencial\",\"url\":\"https:\\\/\\\/confidencial.digital\\\/en\\\/\",\"logo\":{\"@type\":\"ImageObject\",\"inLanguage\":\"en-US\",\"@id\":\"https:\\\/\\\/confidencial.digital\\\/en\\\/#\\\/schema\\\/logo\\\/image\\\/\",\"url\":\"https:\\\/\\\/confidencial.digital\\\/wp-content\\\/uploads\\\/2023\\\/09\\\/Confidencial_696x696.jpg\",\"contentUrl\":\"https:\\\/\\\/confidencial.digital\\\/wp-content\\\/uploads\\\/2023\\\/09\\\/Confidencial_696x696.jpg\",\"width\":696,\"height\":696,\"caption\":\"Confidencial\"},\"image\":{\"@id\":\"https:\\\/\\\/confidencial.digital\\\/en\\\/#\\\/schema\\\/logo\\\/image\\\/\"},\"sameAs\":[\"https:\\\/\\\/www.facebook.com\\\/confidencial.com.ni\",\"https:\\\/\\\/x.com\\\/confidencial_ni\",\"https:\\\/\\\/www.youtube.com\\\/user\\\/ConfidencialNica\",\"https:\\\/\\\/www.instagram.com\\\/confidencial_ni\\\/\",\"https:\\\/\\\/www.linkedin.com\\\/company\\\/confidencial-nicaragua\\\/\",\"https:\\\/\\\/open.spotify.com\\\/show\\\/1rNymjqQuqP1CTGqHKdQ24\",\"https:\\\/\\\/bsky.app\\\/profile\\\/confidencialni.bsky.social\",\"https:\\\/\\\/www.threads.com\\\/@confidencial_ni\"],\"description\":\"En Confidencial hacemos periodismo de investigaci\u00f3n y an\u00e1lisis independiente para Nicaragua y su di\u00e1spora en el mundo. Fundado en 1996\",\"email\":\"info@confidencial.digital\",\"foundingDate\":\"1996-06-01\"},{\"@type\":\"Person\",\"@id\":\"https:\\\/\\\/confidencial.digital\\\/en\\\/#\\\/schema\\\/person\\\/a8e2d4a5e9b74ad4551709510cfd082f\",\"name\":\"Rafael Rojas\",\"image\":{\"@type\":\"ImageObject\",\"inLanguage\":\"en-US\",\"@id\":\"https:\\\/\\\/www.confidencial.digital\\\/wp-content\\\/uploads\\\/2023\\\/03\\\/rafael-rojas_avatar-96x96.jpg\",\"url\":\"https:\\\/\\\/www.confidencial.digital\\\/wp-content\\\/uploads\\\/2023\\\/03\\\/rafael-rojas_avatar-96x96.jpg\",\"contentUrl\":\"https:\\\/\\\/www.confidencial.digital\\\/wp-content\\\/uploads\\\/2023\\\/03\\\/rafael-rojas_avatar-96x96.jpg\",\"caption\":\"Rafael Rojas\"},\"description\":\"Historiador y ensayista cubano, residente en M\u00e9xico. Es licenciado en Filosof\u00eda y doctor en Historia. Profesor e investigador del Centro de Investigaci\u00f3n y Docencia Econ\u00f3micas (CIDE) de la Ciudad de M\u00e9xico y profesor visitante en las universidades de Princeton, Yale, Columbia y Austin. Es autor de m\u00e1s de veinte libros sobre Am\u00e9rica Latina, M\u00e9xico y Cuba.\",\"url\":\"https:\\\/\\\/confidencial.digital\\\/en\\\/author\\\/rafael-rojas\\\/\"}]}<\/script>\n<!-- \/ Yoast SEO Premium plugin. -->","yoast_head_json":{"title":"How to Help the People of Cuba","description":"Real help for the Cuban people would be a policy aimed at encouraging reforms that recapitalize the country and allow for the opening of public freedoms","robots":{"index":"index","follow":"follow","max-snippet":"max-snippet:-1","max-image-preview":"max-image-preview:large","max-video-preview":"max-video-preview:-1"},"canonical":"https:\/\/confidencial.digital\/en\/english\/how-to-help-the-people-of-cuba\/","og_locale":"en_US","og_type":"article","og_title":"How to Help the People of Cuba","og_description":"Real help for the Cuban people would be a policy aimed at encouraging reforms that recapitalize the country and allow for the opening of public freedoms","og_url":"https:\/\/confidencial.digital\/en\/english\/how-to-help-the-people-of-cuba\/","og_site_name":"Confidencial","article_publisher":"https:\/\/www.facebook.com\/confidencial.com.ni","article_published_time":"2026-03-20T07:10:00+00:00","article_modified_time":"2026-03-24T10:36:37+00:00","og_image":[{"width":1050,"height":699,"url":"https:\/\/confidencial.digital\/wp-content\/uploads\/2025\/03\/Lopez-Obrador-y-Sheinbaum.jpg","type":"image\/jpeg"}],"author":"Rafael Rojas","twitter_card":"summary_large_image","twitter_creator":"@confidencial_ni","twitter_site":"@confidencial_ni","twitter_misc":{"Written by":"Rafael Rojas","Est. reading time":"2 minutes"},"schema":{"@context":"https:\/\/schema.org","@graph":[{"@type":"NewsArticle","@id":"https:\/\/confidencial.digital\/en\/english\/how-to-help-the-people-of-cuba\/#article","isPartOf":{"@id":"https:\/\/confidencial.digital\/en\/english\/how-to-help-the-people-of-cuba\/"},"author":{"name":"Rafael Rojas","@id":"https:\/\/confidencial.digital\/en\/#\/schema\/person\/a8e2d4a5e9b74ad4551709510cfd082f"},"headline":"How to Help the People of Cuba","datePublished":"2026-03-20T07:10:00+00:00","dateModified":"2026-03-24T10:36:37+00:00","mainEntityOfPage":{"@id":"https:\/\/confidencial.digital\/en\/english\/how-to-help-the-people-of-cuba\/"},"wordCount":497,"publisher":{"@id":"https:\/\/confidencial.digital\/en\/#organization"},"image":{"@id":"https:\/\/confidencial.digital\/en\/english\/how-to-help-the-people-of-cuba\/#primaryimage"},"thumbnailUrl":"https:\/\/confidencial.digital\/wp-content\/uploads\/2025\/03\/Lopez-Obrador-y-Sheinbaum.jpg","articleSection":["English"],"inLanguage":"en-US","copyrightYear":"2026","copyrightHolder":{"@id":"https:\/\/confidencial.digital\/#organization"}},{"@type":"WebPage","@id":"https:\/\/confidencial.digital\/en\/english\/how-to-help-the-people-of-cuba\/","url":"https:\/\/confidencial.digital\/en\/english\/how-to-help-the-people-of-cuba\/","name":"How to Help the People of Cuba","isPartOf":{"@id":"https:\/\/confidencial.digital\/en\/#website"},"primaryImageOfPage":{"@id":"https:\/\/confidencial.digital\/en\/english\/how-to-help-the-people-of-cuba\/#primaryimage"},"image":{"@id":"https:\/\/confidencial.digital\/en\/english\/how-to-help-the-people-of-cuba\/#primaryimage"},"thumbnailUrl":"https:\/\/confidencial.digital\/wp-content\/uploads\/2025\/03\/Lopez-Obrador-y-Sheinbaum.jpg","datePublished":"2026-03-20T07:10:00+00:00","dateModified":"2026-03-24T10:36:37+00:00","description":"Real help for the Cuban people would be a policy aimed at encouraging reforms that recapitalize the country and allow for the opening of public freedoms","breadcrumb":{"@id":"https:\/\/confidencial.digital\/en\/english\/how-to-help-the-people-of-cuba\/#breadcrumb"},"inLanguage":"en-US","potentialAction":[{"@type":"ReadAction","target":["https:\/\/confidencial.digital\/en\/english\/how-to-help-the-people-of-cuba\/"]}]},{"@type":"ImageObject","inLanguage":"en-US","@id":"https:\/\/confidencial.digital\/en\/english\/how-to-help-the-people-of-cuba\/#primaryimage","url":"https:\/\/confidencial.digital\/wp-content\/uploads\/2025\/03\/Lopez-Obrador-y-Sheinbaum.jpg","contentUrl":"https:\/\/confidencial.digital\/wp-content\/uploads\/2025\/03\/Lopez-Obrador-y-Sheinbaum.jpg","width":1050,"height":699,"caption":"La presidenta de M\u00e9xico, Claudia Sheinbaum, camina junto a su predecesor Andr\u00e9s Manuel L\u00f3pez Obrador, en el Palacio Nacional de la Ciudad de M\u00e9xico, en junio de 2024. \/\/ Foto: EFE\/Presidencia de M\u00e9xico"},{"@type":"BreadcrumbList","@id":"https:\/\/confidencial.digital\/en\/english\/how-to-help-the-people-of-cuba\/#breadcrumb","itemListElement":[{"@type":"ListItem","position":1,"name":"Portada","item":"https:\/\/confidencial.digital\/en\/"},{"@type":"ListItem","position":2,"name":"How to Help the People of Cuba"}]},{"@type":"WebSite","@id":"https:\/\/confidencial.digital\/en\/#website","url":"https:\/\/confidencial.digital\/en\/","name":"Confidencial Nicaragua","description":"Noticias de Nicaragua, informaci\u00f3n, an\u00e1lisis, reportajes, investigaciones, perfiles y entrevistas. Somos Confidencial. Hacemos periodismo independiente.","publisher":{"@id":"https:\/\/confidencial.digital\/en\/#organization"},"potentialAction":[{"@type":"SearchAction","target":{"@type":"EntryPoint","urlTemplate":"https:\/\/confidencial.digital\/en\/?s={search_term_string}"},"query-input":{"@type":"PropertyValueSpecification","valueRequired":true,"valueName":"search_term_string"}}],"inLanguage":"en-US"},{"@type":"Organization","@id":"https:\/\/confidencial.digital\/en\/#organization","name":"Confidencial","url":"https:\/\/confidencial.digital\/en\/","logo":{"@type":"ImageObject","inLanguage":"en-US","@id":"https:\/\/confidencial.digital\/en\/#\/schema\/logo\/image\/","url":"https:\/\/confidencial.digital\/wp-content\/uploads\/2023\/09\/Confidencial_696x696.jpg","contentUrl":"https:\/\/confidencial.digital\/wp-content\/uploads\/2023\/09\/Confidencial_696x696.jpg","width":696,"height":696,"caption":"Confidencial"},"image":{"@id":"https:\/\/confidencial.digital\/en\/#\/schema\/logo\/image\/"},"sameAs":["https:\/\/www.facebook.com\/confidencial.com.ni","https:\/\/x.com\/confidencial_ni","https:\/\/www.youtube.com\/user\/ConfidencialNica","https:\/\/www.instagram.com\/confidencial_ni\/","https:\/\/www.linkedin.com\/company\/confidencial-nicaragua\/","https:\/\/open.spotify.com\/show\/1rNymjqQuqP1CTGqHKdQ24","https:\/\/bsky.app\/profile\/confidencialni.bsky.social","https:\/\/www.threads.com\/@confidencial_ni"],"description":"En Confidencial hacemos periodismo de investigaci\u00f3n y an\u00e1lisis independiente para Nicaragua y su di\u00e1spora en el mundo. Fundado en 1996","email":"info@confidencial.digital","foundingDate":"1996-06-01"},{"@type":"Person","@id":"https:\/\/confidencial.digital\/en\/#\/schema\/person\/a8e2d4a5e9b74ad4551709510cfd082f","name":"Rafael Rojas","image":{"@type":"ImageObject","inLanguage":"en-US","@id":"https:\/\/www.confidencial.digital\/wp-content\/uploads\/2023\/03\/rafael-rojas_avatar-96x96.jpg","url":"https:\/\/www.confidencial.digital\/wp-content\/uploads\/2023\/03\/rafael-rojas_avatar-96x96.jpg","contentUrl":"https:\/\/www.confidencial.digital\/wp-content\/uploads\/2023\/03\/rafael-rojas_avatar-96x96.jpg","caption":"Rafael Rojas"},"description":"Historiador y ensayista cubano, residente en M\u00e9xico. Es licenciado en Filosof\u00eda y doctor en Historia. Profesor e investigador del Centro de Investigaci\u00f3n y Docencia Econ\u00f3micas (CIDE) de la Ciudad de M\u00e9xico y profesor visitante en las universidades de Princeton, Yale, Columbia y Austin. Es autor de m\u00e1s de veinte libros sobre Am\u00e9rica Latina, M\u00e9xico y Cuba.","url":"https:\/\/confidencial.digital\/en\/author\/rafael-rojas\/"}]}},"_links":{"self":[{"href":"https:\/\/confidencial.digital\/en\/wp-json\/wp\/v2\/posts\/185640","targetHints":{"allow":["GET"]}}],"collection":[{"href":"https:\/\/confidencial.digital\/en\/wp-json\/wp\/v2\/posts"}],"about":[{"href":"https:\/\/confidencial.digital\/en\/wp-json\/wp\/v2\/types\/post"}],"author":[{"embeddable":true,"href":"https:\/\/confidencial.digital\/en\/wp-json\/wp\/v2\/users\/203"}],"replies":[{"embeddable":true,"href":"https:\/\/confidencial.digital\/en\/wp-json\/wp\/v2\/comments?post=185640"}],"version-history":[{"count":1,"href":"https:\/\/confidencial.digital\/en\/wp-json\/wp\/v2\/posts\/185640\/revisions"}],"predecessor-version":[{"id":185641,"href":"https:\/\/confidencial.digital\/en\/wp-json\/wp\/v2\/posts\/185640\/revisions\/185641"}],"wp:featuredmedia":[{"embeddable":true,"href":"https:\/\/confidencial.digital\/en\/wp-json\/wp\/v2\/media\/163979"}],"wp:attachment":[{"href":"https:\/\/confidencial.digital\/en\/wp-json\/wp\/v2\/media?parent=185640"}],"wp:term":[{"taxonomy":"category","embeddable":true,"href":"https:\/\/confidencial.digital\/en\/wp-json\/wp\/v2\/categories?post=185640"},{"taxonomy":"post_tag","embeddable":true,"href":"https:\/\/confidencial.digital\/en\/wp-json\/wp\/v2\/tags?post=185640"}],"curies":[{"name":"wp","href":"https:\/\/api.w.org\/{rel}","templated":true}]}}