{"id":184585,"date":"2026-03-07T00:10:00","date_gmt":"2026-03-07T06:10:00","guid":{"rendered":"https:\/\/confidencial.digital\/sin-categoria\/ortega-and-murillo-watch-the-u-s-iran-war-from-under-the-table\/"},"modified":"2026-03-10T18:07:45","modified_gmt":"2026-03-11T00:07:45","slug":"ortega-and-murillo-watch-the-u-s-iran-war-from-under-the-table","status":"publish","type":"post","link":"https:\/\/confidencial.digital\/en\/english\/ortega-and-murillo-watch-the-u-s-iran-war-from-under-the-table\/","title":{"rendered":"Ortega and Murillo Watch the U.S.\u2013Iran War \u201cFrom Under the Table\u201d"},"content":{"rendered":"\n<p>One day after the assassination of Ayatollah Ali Khamenei, Nicaragua\u2019s \u201cco-president,\u201d Rosario Murillo, offered her \u201ccondolences\u201d without much fuss. She did not condemn the events or lash out against the United States, as she often does both publicly and privately. Instead, analysts say, she spoke \u201cas if a natural disaster had occurred.\u201d The reaction does not match the magnitude of what happened, especially given that it involved <a href=\"https:\/\/confidencial.digital\/mundo\/estas-son-las-armas-con-las-que-estados-unidos-ataco-a-iran\/\">the invasion of one of his political allies: Iran.<\/a>   <\/p>\n\n<p>\u201cOur sincere condolences to the government of the Islamic Republic of Iran for the martyrdom of its people and of Ayatollah Khamenei and his family as well, as our comrade Ram\u00f3n Moncada (Nicaragua\u2019s ambassador) told us. And united before God, we present ourselves with humility, always urging peace, peace and goodness,\u201d Murillo said briefly during her monologue on March 2, 2026.<br\/><\/p>\n\n<p>Meanwhile, the \u201cco-president,\u201d Daniel Ortega, chose to remain silent. His only public gesture was placing his signature\u2014alongside Murillo\u2019s\u2014on a brief statement condemning \u201call forms of war\u201d and calling on God for \u201cthe miracle of peace.\u201d <\/p>\n\n<p>His silence in the face of this situation, economist Enrique S\u00e1enz warns, places him \u201cunder the table watching the storm pass by.\u201d <\/p>\n\n<p>The cautious reaction from Nicaragua\u2019s regime is not accidental and has not gone unnoticed, especially because Ortega and Murillo have maintained an alliance with the ayatollahs since 1979, when both declared themselves \u201ctwin revolutions.\u201d Analysts warn that the dictators are trying to avoid becoming the focus of attention for the United States, which has recently \u201celiminated\u201d leaders of nations it considers problematic. <\/p>\n\n<p>What is happening in Iran and previously, with <a href=\"https:\/\/confidencial.digital\/mundo\/ee-uu-bombardea-venezuela-y-captura-a-maduro\/\">the capture of Nicol\u00e1s Maduro, in Venezuela<\/a>, sends &#8220;a very clear message to Ortega and the Nicaraguan military leadership&#8221;, warns lawyer and former congressman Eliseo N\u00fa\u00f1ez. \u201cThis is not about invasion or war. What is now on the table is selective elimination. That places Ortega, the Army, and everyone else in a position of enormous fear,\u201d he says. <\/p>\n\n<p>He adds that there has been a \u201cdramatic shift\u201d in the military methods being applied by the United States. \u201cBefore, the probability of death for the Army\u2019s top command was low, while the highest probability was for the soldier going to war. Now that\u2019s no longer the case.\u201d This change, he says, \u201cmust be analyzed very carefully by the presidential couple, as well as by the Army itself.\u201d  <\/p>\n\n<h2 class=\"wp-block-heading\" id=\"h-el-fin-de-las-revoluciones-gemelas\">The End of the \u201cTwin Revolutions\u201d<\/h2>\n\n<p>Despite waving the banner of the \u201ctwin revolutions\u201d for four decades, neither Daniel Ortega, Rosario Murillo, nor the Nicaraguan Army are willing to confront the United States at this moment, according to analysts. That \u201cdoes not mean they are going to give in,\u201d N\u00fa\u00f1ez warns. \u201cIt mainly means they believe they must do whatever is necessary to survive over time.\u201d  <\/p>\n\n<p>S\u00e1enz believes Ortega and Murillo\u2019s current strategy is \u201cuncertain.\u201d They may be trying to \u201cride out the storm under the table,\u201d keeping as low a profile as possible while buying time.<br\/><\/p>\n\n<p>He also notes that Nicaragua\u2019s dictators have shown considerable skill in reading the contradictions of the moment and adjusting their stance whenever it suits them.<\/p>\n\n<p>He also believes that the Ortega-Murillo regime is going through &#8220;its highest level of vulnerability&#8221; since returning to power in 2007, due to the &#8220;forcefulness&#8221; of the Donald Trump Administration and because its &#8220;strategic alliance&#8221; with countries such as Venezuela, Cuba, Iran, <a href=\"https:\/\/confidencial.digital\/mundo\/por-que-rusia-no-ayuda-al-regimen-de-iran\/\">Russia<\/a>, and China has &#8220;fallen apart&#8221;.<\/p>\n\n<p>According to the economist, the alliance of the \u201ctwin revolutions\u201d was largely \u201cpolitical rhetoric\u201d and reflected Ortega\u2019s desire to portray himself as a major international player, a global leader and member of a grand alliance confronting \u201cthe empire.\u201d<\/p>\n\n<h2 class=\"wp-block-heading\" id=\"h-un-nexo-ideologico-pero-no-economico\">An Ideological But Not Economic Link<\/h2>\n\n<p>In June 2023, during a visit to Managua by Iran\u2019s then-president<a href=\"https:\/\/confidencial.digital\/politica\/presidente-de-iran-con-daniel-ortega-nuestras-relaciones-son-completamente-estrategicas\/\"> Ebrahim Raisi<\/a>, the two governments signed three memoranda of understanding. Among them was the creation of a Joint Intergovernmental Commission for economic, trade, and scientific cooperation. <\/p>\n\n<p>The political alliance was reaffirmed in February 2025, when Laureano Ortega Murillo \u2014 son of the co-presidents Ortega and Murillo and the government official in charge of diplomatic and trade relations \u2014 said that Nicaragua and Iran maintain a political and ideological alliance against what he called \u201cthe empire,\u201d referring to the United States.<\/p>\n\n<p>However, bilateral trade between Managua and Tehran is almost nonexistent, according to data from Nicaragua\u2019s Central Bank. Of Nicaragua\u2019s twenty main export products in 2025, the only purchase made by Iran was 19,300 kilograms of coffee, for which it paid 129,500 dollars in May. <\/p>\n\n<p>The value of that coffee shipment is minimal compared with the 918.4 million dollars Nicaragua earned from its global coffee exports in 2025.<\/p>\n\n<p>Meanwhile, Nicaragua\u2019s import statistics show no purchases from Iran. <\/p>\n\n<p>Journalistic reports indicate that in 2012 Iran allegedly forgave Nicaragua a debt of <a href=\"https:\/\/www.vozdeamerica.com\/a\/iran_nicaragua_condonacion_deuda\/1145287.html\">164 million dollars<\/a> that had been incurred during Ortega\u2019s first government in the 1980s. The original loan was 58 million dollars but grew to 164 million due to accumulated interest. However, the Central Bank of Nicaragua\u2019s reports on external public debt contain no record of any debt owed to Iran, nor of any such debt having been forgiven by the Persian country. <\/p>\n\n<h2 class=\"wp-block-heading\" id=\"h-promesas-y-nulas-inversiones\">Grand Promises, No Investment<\/h2>\n\n<p>The anti-imperialist rhetoric also failed to translate into tangible economic cooperation. In 2007, following a visit to Nicaragua by Iran\u2019s then-president, Mahmoud Ahmadinejad, several international cooperation agreements were announced. These agreements were formalized months later during a meeting between Ortega and Iran\u2019s then-energy minister, Hamid Chitchian.  <\/p>\n\n<p>Among the various projects announced was a supposed joint investment by Iran and Venezuela to build a deep-water port on Nicaragua\u2019s Caribbean coast. It was the first \u201cpharaonic\u201d project promised by Ortega after returning to power, according to the report <a href=\"https:\/\/confidencial.digital\/politica\/muchas-promesas-y-nulas-inversiones-asi-es-la-relacion-de-iran-nicaragua-con-ortega\/\"><em>Many promises and no investments, <\/em><\/a><em>published <\/em>by <strong>CONFIDENCIAL <\/strong>in 2022. <\/p>\n\n<p>Nineteen years later, the deep-water port remains on the long list of major projects announced by the Ortega government that never moved beyond the planning stage. Of the other projects agreed upon in the 2007 agreements, the only one that materialized was the construction of a polyclinic in Villa Libertad, Managua. <\/p>\n\n<p>However, in early May 2022, Ortega, already entrenched as a dictator ,appeared alongside Iran\u2019s oil minister, Javab Owji, to announce the signing of new cooperation agreements.This time the list was much shorter than in 2007, but it still included a new grand promise: resuming construction of the El Supremo Sue\u00f1o de Bol\u00edvar refinery, the flagship project originally promised by the late Venezuelan strongman Hugo Ch\u00e1vez Fr\u00edas.<br\/> <\/p>\n\n<p>In addition to restarting construction of the refinery, the agreements included a deal to supply fuel to Nicaragua, to be paid for through a compensation or barter mechanism using Nicaraguan products. None of that has been fulfilled. <\/p>\n\n<h2 class=\"wp-block-heading\" id=\"h-una-alianza-para-evadir-sanciones\">An Alliance to Evade Sanctions<\/h2>\n\n<p>For N\u00fa\u00f1ez and S\u00e1enz, the most valuable contribution the Iranian regime may have offered the Ortega-Murillo government was teaching them how to evade international sanctions imposed by the United States and the European Union on regime officials and companies linked to the ruling family over human rights violations.<\/p>\n\n<p>\u201cIran has been under sanctions for 47 years, so it has developed an entire model for evading sanctions, both from Europe and from the United States. That know-how was passed on to Ortega and his family,\u201d N\u00fa\u00f1ez explains.<\/p>\n\n<p>The former lawmaker adds that Russia and Iran have unsuccessfully tried to create a banking system parallel to the Basel system, which is the one used internationally. \u201cThey tried to do it through the BRICS, but they couldn\u2019t because of pressure from the United States and because of market realities.\u201d <\/p>\n","protected":false},"excerpt":{"rendered":"<p>One day after the assassination of Ayatollah Ali Khamenei, Nicaragua\u2019s \u201cco-president,\u201d Rosario Murillo, offered her \u201ccondolences\u201d without much fuss. She did not condemn the events or lash out against the United States, as she often does both publicly and privately. Instead, analysts say, she spoke \u201cas if a natural disaster had occurred.\u201d The reaction does [&hellip;]<\/p>\n","protected":false},"author":10,"featured_media":184478,"comment_status":"closed","ping_status":"closed","sticky":false,"template":"","format":"standard","meta":{"_acf_changed":false,"_eb_attr":"","_eb_data_table":"","footnotes":""},"categories":[15445],"tags":[],"class_list":["post-184585","post","type-post","status-publish","format-standard","has-post-thumbnail","hentry","category-english"],"acf":[],"yoast_head":"<!-- This site is optimized with the Yoast SEO Premium plugin v27.4 (Yoast SEO v27.4) - https:\/\/yoast.com\/product\/yoast-seo-premium-wordpress\/ -->\n<title>Ortega and Murillo Watch the U.S.\u2013Iran War \u201cFrom Under the Table\u201d<\/title>\n<meta name=\"description\" content=\"Despite waving the banner of the \u201ctwin revolutions\u201d for 40 years, Ortega and Murillo have not defended Iran\" \/>\n<meta name=\"robots\" content=\"index, follow, max-snippet:-1, max-image-preview:large, max-video-preview:-1\" \/>\n<link rel=\"canonical\" href=\"https:\/\/confidencial.digital\/en\/english\/ortega-and-murillo-watch-the-u-s-iran-war-from-under-the-table\/\" \/>\n<meta property=\"og:locale\" content=\"en_US\" \/>\n<meta property=\"og:type\" content=\"article\" \/>\n<meta property=\"og:title\" content=\"Ortega and Murillo Watch the U.S.\u2013Iran War \u201cFrom Under the Table\u201d\" \/>\n<meta property=\"og:description\" content=\"Despite waving the banner of the \u201ctwin revolutions\u201d for 40 years, Ortega and Murillo have not defended Iran\" \/>\n<meta property=\"og:url\" content=\"https:\/\/confidencial.digital\/en\/english\/ortega-and-murillo-watch-the-u-s-iran-war-from-under-the-table\/\" \/>\n<meta property=\"og:site_name\" content=\"Confidencial\" \/>\n<meta property=\"article:publisher\" content=\"https:\/\/www.facebook.com\/confidencial.com.ni\" \/>\n<meta property=\"article:published_time\" content=\"2026-03-07T06:10:00+00:00\" \/>\n<meta property=\"article:modified_time\" content=\"2026-03-11T00:07:45+00:00\" \/>\n<meta property=\"og:image\" content=\"https:\/\/confidencial.digital\/wp-content\/uploads\/2026\/03\/Duelo-por-Ali-Jamenei.jpg\" \/>\n\t<meta property=\"og:image:width\" content=\"1900\" \/>\n\t<meta property=\"og:image:height\" content=\"1267\" \/>\n\t<meta property=\"og:image:type\" content=\"image\/jpeg\" \/>\n<meta name=\"author\" content=\"Redacci\u00f3n Confidencial\" \/>\n<meta name=\"twitter:card\" content=\"summary_large_image\" \/>\n<meta name=\"twitter:creator\" content=\"@confidencial_ni\" \/>\n<meta name=\"twitter:site\" content=\"@confidencial_ni\" \/>\n<meta name=\"twitter:label1\" content=\"Written by\" \/>\n\t<meta name=\"twitter:data1\" content=\"Redacci\u00f3n Confidencial\" \/>\n\t<meta name=\"twitter:label2\" content=\"Est. reading time\" \/>\n\t<meta name=\"twitter:data2\" content=\"6 minutes\" \/>\n<script type=\"application\/ld+json\" class=\"yoast-schema-graph\">{\"@context\":\"https:\\\/\\\/schema.org\",\"@graph\":[{\"@type\":\"NewsArticle\",\"@id\":\"https:\\\/\\\/confidencial.digital\\\/en\\\/english\\\/ortega-and-murillo-watch-the-u-s-iran-war-from-under-the-table\\\/#article\",\"isPartOf\":{\"@id\":\"https:\\\/\\\/confidencial.digital\\\/en\\\/english\\\/ortega-and-murillo-watch-the-u-s-iran-war-from-under-the-table\\\/\"},\"author\":{\"name\":\"Redacci\u00f3n Confidencial\",\"@id\":\"https:\\\/\\\/confidencial.digital\\\/en\\\/#\\\/schema\\\/person\\\/64733b11255c0e9d6b4e93e81a984809\"},\"headline\":\"Ortega and Murillo Watch the U.S.\u2013Iran War \u201cFrom Under the Table\u201d\",\"datePublished\":\"2026-03-07T06:10:00+00:00\",\"dateModified\":\"2026-03-11T00:07:45+00:00\",\"mainEntityOfPage\":{\"@id\":\"https:\\\/\\\/confidencial.digital\\\/en\\\/english\\\/ortega-and-murillo-watch-the-u-s-iran-war-from-under-the-table\\\/\"},\"wordCount\":1267,\"publisher\":{\"@id\":\"https:\\\/\\\/confidencial.digital\\\/en\\\/#organization\"},\"image\":{\"@id\":\"https:\\\/\\\/confidencial.digital\\\/en\\\/english\\\/ortega-and-murillo-watch-the-u-s-iran-war-from-under-the-table\\\/#primaryimage\"},\"thumbnailUrl\":\"https:\\\/\\\/confidencial.digital\\\/wp-content\\\/uploads\\\/2026\\\/03\\\/Duelo-por-Ali-Jamenei.jpg\",\"articleSection\":[\"English\"],\"inLanguage\":\"en-US\",\"copyrightYear\":\"2026\",\"copyrightHolder\":{\"@id\":\"https:\\\/\\\/confidencial.digital\\\/#organization\"}},{\"@type\":\"WebPage\",\"@id\":\"https:\\\/\\\/confidencial.digital\\\/en\\\/english\\\/ortega-and-murillo-watch-the-u-s-iran-war-from-under-the-table\\\/\",\"url\":\"https:\\\/\\\/confidencial.digital\\\/en\\\/english\\\/ortega-and-murillo-watch-the-u-s-iran-war-from-under-the-table\\\/\",\"name\":\"Ortega and Murillo Watch the U.S.\u2013Iran War \u201cFrom Under the Table\u201d\",\"isPartOf\":{\"@id\":\"https:\\\/\\\/confidencial.digital\\\/en\\\/#website\"},\"primaryImageOfPage\":{\"@id\":\"https:\\\/\\\/confidencial.digital\\\/en\\\/english\\\/ortega-and-murillo-watch-the-u-s-iran-war-from-under-the-table\\\/#primaryimage\"},\"image\":{\"@id\":\"https:\\\/\\\/confidencial.digital\\\/en\\\/english\\\/ortega-and-murillo-watch-the-u-s-iran-war-from-under-the-table\\\/#primaryimage\"},\"thumbnailUrl\":\"https:\\\/\\\/confidencial.digital\\\/wp-content\\\/uploads\\\/2026\\\/03\\\/Duelo-por-Ali-Jamenei.jpg\",\"datePublished\":\"2026-03-07T06:10:00+00:00\",\"dateModified\":\"2026-03-11T00:07:45+00:00\",\"description\":\"Despite waving the banner of the \u201ctwin revolutions\u201d for 40 years, Ortega and Murillo have not defended Iran\",\"breadcrumb\":{\"@id\":\"https:\\\/\\\/confidencial.digital\\\/en\\\/english\\\/ortega-and-murillo-watch-the-u-s-iran-war-from-under-the-table\\\/#breadcrumb\"},\"inLanguage\":\"en-US\",\"potentialAction\":[{\"@type\":\"ReadAction\",\"target\":[\"https:\\\/\\\/confidencial.digital\\\/en\\\/english\\\/ortega-and-murillo-watch-the-u-s-iran-war-from-under-the-table\\\/\"]}]},{\"@type\":\"ImageObject\",\"inLanguage\":\"en-US\",\"@id\":\"https:\\\/\\\/confidencial.digital\\\/en\\\/english\\\/ortega-and-murillo-watch-the-u-s-iran-war-from-under-the-table\\\/#primaryimage\",\"url\":\"https:\\\/\\\/confidencial.digital\\\/wp-content\\\/uploads\\\/2026\\\/03\\\/Duelo-por-Ali-Jamenei.jpg\",\"contentUrl\":\"https:\\\/\\\/confidencial.digital\\\/wp-content\\\/uploads\\\/2026\\\/03\\\/Duelo-por-Ali-Jamenei.jpg\",\"width\":1900,\"height\":1267,\"caption\":\"Ciudadanos iran\u00edes cargan fotos del ayatol\u00e1 Al\u00ed Jamenei y ondean banderas en la plaza Enqelab de Teher\u00e1n, el 1 de marzo de 2026. | Foto: EFE\\\/Abedin Taherkenareh\"},{\"@type\":\"BreadcrumbList\",\"@id\":\"https:\\\/\\\/confidencial.digital\\\/en\\\/english\\\/ortega-and-murillo-watch-the-u-s-iran-war-from-under-the-table\\\/#breadcrumb\",\"itemListElement\":[{\"@type\":\"ListItem\",\"position\":1,\"name\":\"Portada\",\"item\":\"https:\\\/\\\/confidencial.digital\\\/en\\\/\"},{\"@type\":\"ListItem\",\"position\":2,\"name\":\"Ortega and Murillo Watch the U.S.\u2013Iran War \u201cFrom Under the Table\u201d\"}]},{\"@type\":\"WebSite\",\"@id\":\"https:\\\/\\\/confidencial.digital\\\/en\\\/#website\",\"url\":\"https:\\\/\\\/confidencial.digital\\\/en\\\/\",\"name\":\"Confidencial Nicaragua\",\"description\":\"Noticias de Nicaragua, informaci\u00f3n, an\u00e1lisis, reportajes, investigaciones, perfiles y entrevistas. Somos Confidencial. Hacemos periodismo independiente.\",\"publisher\":{\"@id\":\"https:\\\/\\\/confidencial.digital\\\/en\\\/#organization\"},\"potentialAction\":[{\"@type\":\"SearchAction\",\"target\":{\"@type\":\"EntryPoint\",\"urlTemplate\":\"https:\\\/\\\/confidencial.digital\\\/en\\\/?s={search_term_string}\"},\"query-input\":{\"@type\":\"PropertyValueSpecification\",\"valueRequired\":true,\"valueName\":\"search_term_string\"}}],\"inLanguage\":\"en-US\"},{\"@type\":\"Organization\",\"@id\":\"https:\\\/\\\/confidencial.digital\\\/en\\\/#organization\",\"name\":\"Confidencial\",\"url\":\"https:\\\/\\\/confidencial.digital\\\/en\\\/\",\"logo\":{\"@type\":\"ImageObject\",\"inLanguage\":\"en-US\",\"@id\":\"https:\\\/\\\/confidencial.digital\\\/en\\\/#\\\/schema\\\/logo\\\/image\\\/\",\"url\":\"https:\\\/\\\/confidencial.digital\\\/wp-content\\\/uploads\\\/2023\\\/09\\\/Confidencial_696x696.jpg\",\"contentUrl\":\"https:\\\/\\\/confidencial.digital\\\/wp-content\\\/uploads\\\/2023\\\/09\\\/Confidencial_696x696.jpg\",\"width\":696,\"height\":696,\"caption\":\"Confidencial\"},\"image\":{\"@id\":\"https:\\\/\\\/confidencial.digital\\\/en\\\/#\\\/schema\\\/logo\\\/image\\\/\"},\"sameAs\":[\"https:\\\/\\\/www.facebook.com\\\/confidencial.com.ni\",\"https:\\\/\\\/x.com\\\/confidencial_ni\",\"https:\\\/\\\/www.youtube.com\\\/user\\\/ConfidencialNica\",\"https:\\\/\\\/www.instagram.com\\\/confidencial_ni\\\/\",\"https:\\\/\\\/www.linkedin.com\\\/company\\\/confidencial-nicaragua\\\/\",\"https:\\\/\\\/open.spotify.com\\\/show\\\/1rNymjqQuqP1CTGqHKdQ24\",\"https:\\\/\\\/bsky.app\\\/profile\\\/confidencialni.bsky.social\",\"https:\\\/\\\/www.threads.com\\\/@confidencial_ni\"],\"description\":\"En Confidencial hacemos periodismo de investigaci\u00f3n y an\u00e1lisis independiente para Nicaragua y su di\u00e1spora en el mundo. Fundado en 1996\",\"email\":\"info@confidencial.digital\",\"foundingDate\":\"1996-06-01\"},{\"@type\":\"Person\",\"@id\":\"https:\\\/\\\/confidencial.digital\\\/en\\\/#\\\/schema\\\/person\\\/64733b11255c0e9d6b4e93e81a984809\",\"name\":\"Redacci\u00f3n Confidencial\",\"image\":{\"@type\":\"ImageObject\",\"inLanguage\":\"en-US\",\"@id\":\"https:\\\/\\\/confidencial.digital\\\/wp-content\\\/uploads\\\/2024\\\/04\\\/redaccion-confidencial_avatar-96x96.png\",\"url\":\"https:\\\/\\\/confidencial.digital\\\/wp-content\\\/uploads\\\/2024\\\/04\\\/redaccion-confidencial_avatar-96x96.png\",\"contentUrl\":\"https:\\\/\\\/confidencial.digital\\\/wp-content\\\/uploads\\\/2024\\\/04\\\/redaccion-confidencial_avatar-96x96.png\",\"caption\":\"Redacci\u00f3n Confidencial\"},\"description\":\"Confidencial es un diario digital nicarag\u00fcense, de formato multimedia, fundado por Carlos F. Chamorro en junio de 1996. Inici\u00f3 como un semanario impreso y hoy es un medio de referencia regional con informaci\u00f3n, an\u00e1lisis, entrevistas, perfiles, reportajes e investigaciones sobre Nicaragua, informando desde el exilio por la persecuci\u00f3n pol\u00edtica de la dictadura de Daniel Ortega y Rosario Murillo.\",\"sameAs\":[\"https:\\\/\\\/x.com\\\/confidencial_ni\"],\"url\":\"https:\\\/\\\/confidencial.digital\\\/en\\\/author\\\/confidencial-digital\\\/\"}]}<\/script>\n<!-- \/ Yoast SEO Premium plugin. -->","yoast_head_json":{"title":"Ortega and Murillo Watch the U.S.\u2013Iran War \u201cFrom Under the Table\u201d","description":"Despite waving the banner of the \u201ctwin revolutions\u201d for 40 years, Ortega and Murillo have not defended Iran","robots":{"index":"index","follow":"follow","max-snippet":"max-snippet:-1","max-image-preview":"max-image-preview:large","max-video-preview":"max-video-preview:-1"},"canonical":"https:\/\/confidencial.digital\/en\/english\/ortega-and-murillo-watch-the-u-s-iran-war-from-under-the-table\/","og_locale":"en_US","og_type":"article","og_title":"Ortega and Murillo Watch the U.S.\u2013Iran War \u201cFrom Under the Table\u201d","og_description":"Despite waving the banner of the \u201ctwin revolutions\u201d for 40 years, Ortega and Murillo have not defended Iran","og_url":"https:\/\/confidencial.digital\/en\/english\/ortega-and-murillo-watch-the-u-s-iran-war-from-under-the-table\/","og_site_name":"Confidencial","article_publisher":"https:\/\/www.facebook.com\/confidencial.com.ni","article_published_time":"2026-03-07T06:10:00+00:00","article_modified_time":"2026-03-11T00:07:45+00:00","og_image":[{"width":1900,"height":1267,"url":"https:\/\/confidencial.digital\/wp-content\/uploads\/2026\/03\/Duelo-por-Ali-Jamenei.jpg","type":"image\/jpeg"}],"author":"Redacci\u00f3n Confidencial","twitter_card":"summary_large_image","twitter_creator":"@confidencial_ni","twitter_site":"@confidencial_ni","twitter_misc":{"Written by":"Redacci\u00f3n Confidencial","Est. reading time":"6 minutes"},"schema":{"@context":"https:\/\/schema.org","@graph":[{"@type":"NewsArticle","@id":"https:\/\/confidencial.digital\/en\/english\/ortega-and-murillo-watch-the-u-s-iran-war-from-under-the-table\/#article","isPartOf":{"@id":"https:\/\/confidencial.digital\/en\/english\/ortega-and-murillo-watch-the-u-s-iran-war-from-under-the-table\/"},"author":{"name":"Redacci\u00f3n Confidencial","@id":"https:\/\/confidencial.digital\/en\/#\/schema\/person\/64733b11255c0e9d6b4e93e81a984809"},"headline":"Ortega and Murillo Watch the U.S.\u2013Iran War \u201cFrom Under the Table\u201d","datePublished":"2026-03-07T06:10:00+00:00","dateModified":"2026-03-11T00:07:45+00:00","mainEntityOfPage":{"@id":"https:\/\/confidencial.digital\/en\/english\/ortega-and-murillo-watch-the-u-s-iran-war-from-under-the-table\/"},"wordCount":1267,"publisher":{"@id":"https:\/\/confidencial.digital\/en\/#organization"},"image":{"@id":"https:\/\/confidencial.digital\/en\/english\/ortega-and-murillo-watch-the-u-s-iran-war-from-under-the-table\/#primaryimage"},"thumbnailUrl":"https:\/\/confidencial.digital\/wp-content\/uploads\/2026\/03\/Duelo-por-Ali-Jamenei.jpg","articleSection":["English"],"inLanguage":"en-US","copyrightYear":"2026","copyrightHolder":{"@id":"https:\/\/confidencial.digital\/#organization"}},{"@type":"WebPage","@id":"https:\/\/confidencial.digital\/en\/english\/ortega-and-murillo-watch-the-u-s-iran-war-from-under-the-table\/","url":"https:\/\/confidencial.digital\/en\/english\/ortega-and-murillo-watch-the-u-s-iran-war-from-under-the-table\/","name":"Ortega and Murillo Watch the U.S.\u2013Iran War \u201cFrom Under the Table\u201d","isPartOf":{"@id":"https:\/\/confidencial.digital\/en\/#website"},"primaryImageOfPage":{"@id":"https:\/\/confidencial.digital\/en\/english\/ortega-and-murillo-watch-the-u-s-iran-war-from-under-the-table\/#primaryimage"},"image":{"@id":"https:\/\/confidencial.digital\/en\/english\/ortega-and-murillo-watch-the-u-s-iran-war-from-under-the-table\/#primaryimage"},"thumbnailUrl":"https:\/\/confidencial.digital\/wp-content\/uploads\/2026\/03\/Duelo-por-Ali-Jamenei.jpg","datePublished":"2026-03-07T06:10:00+00:00","dateModified":"2026-03-11T00:07:45+00:00","description":"Despite waving the banner of the \u201ctwin revolutions\u201d for 40 years, Ortega and Murillo have not defended Iran","breadcrumb":{"@id":"https:\/\/confidencial.digital\/en\/english\/ortega-and-murillo-watch-the-u-s-iran-war-from-under-the-table\/#breadcrumb"},"inLanguage":"en-US","potentialAction":[{"@type":"ReadAction","target":["https:\/\/confidencial.digital\/en\/english\/ortega-and-murillo-watch-the-u-s-iran-war-from-under-the-table\/"]}]},{"@type":"ImageObject","inLanguage":"en-US","@id":"https:\/\/confidencial.digital\/en\/english\/ortega-and-murillo-watch-the-u-s-iran-war-from-under-the-table\/#primaryimage","url":"https:\/\/confidencial.digital\/wp-content\/uploads\/2026\/03\/Duelo-por-Ali-Jamenei.jpg","contentUrl":"https:\/\/confidencial.digital\/wp-content\/uploads\/2026\/03\/Duelo-por-Ali-Jamenei.jpg","width":1900,"height":1267,"caption":"Ciudadanos iran\u00edes cargan fotos del ayatol\u00e1 Al\u00ed Jamenei y ondean banderas en la plaza Enqelab de Teher\u00e1n, el 1 de marzo de 2026. | Foto: EFE\/Abedin Taherkenareh"},{"@type":"BreadcrumbList","@id":"https:\/\/confidencial.digital\/en\/english\/ortega-and-murillo-watch-the-u-s-iran-war-from-under-the-table\/#breadcrumb","itemListElement":[{"@type":"ListItem","position":1,"name":"Portada","item":"https:\/\/confidencial.digital\/en\/"},{"@type":"ListItem","position":2,"name":"Ortega and Murillo Watch the U.S.\u2013Iran War \u201cFrom Under the Table\u201d"}]},{"@type":"WebSite","@id":"https:\/\/confidencial.digital\/en\/#website","url":"https:\/\/confidencial.digital\/en\/","name":"Confidencial Nicaragua","description":"Noticias de Nicaragua, informaci\u00f3n, an\u00e1lisis, reportajes, investigaciones, perfiles y entrevistas. Somos Confidencial. Hacemos periodismo independiente.","publisher":{"@id":"https:\/\/confidencial.digital\/en\/#organization"},"potentialAction":[{"@type":"SearchAction","target":{"@type":"EntryPoint","urlTemplate":"https:\/\/confidencial.digital\/en\/?s={search_term_string}"},"query-input":{"@type":"PropertyValueSpecification","valueRequired":true,"valueName":"search_term_string"}}],"inLanguage":"en-US"},{"@type":"Organization","@id":"https:\/\/confidencial.digital\/en\/#organization","name":"Confidencial","url":"https:\/\/confidencial.digital\/en\/","logo":{"@type":"ImageObject","inLanguage":"en-US","@id":"https:\/\/confidencial.digital\/en\/#\/schema\/logo\/image\/","url":"https:\/\/confidencial.digital\/wp-content\/uploads\/2023\/09\/Confidencial_696x696.jpg","contentUrl":"https:\/\/confidencial.digital\/wp-content\/uploads\/2023\/09\/Confidencial_696x696.jpg","width":696,"height":696,"caption":"Confidencial"},"image":{"@id":"https:\/\/confidencial.digital\/en\/#\/schema\/logo\/image\/"},"sameAs":["https:\/\/www.facebook.com\/confidencial.com.ni","https:\/\/x.com\/confidencial_ni","https:\/\/www.youtube.com\/user\/ConfidencialNica","https:\/\/www.instagram.com\/confidencial_ni\/","https:\/\/www.linkedin.com\/company\/confidencial-nicaragua\/","https:\/\/open.spotify.com\/show\/1rNymjqQuqP1CTGqHKdQ24","https:\/\/bsky.app\/profile\/confidencialni.bsky.social","https:\/\/www.threads.com\/@confidencial_ni"],"description":"En Confidencial hacemos periodismo de investigaci\u00f3n y an\u00e1lisis independiente para Nicaragua y su di\u00e1spora en el mundo. Fundado en 1996","email":"info@confidencial.digital","foundingDate":"1996-06-01"},{"@type":"Person","@id":"https:\/\/confidencial.digital\/en\/#\/schema\/person\/64733b11255c0e9d6b4e93e81a984809","name":"Redacci\u00f3n Confidencial","image":{"@type":"ImageObject","inLanguage":"en-US","@id":"https:\/\/confidencial.digital\/wp-content\/uploads\/2024\/04\/redaccion-confidencial_avatar-96x96.png","url":"https:\/\/confidencial.digital\/wp-content\/uploads\/2024\/04\/redaccion-confidencial_avatar-96x96.png","contentUrl":"https:\/\/confidencial.digital\/wp-content\/uploads\/2024\/04\/redaccion-confidencial_avatar-96x96.png","caption":"Redacci\u00f3n Confidencial"},"description":"Confidencial es un diario digital nicarag\u00fcense, de formato multimedia, fundado por Carlos F. Chamorro en junio de 1996. Inici\u00f3 como un semanario impreso y hoy es un medio de referencia regional con informaci\u00f3n, an\u00e1lisis, entrevistas, perfiles, reportajes e investigaciones sobre Nicaragua, informando desde el exilio por la persecuci\u00f3n pol\u00edtica de la dictadura de Daniel Ortega y Rosario Murillo.","sameAs":["https:\/\/x.com\/confidencial_ni"],"url":"https:\/\/confidencial.digital\/en\/author\/confidencial-digital\/"}]}},"_links":{"self":[{"href":"https:\/\/confidencial.digital\/en\/wp-json\/wp\/v2\/posts\/184585","targetHints":{"allow":["GET"]}}],"collection":[{"href":"https:\/\/confidencial.digital\/en\/wp-json\/wp\/v2\/posts"}],"about":[{"href":"https:\/\/confidencial.digital\/en\/wp-json\/wp\/v2\/types\/post"}],"author":[{"embeddable":true,"href":"https:\/\/confidencial.digital\/en\/wp-json\/wp\/v2\/users\/10"}],"replies":[{"embeddable":true,"href":"https:\/\/confidencial.digital\/en\/wp-json\/wp\/v2\/comments?post=184585"}],"version-history":[{"count":1,"href":"https:\/\/confidencial.digital\/en\/wp-json\/wp\/v2\/posts\/184585\/revisions"}],"predecessor-version":[{"id":184586,"href":"https:\/\/confidencial.digital\/en\/wp-json\/wp\/v2\/posts\/184585\/revisions\/184586"}],"wp:featuredmedia":[{"embeddable":true,"href":"https:\/\/confidencial.digital\/en\/wp-json\/wp\/v2\/media\/184478"}],"wp:attachment":[{"href":"https:\/\/confidencial.digital\/en\/wp-json\/wp\/v2\/media?parent=184585"}],"wp:term":[{"taxonomy":"category","embeddable":true,"href":"https:\/\/confidencial.digital\/en\/wp-json\/wp\/v2\/categories?post=184585"},{"taxonomy":"post_tag","embeddable":true,"href":"https:\/\/confidencial.digital\/en\/wp-json\/wp\/v2\/tags?post=184585"}],"curies":[{"name":"wp","href":"https:\/\/api.w.org\/{rel}","templated":true}]}}