{"id":184070,"date":"2026-02-26T01:25:00","date_gmt":"2026-02-26T07:25:00","guid":{"rendered":"https:\/\/confidencial.digital\/sin-categoria\/no-change-in-2026-regime-deepens-repression-in-nicaragua\/"},"modified":"2026-03-02T06:56:54","modified_gmt":"2026-03-02T12:56:54","slug":"no-change-in-2026-regime-deepens-repression-in-nicaragua","status":"publish","type":"post","link":"https:\/\/confidencial.digital\/en\/english\/no-change-in-2026-regime-deepens-repression-in-nicaragua\/","title":{"rendered":"No Change in 2026: Regime \u201cDeepens\u201d Repression in Nicaragua"},"content":{"rendered":"\n<p>At least 66 human rights violations were documented in Nicaragua during January 2026, amid a context of a \u201cstepped up repressive pattern\u201d of the dictatorship of Daniel Ortega and Rosario Murillo, according to the latest report by Monitoreo Azul y Blanco.<\/p>\n\n<p>Human rights violations rose from 20 reported in December 2025 to 66 cases in January 2026, representing a 230% increase, according to data from the human rights organization.<\/p>\n\n<p>Between November 2025 and January 2026, the Monitoring group recorded a total of 100 arbitrary detentions. Of that total, 59 people were released days or weeks after the events, while 41 remained in arbitrary detention at the close of the report. <\/p>\n\n<p>The highest number of detentions occurred in January, when the organization registered 73 cases, 69 of which were related to the publication on social media of \u201cpositive messages\u201d about what occurred in Venezuela with Nicol\u00e1s Maduro.<\/p>\n\n<p>Twenty-six percent of those detentions were concentrated in Managua, followed by Matagalpa (25%), Chontales (21%), Jinotega (10%), Madriz (7%), Chinandega (5%), and the North Caribbean Coast (3%). <\/p>\n\n<p>The arrests \u2014 according to Monitoreo Azul y Blanco \u2014 took place without \u201cjudicial warrant or legal basis.\u201d Families were not informed of the detainees\u2019 whereabouts or legal status, which constitutes \u201cforced disappearances.\u201d  <\/p>\n\n<p>The report notes that, in numerous cases, it was not possible to identify the profile of the detainees due to \u201cself-censorship among the population,\u201d motivated by \u201cthreats against family members\u201d to prevent them from reporting the incidents.<\/p>\n\n<h2 class=\"wp-block-heading\" id=\"h-torturas-a-detenidos-por-opinar-sobre-venezuela\">Torture of detainees for expressing opinions about Venezuela <\/h2>\n\n<p>One of the individuals detained for commenting on social media about what happened in Venezuela reported that they were \u201cviolently captured in their home.\u201d Eleven National Police agents, the dictatorship\u2019s main repressive arm, detained them and subjected her to \u201cforced nudity, constant interrogations, hunger, thirst, and threats, including attempts to fabricate drug trafficking charges to force confessions.\u201d <\/p>\n\n<p>This person remained for three days \u201cwithout minimum conditions, with insufficient food, without access to legal defense or communication with family members and she was also forced to delete her social media accounts and to report daily to sign in, under surveillance.\u201d <\/p>\n\n<p>The report also denounces \u201ccoercion\u201d against state workers, as public institutions and political operatives pressured employees to share messages of support for the Maduro regime on their personal social media and WhatsApp accounts. <\/p>\n\n<p>At the same time, the regime ordered its political operators to maintain \u201cterritorial and virtual surveillance.\u201d <\/p>\n\n<p>Surveillance also extended to political prisoners released in November 2025 and January 2026, who have been subjected to constant visits and interrogations to monitor their activities and report any opposition activity.<\/p>\n\n<h2 class=\"wp-block-heading\" id=\"h-represion-religiosa-y-migratoria\">Religious and migration repression<\/h2>\n\n<p>In January, the Monitoring group confirmed that religious repression continues in the country. The organization documented the following situations: <\/p>\n\n<ul class=\"wp-block-list\">\n<li>Arbitrary detention of a pastor in the department of Matagalpa. The motives were not disclosed and he was released days later. <\/li>\n\n\n\n<li>Interrogations of parishioners in Estel\u00ed, Jinotega, and Matagalpa, who were required to present identification cards. <\/li>\n\n\n\n<li>In Le\u00f3n, ecclesial communities were prohibited from continuing house-to-house evangelization activities. <\/li>\n<\/ul>\n\n<p>The Monitoring group also warned about the use of migration policy as a mechanism of punishment. At least four Nicaraguan citizens were prevented from re-entering the country after traveling abroad, while another four opted for self-exile as a protective measure against personal persecution, surveillance, threats, and risk of arbitrary detention. <\/p>\n\n<h2 class=\"wp-block-heading\" id=\"h-tratos-crueles-e-inhumanos-en-el-penal\">Cruel and inhuman treatment in prison <\/h2>\n\n<p>In addition, the Monitoring group recorded 13 incidents inside prisons involving political prisoners, who are victims of torture and \u201ccruel, inhuman, and degrading treatment.\u201d <\/p>\n\n<p>Reported cases include prolonged isolation, overcrowding, lack of ventilation, deprivation of water, insufficient or spoiled food, denial of medical care, and restrictions on communication with family members.<\/p>\n\n<p>Alternate legislator and president of the Indigenous party Yatama, Nancy Elizabeth Henr\u00edquez James, presents \u201csignificant weight loss, physical weakness, memory problems, difficulties speaking and moving, without access to adequate medical care for her ailments.\u201d <\/p>\n\n<p>Likewise, political prisoner Jaime Navarrete remains in conditions of \u201cconfinement with limited ventilation \u2014 which worsens respiratory problems resulting from a nasal fracture \u2014 without access to bedding, with reading restrictions, and in a state of severe depression.\u201d<\/p>\n\n<p>The human rights violations reported in January 2026 represent a 40.4% increase compared to January 2025, when 47 cases were documented. The increase amounts to 19 additional violations year to year, confirming that repression has not only continued but intensified at the beginning of the year. <\/p>\n\n<p>During 2025, the months with the highest number of incidents were April (75), July (73), and August (88). These peaks show that the repressive apparatus is activated more forcefully at specific moments, significantly raising the number of violations documented by Monitoreo Azul y Blanco. <\/p>\n\n<p>Although a reduction was observed in the final months of 2025 \u2014 with 29 cases in October and November and 20 in December \u2014 there was a resurgence of cases in January 2026 associated with events in Venezuela following the capture of Nicol\u00e1s Maduro. <\/p>\n","protected":false},"excerpt":{"rendered":"<p>At least 66 human rights violations were documented in Nicaragua during January 2026, amid a context of a \u201cstepped up repressive pattern\u201d of the dictatorship of Daniel Ortega and Rosario Murillo, according to the latest report by Monitoreo Azul y Blanco. Human rights violations rose from 20 reported in December 2025 to 66 cases in [&hellip;]<\/p>\n","protected":false},"author":10,"featured_media":183983,"comment_status":"closed","ping_status":"closed","sticky":false,"template":"","format":"standard","meta":{"_acf_changed":false,"_eb_attr":"","_eb_data_table":"","footnotes":""},"categories":[15445],"tags":[],"class_list":["post-184070","post","type-post","status-publish","format-standard","has-post-thumbnail","hentry","category-english"],"acf":[],"yoast_head":"<!-- This site is optimized with the Yoast SEO Premium plugin v27.4 (Yoast SEO v27.4) - https:\/\/yoast.com\/product\/yoast-seo-premium-wordpress\/ -->\n<title>Regime \u201cdeepens\u201d repression in Nicaragua in 2026<\/title>\n<meta name=\"description\" content=\"Human rights violations increased in January, according to Monitoreo Azul y Blanco, which reports more cases of harassment, threats, and detentions\" \/>\n<meta name=\"robots\" content=\"index, follow, max-snippet:-1, max-image-preview:large, max-video-preview:-1\" \/>\n<link rel=\"canonical\" href=\"https:\/\/confidencial.digital\/en\/english\/no-change-in-2026-regime-deepens-repression-in-nicaragua\/\" \/>\n<meta property=\"og:locale\" content=\"en_US\" \/>\n<meta property=\"og:type\" content=\"article\" \/>\n<meta property=\"og:title\" content=\"No Change in 2026: Regime \u201cDeepens\u201d Repression in Nicaragua\" \/>\n<meta property=\"og:description\" content=\"Human rights violations increased in January, according to Monitoreo Azul y Blanco, which reports more cases of harassment, threats, and detentions\" \/>\n<meta property=\"og:url\" content=\"https:\/\/confidencial.digital\/en\/english\/no-change-in-2026-regime-deepens-repression-in-nicaragua\/\" \/>\n<meta property=\"og:site_name\" content=\"Confidencial\" \/>\n<meta property=\"article:publisher\" content=\"https:\/\/www.facebook.com\/confidencial.com.ni\" \/>\n<meta property=\"article:published_time\" content=\"2026-02-26T07:25:00+00:00\" \/>\n<meta property=\"article:modified_time\" content=\"2026-03-02T12:56:54+00:00\" \/>\n<meta property=\"og:image\" content=\"https:\/\/confidencial.digital\/wp-content\/uploads\/2026\/02\/Acto-de-la-Policia.jpeg\" \/>\n\t<meta property=\"og:image:width\" content=\"1050\" \/>\n\t<meta property=\"og:image:height\" content=\"626\" \/>\n\t<meta property=\"og:image:type\" content=\"image\/jpeg\" \/>\n<meta name=\"author\" content=\"Redacci\u00f3n Confidencial\" \/>\n<meta name=\"twitter:card\" content=\"summary_large_image\" \/>\n<meta name=\"twitter:creator\" content=\"@confidencial_ni\" \/>\n<meta name=\"twitter:site\" content=\"@confidencial_ni\" \/>\n<meta name=\"twitter:label1\" content=\"Written by\" \/>\n\t<meta name=\"twitter:data1\" content=\"Redacci\u00f3n Confidencial\" \/>\n\t<meta name=\"twitter:label2\" content=\"Est. reading time\" \/>\n\t<meta name=\"twitter:data2\" content=\"4 minutes\" \/>\n<script type=\"application\/ld+json\" class=\"yoast-schema-graph\">{\"@context\":\"https:\\\/\\\/schema.org\",\"@graph\":[{\"@type\":\"NewsArticle\",\"@id\":\"https:\\\/\\\/confidencial.digital\\\/en\\\/english\\\/no-change-in-2026-regime-deepens-repression-in-nicaragua\\\/#article\",\"isPartOf\":{\"@id\":\"https:\\\/\\\/confidencial.digital\\\/en\\\/english\\\/no-change-in-2026-regime-deepens-repression-in-nicaragua\\\/\"},\"author\":{\"name\":\"Redacci\u00f3n Confidencial\",\"@id\":\"https:\\\/\\\/confidencial.digital\\\/en\\\/#\\\/schema\\\/person\\\/64733b11255c0e9d6b4e93e81a984809\"},\"headline\":\"No Change in 2026: Regime \u201cDeepens\u201d Repression in Nicaragua\",\"datePublished\":\"2026-02-26T07:25:00+00:00\",\"dateModified\":\"2026-03-02T12:56:54+00:00\",\"mainEntityOfPage\":{\"@id\":\"https:\\\/\\\/confidencial.digital\\\/en\\\/english\\\/no-change-in-2026-regime-deepens-repression-in-nicaragua\\\/\"},\"wordCount\":784,\"publisher\":{\"@id\":\"https:\\\/\\\/confidencial.digital\\\/en\\\/#organization\"},\"image\":{\"@id\":\"https:\\\/\\\/confidencial.digital\\\/en\\\/english\\\/no-change-in-2026-regime-deepens-repression-in-nicaragua\\\/#primaryimage\"},\"thumbnailUrl\":\"https:\\\/\\\/confidencial.digital\\\/wp-content\\\/uploads\\\/2026\\\/02\\\/Acto-de-la-Policia.jpeg\",\"articleSection\":[\"English\"],\"inLanguage\":\"en-US\",\"copyrightYear\":\"2026\",\"copyrightHolder\":{\"@id\":\"https:\\\/\\\/confidencial.digital\\\/#organization\"}},{\"@type\":\"WebPage\",\"@id\":\"https:\\\/\\\/confidencial.digital\\\/en\\\/english\\\/no-change-in-2026-regime-deepens-repression-in-nicaragua\\\/\",\"url\":\"https:\\\/\\\/confidencial.digital\\\/en\\\/english\\\/no-change-in-2026-regime-deepens-repression-in-nicaragua\\\/\",\"name\":\"Regime \u201cdeepens\u201d repression in Nicaragua in 2026\",\"isPartOf\":{\"@id\":\"https:\\\/\\\/confidencial.digital\\\/en\\\/#website\"},\"primaryImageOfPage\":{\"@id\":\"https:\\\/\\\/confidencial.digital\\\/en\\\/english\\\/no-change-in-2026-regime-deepens-repression-in-nicaragua\\\/#primaryimage\"},\"image\":{\"@id\":\"https:\\\/\\\/confidencial.digital\\\/en\\\/english\\\/no-change-in-2026-regime-deepens-repression-in-nicaragua\\\/#primaryimage\"},\"thumbnailUrl\":\"https:\\\/\\\/confidencial.digital\\\/wp-content\\\/uploads\\\/2026\\\/02\\\/Acto-de-la-Policia.jpeg\",\"datePublished\":\"2026-02-26T07:25:00+00:00\",\"dateModified\":\"2026-03-02T12:56:54+00:00\",\"description\":\"Human rights violations increased in January, according to Monitoreo Azul y Blanco, which reports more cases of harassment, threats, and detentions\",\"breadcrumb\":{\"@id\":\"https:\\\/\\\/confidencial.digital\\\/en\\\/english\\\/no-change-in-2026-regime-deepens-repression-in-nicaragua\\\/#breadcrumb\"},\"inLanguage\":\"en-US\",\"potentialAction\":[{\"@type\":\"ReadAction\",\"target\":[\"https:\\\/\\\/confidencial.digital\\\/en\\\/english\\\/no-change-in-2026-regime-deepens-repression-in-nicaragua\\\/\"]}]},{\"@type\":\"ImageObject\",\"inLanguage\":\"en-US\",\"@id\":\"https:\\\/\\\/confidencial.digital\\\/en\\\/english\\\/no-change-in-2026-regime-deepens-repression-in-nicaragua\\\/#primaryimage\",\"url\":\"https:\\\/\\\/confidencial.digital\\\/wp-content\\\/uploads\\\/2026\\\/02\\\/Acto-de-la-Policia.jpeg\",\"contentUrl\":\"https:\\\/\\\/confidencial.digital\\\/wp-content\\\/uploads\\\/2026\\\/02\\\/Acto-de-la-Policia.jpeg\",\"width\":1050,\"height\":626,\"caption\":\"El dictador nicarag\u00fcense Daniel Ortega participa de un acto de la Polic\u00eda Nacional, el 15 de enero de 2026. | Foto: CCC\"},{\"@type\":\"BreadcrumbList\",\"@id\":\"https:\\\/\\\/confidencial.digital\\\/en\\\/english\\\/no-change-in-2026-regime-deepens-repression-in-nicaragua\\\/#breadcrumb\",\"itemListElement\":[{\"@type\":\"ListItem\",\"position\":1,\"name\":\"Portada\",\"item\":\"https:\\\/\\\/confidencial.digital\\\/en\\\/\"},{\"@type\":\"ListItem\",\"position\":2,\"name\":\"No Change in 2026: Regime \u201cDeepens\u201d Repression in Nicaragua\"}]},{\"@type\":\"WebSite\",\"@id\":\"https:\\\/\\\/confidencial.digital\\\/en\\\/#website\",\"url\":\"https:\\\/\\\/confidencial.digital\\\/en\\\/\",\"name\":\"Confidencial Nicaragua\",\"description\":\"Noticias de Nicaragua, informaci\u00f3n, an\u00e1lisis, reportajes, investigaciones, perfiles y entrevistas. Somos Confidencial. Hacemos periodismo independiente.\",\"publisher\":{\"@id\":\"https:\\\/\\\/confidencial.digital\\\/en\\\/#organization\"},\"potentialAction\":[{\"@type\":\"SearchAction\",\"target\":{\"@type\":\"EntryPoint\",\"urlTemplate\":\"https:\\\/\\\/confidencial.digital\\\/en\\\/?s={search_term_string}\"},\"query-input\":{\"@type\":\"PropertyValueSpecification\",\"valueRequired\":true,\"valueName\":\"search_term_string\"}}],\"inLanguage\":\"en-US\"},{\"@type\":\"Organization\",\"@id\":\"https:\\\/\\\/confidencial.digital\\\/en\\\/#organization\",\"name\":\"Confidencial\",\"url\":\"https:\\\/\\\/confidencial.digital\\\/en\\\/\",\"logo\":{\"@type\":\"ImageObject\",\"inLanguage\":\"en-US\",\"@id\":\"https:\\\/\\\/confidencial.digital\\\/en\\\/#\\\/schema\\\/logo\\\/image\\\/\",\"url\":\"https:\\\/\\\/confidencial.digital\\\/wp-content\\\/uploads\\\/2023\\\/09\\\/Confidencial_696x696.jpg\",\"contentUrl\":\"https:\\\/\\\/confidencial.digital\\\/wp-content\\\/uploads\\\/2023\\\/09\\\/Confidencial_696x696.jpg\",\"width\":696,\"height\":696,\"caption\":\"Confidencial\"},\"image\":{\"@id\":\"https:\\\/\\\/confidencial.digital\\\/en\\\/#\\\/schema\\\/logo\\\/image\\\/\"},\"sameAs\":[\"https:\\\/\\\/www.facebook.com\\\/confidencial.com.ni\",\"https:\\\/\\\/x.com\\\/confidencial_ni\",\"https:\\\/\\\/www.youtube.com\\\/user\\\/ConfidencialNica\",\"https:\\\/\\\/www.instagram.com\\\/confidencial_ni\\\/\",\"https:\\\/\\\/www.linkedin.com\\\/company\\\/confidencial-nicaragua\\\/\",\"https:\\\/\\\/open.spotify.com\\\/show\\\/1rNymjqQuqP1CTGqHKdQ24\",\"https:\\\/\\\/bsky.app\\\/profile\\\/confidencialni.bsky.social\",\"https:\\\/\\\/www.threads.com\\\/@confidencial_ni\"],\"description\":\"En Confidencial hacemos periodismo de investigaci\u00f3n y an\u00e1lisis independiente para Nicaragua y su di\u00e1spora en el mundo. Fundado en 1996\",\"email\":\"info@confidencial.digital\",\"foundingDate\":\"1996-06-01\"},{\"@type\":\"Person\",\"@id\":\"https:\\\/\\\/confidencial.digital\\\/en\\\/#\\\/schema\\\/person\\\/64733b11255c0e9d6b4e93e81a984809\",\"name\":\"Redacci\u00f3n Confidencial\",\"image\":{\"@type\":\"ImageObject\",\"inLanguage\":\"en-US\",\"@id\":\"https:\\\/\\\/confidencial.digital\\\/wp-content\\\/uploads\\\/2024\\\/04\\\/redaccion-confidencial_avatar-96x96.png\",\"url\":\"https:\\\/\\\/confidencial.digital\\\/wp-content\\\/uploads\\\/2024\\\/04\\\/redaccion-confidencial_avatar-96x96.png\",\"contentUrl\":\"https:\\\/\\\/confidencial.digital\\\/wp-content\\\/uploads\\\/2024\\\/04\\\/redaccion-confidencial_avatar-96x96.png\",\"caption\":\"Redacci\u00f3n Confidencial\"},\"description\":\"Confidencial es un diario digital nicarag\u00fcense, de formato multimedia, fundado por Carlos F. Chamorro en junio de 1996. Inici\u00f3 como un semanario impreso y hoy es un medio de referencia regional con informaci\u00f3n, an\u00e1lisis, entrevistas, perfiles, reportajes e investigaciones sobre Nicaragua, informando desde el exilio por la persecuci\u00f3n pol\u00edtica de la dictadura de Daniel Ortega y Rosario Murillo.\",\"sameAs\":[\"https:\\\/\\\/x.com\\\/confidencial_ni\"],\"url\":\"https:\\\/\\\/confidencial.digital\\\/en\\\/author\\\/confidencial-digital\\\/\"}]}<\/script>\n<!-- \/ Yoast SEO Premium plugin. -->","yoast_head_json":{"title":"Regime \u201cdeepens\u201d repression in Nicaragua in 2026","description":"Human rights violations increased in January, according to Monitoreo Azul y Blanco, which reports more cases of harassment, threats, and detentions","robots":{"index":"index","follow":"follow","max-snippet":"max-snippet:-1","max-image-preview":"max-image-preview:large","max-video-preview":"max-video-preview:-1"},"canonical":"https:\/\/confidencial.digital\/en\/english\/no-change-in-2026-regime-deepens-repression-in-nicaragua\/","og_locale":"en_US","og_type":"article","og_title":"No Change in 2026: Regime \u201cDeepens\u201d Repression in Nicaragua","og_description":"Human rights violations increased in January, according to Monitoreo Azul y Blanco, which reports more cases of harassment, threats, and detentions","og_url":"https:\/\/confidencial.digital\/en\/english\/no-change-in-2026-regime-deepens-repression-in-nicaragua\/","og_site_name":"Confidencial","article_publisher":"https:\/\/www.facebook.com\/confidencial.com.ni","article_published_time":"2026-02-26T07:25:00+00:00","article_modified_time":"2026-03-02T12:56:54+00:00","og_image":[{"width":1050,"height":626,"url":"https:\/\/confidencial.digital\/wp-content\/uploads\/2026\/02\/Acto-de-la-Policia.jpeg","type":"image\/jpeg"}],"author":"Redacci\u00f3n Confidencial","twitter_card":"summary_large_image","twitter_creator":"@confidencial_ni","twitter_site":"@confidencial_ni","twitter_misc":{"Written by":"Redacci\u00f3n Confidencial","Est. reading time":"4 minutes"},"schema":{"@context":"https:\/\/schema.org","@graph":[{"@type":"NewsArticle","@id":"https:\/\/confidencial.digital\/en\/english\/no-change-in-2026-regime-deepens-repression-in-nicaragua\/#article","isPartOf":{"@id":"https:\/\/confidencial.digital\/en\/english\/no-change-in-2026-regime-deepens-repression-in-nicaragua\/"},"author":{"name":"Redacci\u00f3n Confidencial","@id":"https:\/\/confidencial.digital\/en\/#\/schema\/person\/64733b11255c0e9d6b4e93e81a984809"},"headline":"No Change in 2026: Regime \u201cDeepens\u201d Repression in Nicaragua","datePublished":"2026-02-26T07:25:00+00:00","dateModified":"2026-03-02T12:56:54+00:00","mainEntityOfPage":{"@id":"https:\/\/confidencial.digital\/en\/english\/no-change-in-2026-regime-deepens-repression-in-nicaragua\/"},"wordCount":784,"publisher":{"@id":"https:\/\/confidencial.digital\/en\/#organization"},"image":{"@id":"https:\/\/confidencial.digital\/en\/english\/no-change-in-2026-regime-deepens-repression-in-nicaragua\/#primaryimage"},"thumbnailUrl":"https:\/\/confidencial.digital\/wp-content\/uploads\/2026\/02\/Acto-de-la-Policia.jpeg","articleSection":["English"],"inLanguage":"en-US","copyrightYear":"2026","copyrightHolder":{"@id":"https:\/\/confidencial.digital\/#organization"}},{"@type":"WebPage","@id":"https:\/\/confidencial.digital\/en\/english\/no-change-in-2026-regime-deepens-repression-in-nicaragua\/","url":"https:\/\/confidencial.digital\/en\/english\/no-change-in-2026-regime-deepens-repression-in-nicaragua\/","name":"Regime \u201cdeepens\u201d repression in Nicaragua in 2026","isPartOf":{"@id":"https:\/\/confidencial.digital\/en\/#website"},"primaryImageOfPage":{"@id":"https:\/\/confidencial.digital\/en\/english\/no-change-in-2026-regime-deepens-repression-in-nicaragua\/#primaryimage"},"image":{"@id":"https:\/\/confidencial.digital\/en\/english\/no-change-in-2026-regime-deepens-repression-in-nicaragua\/#primaryimage"},"thumbnailUrl":"https:\/\/confidencial.digital\/wp-content\/uploads\/2026\/02\/Acto-de-la-Policia.jpeg","datePublished":"2026-02-26T07:25:00+00:00","dateModified":"2026-03-02T12:56:54+00:00","description":"Human rights violations increased in January, according to Monitoreo Azul y Blanco, which reports more cases of harassment, threats, and detentions","breadcrumb":{"@id":"https:\/\/confidencial.digital\/en\/english\/no-change-in-2026-regime-deepens-repression-in-nicaragua\/#breadcrumb"},"inLanguage":"en-US","potentialAction":[{"@type":"ReadAction","target":["https:\/\/confidencial.digital\/en\/english\/no-change-in-2026-regime-deepens-repression-in-nicaragua\/"]}]},{"@type":"ImageObject","inLanguage":"en-US","@id":"https:\/\/confidencial.digital\/en\/english\/no-change-in-2026-regime-deepens-repression-in-nicaragua\/#primaryimage","url":"https:\/\/confidencial.digital\/wp-content\/uploads\/2026\/02\/Acto-de-la-Policia.jpeg","contentUrl":"https:\/\/confidencial.digital\/wp-content\/uploads\/2026\/02\/Acto-de-la-Policia.jpeg","width":1050,"height":626,"caption":"El dictador nicarag\u00fcense Daniel Ortega participa de un acto de la Polic\u00eda Nacional, el 15 de enero de 2026. | Foto: CCC"},{"@type":"BreadcrumbList","@id":"https:\/\/confidencial.digital\/en\/english\/no-change-in-2026-regime-deepens-repression-in-nicaragua\/#breadcrumb","itemListElement":[{"@type":"ListItem","position":1,"name":"Portada","item":"https:\/\/confidencial.digital\/en\/"},{"@type":"ListItem","position":2,"name":"No Change in 2026: Regime \u201cDeepens\u201d Repression in Nicaragua"}]},{"@type":"WebSite","@id":"https:\/\/confidencial.digital\/en\/#website","url":"https:\/\/confidencial.digital\/en\/","name":"Confidencial Nicaragua","description":"Noticias de Nicaragua, informaci\u00f3n, an\u00e1lisis, reportajes, investigaciones, perfiles y entrevistas. Somos Confidencial. Hacemos periodismo independiente.","publisher":{"@id":"https:\/\/confidencial.digital\/en\/#organization"},"potentialAction":[{"@type":"SearchAction","target":{"@type":"EntryPoint","urlTemplate":"https:\/\/confidencial.digital\/en\/?s={search_term_string}"},"query-input":{"@type":"PropertyValueSpecification","valueRequired":true,"valueName":"search_term_string"}}],"inLanguage":"en-US"},{"@type":"Organization","@id":"https:\/\/confidencial.digital\/en\/#organization","name":"Confidencial","url":"https:\/\/confidencial.digital\/en\/","logo":{"@type":"ImageObject","inLanguage":"en-US","@id":"https:\/\/confidencial.digital\/en\/#\/schema\/logo\/image\/","url":"https:\/\/confidencial.digital\/wp-content\/uploads\/2023\/09\/Confidencial_696x696.jpg","contentUrl":"https:\/\/confidencial.digital\/wp-content\/uploads\/2023\/09\/Confidencial_696x696.jpg","width":696,"height":696,"caption":"Confidencial"},"image":{"@id":"https:\/\/confidencial.digital\/en\/#\/schema\/logo\/image\/"},"sameAs":["https:\/\/www.facebook.com\/confidencial.com.ni","https:\/\/x.com\/confidencial_ni","https:\/\/www.youtube.com\/user\/ConfidencialNica","https:\/\/www.instagram.com\/confidencial_ni\/","https:\/\/www.linkedin.com\/company\/confidencial-nicaragua\/","https:\/\/open.spotify.com\/show\/1rNymjqQuqP1CTGqHKdQ24","https:\/\/bsky.app\/profile\/confidencialni.bsky.social","https:\/\/www.threads.com\/@confidencial_ni"],"description":"En Confidencial hacemos periodismo de investigaci\u00f3n y an\u00e1lisis independiente para Nicaragua y su di\u00e1spora en el mundo. Fundado en 1996","email":"info@confidencial.digital","foundingDate":"1996-06-01"},{"@type":"Person","@id":"https:\/\/confidencial.digital\/en\/#\/schema\/person\/64733b11255c0e9d6b4e93e81a984809","name":"Redacci\u00f3n Confidencial","image":{"@type":"ImageObject","inLanguage":"en-US","@id":"https:\/\/confidencial.digital\/wp-content\/uploads\/2024\/04\/redaccion-confidencial_avatar-96x96.png","url":"https:\/\/confidencial.digital\/wp-content\/uploads\/2024\/04\/redaccion-confidencial_avatar-96x96.png","contentUrl":"https:\/\/confidencial.digital\/wp-content\/uploads\/2024\/04\/redaccion-confidencial_avatar-96x96.png","caption":"Redacci\u00f3n Confidencial"},"description":"Confidencial es un diario digital nicarag\u00fcense, de formato multimedia, fundado por Carlos F. Chamorro en junio de 1996. Inici\u00f3 como un semanario impreso y hoy es un medio de referencia regional con informaci\u00f3n, an\u00e1lisis, entrevistas, perfiles, reportajes e investigaciones sobre Nicaragua, informando desde el exilio por la persecuci\u00f3n pol\u00edtica de la dictadura de Daniel Ortega y Rosario Murillo.","sameAs":["https:\/\/x.com\/confidencial_ni"],"url":"https:\/\/confidencial.digital\/en\/author\/confidencial-digital\/"}]}},"_links":{"self":[{"href":"https:\/\/confidencial.digital\/en\/wp-json\/wp\/v2\/posts\/184070","targetHints":{"allow":["GET"]}}],"collection":[{"href":"https:\/\/confidencial.digital\/en\/wp-json\/wp\/v2\/posts"}],"about":[{"href":"https:\/\/confidencial.digital\/en\/wp-json\/wp\/v2\/types\/post"}],"author":[{"embeddable":true,"href":"https:\/\/confidencial.digital\/en\/wp-json\/wp\/v2\/users\/10"}],"replies":[{"embeddable":true,"href":"https:\/\/confidencial.digital\/en\/wp-json\/wp\/v2\/comments?post=184070"}],"version-history":[{"count":1,"href":"https:\/\/confidencial.digital\/en\/wp-json\/wp\/v2\/posts\/184070\/revisions"}],"predecessor-version":[{"id":184071,"href":"https:\/\/confidencial.digital\/en\/wp-json\/wp\/v2\/posts\/184070\/revisions\/184071"}],"wp:featuredmedia":[{"embeddable":true,"href":"https:\/\/confidencial.digital\/en\/wp-json\/wp\/v2\/media\/183983"}],"wp:attachment":[{"href":"https:\/\/confidencial.digital\/en\/wp-json\/wp\/v2\/media?parent=184070"}],"wp:term":[{"taxonomy":"category","embeddable":true,"href":"https:\/\/confidencial.digital\/en\/wp-json\/wp\/v2\/categories?post=184070"},{"taxonomy":"post_tag","embeddable":true,"href":"https:\/\/confidencial.digital\/en\/wp-json\/wp\/v2\/tags?post=184070"}],"curies":[{"name":"wp","href":"https:\/\/api.w.org\/{rel}","templated":true}]}}