{"id":183889,"date":"2026-02-23T01:20:00","date_gmt":"2026-02-23T07:20:00","guid":{"rendered":"https:\/\/confidencial.digital\/sin-categoria\/jose-ruben-zamora-we-need-to-refound-guatemala-free-from-organized-crime-and-de-facto-powers\/"},"modified":"2026-02-25T09:14:59","modified_gmt":"2026-02-25T15:14:59","slug":"jose-ruben-zamora-we-need-to-refound-guatemala-free-from-organized-crime-and-de-facto-powers","status":"publish","type":"post","link":"https:\/\/confidencial.digital\/en\/english\/jose-ruben-zamora-we-need-to-refound-guatemala-free-from-organized-crime-and-de-facto-powers\/","title":{"rendered":"Jos\u00e9 Rub\u00e9n Zamora: \u201cWe Need to Refound Guatemala, Free from Organized Crime and De Facto Powers\u201d"},"content":{"rendered":"\n<p>After spending 1,295 days in the Mariscal Zavala prison, journalist Jose Ruben \u201cChepe\u201d Zamora, founder of <em>elPeriodico<\/em> in Guatemala, <a href=\"https:\/\/confidencial.digital\/mundo\/centroamerica\/juez-otorga-arresto-domiciliario-a-periodista-jose-ruben-zamora\/\">now under house arrest,<\/a> is fighting\u2014at a disadvantage\u2014the final battle for his definitive freedom.<\/p>\n\n<p>\u201cI have asked the Guatemalan State to offer me a public apology. It is something qualitative that would repair me: that before the Judiciary, the Executive recognizes that my persecution was arbitrary and illegal, and that I was subjected to torture. With that recognition it will be much harder for them to keep crushing me,\u201d Zamora states.<\/p>\n\n<p>He knows that the Public Prosecutor\u2019s Office, headed by Attorney General Consuelo Porras, can send him back to prison at any moment, although it no longer has the same power it did four years ago. He hopes that both the Public Prosecutor\u2019s Office and the Constitutional Court will \u201cget some oxygen\u201d with the new appointments expected in the coming months.<\/p>\n\n<p>The journalist and businessman\u2014whose newspaper <em>elPeri\u00f3dico<\/em> was shut down during this latest imprisonment\u2014acknowledges that his prison conditions improved after <a href=\"https:\/\/confidencial.digital\/mundo\/centroamerica\/nunca-mas-el-autoritarismo-proclama-arevalo-tras-ser-investido-presidente-de-guatemala\/\">Bernardo Ar\u00e9valo became president two years ago<\/a>. He describes the president as \u201ca decent man\u201d whose legacy of respecting the law and the Constitution is producing some changes that will be better valued later in Guatemala. However, he insists: \u201cFor us to make a permanent change in the balance of forces, we need to refound Guatemala\u2014a viable Guatemala that stops being captured by organized crime and other de facto powers, by military powers, by the high command, by (economic) groups that finance electoral campaigns.\u201d <\/p>\n\n<p>In a conversation on the program <em>Esta Semana<\/em>, broadcast on the <a href=\"https:\/\/www.youtube.com\/@ConfidencialNica\">CONFIDENCIAL YouTube channel <\/a>due to television censorship in Nicaragua, Zamora spoke\u2014with humor and irreverence\u2014about his 1,295 days in prison and the uncertainty of his future. \u201cMy children help me organize my interviews, but they suffer because they think I might say something outrageous and that new (judicial) cases will be opened against me. But they ask me questions and I answer what I think or what I know, honestly. But the truth gets you into trouble,\u201d Zamora admits. <\/p>\n\n<figure class=\"wp-block-embed is-type-video is-provider-youtube wp-block-embed-youtube wp-embed-aspect-16-9 wp-has-aspect-ratio\"><div class=\"wp-block-embed__wrapper\">\n<iframe title=\"Jos\u00e9 Rub\u00e9n Zamora, tras 1295 d\u00edas de c\u00e1rcel: &quot;Hay que refundar Guatemala&quot;\" width=\"500\" height=\"281\" src=\"https:\/\/www.youtube.com\/embed\/rmqx0SamFO4?feature=oembed\" frameborder=\"0\" allow=\"accelerometer; autoplay; clipboard-write; encrypted-media; gyroscope; picture-in-picture; web-share\" referrerpolicy=\"strict-origin-when-cross-origin\" allowfullscreen><\/iframe>\n<\/div><\/figure>\n\n<p><strong>In November 2024, we spoke on this program when you had spent 813 days in prison. You were sent home, but then you were imprisoned again for almost 500 more days, totaling nearly three and a half years in jail. How did you survive, the solitude during these 1,295 days? <\/strong><\/p>\n\n<p>Thanks to the support I have felt from afar, I know they are attentive, my family, my friends, and the independent press, who never left me alone and accompanied me. They could not always visit or be physically by my side, but they were always working for my freedom. That motivated me greatly and deepened my faith, <a href=\"https:\/\/confidencial.digital\/mundo\/jose-ruben-zamora-los-periodistas-continuaron-su-labor-a-pesar-del-miedo-y-la-represion\/\">my courage, and my conviction never to surrender.<\/a>  <\/p>\n\n<p>In some way you feel like a living corpse, indefinitely observing your own agony. However, you sent me your father\u2019s prison book (Pedro Joaqu\u00edn Chamorro: <em>Estirpe Sangrienta: Los Somoza<\/em>), and when I finished reading it, I felt like I was in Disneyland, after seeing what he and the dissidents and opponents of Somoza suffered in the prisons (of Nicaragua). Frankly, I was in Disneyland.  <\/p>\n\n<p>I kept walking my 12 kilometers a day along the 12 meters of sidewalk I had in my chicken coop, which was like walking from the monument to the Pope in the south of the city all the way to the Hip\u00f3dromo del Norte\u2014that\u2019s 12 kilometers. I did it daily.<br\/>It\u2019s true, I remained isolated, with few visits. I no longer had insects\u2014only occasionally\u2014but you develop the same radar spiders have, and when something intruded nearby, I would quickly locate it and get rid of it.   <\/p>\n\n<p>Since (Bernardo) Arevalo came in, my conditions improved. They gave me a small refrigerator to heat water, I had a little Chinese stove. I read a lot. I reread Octavio Paz, read Tolstoy, Kundera, and Julian Marias, whose sudden death moved me deeply. I reread his work and his columns in El Pa\u00eds. I must have read about seven thousand books by now. I also read books by the Maryknoll missionaries in Guatemala. When I read that 641-page book I must have cried five times\u2014I had to stop and cry\u2014seeing the atrocities that have taken place in Central America simply for being Indigenous.       <\/p>\n\n<p><strong>On Tuesday, February 17, the Public Prosecutor\u2019s Office appealed the judge\u2019s decision granting you house arrest and is asking that you be returned to prison. What do you attribute this cruelty to? <\/strong><\/p>\n\n<p>There are different factors. The first is the journalistic work we were doing. I always saw the newspaper as an agent of change. We had to understand the rules of the game in the country and those that limited progress and development, in order to try to alter them. In some of those efforts I pushed (changes). In 1995 we carried out a very strong campaign\u2014there were no social media, but we used flyers, T-shirts, stickers, radio ads, television, music. We rang the alarm bells and ultimately gathered 600,000 signatures and forced the resignation of Congress\u2014116 deputies\u2014and the entire Supreme Court.  <\/p>\n\n<p>Later, I persuaded rightwing President (Oscar) Berger, that the Commission to Investigate Illegal Bodies and Clandestine Security Apparatuses was indispensable in Guatemala. I brought him the project and he said: \u201cI\u2019ll give it to the lawyers of the big guys.\u201d Later he called me and said:<em> <\/em>\u201cThey reviewed it, it\u2019s marked in yellow, underlined\u2014vital things\u2014they say we need to file down its teeth, it\u2019s too powerful.\u201d So the International Commission Against Impunity in Guatemala is the Commission to Investigate Illegal Bodies<em> <\/em>and Clandestine Security Apparatuses with filed-down teeth\u2014softened.  <\/p>\n\n<p>But when the president agreed, Vice President (Eduardo) Stein did successful work to get the United Nations to support and implement that project in Guatemala. In some way I am paying for the fact that the International Commission Against Impunity in Guatemala landed in the country and broke (impunity), most of the time successfully, though with some mistakes. Our Constitution and laws had nothing to do with the way tradition operates in Guatemala. That generated a massive train wreck, fused fears generated by the International Commission\u2019s arrival (2006\u20132019), a lot of resistance, and since 2015 we\u2019ve lived the pendulum\u2019s return\u2014used by Guatemalan fascism to persecute anyone who is not far-right.   <\/p>\n\n<p><strong>Throughout these three and a half years, courts acquitted you of alleged influence peddling and blackmail, and they could not prove the alleged crime of money laundering. What are you accused of now? <\/strong><\/p>\n\n<p>When they couldn\u2019t get convictions, they decided to leave me stuck in a swamp where I can\u2019t move. I\u2019m serving an anticipated sentence for crimes I never committed. And even though I didn\u2019t commit them, a judge said: \u201cThis man has already paid the sentence for the crimes attributed to him,\u201d and he hasn\u2019t even had a trial. He was released once, spent five months free, and didn\u2019t flee Guatemala. Then the Prosecutor\u2019s Office said: \u201cBut in one of the three crimes he would still have two months left, and there is always imminent flight risk.\u201d They\u2019re appealing because I\u2019m supposedly a flight risk, and I\u2019d have two months left on one charge. I\u2019m mentally prepared to return (to prison). It will cost me, but I\u2019m in better condition than the first time.       <\/p>\n\n<figure class=\"wp-block-image size-large\"><img decoding=\"async\" width=\"1024\" height=\"683\" src=\"https:\/\/confidencial.digital\/wp-content\/uploads\/2026\/02\/Juez-caso-Jose-Ruben-Zamora-1024x683.jpg\" alt=\"\" class=\"wp-image-183802\" srcset=\"https:\/\/confidencial.digital\/wp-content\/uploads\/2026\/02\/Juez-caso-Jose-Ruben-Zamora-1024x683.jpg 1024w, https:\/\/confidencial.digital\/wp-content\/uploads\/2026\/02\/Juez-caso-Jose-Ruben-Zamora-300x200.jpg 300w, https:\/\/confidencial.digital\/wp-content\/uploads\/2026\/02\/Juez-caso-Jose-Ruben-Zamora-768x513.jpg 768w, https:\/\/confidencial.digital\/wp-content\/uploads\/2026\/02\/Juez-caso-Jose-Ruben-Zamora-1536x1025.jpg 1536w, https:\/\/confidencial.digital\/wp-content\/uploads\/2026\/02\/Juez-caso-Jose-Ruben-Zamora-480x320.jpg 480w, https:\/\/confidencial.digital\/wp-content\/uploads\/2026\/02\/Juez-caso-Jose-Ruben-Zamora.jpg 1900w\" sizes=\"(max-width: 1024px) 100vw, 1024px\" \/><figcaption class=\"wp-element-caption\">Judge Maximino Morales Gonzalez (top left) reacts during the hearing of journalist Jose Ruben Zamora Marroquin, on Thursday, February 12, 2026. | Photo: EFE\/STR <\/figcaption><\/figure>\n\n<p><strong>In this process, besides the Prosecutor\u2019s Office, there is another actor against you: the so-called Foundation Against Terrorism. On Thursday, February 19, you filed a complaint with the Interior Ministry to dissolve this foundation. What does this foundation led by Ricardo Mendez Ruiz represent in Guatemala?  <\/strong><\/p>\n\n<p>Fascism. The extreme right. We can\u2019t even talk about neo-fascism, it\u2019s <em>paleo-fascism<\/em>. At times I don\u2019t know whether they should not only be canceled but prosecuted. They have annihilated presumption of innocence, destroyed families, destroyed assets. It\u2019s not just my case. There are 100 people in exile\u2014former prosecutors, former judges\u2014without any basis except that they say they are communists. It\u2019s like a <em>para-judicial <\/em>squadron that, in complicity with the Prosecutor\u2019s Office, has created sinister patterns to persecute people and kill you in prison through psychological repression. However, I am optimistic and believe we will shut them down. They are very discredited.       <\/p>\n\n<p><strong>In January 2026, President Bernardo Arevalo began his third year in office. But many still ask: who holds power in Guatemala today? Does the \u201cpact of the corrupt\u201d remain intact, or has it weakened after two years of Arevalo\u2019s government?  <\/strong><\/p>\n\n<p>It\u2019s going to weaken now with these elections they call second-degree elections, derived from political corporatism. We elect a president who should hold executive power, but through corporatist practices they choose who will lead the central bank, the Electoral Tribunal, the Prosecutor\u2019s Office, the Constitutional Court. And those are chosen, in almost all cases, by representatives of San Carlos University, the private sector, professional associations, universities\u2014and they end up having more power than the president.  <\/p>\n\n<p><strong>In this renewal process of justice authorities and courts, what does Guatemalan society expect? Where is the balance tilting? <\/strong><\/p>\n\n<p>I believe the Prosecutor\u2019s Office and the Constitutional Court will get new oxygen\u2014they are the country\u2019s highest bodies. More important than the president, because in the last five years the Constitutional Court\u2014which was created to resolve legal controversies\u2014today is legislating and issuing orders to the Executive or blocking it. <\/p>\n\n<p>A typical Guatemalan president, if abusive, would overcome those walls. But President Arevalo is building a legacy we may value much later. He has adhered to the law. He\u2019s a decent person who, if blocked by the Court or another body, reverses course and follows the law.<br\/>I think he will help change the balance of forces, because he is also one of the electors\u2014but not the dominant one.   <\/p>\n\n<p>However, for a permanent change we need to refound Guatemala: a viable Guatemala free from organized crime and de facto powers, military powers, the high command, and economic groups that finance campaigns. We need a new Constitution, a new social pact. <\/p>\n\n<p><strong>What consequences has this judicial process and your imprisonment had for press freedom and freedom of expression in Guatemala? Your newspaper <em>elPeri\u00f3dico<\/em> has been closed, but now <em>elPeri\u00f3dicoInvestiga<\/em> exists online and other independent outlets too. How do you see the future of the press?  <\/strong><\/p>\n\n<p>At hearings and when I went to the Interior Ministry to request the cancellation of fascist groups, I saw young people\u2014passionate, combative\u2014ready to exercise the priesthood that is journalism, despite the vow of poverty it implies. I saw strength and vigor. <\/p>\n\n<p>What we need globally is to find financial models that guarantee the long-term future of media, share experiences, and replicate successful models worldwide. That\u2019s urgent work. <\/p>\n\n<p>Despite all obstacles, they remain combative, fearless. In my case, they see me speak and they are more aggressive than I am. Journalism is irreverent\u2014we seek freedom. And freedom is not philosophical, it\u2019s existential. It occurs when a man, often in solitude\u2014as happened to you\u2014says no to public power. People have faith in journalism and are accompanying us. I\u2019ve seen many messages supporting journalism\u2014it\u2019s a tsunami of support.    <\/p>\n\n<p>I have immense gratitude toward Guatemala\u2019s independent press, and that of the hemisphere and the world. Without journalists I would not be free. Their pressure has been key, and I\u2019ve tried\u2014as you heard in the speech my son gave at the Gabo Foundation in Colombia\u2014to honor your father (Pedro Joaqu\u00edn Chamorro). With my work I have wanted to honor Guillermo Cano of Colombia, Mario Solorzano murdered by the Guatemalan Army, Isidoro Zarco murdered by the guerrilla, and so many journalists who gave their lives for a free society.  <\/p>\n\n<p><strong>What is your legal status right now? Do you fear for your freedom? <\/strong><\/p>\n\n<p>I feel my capture is imminent. In one case they could revoke my provisional injunction\u2014the one that gave me freedom. Twice, while in prison, I obtained definitive injunctions. But when they grant a definitive injunction, they must issue what\u2019s called due enforcement. The Supreme Court never gave it to me. Instead of resolving it, they ordered a more politicized chamber to do it\u2014they gave them 48 hours to grant my definitive freedom\u2014and these gentlemen \u201clost\u201d my case file. Without a file you can\u2019t hold hearings. So I was left stuck in the swamp again.      <\/p>\n\n<p>It\u2019s very complicated. The message sent by the six sitting magistrates who granted my provisional injunction is that now, moving to the definitive stage, five excused themselves from continuing with my case. And in the other case\u2014in which I was freed last week and the Prosecutor\u2019s Office appealed to that same chamber, the Third Chamber\u2014at any moment, today or tomorrow, they could decide to send me back.  <\/p>\n\n<p><strong>How do you see your future? Will you continue in journalism or enter politics? <\/strong><\/p>\n\n<p>I must get out of this legal pattern\u2014it could take a couple more years. After that, it will be the first time I\u2019ll feel I have ten years left to live well, and until now my children, my family, my wife have followed me without asking questions. This time it has to be a collective decision. The time has come for me to consult them and decide together, because I\u2019ve sacrificed them too much. My wife has been a widow for four years. However, I hope her legal problems in Guatemala will be resolved within 30 days, and that I\u2019ll be able to see them and discuss the future.    <\/p>\n","protected":false},"excerpt":{"rendered":"<p>After spending 1,295 days in the Mariscal Zavala prison, journalist Jose Ruben \u201cChepe\u201d Zamora, founder of elPeriodico in Guatemala, now under house arrest, is fighting\u2014at a disadvantage\u2014the final battle for his definitive freedom. \u201cI have asked the Guatemalan State to offer me a public apology. It is something qualitative that would repair me: that before [&hellip;]<\/p>\n","protected":false},"author":16,"featured_media":183801,"comment_status":"closed","ping_status":"closed","sticky":false,"template":"","format":"standard","meta":{"_acf_changed":false,"_eb_attr":"","_eb_data_table":"","footnotes":""},"categories":[15445],"tags":[],"class_list":["post-183889","post","type-post","status-publish","format-standard","has-post-thumbnail","hentry","category-english"],"acf":[],"yoast_head":"<!-- This site is optimized with the Yoast SEO Premium plugin v27.4 (Yoast SEO v27.4) - https:\/\/yoast.com\/product\/yoast-seo-premium-wordpress\/ -->\n<title>Jos\u00e9 Rub\u00e9n Zamora: \u201cWe Need to Refound Guatemala&quot;<\/title>\n<meta name=\"description\" content=\"\u201cPeople have confidence in journalism. With my work I have wanted to honor journalists who gave their lives for a free society.\u201d\" \/>\n<meta name=\"robots\" content=\"index, follow, max-snippet:-1, max-image-preview:large, max-video-preview:-1\" \/>\n<link rel=\"canonical\" href=\"https:\/\/confidencial.digital\/en\/english\/jose-ruben-zamora-we-need-to-refound-guatemala-free-from-organized-crime-and-de-facto-powers\/\" \/>\n<meta property=\"og:locale\" content=\"en_US\" \/>\n<meta property=\"og:type\" content=\"article\" \/>\n<meta property=\"og:title\" content=\"Jos\u00e9 Rub\u00e9n Zamora: \u201cWe Need to Refound Guatemala, Free from Organized Crime and De Facto Powers\u201d\" \/>\n<meta property=\"og:description\" content=\"\u201cPeople have confidence in journalism. With my work I have wanted to honor journalists who gave their lives for a free society.\u201d\" \/>\n<meta property=\"og:url\" content=\"https:\/\/confidencial.digital\/en\/english\/jose-ruben-zamora-we-need-to-refound-guatemala-free-from-organized-crime-and-de-facto-powers\/\" \/>\n<meta property=\"og:site_name\" content=\"Confidencial\" \/>\n<meta property=\"article:publisher\" content=\"https:\/\/www.facebook.com\/confidencial.com.ni\" \/>\n<meta property=\"article:published_time\" content=\"2026-02-23T07:20:00+00:00\" \/>\n<meta property=\"article:modified_time\" content=\"2026-02-25T15:14:59+00:00\" \/>\n<meta property=\"og:image\" content=\"https:\/\/confidencial.digital\/wp-content\/uploads\/2026\/02\/Jose-Ruben-Zamora-1.jpg\" \/>\n\t<meta property=\"og:image:width\" content=\"1900\" \/>\n\t<meta property=\"og:image:height\" content=\"1267\" \/>\n\t<meta property=\"og:image:type\" content=\"image\/jpeg\" \/>\n<meta name=\"author\" content=\"Carlos F. Chamorro\" \/>\n<meta name=\"twitter:card\" content=\"summary_large_image\" \/>\n<meta name=\"twitter:creator\" content=\"@cefeche\" \/>\n<meta name=\"twitter:site\" content=\"@confidencial_ni\" \/>\n<meta name=\"twitter:label1\" content=\"Written by\" \/>\n\t<meta name=\"twitter:data1\" content=\"Carlos F. Chamorro\" \/>\n\t<meta name=\"twitter:label2\" content=\"Est. reading time\" \/>\n\t<meta name=\"twitter:data2\" content=\"12 minutes\" \/>\n<script type=\"application\/ld+json\" class=\"yoast-schema-graph\">{\"@context\":\"https:\\\/\\\/schema.org\",\"@graph\":[{\"@type\":\"NewsArticle\",\"@id\":\"https:\\\/\\\/confidencial.digital\\\/en\\\/english\\\/jose-ruben-zamora-we-need-to-refound-guatemala-free-from-organized-crime-and-de-facto-powers\\\/#article\",\"isPartOf\":{\"@id\":\"https:\\\/\\\/confidencial.digital\\\/en\\\/english\\\/jose-ruben-zamora-we-need-to-refound-guatemala-free-from-organized-crime-and-de-facto-powers\\\/\"},\"author\":{\"name\":\"Carlos F. Chamorro\",\"@id\":\"https:\\\/\\\/confidencial.digital\\\/en\\\/#\\\/schema\\\/person\\\/829aac8ce3e64b7f95decfbb4478bd4f\"},\"headline\":\"Jos\u00e9 Rub\u00e9n Zamora: \u201cWe Need to Refound Guatemala, Free from Organized Crime and De Facto Powers\u201d\",\"datePublished\":\"2026-02-23T07:20:00+00:00\",\"dateModified\":\"2026-02-25T15:14:59+00:00\",\"mainEntityOfPage\":{\"@id\":\"https:\\\/\\\/confidencial.digital\\\/en\\\/english\\\/jose-ruben-zamora-we-need-to-refound-guatemala-free-from-organized-crime-and-de-facto-powers\\\/\"},\"wordCount\":2337,\"publisher\":{\"@id\":\"https:\\\/\\\/confidencial.digital\\\/en\\\/#organization\"},\"image\":{\"@id\":\"https:\\\/\\\/confidencial.digital\\\/en\\\/english\\\/jose-ruben-zamora-we-need-to-refound-guatemala-free-from-organized-crime-and-de-facto-powers\\\/#primaryimage\"},\"thumbnailUrl\":\"https:\\\/\\\/confidencial.digital\\\/wp-content\\\/uploads\\\/2026\\\/02\\\/Jose-Ruben-Zamora-1.jpg\",\"articleSection\":[\"English\"],\"inLanguage\":\"en-US\",\"copyrightYear\":\"2026\",\"copyrightHolder\":{\"@id\":\"https:\\\/\\\/confidencial.digital\\\/#organization\"}},{\"@type\":\"WebPage\",\"@id\":\"https:\\\/\\\/confidencial.digital\\\/en\\\/english\\\/jose-ruben-zamora-we-need-to-refound-guatemala-free-from-organized-crime-and-de-facto-powers\\\/\",\"url\":\"https:\\\/\\\/confidencial.digital\\\/en\\\/english\\\/jose-ruben-zamora-we-need-to-refound-guatemala-free-from-organized-crime-and-de-facto-powers\\\/\",\"name\":\"Jos\u00e9 Rub\u00e9n Zamora: \u201cWe Need to Refound Guatemala\\\"\",\"isPartOf\":{\"@id\":\"https:\\\/\\\/confidencial.digital\\\/en\\\/#website\"},\"primaryImageOfPage\":{\"@id\":\"https:\\\/\\\/confidencial.digital\\\/en\\\/english\\\/jose-ruben-zamora-we-need-to-refound-guatemala-free-from-organized-crime-and-de-facto-powers\\\/#primaryimage\"},\"image\":{\"@id\":\"https:\\\/\\\/confidencial.digital\\\/en\\\/english\\\/jose-ruben-zamora-we-need-to-refound-guatemala-free-from-organized-crime-and-de-facto-powers\\\/#primaryimage\"},\"thumbnailUrl\":\"https:\\\/\\\/confidencial.digital\\\/wp-content\\\/uploads\\\/2026\\\/02\\\/Jose-Ruben-Zamora-1.jpg\",\"datePublished\":\"2026-02-23T07:20:00+00:00\",\"dateModified\":\"2026-02-25T15:14:59+00:00\",\"description\":\"\u201cPeople have confidence in journalism. With my work I have wanted to honor journalists who gave their lives for a free society.\u201d\",\"breadcrumb\":{\"@id\":\"https:\\\/\\\/confidencial.digital\\\/en\\\/english\\\/jose-ruben-zamora-we-need-to-refound-guatemala-free-from-organized-crime-and-de-facto-powers\\\/#breadcrumb\"},\"inLanguage\":\"en-US\",\"potentialAction\":[{\"@type\":\"ReadAction\",\"target\":[\"https:\\\/\\\/confidencial.digital\\\/en\\\/english\\\/jose-ruben-zamora-we-need-to-refound-guatemala-free-from-organized-crime-and-de-facto-powers\\\/\"]}]},{\"@type\":\"ImageObject\",\"inLanguage\":\"en-US\",\"@id\":\"https:\\\/\\\/confidencial.digital\\\/en\\\/english\\\/jose-ruben-zamora-we-need-to-refound-guatemala-free-from-organized-crime-and-de-facto-powers\\\/#primaryimage\",\"url\":\"https:\\\/\\\/confidencial.digital\\\/wp-content\\\/uploads\\\/2026\\\/02\\\/Jose-Ruben-Zamora-1.jpg\",\"contentUrl\":\"https:\\\/\\\/confidencial.digital\\\/wp-content\\\/uploads\\\/2026\\\/02\\\/Jose-Ruben-Zamora-1.jpg\",\"width\":1900,\"height\":1267,\"caption\":\"El periodista guatemalteco Jos\u00e9 Rub\u00e9n Zamora Marroqu\u00edn mantiene una entrevista con la agencia EFE en Ciudad de Guatemala, el 20 de febrero de 2026. | Foto: EFE\\\/\u00c1lex Cruz\"},{\"@type\":\"BreadcrumbList\",\"@id\":\"https:\\\/\\\/confidencial.digital\\\/en\\\/english\\\/jose-ruben-zamora-we-need-to-refound-guatemala-free-from-organized-crime-and-de-facto-powers\\\/#breadcrumb\",\"itemListElement\":[{\"@type\":\"ListItem\",\"position\":1,\"name\":\"Portada\",\"item\":\"https:\\\/\\\/confidencial.digital\\\/en\\\/\"},{\"@type\":\"ListItem\",\"position\":2,\"name\":\"Jos\u00e9 Rub\u00e9n Zamora: \u201cWe Need to Refound Guatemala, Free from Organized Crime and De Facto Powers\u201d\"}]},{\"@type\":\"WebSite\",\"@id\":\"https:\\\/\\\/confidencial.digital\\\/en\\\/#website\",\"url\":\"https:\\\/\\\/confidencial.digital\\\/en\\\/\",\"name\":\"Confidencial Nicaragua\",\"description\":\"Noticias de Nicaragua, informaci\u00f3n, an\u00e1lisis, reportajes, investigaciones, perfiles y entrevistas. Somos Confidencial. Hacemos periodismo independiente.\",\"publisher\":{\"@id\":\"https:\\\/\\\/confidencial.digital\\\/en\\\/#organization\"},\"potentialAction\":[{\"@type\":\"SearchAction\",\"target\":{\"@type\":\"EntryPoint\",\"urlTemplate\":\"https:\\\/\\\/confidencial.digital\\\/en\\\/?s={search_term_string}\"},\"query-input\":{\"@type\":\"PropertyValueSpecification\",\"valueRequired\":true,\"valueName\":\"search_term_string\"}}],\"inLanguage\":\"en-US\"},{\"@type\":\"Organization\",\"@id\":\"https:\\\/\\\/confidencial.digital\\\/en\\\/#organization\",\"name\":\"Confidencial\",\"url\":\"https:\\\/\\\/confidencial.digital\\\/en\\\/\",\"logo\":{\"@type\":\"ImageObject\",\"inLanguage\":\"en-US\",\"@id\":\"https:\\\/\\\/confidencial.digital\\\/en\\\/#\\\/schema\\\/logo\\\/image\\\/\",\"url\":\"https:\\\/\\\/confidencial.digital\\\/wp-content\\\/uploads\\\/2023\\\/09\\\/Confidencial_696x696.jpg\",\"contentUrl\":\"https:\\\/\\\/confidencial.digital\\\/wp-content\\\/uploads\\\/2023\\\/09\\\/Confidencial_696x696.jpg\",\"width\":696,\"height\":696,\"caption\":\"Confidencial\"},\"image\":{\"@id\":\"https:\\\/\\\/confidencial.digital\\\/en\\\/#\\\/schema\\\/logo\\\/image\\\/\"},\"sameAs\":[\"https:\\\/\\\/www.facebook.com\\\/confidencial.com.ni\",\"https:\\\/\\\/x.com\\\/confidencial_ni\",\"https:\\\/\\\/www.youtube.com\\\/user\\\/ConfidencialNica\",\"https:\\\/\\\/www.instagram.com\\\/confidencial_ni\\\/\",\"https:\\\/\\\/www.linkedin.com\\\/company\\\/confidencial-nicaragua\\\/\",\"https:\\\/\\\/open.spotify.com\\\/show\\\/1rNymjqQuqP1CTGqHKdQ24\",\"https:\\\/\\\/bsky.app\\\/profile\\\/confidencialni.bsky.social\",\"https:\\\/\\\/www.threads.com\\\/@confidencial_ni\"],\"description\":\"En Confidencial hacemos periodismo de investigaci\u00f3n y an\u00e1lisis independiente para Nicaragua y su di\u00e1spora en el mundo. Fundado en 1996\",\"email\":\"info@confidencial.digital\",\"foundingDate\":\"1996-06-01\"},{\"@type\":\"Person\",\"@id\":\"https:\\\/\\\/confidencial.digital\\\/en\\\/#\\\/schema\\\/person\\\/829aac8ce3e64b7f95decfbb4478bd4f\",\"name\":\"Carlos F. Chamorro\",\"image\":{\"@type\":\"ImageObject\",\"inLanguage\":\"en-US\",\"@id\":\"https:\\\/\\\/confidencial.digital\\\/wp-content\\\/uploads\\\/2025\\\/06\\\/carlos-f.-chamorro_avatar-96x96.jpg\",\"url\":\"https:\\\/\\\/confidencial.digital\\\/wp-content\\\/uploads\\\/2025\\\/06\\\/carlos-f.-chamorro_avatar-96x96.jpg\",\"contentUrl\":\"https:\\\/\\\/confidencial.digital\\\/wp-content\\\/uploads\\\/2025\\\/06\\\/carlos-f.-chamorro_avatar-96x96.jpg\",\"caption\":\"Carlos F. Chamorro\"},\"description\":\"Periodista nicarag\u00fcense, exiliado en Costa Rica. Fundador y director de Confidencial y Esta Semana. Miembro del Consejo Rector de la Fundaci\u00f3n Gabo. Ha sido Knight Fellow en la Universidad de Stanford (1997-1998) y profesor visitante en la Maestr\u00eda de Periodismo de la Universidad de Berkeley, California (1998-1999). En mayo 2009, obtuvo el Premio a la Libertad de Expresi\u00f3n en Iberoam\u00e9rica, de Casa Am\u00e9rica Catalu\u00f1a (Espa\u00f1a). En octubre de 2010 recibi\u00f3 el Premio Maria Moors Cabot de la Escuela de Periodismo de la Universidad de Columbia en Nueva York. En 2021 obtuvo el Premio Ortega y Gasset por su trayectoria period\u00edstica.\",\"sameAs\":[\"https:\\\/\\\/x.com\\\/cefeche\"],\"url\":\"https:\\\/\\\/confidencial.digital\\\/en\\\/author\\\/c-f-chamorro\\\/\"}]}<\/script>\n<!-- \/ Yoast SEO Premium plugin. -->","yoast_head_json":{"title":"Jos\u00e9 Rub\u00e9n Zamora: \u201cWe Need to Refound Guatemala\"","description":"\u201cPeople have confidence in journalism. With my work I have wanted to honor journalists who gave their lives for a free society.\u201d","robots":{"index":"index","follow":"follow","max-snippet":"max-snippet:-1","max-image-preview":"max-image-preview:large","max-video-preview":"max-video-preview:-1"},"canonical":"https:\/\/confidencial.digital\/en\/english\/jose-ruben-zamora-we-need-to-refound-guatemala-free-from-organized-crime-and-de-facto-powers\/","og_locale":"en_US","og_type":"article","og_title":"Jos\u00e9 Rub\u00e9n Zamora: \u201cWe Need to Refound Guatemala, Free from Organized Crime and De Facto Powers\u201d","og_description":"\u201cPeople have confidence in journalism. With my work I have wanted to honor journalists who gave their lives for a free society.\u201d","og_url":"https:\/\/confidencial.digital\/en\/english\/jose-ruben-zamora-we-need-to-refound-guatemala-free-from-organized-crime-and-de-facto-powers\/","og_site_name":"Confidencial","article_publisher":"https:\/\/www.facebook.com\/confidencial.com.ni","article_published_time":"2026-02-23T07:20:00+00:00","article_modified_time":"2026-02-25T15:14:59+00:00","og_image":[{"width":1900,"height":1267,"url":"https:\/\/confidencial.digital\/wp-content\/uploads\/2026\/02\/Jose-Ruben-Zamora-1.jpg","type":"image\/jpeg"}],"author":"Carlos F. Chamorro","twitter_card":"summary_large_image","twitter_creator":"@cefeche","twitter_site":"@confidencial_ni","twitter_misc":{"Written by":"Carlos F. Chamorro","Est. reading time":"12 minutes"},"schema":{"@context":"https:\/\/schema.org","@graph":[{"@type":"NewsArticle","@id":"https:\/\/confidencial.digital\/en\/english\/jose-ruben-zamora-we-need-to-refound-guatemala-free-from-organized-crime-and-de-facto-powers\/#article","isPartOf":{"@id":"https:\/\/confidencial.digital\/en\/english\/jose-ruben-zamora-we-need-to-refound-guatemala-free-from-organized-crime-and-de-facto-powers\/"},"author":{"name":"Carlos F. Chamorro","@id":"https:\/\/confidencial.digital\/en\/#\/schema\/person\/829aac8ce3e64b7f95decfbb4478bd4f"},"headline":"Jos\u00e9 Rub\u00e9n Zamora: \u201cWe Need to Refound Guatemala, Free from Organized Crime and De Facto Powers\u201d","datePublished":"2026-02-23T07:20:00+00:00","dateModified":"2026-02-25T15:14:59+00:00","mainEntityOfPage":{"@id":"https:\/\/confidencial.digital\/en\/english\/jose-ruben-zamora-we-need-to-refound-guatemala-free-from-organized-crime-and-de-facto-powers\/"},"wordCount":2337,"publisher":{"@id":"https:\/\/confidencial.digital\/en\/#organization"},"image":{"@id":"https:\/\/confidencial.digital\/en\/english\/jose-ruben-zamora-we-need-to-refound-guatemala-free-from-organized-crime-and-de-facto-powers\/#primaryimage"},"thumbnailUrl":"https:\/\/confidencial.digital\/wp-content\/uploads\/2026\/02\/Jose-Ruben-Zamora-1.jpg","articleSection":["English"],"inLanguage":"en-US","copyrightYear":"2026","copyrightHolder":{"@id":"https:\/\/confidencial.digital\/#organization"}},{"@type":"WebPage","@id":"https:\/\/confidencial.digital\/en\/english\/jose-ruben-zamora-we-need-to-refound-guatemala-free-from-organized-crime-and-de-facto-powers\/","url":"https:\/\/confidencial.digital\/en\/english\/jose-ruben-zamora-we-need-to-refound-guatemala-free-from-organized-crime-and-de-facto-powers\/","name":"Jos\u00e9 Rub\u00e9n Zamora: \u201cWe Need to Refound Guatemala\"","isPartOf":{"@id":"https:\/\/confidencial.digital\/en\/#website"},"primaryImageOfPage":{"@id":"https:\/\/confidencial.digital\/en\/english\/jose-ruben-zamora-we-need-to-refound-guatemala-free-from-organized-crime-and-de-facto-powers\/#primaryimage"},"image":{"@id":"https:\/\/confidencial.digital\/en\/english\/jose-ruben-zamora-we-need-to-refound-guatemala-free-from-organized-crime-and-de-facto-powers\/#primaryimage"},"thumbnailUrl":"https:\/\/confidencial.digital\/wp-content\/uploads\/2026\/02\/Jose-Ruben-Zamora-1.jpg","datePublished":"2026-02-23T07:20:00+00:00","dateModified":"2026-02-25T15:14:59+00:00","description":"\u201cPeople have confidence in journalism. With my work I have wanted to honor journalists who gave their lives for a free society.\u201d","breadcrumb":{"@id":"https:\/\/confidencial.digital\/en\/english\/jose-ruben-zamora-we-need-to-refound-guatemala-free-from-organized-crime-and-de-facto-powers\/#breadcrumb"},"inLanguage":"en-US","potentialAction":[{"@type":"ReadAction","target":["https:\/\/confidencial.digital\/en\/english\/jose-ruben-zamora-we-need-to-refound-guatemala-free-from-organized-crime-and-de-facto-powers\/"]}]},{"@type":"ImageObject","inLanguage":"en-US","@id":"https:\/\/confidencial.digital\/en\/english\/jose-ruben-zamora-we-need-to-refound-guatemala-free-from-organized-crime-and-de-facto-powers\/#primaryimage","url":"https:\/\/confidencial.digital\/wp-content\/uploads\/2026\/02\/Jose-Ruben-Zamora-1.jpg","contentUrl":"https:\/\/confidencial.digital\/wp-content\/uploads\/2026\/02\/Jose-Ruben-Zamora-1.jpg","width":1900,"height":1267,"caption":"El periodista guatemalteco Jos\u00e9 Rub\u00e9n Zamora Marroqu\u00edn mantiene una entrevista con la agencia EFE en Ciudad de Guatemala, el 20 de febrero de 2026. | Foto: EFE\/\u00c1lex Cruz"},{"@type":"BreadcrumbList","@id":"https:\/\/confidencial.digital\/en\/english\/jose-ruben-zamora-we-need-to-refound-guatemala-free-from-organized-crime-and-de-facto-powers\/#breadcrumb","itemListElement":[{"@type":"ListItem","position":1,"name":"Portada","item":"https:\/\/confidencial.digital\/en\/"},{"@type":"ListItem","position":2,"name":"Jos\u00e9 Rub\u00e9n Zamora: \u201cWe Need to Refound Guatemala, Free from Organized Crime and De Facto Powers\u201d"}]},{"@type":"WebSite","@id":"https:\/\/confidencial.digital\/en\/#website","url":"https:\/\/confidencial.digital\/en\/","name":"Confidencial Nicaragua","description":"Noticias de Nicaragua, informaci\u00f3n, an\u00e1lisis, reportajes, investigaciones, perfiles y entrevistas. Somos Confidencial. Hacemos periodismo independiente.","publisher":{"@id":"https:\/\/confidencial.digital\/en\/#organization"},"potentialAction":[{"@type":"SearchAction","target":{"@type":"EntryPoint","urlTemplate":"https:\/\/confidencial.digital\/en\/?s={search_term_string}"},"query-input":{"@type":"PropertyValueSpecification","valueRequired":true,"valueName":"search_term_string"}}],"inLanguage":"en-US"},{"@type":"Organization","@id":"https:\/\/confidencial.digital\/en\/#organization","name":"Confidencial","url":"https:\/\/confidencial.digital\/en\/","logo":{"@type":"ImageObject","inLanguage":"en-US","@id":"https:\/\/confidencial.digital\/en\/#\/schema\/logo\/image\/","url":"https:\/\/confidencial.digital\/wp-content\/uploads\/2023\/09\/Confidencial_696x696.jpg","contentUrl":"https:\/\/confidencial.digital\/wp-content\/uploads\/2023\/09\/Confidencial_696x696.jpg","width":696,"height":696,"caption":"Confidencial"},"image":{"@id":"https:\/\/confidencial.digital\/en\/#\/schema\/logo\/image\/"},"sameAs":["https:\/\/www.facebook.com\/confidencial.com.ni","https:\/\/x.com\/confidencial_ni","https:\/\/www.youtube.com\/user\/ConfidencialNica","https:\/\/www.instagram.com\/confidencial_ni\/","https:\/\/www.linkedin.com\/company\/confidencial-nicaragua\/","https:\/\/open.spotify.com\/show\/1rNymjqQuqP1CTGqHKdQ24","https:\/\/bsky.app\/profile\/confidencialni.bsky.social","https:\/\/www.threads.com\/@confidencial_ni"],"description":"En Confidencial hacemos periodismo de investigaci\u00f3n y an\u00e1lisis independiente para Nicaragua y su di\u00e1spora en el mundo. Fundado en 1996","email":"info@confidencial.digital","foundingDate":"1996-06-01"},{"@type":"Person","@id":"https:\/\/confidencial.digital\/en\/#\/schema\/person\/829aac8ce3e64b7f95decfbb4478bd4f","name":"Carlos F. Chamorro","image":{"@type":"ImageObject","inLanguage":"en-US","@id":"https:\/\/confidencial.digital\/wp-content\/uploads\/2025\/06\/carlos-f.-chamorro_avatar-96x96.jpg","url":"https:\/\/confidencial.digital\/wp-content\/uploads\/2025\/06\/carlos-f.-chamorro_avatar-96x96.jpg","contentUrl":"https:\/\/confidencial.digital\/wp-content\/uploads\/2025\/06\/carlos-f.-chamorro_avatar-96x96.jpg","caption":"Carlos F. Chamorro"},"description":"Periodista nicarag\u00fcense, exiliado en Costa Rica. Fundador y director de Confidencial y Esta Semana. Miembro del Consejo Rector de la Fundaci\u00f3n Gabo. Ha sido Knight Fellow en la Universidad de Stanford (1997-1998) y profesor visitante en la Maestr\u00eda de Periodismo de la Universidad de Berkeley, California (1998-1999). En mayo 2009, obtuvo el Premio a la Libertad de Expresi\u00f3n en Iberoam\u00e9rica, de Casa Am\u00e9rica Catalu\u00f1a (Espa\u00f1a). En octubre de 2010 recibi\u00f3 el Premio Maria Moors Cabot de la Escuela de Periodismo de la Universidad de Columbia en Nueva York. En 2021 obtuvo el Premio Ortega y Gasset por su trayectoria period\u00edstica.","sameAs":["https:\/\/x.com\/cefeche"],"url":"https:\/\/confidencial.digital\/en\/author\/c-f-chamorro\/"}]}},"_links":{"self":[{"href":"https:\/\/confidencial.digital\/en\/wp-json\/wp\/v2\/posts\/183889","targetHints":{"allow":["GET"]}}],"collection":[{"href":"https:\/\/confidencial.digital\/en\/wp-json\/wp\/v2\/posts"}],"about":[{"href":"https:\/\/confidencial.digital\/en\/wp-json\/wp\/v2\/types\/post"}],"author":[{"embeddable":true,"href":"https:\/\/confidencial.digital\/en\/wp-json\/wp\/v2\/users\/16"}],"replies":[{"embeddable":true,"href":"https:\/\/confidencial.digital\/en\/wp-json\/wp\/v2\/comments?post=183889"}],"version-history":[{"count":1,"href":"https:\/\/confidencial.digital\/en\/wp-json\/wp\/v2\/posts\/183889\/revisions"}],"predecessor-version":[{"id":183890,"href":"https:\/\/confidencial.digital\/en\/wp-json\/wp\/v2\/posts\/183889\/revisions\/183890"}],"wp:featuredmedia":[{"embeddable":true,"href":"https:\/\/confidencial.digital\/en\/wp-json\/wp\/v2\/media\/183801"}],"wp:attachment":[{"href":"https:\/\/confidencial.digital\/en\/wp-json\/wp\/v2\/media?parent=183889"}],"wp:term":[{"taxonomy":"category","embeddable":true,"href":"https:\/\/confidencial.digital\/en\/wp-json\/wp\/v2\/categories?post=183889"},{"taxonomy":"post_tag","embeddable":true,"href":"https:\/\/confidencial.digital\/en\/wp-json\/wp\/v2\/tags?post=183889"}],"curies":[{"name":"wp","href":"https:\/\/api.w.org\/{rel}","templated":true}]}}