{"id":183547,"date":"2026-02-13T00:10:00","date_gmt":"2026-02-13T06:10:00","guid":{"rendered":"https:\/\/confidencial.digital\/sin-categoria\/costa-rica-urged-to-pursue-masterminds-in-samcam-murder\/"},"modified":"2026-02-18T04:40:55","modified_gmt":"2026-02-18T10:40:55","slug":"costa-rica-urged-to-pursue-masterminds-in-samcam-murder","status":"publish","type":"post","link":"https:\/\/confidencial.digital\/en\/english\/costa-rica-urged-to-pursue-masterminds-in-samcam-murder\/","title":{"rendered":"Costa Rica Urged to Pursue Masterminds in Samcam Murder"},"content":{"rendered":"\n<p>With the capture of fugitive <a href=\"https:\/\/confidencial.digital\/en\/english\/capturan-a-sicario-acusado-de-asesinar-a-roberto-samcam-en-costa-rica\/\" target=\"_blank\" rel=\"noreferrer noopener\">Luis Fernando Carvajal Fern\u00e1ndez, 21,<\/a> identified by Costa Rica\u2019s Judicial Investigation Agency (OIJ) as the hitman who murdered retired army major and Nicaraguan refugee Roberto Samcam on June 19, 2025, in San Jos\u00e9, authorities have now detained all five suspects \u2014 all Costa Rican \u2014 accused of carrying out the attack.<\/p>\n\n<p><a href=\"https:\/\/confidencial.digital\/en\/english\/roberto-samcam-person-of-the-year-2025-killed-but-not-silenced\/\" target=\"_blank\" rel=\"noreferrer noopener\">Claudia Vargas, Samcam\u2019s widow<\/a> and a human rights defender, is participating in the investigation as the family\u2019s representative alongside the legal team from Guernica 37. She hopes a trial against the five suspects can take place by mid-year and that investigators will continue pursuing those who ordered the crime.<\/p>\n\n<p>\u201cIt is important that the OIJ reach the intellectual authors of this murder \u2014 that they cross the border and reach the co-dictators and military intelligence officers. They must follow the money trail of those who paid for this assassination and the political trail of who Roberto was. Identifying the victim will lead us to those who ordered the crime,\u201d she said.<\/p>\n\n<p>Speaking on<a href=\"https:\/\/www.youtube.com\/watch?v=GzHbBTFIzB8\" target=\"_blank\" rel=\"noreferrer noopener\"> <em>La Tertulia<\/em>, a program broadcast on CONFIDENCIAL\u2019s YouTube channel<\/a> due to censorship of radio and television in Nicaragua, Vargas also urged the Costa Rican government to translate its international rhetoric of solidarity with Nicaragua into concrete protection policies for Nicaraguan refugees.<\/p>\n\n<p>\u201cNeither the exile community nor Costa Rican society can tolerate the repressive arm of Nicaragua crossing the border and linking up with transnational crime, corrupting Costa Rican youth by paying them to carry out political killings,\u201d she warned.<\/p>\n\n<p><strong>How have you and your family reacted to the capture of the alleged gunman accused of murdering your husband, Roberto Samcam? He had been a fugitive from justice for more than seven months and has now finally been detained by police. <\/strong><br\/><br\/>With mixed feelings. I wouldn\u2019t say we jumped for joy. We are grateful for the work the OIJ and the Prosecutor\u2019s Office in Costa Rica are doing, but seeing that the person who killed Roberto is a 21-year-old young man, who is the same age as my children, is very hard and painful for us. <\/p>\n\n<p>We fully trust the investigation being carried out by the OIJ. The Guernica 37 team and I have been meeting with them every month, and we had a general idea of where this fugitive was. <\/p>\n\n<p><strong>Do you have any additional information in these first hours about the investigations being conducted after the hitman\u2019s arrest?<\/strong><br\/><br\/>None. I wrote to one of the OIJ investigators to ask what would happen next, and he told me they expected to present the suspect to the Prosecutor\u2019s Office and request six months of pretrial detention in order to continue the investigation.<br\/><br\/><strong>What are your expectations regarding the investigation now that these five individuals who organized and carried out the murder are in custody, and regarding the next steps in the judicial process?<\/strong><br\/><br\/>Five people participated in carrying out Roberto\u2019s murder. One of them is a woman who is detained but under house arrest and also under investigation.<br\/><\/p>\n\n<p>It is important that the OIJ reach the intellectual authors of this crime, that they cross the border and identify the co-dictators and the Army\u2019s intelligence officers. They must follow the money trail of those who paid for this assassination and the political trail of who Roberto was. Identifying the victim will lead us to those who ordered the crime. <\/p>\n\n<p>That is the task of the Prosecutor\u2019s Office and the courts: to investigate and prove who is responsible for this murder, which has been described as an act of state terrorism. Now the challenge is to identify specifically who the masterminds are.<br\/><br\/><br\/>Of course, the trial is taking place in Costa Rica, and the OIJ and the Prosecutor\u2019s Office bear the greatest responsibility for the case. But the international community also plays a decisive role, because exiles are not only in Costa Rica, and incidents of transnational repression have been reported elsewhere. <\/p>\n\n<p>Reports by special investigative bodies, MESENI and the GIEI, the UN Group of Human Rights Experts, have documented other incidents as well. Spain is also important, because Roberto was a Spanish citizen living as a refugee in Costa Rica. Spain should assume responsibility and accompany Costa Rica in this case. Spain has shown solidarity with many exiles and has granted nationality to those who were stripped of it. Granting nationality to a Nicaraguan also means assuming a role in protecting that person. Spain and the international community have an important role to play in supporting this case, because it is a major challenge for Costa Rica.   <\/p>\n\n<p><strong>Roberto\u2019s murder was not the first attack carried out in Costa Rica against Nicaraguan refugees. What can the Costa Rican government do in response to these acts of transnational repression, those that have occurred in the past and the murder of Roberto Samcam? <\/strong><br\/><br\/>I have been very clear when meeting with Costa Rican authorities \u2014 the Foreign Ministry, the Ombudsman\u2019s Office, and other institutions \u2014 and<a href=\"https:\/\/confidencial.digital\/opinion\/costa-rica-ante-la-represion-transnacional-el-desafio-de-la-seguridad-democratica\/\"> I also wrote about this in an article published in CONFIDENCIAL<\/a>. The international diplomatic discourse Costa Rica has maintained, including the statements made by Ambassador Alejandra Solano before the<a href=\"https:\/\/confidencial.digital\/opinion\/costa-rica-ante-la-represion-transnacional-el-desafio-de-la-seguridad-democratica\/\" target=\"_blank\" rel=\"noreferrer noopener\"> <\/a>OAS, must be translated within Costa Rica into concrete practices and policies to protect refugees. Ambassador Solano said, \u201cWe will not tolerate any act of transnational repression in Costa Rica.\u201d<a href=\"https:\/\/confidencial.digital\/opinion\/costa-rica-ante-la-represion-transnacional-el-desafio-de-la-seguridad-democratica\/\"> <\/a>That commitment must translate into exiles actually feeling protected and safe, into a concrete protocol of support for the exiled population in Costa Rica.  <\/p>\n\n<p><strong>The outgoing government of President Rodrigo Chaves did not comment at any point on Roberto Samcam\u2019s murder. Do you have any expectations regarding the new government of President-elect Laura Fern\u00e1ndez and how it will address situations that even affect Costa Rica\u2019s sovereignty? <\/strong><\/p>\n\n<p>Costa Rican analysts and media say it will be a continuation of the previous government. I followed the campaign closely, and the message was also one of continuity. I hope that the message being projected internationally, that Costa Rica is leading support for Nicaragua, will be translated into action. It is necessary for the executive branch to speak out, to recognize that transnational violence is crossing borders and that there is persecution of leaders, activists, and defenders living in Costa Rica, and for that to result in justice, in an end to impunity, and above all in guarantees of non-repetition.<br\/> <\/p>\n\n<p>Neither the exile community nor Costa Rican society can tolerate the repressive arm of Nicaragua crossing the border and linking up with transnational crime, corrupting Costa Rican youth by paying them to carry out political assassinations.<br\/><br\/><strong>How far has the OIJ investigation progressed regarding how this murder was organized and financed? There has been talk of payments made to those involved. Is it known who was behind the financing and how the planning of the crime was organized?  <\/strong><\/p>\n\n<p>Those are some of the answers the OIJ must provide over the course of this year, within the next six months. I have insisted that the OIJ must communicate progress in the process \u2014 silence is not an option. If we already have silence from the executive branch, we cannot also have silence from the judiciary. They must keep the exile community and Costa Rican society informed about how the investigation is progressing. <\/p>\n\n<p>At this time, we know some things, but we cannot share them for the security of the case. I hope the judiciary will be able to do so as the investigation advances.<br\/><\/p>\n\n<p>I want to thank the media. What they are reporting and the information they are handling about cases of repression is very important, not only in Costa Rica but elsewhere.<\/p>\n\n<p><strong>Based on the information available so far, could this case go to trial in 2026? What are your expectations regarding the judicial process? <\/strong><\/p>\n\n<p>According to the planning we have with the Prosecutor\u2019s Office \u2014 working in coordination with prosecutors, the Judicial Investigation Agency, and Guernica 37, our lawyers Almudena Bernab\u00e9u, Michael Reed, and Federico Campos (who is accredited in Costa Rica), and myself as the family\u2019s representative \u2014 we could be looking at a trial and the filing of a formal complaint by August or September, after the next six months. There should be no further reason to delay the process with the individuals already in custody.<\/p>\n\n<p><strong>The investigation and judicial process are underway in Costa Rica. Is it possible to consider trials in other countries?<br\/><\/strong><\/p>\n\n<p>It is too early to say, but we have discussed the possibility that Costa Rica may face limitations when it comes to crossing borders. The director of the OIJ previously mentioned difficulties in conducting a transnational investigation, since the OIJ is not a transnational investigative body. That raises some concern for us, so we have a Plan B. Roberto was a Spanish citizen, and through Spain we could access another avenue of justice if Costa Rica becomes stalled in the pursuit of justice.  <\/p>\n","protected":false},"excerpt":{"rendered":"<p>With the capture of fugitive Luis Fernando Carvajal Fern\u00e1ndez, 21, identified by Costa Rica\u2019s Judicial Investigation Agency (OIJ) as the hitman who murdered retired army major and Nicaraguan refugee Roberto Samcam on June 19, 2025, in San Jos\u00e9, authorities have now detained all five suspects \u2014 all Costa Rican \u2014 accused of carrying out the [&hellip;]<\/p>\n","protected":false},"author":16,"featured_media":183286,"comment_status":"closed","ping_status":"closed","sticky":false,"template":"","format":"standard","meta":{"_acf_changed":false,"_eb_attr":"","_eb_data_table":"","footnotes":""},"categories":[15445],"tags":[],"class_list":["post-183547","post","type-post","status-publish","format-standard","has-post-thumbnail","hentry","category-english"],"acf":[],"yoast_head":"<!-- This site is optimized with the Yoast SEO Premium plugin v27.4 (Yoast SEO v27.4) - https:\/\/yoast.com\/product\/yoast-seo-premium-wordpress\/ -->\n<title>Costa Rica Urged to Pursue Masterminds in Samcam Murder - Confidencial<\/title>\n<meta name=\"description\" content=\"Claudia Vargas: \u201cWe expect a trial against those detained for carrying out the crime within six months, and for the investigation to reach the co-dictators.\u201d\" \/>\n<meta name=\"robots\" content=\"index, follow, max-snippet:-1, max-image-preview:large, max-video-preview:-1\" \/>\n<link rel=\"canonical\" href=\"https:\/\/confidencial.digital\/en\/english\/costa-rica-urged-to-pursue-masterminds-in-samcam-murder\/\" \/>\n<meta property=\"og:locale\" content=\"en_US\" \/>\n<meta property=\"og:type\" content=\"article\" \/>\n<meta property=\"og:title\" content=\"Costa Rica Urged to Pursue Masterminds in Samcam Murder\" \/>\n<meta property=\"og:description\" content=\"Claudia Vargas: \u201cWe expect a trial against those detained for carrying out the crime within six months, and for the investigation to reach the co-dictators.\u201d\" \/>\n<meta property=\"og:url\" content=\"https:\/\/confidencial.digital\/en\/english\/costa-rica-urged-to-pursue-masterminds-in-samcam-murder\/\" \/>\n<meta property=\"og:site_name\" content=\"Confidencial\" \/>\n<meta property=\"article:publisher\" content=\"https:\/\/www.facebook.com\/confidencial.com.ni\" \/>\n<meta property=\"article:published_time\" content=\"2026-02-13T06:10:00+00:00\" \/>\n<meta property=\"article:modified_time\" content=\"2026-02-18T10:40:55+00:00\" \/>\n<meta property=\"og:image\" content=\"https:\/\/confidencial.digital\/wp-content\/uploads\/2026\/02\/Claudia-Vargas-viuda-Samcam-scaled.jpg\" \/>\n\t<meta property=\"og:image:width\" content=\"2048\" \/>\n\t<meta property=\"og:image:height\" content=\"1317\" \/>\n\t<meta property=\"og:image:type\" content=\"image\/jpeg\" \/>\n<meta name=\"author\" content=\"Carlos F. Chamorro\" \/>\n<meta name=\"twitter:card\" content=\"summary_large_image\" \/>\n<meta name=\"twitter:creator\" content=\"@cefeche\" \/>\n<meta name=\"twitter:site\" content=\"@confidencial_ni\" \/>\n<meta name=\"twitter:label1\" content=\"Written by\" \/>\n\t<meta name=\"twitter:data1\" content=\"Carlos F. Chamorro\" \/>\n\t<meta name=\"twitter:label2\" content=\"Est. reading time\" \/>\n\t<meta name=\"twitter:data2\" content=\"7 minutes\" \/>\n<script type=\"application\/ld+json\" class=\"yoast-schema-graph\">{\"@context\":\"https:\\\/\\\/schema.org\",\"@graph\":[{\"@type\":\"NewsArticle\",\"@id\":\"https:\\\/\\\/confidencial.digital\\\/en\\\/english\\\/costa-rica-urged-to-pursue-masterminds-in-samcam-murder\\\/#article\",\"isPartOf\":{\"@id\":\"https:\\\/\\\/confidencial.digital\\\/en\\\/english\\\/costa-rica-urged-to-pursue-masterminds-in-samcam-murder\\\/\"},\"author\":{\"name\":\"Carlos F. Chamorro\",\"@id\":\"https:\\\/\\\/confidencial.digital\\\/en\\\/#\\\/schema\\\/person\\\/829aac8ce3e64b7f95decfbb4478bd4f\"},\"headline\":\"Costa Rica Urged to Pursue Masterminds in Samcam Murder\",\"datePublished\":\"2026-02-13T06:10:00+00:00\",\"dateModified\":\"2026-02-18T10:40:55+00:00\",\"mainEntityOfPage\":{\"@id\":\"https:\\\/\\\/confidencial.digital\\\/en\\\/english\\\/costa-rica-urged-to-pursue-masterminds-in-samcam-murder\\\/\"},\"wordCount\":1482,\"publisher\":{\"@id\":\"https:\\\/\\\/confidencial.digital\\\/en\\\/#organization\"},\"image\":{\"@id\":\"https:\\\/\\\/confidencial.digital\\\/en\\\/english\\\/costa-rica-urged-to-pursue-masterminds-in-samcam-murder\\\/#primaryimage\"},\"thumbnailUrl\":\"https:\\\/\\\/confidencial.digital\\\/wp-content\\\/uploads\\\/2026\\\/02\\\/Claudia-Vargas-viuda-Samcam-scaled.jpg\",\"articleSection\":[\"English\"],\"inLanguage\":\"en-US\",\"copyrightYear\":\"2026\",\"copyrightHolder\":{\"@id\":\"https:\\\/\\\/confidencial.digital\\\/#organization\"}},{\"@type\":\"WebPage\",\"@id\":\"https:\\\/\\\/confidencial.digital\\\/en\\\/english\\\/costa-rica-urged-to-pursue-masterminds-in-samcam-murder\\\/\",\"url\":\"https:\\\/\\\/confidencial.digital\\\/en\\\/english\\\/costa-rica-urged-to-pursue-masterminds-in-samcam-murder\\\/\",\"name\":\"Costa Rica Urged to Pursue Masterminds in Samcam Murder - Confidencial\",\"isPartOf\":{\"@id\":\"https:\\\/\\\/confidencial.digital\\\/en\\\/#website\"},\"primaryImageOfPage\":{\"@id\":\"https:\\\/\\\/confidencial.digital\\\/en\\\/english\\\/costa-rica-urged-to-pursue-masterminds-in-samcam-murder\\\/#primaryimage\"},\"image\":{\"@id\":\"https:\\\/\\\/confidencial.digital\\\/en\\\/english\\\/costa-rica-urged-to-pursue-masterminds-in-samcam-murder\\\/#primaryimage\"},\"thumbnailUrl\":\"https:\\\/\\\/confidencial.digital\\\/wp-content\\\/uploads\\\/2026\\\/02\\\/Claudia-Vargas-viuda-Samcam-scaled.jpg\",\"datePublished\":\"2026-02-13T06:10:00+00:00\",\"dateModified\":\"2026-02-18T10:40:55+00:00\",\"description\":\"Claudia Vargas: \u201cWe expect a trial against those detained for carrying out the crime within six months, and for the investigation to reach the co-dictators.\u201d\",\"breadcrumb\":{\"@id\":\"https:\\\/\\\/confidencial.digital\\\/en\\\/english\\\/costa-rica-urged-to-pursue-masterminds-in-samcam-murder\\\/#breadcrumb\"},\"inLanguage\":\"en-US\",\"potentialAction\":[{\"@type\":\"ReadAction\",\"target\":[\"https:\\\/\\\/confidencial.digital\\\/en\\\/english\\\/costa-rica-urged-to-pursue-masterminds-in-samcam-murder\\\/\"]}]},{\"@type\":\"ImageObject\",\"inLanguage\":\"en-US\",\"@id\":\"https:\\\/\\\/confidencial.digital\\\/en\\\/english\\\/costa-rica-urged-to-pursue-masterminds-in-samcam-murder\\\/#primaryimage\",\"url\":\"https:\\\/\\\/confidencial.digital\\\/wp-content\\\/uploads\\\/2026\\\/02\\\/Claudia-Vargas-viuda-Samcam-scaled.jpg\",\"contentUrl\":\"https:\\\/\\\/confidencial.digital\\\/wp-content\\\/uploads\\\/2026\\\/02\\\/Claudia-Vargas-viuda-Samcam-scaled.jpg\",\"width\":2048,\"height\":1317,\"caption\":\"Claudia Vargas abraza un c\u00e1rtel con una foto de su esposo Roberto Samcam, por quien demanda justicia tras su asesinato en San Jos\u00e9, Costa Rica, el 19 de junio de 2025. \\\/\\\/ Foto: CONFIDENCIAL\"},{\"@type\":\"BreadcrumbList\",\"@id\":\"https:\\\/\\\/confidencial.digital\\\/en\\\/english\\\/costa-rica-urged-to-pursue-masterminds-in-samcam-murder\\\/#breadcrumb\",\"itemListElement\":[{\"@type\":\"ListItem\",\"position\":1,\"name\":\"Portada\",\"item\":\"https:\\\/\\\/confidencial.digital\\\/en\\\/\"},{\"@type\":\"ListItem\",\"position\":2,\"name\":\"Costa Rica Urged to Pursue Masterminds in Samcam Murder\"}]},{\"@type\":\"WebSite\",\"@id\":\"https:\\\/\\\/confidencial.digital\\\/en\\\/#website\",\"url\":\"https:\\\/\\\/confidencial.digital\\\/en\\\/\",\"name\":\"Confidencial Nicaragua\",\"description\":\"Noticias de Nicaragua, informaci\u00f3n, an\u00e1lisis, reportajes, investigaciones, perfiles y entrevistas. Somos Confidencial. Hacemos periodismo independiente.\",\"publisher\":{\"@id\":\"https:\\\/\\\/confidencial.digital\\\/en\\\/#organization\"},\"potentialAction\":[{\"@type\":\"SearchAction\",\"target\":{\"@type\":\"EntryPoint\",\"urlTemplate\":\"https:\\\/\\\/confidencial.digital\\\/en\\\/?s={search_term_string}\"},\"query-input\":{\"@type\":\"PropertyValueSpecification\",\"valueRequired\":true,\"valueName\":\"search_term_string\"}}],\"inLanguage\":\"en-US\"},{\"@type\":\"Organization\",\"@id\":\"https:\\\/\\\/confidencial.digital\\\/en\\\/#organization\",\"name\":\"Confidencial\",\"url\":\"https:\\\/\\\/confidencial.digital\\\/en\\\/\",\"logo\":{\"@type\":\"ImageObject\",\"inLanguage\":\"en-US\",\"@id\":\"https:\\\/\\\/confidencial.digital\\\/en\\\/#\\\/schema\\\/logo\\\/image\\\/\",\"url\":\"https:\\\/\\\/confidencial.digital\\\/wp-content\\\/uploads\\\/2023\\\/09\\\/Confidencial_696x696.jpg\",\"contentUrl\":\"https:\\\/\\\/confidencial.digital\\\/wp-content\\\/uploads\\\/2023\\\/09\\\/Confidencial_696x696.jpg\",\"width\":696,\"height\":696,\"caption\":\"Confidencial\"},\"image\":{\"@id\":\"https:\\\/\\\/confidencial.digital\\\/en\\\/#\\\/schema\\\/logo\\\/image\\\/\"},\"sameAs\":[\"https:\\\/\\\/www.facebook.com\\\/confidencial.com.ni\",\"https:\\\/\\\/x.com\\\/confidencial_ni\",\"https:\\\/\\\/www.youtube.com\\\/user\\\/ConfidencialNica\",\"https:\\\/\\\/www.instagram.com\\\/confidencial_ni\\\/\",\"https:\\\/\\\/www.linkedin.com\\\/company\\\/confidencial-nicaragua\\\/\",\"https:\\\/\\\/open.spotify.com\\\/show\\\/1rNymjqQuqP1CTGqHKdQ24\",\"https:\\\/\\\/bsky.app\\\/profile\\\/confidencialni.bsky.social\",\"https:\\\/\\\/www.threads.com\\\/@confidencial_ni\"],\"description\":\"En Confidencial hacemos periodismo de investigaci\u00f3n y an\u00e1lisis independiente para Nicaragua y su di\u00e1spora en el mundo. Fundado en 1996\",\"email\":\"info@confidencial.digital\",\"foundingDate\":\"1996-06-01\"},{\"@type\":\"Person\",\"@id\":\"https:\\\/\\\/confidencial.digital\\\/en\\\/#\\\/schema\\\/person\\\/829aac8ce3e64b7f95decfbb4478bd4f\",\"name\":\"Carlos F. Chamorro\",\"image\":{\"@type\":\"ImageObject\",\"inLanguage\":\"en-US\",\"@id\":\"https:\\\/\\\/confidencial.digital\\\/wp-content\\\/uploads\\\/2025\\\/06\\\/carlos-f.-chamorro_avatar-96x96.jpg\",\"url\":\"https:\\\/\\\/confidencial.digital\\\/wp-content\\\/uploads\\\/2025\\\/06\\\/carlos-f.-chamorro_avatar-96x96.jpg\",\"contentUrl\":\"https:\\\/\\\/confidencial.digital\\\/wp-content\\\/uploads\\\/2025\\\/06\\\/carlos-f.-chamorro_avatar-96x96.jpg\",\"caption\":\"Carlos F. Chamorro\"},\"description\":\"Periodista nicarag\u00fcense, exiliado en Costa Rica. Fundador y director de Confidencial y Esta Semana. Miembro del Consejo Rector de la Fundaci\u00f3n Gabo. Ha sido Knight Fellow en la Universidad de Stanford (1997-1998) y profesor visitante en la Maestr\u00eda de Periodismo de la Universidad de Berkeley, California (1998-1999). En mayo 2009, obtuvo el Premio a la Libertad de Expresi\u00f3n en Iberoam\u00e9rica, de Casa Am\u00e9rica Catalu\u00f1a (Espa\u00f1a). En octubre de 2010 recibi\u00f3 el Premio Maria Moors Cabot de la Escuela de Periodismo de la Universidad de Columbia en Nueva York. En 2021 obtuvo el Premio Ortega y Gasset por su trayectoria period\u00edstica.\",\"sameAs\":[\"https:\\\/\\\/x.com\\\/cefeche\"],\"url\":\"https:\\\/\\\/confidencial.digital\\\/en\\\/author\\\/c-f-chamorro\\\/\"}]}<\/script>\n<!-- \/ Yoast SEO Premium plugin. -->","yoast_head_json":{"title":"Costa Rica Urged to Pursue Masterminds in Samcam Murder - Confidencial","description":"Claudia Vargas: \u201cWe expect a trial against those detained for carrying out the crime within six months, and for the investigation to reach the co-dictators.\u201d","robots":{"index":"index","follow":"follow","max-snippet":"max-snippet:-1","max-image-preview":"max-image-preview:large","max-video-preview":"max-video-preview:-1"},"canonical":"https:\/\/confidencial.digital\/en\/english\/costa-rica-urged-to-pursue-masterminds-in-samcam-murder\/","og_locale":"en_US","og_type":"article","og_title":"Costa Rica Urged to Pursue Masterminds in Samcam Murder","og_description":"Claudia Vargas: \u201cWe expect a trial against those detained for carrying out the crime within six months, and for the investigation to reach the co-dictators.\u201d","og_url":"https:\/\/confidencial.digital\/en\/english\/costa-rica-urged-to-pursue-masterminds-in-samcam-murder\/","og_site_name":"Confidencial","article_publisher":"https:\/\/www.facebook.com\/confidencial.com.ni","article_published_time":"2026-02-13T06:10:00+00:00","article_modified_time":"2026-02-18T10:40:55+00:00","og_image":[{"width":2048,"height":1317,"url":"https:\/\/confidencial.digital\/wp-content\/uploads\/2026\/02\/Claudia-Vargas-viuda-Samcam-scaled.jpg","type":"image\/jpeg"}],"author":"Carlos F. Chamorro","twitter_card":"summary_large_image","twitter_creator":"@cefeche","twitter_site":"@confidencial_ni","twitter_misc":{"Written by":"Carlos F. Chamorro","Est. reading time":"7 minutes"},"schema":{"@context":"https:\/\/schema.org","@graph":[{"@type":"NewsArticle","@id":"https:\/\/confidencial.digital\/en\/english\/costa-rica-urged-to-pursue-masterminds-in-samcam-murder\/#article","isPartOf":{"@id":"https:\/\/confidencial.digital\/en\/english\/costa-rica-urged-to-pursue-masterminds-in-samcam-murder\/"},"author":{"name":"Carlos F. Chamorro","@id":"https:\/\/confidencial.digital\/en\/#\/schema\/person\/829aac8ce3e64b7f95decfbb4478bd4f"},"headline":"Costa Rica Urged to Pursue Masterminds in Samcam Murder","datePublished":"2026-02-13T06:10:00+00:00","dateModified":"2026-02-18T10:40:55+00:00","mainEntityOfPage":{"@id":"https:\/\/confidencial.digital\/en\/english\/costa-rica-urged-to-pursue-masterminds-in-samcam-murder\/"},"wordCount":1482,"publisher":{"@id":"https:\/\/confidencial.digital\/en\/#organization"},"image":{"@id":"https:\/\/confidencial.digital\/en\/english\/costa-rica-urged-to-pursue-masterminds-in-samcam-murder\/#primaryimage"},"thumbnailUrl":"https:\/\/confidencial.digital\/wp-content\/uploads\/2026\/02\/Claudia-Vargas-viuda-Samcam-scaled.jpg","articleSection":["English"],"inLanguage":"en-US","copyrightYear":"2026","copyrightHolder":{"@id":"https:\/\/confidencial.digital\/#organization"}},{"@type":"WebPage","@id":"https:\/\/confidencial.digital\/en\/english\/costa-rica-urged-to-pursue-masterminds-in-samcam-murder\/","url":"https:\/\/confidencial.digital\/en\/english\/costa-rica-urged-to-pursue-masterminds-in-samcam-murder\/","name":"Costa Rica Urged to Pursue Masterminds in Samcam Murder - Confidencial","isPartOf":{"@id":"https:\/\/confidencial.digital\/en\/#website"},"primaryImageOfPage":{"@id":"https:\/\/confidencial.digital\/en\/english\/costa-rica-urged-to-pursue-masterminds-in-samcam-murder\/#primaryimage"},"image":{"@id":"https:\/\/confidencial.digital\/en\/english\/costa-rica-urged-to-pursue-masterminds-in-samcam-murder\/#primaryimage"},"thumbnailUrl":"https:\/\/confidencial.digital\/wp-content\/uploads\/2026\/02\/Claudia-Vargas-viuda-Samcam-scaled.jpg","datePublished":"2026-02-13T06:10:00+00:00","dateModified":"2026-02-18T10:40:55+00:00","description":"Claudia Vargas: \u201cWe expect a trial against those detained for carrying out the crime within six months, and for the investigation to reach the co-dictators.\u201d","breadcrumb":{"@id":"https:\/\/confidencial.digital\/en\/english\/costa-rica-urged-to-pursue-masterminds-in-samcam-murder\/#breadcrumb"},"inLanguage":"en-US","potentialAction":[{"@type":"ReadAction","target":["https:\/\/confidencial.digital\/en\/english\/costa-rica-urged-to-pursue-masterminds-in-samcam-murder\/"]}]},{"@type":"ImageObject","inLanguage":"en-US","@id":"https:\/\/confidencial.digital\/en\/english\/costa-rica-urged-to-pursue-masterminds-in-samcam-murder\/#primaryimage","url":"https:\/\/confidencial.digital\/wp-content\/uploads\/2026\/02\/Claudia-Vargas-viuda-Samcam-scaled.jpg","contentUrl":"https:\/\/confidencial.digital\/wp-content\/uploads\/2026\/02\/Claudia-Vargas-viuda-Samcam-scaled.jpg","width":2048,"height":1317,"caption":"Claudia Vargas abraza un c\u00e1rtel con una foto de su esposo Roberto Samcam, por quien demanda justicia tras su asesinato en San Jos\u00e9, Costa Rica, el 19 de junio de 2025. \/\/ Foto: CONFIDENCIAL"},{"@type":"BreadcrumbList","@id":"https:\/\/confidencial.digital\/en\/english\/costa-rica-urged-to-pursue-masterminds-in-samcam-murder\/#breadcrumb","itemListElement":[{"@type":"ListItem","position":1,"name":"Portada","item":"https:\/\/confidencial.digital\/en\/"},{"@type":"ListItem","position":2,"name":"Costa Rica Urged to Pursue Masterminds in Samcam Murder"}]},{"@type":"WebSite","@id":"https:\/\/confidencial.digital\/en\/#website","url":"https:\/\/confidencial.digital\/en\/","name":"Confidencial Nicaragua","description":"Noticias de Nicaragua, informaci\u00f3n, an\u00e1lisis, reportajes, investigaciones, perfiles y entrevistas. Somos Confidencial. Hacemos periodismo independiente.","publisher":{"@id":"https:\/\/confidencial.digital\/en\/#organization"},"potentialAction":[{"@type":"SearchAction","target":{"@type":"EntryPoint","urlTemplate":"https:\/\/confidencial.digital\/en\/?s={search_term_string}"},"query-input":{"@type":"PropertyValueSpecification","valueRequired":true,"valueName":"search_term_string"}}],"inLanguage":"en-US"},{"@type":"Organization","@id":"https:\/\/confidencial.digital\/en\/#organization","name":"Confidencial","url":"https:\/\/confidencial.digital\/en\/","logo":{"@type":"ImageObject","inLanguage":"en-US","@id":"https:\/\/confidencial.digital\/en\/#\/schema\/logo\/image\/","url":"https:\/\/confidencial.digital\/wp-content\/uploads\/2023\/09\/Confidencial_696x696.jpg","contentUrl":"https:\/\/confidencial.digital\/wp-content\/uploads\/2023\/09\/Confidencial_696x696.jpg","width":696,"height":696,"caption":"Confidencial"},"image":{"@id":"https:\/\/confidencial.digital\/en\/#\/schema\/logo\/image\/"},"sameAs":["https:\/\/www.facebook.com\/confidencial.com.ni","https:\/\/x.com\/confidencial_ni","https:\/\/www.youtube.com\/user\/ConfidencialNica","https:\/\/www.instagram.com\/confidencial_ni\/","https:\/\/www.linkedin.com\/company\/confidencial-nicaragua\/","https:\/\/open.spotify.com\/show\/1rNymjqQuqP1CTGqHKdQ24","https:\/\/bsky.app\/profile\/confidencialni.bsky.social","https:\/\/www.threads.com\/@confidencial_ni"],"description":"En Confidencial hacemos periodismo de investigaci\u00f3n y an\u00e1lisis independiente para Nicaragua y su di\u00e1spora en el mundo. Fundado en 1996","email":"info@confidencial.digital","foundingDate":"1996-06-01"},{"@type":"Person","@id":"https:\/\/confidencial.digital\/en\/#\/schema\/person\/829aac8ce3e64b7f95decfbb4478bd4f","name":"Carlos F. Chamorro","image":{"@type":"ImageObject","inLanguage":"en-US","@id":"https:\/\/confidencial.digital\/wp-content\/uploads\/2025\/06\/carlos-f.-chamorro_avatar-96x96.jpg","url":"https:\/\/confidencial.digital\/wp-content\/uploads\/2025\/06\/carlos-f.-chamorro_avatar-96x96.jpg","contentUrl":"https:\/\/confidencial.digital\/wp-content\/uploads\/2025\/06\/carlos-f.-chamorro_avatar-96x96.jpg","caption":"Carlos F. Chamorro"},"description":"Periodista nicarag\u00fcense, exiliado en Costa Rica. Fundador y director de Confidencial y Esta Semana. Miembro del Consejo Rector de la Fundaci\u00f3n Gabo. Ha sido Knight Fellow en la Universidad de Stanford (1997-1998) y profesor visitante en la Maestr\u00eda de Periodismo de la Universidad de Berkeley, California (1998-1999). En mayo 2009, obtuvo el Premio a la Libertad de Expresi\u00f3n en Iberoam\u00e9rica, de Casa Am\u00e9rica Catalu\u00f1a (Espa\u00f1a). En octubre de 2010 recibi\u00f3 el Premio Maria Moors Cabot de la Escuela de Periodismo de la Universidad de Columbia en Nueva York. En 2021 obtuvo el Premio Ortega y Gasset por su trayectoria period\u00edstica.","sameAs":["https:\/\/x.com\/cefeche"],"url":"https:\/\/confidencial.digital\/en\/author\/c-f-chamorro\/"}]}},"_links":{"self":[{"href":"https:\/\/confidencial.digital\/en\/wp-json\/wp\/v2\/posts\/183547","targetHints":{"allow":["GET"]}}],"collection":[{"href":"https:\/\/confidencial.digital\/en\/wp-json\/wp\/v2\/posts"}],"about":[{"href":"https:\/\/confidencial.digital\/en\/wp-json\/wp\/v2\/types\/post"}],"author":[{"embeddable":true,"href":"https:\/\/confidencial.digital\/en\/wp-json\/wp\/v2\/users\/16"}],"replies":[{"embeddable":true,"href":"https:\/\/confidencial.digital\/en\/wp-json\/wp\/v2\/comments?post=183547"}],"version-history":[{"count":2,"href":"https:\/\/confidencial.digital\/en\/wp-json\/wp\/v2\/posts\/183547\/revisions"}],"predecessor-version":[{"id":183551,"href":"https:\/\/confidencial.digital\/en\/wp-json\/wp\/v2\/posts\/183547\/revisions\/183551"}],"wp:featuredmedia":[{"embeddable":true,"href":"https:\/\/confidencial.digital\/en\/wp-json\/wp\/v2\/media\/183286"}],"wp:attachment":[{"href":"https:\/\/confidencial.digital\/en\/wp-json\/wp\/v2\/media?parent=183547"}],"wp:term":[{"taxonomy":"category","embeddable":true,"href":"https:\/\/confidencial.digital\/en\/wp-json\/wp\/v2\/categories?post=183547"},{"taxonomy":"post_tag","embeddable":true,"href":"https:\/\/confidencial.digital\/en\/wp-json\/wp\/v2\/tags?post=183547"}],"curies":[{"name":"wp","href":"https:\/\/api.w.org\/{rel}","templated":true}]}}