{"id":183190,"date":"2026-02-08T21:23:16","date_gmt":"2026-02-09T03:23:16","guid":{"rendered":"https:\/\/confidencial.digital\/sin-categoria\/bad-bunny-turns-the-super-bowl-halftime-show-into-an-ode-to-latino-pride\/"},"modified":"2026-02-11T01:41:45","modified_gmt":"2026-02-11T07:41:45","slug":"bad-bunny-turns-the-super-bowl-halftime-show-into-an-ode-to-latino-pride","status":"publish","type":"post","link":"https:\/\/confidencial.digital\/en\/english\/bad-bunny-turns-the-super-bowl-halftime-show-into-an-ode-to-latino-pride\/","title":{"rendered":"Bad Bunny Turns the Super Bowl Halftime Show into an Ode to Latino Pride"},"content":{"rendered":"\n<p>&#8220;\u00a1Qu\u00e9 rico es ser latino!&#8221; With that rallying cry, <a href=\"https:\/\/confidencial.digital\/revista-niu\/el-increible-feminismo-de-bad-bunny\/\" type=\"post\" id=\"80577\" target=\"_blank\" rel=\"noreferrer noopener\">Bad Bunny<\/a> transformed the Super Bowl stage on February 8, 2026, into a colorful ode to Latin America. The performance was filled with references to his native Puerto Rico and reaffirmed, on the most American of stages, his dominant place within Hispanic culture in the United States. <\/p>\n\n<p>The Puerto Rican artist opened the show at the most-watched sporting event in the country with his hit \u201cTit\u00ed Me Pregunt\u00f3,\u201d dressed in a white outfit resembling a football uniform and carrying a football under his arm.<\/p>\n\n<p>He then launched into \u201cYo Perreo Sola,\u201d a song he dedicated to women who want to dance freely without being harassed. The track became an anthem against harassment from his 2020 album Yo Hago Lo Que Me Da La Gana, released during the pandemic.<br\/> <\/p>\n\n<h2 class=\"wp-block-heading\" id=\"h-una-casita-repleta-de-amigos-latinos\"><strong>A \u201cCasita\u201d Filled with Latino Friends<\/strong><\/h2>\n\n<p>No Bad Bunny performance would be complete without the famous \u201ccasita,\u201d a replica of a typical concrete home in Puerto Rico that he often incorporates into his concert sets. Inside the small house awaited one of the show\u2019s biggest surprises.<\/p>\n\n<p>The artist had promised a big party, and he delivered. He also said there would be many guests, and there were plenty. Among them were Cardi B, Colombian star Karol G, Chilean actor Pedro Pascal, Jessica Alba, Young Miko, David Grutman, and even Lady Gaga and Ricky Martin, who were the only guest vocalists during the performance.<br\/>  <\/p>\n\n<p>\u201cGood afternoon, California, my name is Benito Antonio Mart\u00ednez Ocasio,\u201d Bad Bunny introduced himself. \u201cIf I\u2019m here today, it\u2019s because I never stopped believing in myself, and you should believe in yourself too. You are worth more than you think,\u201d he said as the opening notes of \u201cM\u00f3naco\u201d began to play. <\/p>\n\n<p>In between songs, the performance featured a wedding between what appeared to be a migrant and a U.S. citizen \u2014 a symbol of the country\u2019s diversity and one of several moments of quiet protest that did not go unnoticed. The show concluded with Bad Bunny falling back into the interior of the casita as the echoes of Daddy Yankee\u2019s \u201cGasolina\u201d filled the stadium. <\/p>\n\n<p>The anticipation of seeing the Puerto Rican reggaeton star turned into surprise when, instead, American superstar Lady Gaga burst onto the stage unexpectedly. Dressed in an impeccable blue suit and accompanied by a tropical orchestra, the singer took control of the show to perform \u201cDie With a Smile,\u201d backed by a salsa band. <\/p>\n\n<p>She stepped away from the spotlight just before the opening notes of \u201cBaile Inolvidable,\u201d the high point of the performance.<\/p>\n\n<figure class=\"wp-block-image size-large\"><img decoding=\"async\" width=\"1024\" height=\"729\" src=\"https:\/\/confidencial.digital\/wp-content\/uploads\/2026\/02\/8624626a5694223469139f943cd5d99d16ca4f3dw-1024x729.jpg\" alt=\"\" class=\"wp-image-183091\" srcset=\"https:\/\/confidencial.digital\/wp-content\/uploads\/2026\/02\/8624626a5694223469139f943cd5d99d16ca4f3dw-1024x729.jpg 1024w, https:\/\/confidencial.digital\/wp-content\/uploads\/2026\/02\/8624626a5694223469139f943cd5d99d16ca4f3dw-300x213.jpg 300w, https:\/\/confidencial.digital\/wp-content\/uploads\/2026\/02\/8624626a5694223469139f943cd5d99d16ca4f3dw-768x546.jpg 768w, https:\/\/confidencial.digital\/wp-content\/uploads\/2026\/02\/8624626a5694223469139f943cd5d99d16ca4f3dw-1536x1093.jpg 1536w, https:\/\/confidencial.digital\/wp-content\/uploads\/2026\/02\/8624626a5694223469139f943cd5d99d16ca4f3dw-480x342.jpg 480w, https:\/\/confidencial.digital\/wp-content\/uploads\/2026\/02\/8624626a5694223469139f943cd5d99d16ca4f3dw.jpg 1920w\" sizes=\"(max-width: 1024px) 100vw, 1024px\" \/><figcaption class=\"wp-element-caption\">Bad Bunny and Lady Gaga perform during the Super Bowl LX halftime show between the New England Patriots and the Seattle Seahawks on February 8, 2026. \/\/ Photo: EFE<br\/> <\/figcaption><\/figure>\n\n<p>Levi\u2019s Stadium in Santa Clara erupted in celebration when the first chords of \u201cNUEVAYoL\u201d rang out, marking the moment when Bad Bunny reappeared to symbolically present a Grammy Award to a child watching television with his father.<\/p>\n\n<h2 class=\"wp-block-heading\" id=\"h-las-sillas-blancas-la-bomba-puertorriquena-y-el-sapo-concho\"><strong>The White Chairs, Puerto Rican Bomba, and the Sapo Concho<\/strong><\/h2>\n\n<p>From a stage set resembling a banana plantation, seated on one of the white chairs similar to those featured on the cover of his album Deb\u00ed Tirar M\u00e1s Fotos, singer Ricky Martin made an appearance to perform the protest song \u201cLo Que Le Pas\u00f3 a Hawai.\u201d<\/p>\n\n<p>Though politically correct in tone, the performance carried layered messages: residents from Puerto Rico\u2019s poorest neighborhoods dancing to reggaeton, utility poles surrounding the \u201cBad Bunny\u201d star as he held his country\u2019s flag and sang \u201cEl Apag\u00f3n.\u201d<br\/><\/p>\n\n<p>The sapo concho, an amphibian endemic to Puerto Rico and critically endangered, also made an appearance. Bad Bunny has used it as a local symbol throughout his recent world tour.<\/p>\n\n<p>As the show drew to a close, he spoke the only words in English heard during his performance: \u201cGod bless America.\u201d He then began naming countries from across the American continent, and on stage, the flags of Latin American nations appeared one by one.<\/p>\n","protected":false},"excerpt":{"rendered":"<p>&#8220;\u00a1Qu\u00e9 rico es ser latino!&#8221; With that rallying cry, Bad Bunny transformed the Super Bowl stage on February 8, 2026, into a colorful ode to Latin America. The performance was filled with references to his native Puerto Rico and reaffirmed, on the most American of stages, his dominant place within Hispanic culture in the United [&hellip;]<\/p>\n","protected":false},"author":12,"featured_media":183090,"comment_status":"closed","ping_status":"closed","sticky":false,"template":"","format":"standard","meta":{"_acf_changed":false,"_eb_attr":"","_eb_data_table":"","footnotes":""},"categories":[15445],"tags":[],"class_list":["post-183190","post","type-post","status-publish","format-standard","has-post-thumbnail","hentry","category-english"],"acf":[],"yoast_head":"<!-- This site is optimized with the Yoast SEO Premium plugin v27.4 (Yoast SEO v27.4) - https:\/\/yoast.com\/product\/yoast-seo-premium-wordpress\/ -->\n<title>Bad Bunny Turns the Super Bowl Halftime Show into an Ode to Latino Pride<\/title>\n<meta name=\"description\" content=\"Bad Bunny shone on the stage of the most-watched sporting event in the United States with a halftime show performed entirely in Spanish.\" \/>\n<meta name=\"robots\" content=\"index, follow, max-snippet:-1, max-image-preview:large, max-video-preview:-1\" \/>\n<link rel=\"canonical\" href=\"https:\/\/confidencial.digital\/en\/english\/bad-bunny-turns-the-super-bowl-halftime-show-into-an-ode-to-latino-pride\/\" \/>\n<meta property=\"og:locale\" content=\"en_US\" \/>\n<meta property=\"og:type\" content=\"article\" \/>\n<meta property=\"og:title\" content=\"Bad Bunny Turns the Super Bowl Halftime Show into an Ode to Latino Pride\" \/>\n<meta property=\"og:description\" content=\"Bad Bunny shone on the stage of the most-watched sporting event in the United States with a halftime show performed entirely in Spanish.\" \/>\n<meta property=\"og:url\" content=\"https:\/\/confidencial.digital\/en\/english\/bad-bunny-turns-the-super-bowl-halftime-show-into-an-ode-to-latino-pride\/\" \/>\n<meta property=\"og:site_name\" content=\"Confidencial\" \/>\n<meta property=\"article:publisher\" content=\"https:\/\/www.facebook.com\/confidencial.com.ni\" \/>\n<meta property=\"article:published_time\" content=\"2026-02-09T03:23:16+00:00\" \/>\n<meta property=\"article:modified_time\" content=\"2026-02-11T07:41:45+00:00\" \/>\n<meta property=\"og:image\" content=\"https:\/\/confidencial.digital\/wp-content\/uploads\/2026\/02\/458e64fa114eb12c2940bfd8c75603ab9eefd5f3w.jpg\" \/>\n\t<meta property=\"og:image:width\" content=\"1920\" \/>\n\t<meta property=\"og:image:height\" content=\"1280\" \/>\n\t<meta property=\"og:image:type\" content=\"image\/jpeg\" \/>\n<meta name=\"author\" content=\"Agencia EFE\" \/>\n<meta name=\"twitter:card\" content=\"summary_large_image\" \/>\n<meta name=\"twitter:creator\" content=\"@efenoticias\" \/>\n<meta name=\"twitter:site\" content=\"@confidencial_ni\" \/>\n<meta name=\"twitter:label1\" content=\"Written by\" \/>\n\t<meta name=\"twitter:data1\" content=\"Agencia EFE\" \/>\n\t<meta name=\"twitter:label2\" content=\"Est. reading time\" \/>\n\t<meta name=\"twitter:data2\" content=\"3 minutes\" \/>\n<script type=\"application\/ld+json\" class=\"yoast-schema-graph\">{\"@context\":\"https:\\\/\\\/schema.org\",\"@graph\":[{\"@type\":\"NewsArticle\",\"@id\":\"https:\\\/\\\/confidencial.digital\\\/en\\\/english\\\/bad-bunny-turns-the-super-bowl-halftime-show-into-an-ode-to-latino-pride\\\/#article\",\"isPartOf\":{\"@id\":\"https:\\\/\\\/confidencial.digital\\\/en\\\/english\\\/bad-bunny-turns-the-super-bowl-halftime-show-into-an-ode-to-latino-pride\\\/\"},\"author\":{\"name\":\"Agencia EFE\",\"@id\":\"https:\\\/\\\/confidencial.digital\\\/en\\\/#\\\/schema\\\/person\\\/02642e81a534005c3df18e99da2044dd\"},\"headline\":\"Bad Bunny Turns the Super Bowl Halftime Show into an Ode to Latino Pride\",\"datePublished\":\"2026-02-09T03:23:16+00:00\",\"dateModified\":\"2026-02-11T07:41:45+00:00\",\"mainEntityOfPage\":{\"@id\":\"https:\\\/\\\/confidencial.digital\\\/en\\\/english\\\/bad-bunny-turns-the-super-bowl-halftime-show-into-an-ode-to-latino-pride\\\/\"},\"wordCount\":679,\"publisher\":{\"@id\":\"https:\\\/\\\/confidencial.digital\\\/en\\\/#organization\"},\"image\":{\"@id\":\"https:\\\/\\\/confidencial.digital\\\/en\\\/english\\\/bad-bunny-turns-the-super-bowl-halftime-show-into-an-ode-to-latino-pride\\\/#primaryimage\"},\"thumbnailUrl\":\"https:\\\/\\\/confidencial.digital\\\/wp-content\\\/uploads\\\/2026\\\/02\\\/458e64fa114eb12c2940bfd8c75603ab9eefd5f3w.jpg\",\"articleSection\":[\"English\"],\"inLanguage\":\"en-US\",\"copyrightYear\":\"2026\",\"copyrightHolder\":{\"@id\":\"https:\\\/\\\/confidencial.digital\\\/#organization\"}},{\"@type\":\"WebPage\",\"@id\":\"https:\\\/\\\/confidencial.digital\\\/en\\\/english\\\/bad-bunny-turns-the-super-bowl-halftime-show-into-an-ode-to-latino-pride\\\/\",\"url\":\"https:\\\/\\\/confidencial.digital\\\/en\\\/english\\\/bad-bunny-turns-the-super-bowl-halftime-show-into-an-ode-to-latino-pride\\\/\",\"name\":\"Bad Bunny Turns the Super Bowl Halftime Show into an Ode to Latino Pride\",\"isPartOf\":{\"@id\":\"https:\\\/\\\/confidencial.digital\\\/en\\\/#website\"},\"primaryImageOfPage\":{\"@id\":\"https:\\\/\\\/confidencial.digital\\\/en\\\/english\\\/bad-bunny-turns-the-super-bowl-halftime-show-into-an-ode-to-latino-pride\\\/#primaryimage\"},\"image\":{\"@id\":\"https:\\\/\\\/confidencial.digital\\\/en\\\/english\\\/bad-bunny-turns-the-super-bowl-halftime-show-into-an-ode-to-latino-pride\\\/#primaryimage\"},\"thumbnailUrl\":\"https:\\\/\\\/confidencial.digital\\\/wp-content\\\/uploads\\\/2026\\\/02\\\/458e64fa114eb12c2940bfd8c75603ab9eefd5f3w.jpg\",\"datePublished\":\"2026-02-09T03:23:16+00:00\",\"dateModified\":\"2026-02-11T07:41:45+00:00\",\"description\":\"Bad Bunny shone on the stage of the most-watched sporting event in the United States with a halftime show performed entirely in Spanish.\",\"breadcrumb\":{\"@id\":\"https:\\\/\\\/confidencial.digital\\\/en\\\/english\\\/bad-bunny-turns-the-super-bowl-halftime-show-into-an-ode-to-latino-pride\\\/#breadcrumb\"},\"inLanguage\":\"en-US\",\"potentialAction\":[{\"@type\":\"ReadAction\",\"target\":[\"https:\\\/\\\/confidencial.digital\\\/en\\\/english\\\/bad-bunny-turns-the-super-bowl-halftime-show-into-an-ode-to-latino-pride\\\/\"]}]},{\"@type\":\"ImageObject\",\"inLanguage\":\"en-US\",\"@id\":\"https:\\\/\\\/confidencial.digital\\\/en\\\/english\\\/bad-bunny-turns-the-super-bowl-halftime-show-into-an-ode-to-latino-pride\\\/#primaryimage\",\"url\":\"https:\\\/\\\/confidencial.digital\\\/wp-content\\\/uploads\\\/2026\\\/02\\\/458e64fa114eb12c2940bfd8c75603ab9eefd5f3w.jpg\",\"contentUrl\":\"https:\\\/\\\/confidencial.digital\\\/wp-content\\\/uploads\\\/2026\\\/02\\\/458e64fa114eb12c2940bfd8c75603ab9eefd5f3w.jpg\",\"width\":1920,\"height\":1280,\"caption\":\"SANTA CLARA (United States), 09\\\/02\\\/2026.- Bad Bunny performs in the Halftime Show of the Super Bowl LX between the New England Patriots and the Seattle Seahawks at the Levi's Stadium in Santa Clara, California, USA, 08 February 2026. EFE\\\/EPA\\\/JOHN G. MABANGLO\"},{\"@type\":\"BreadcrumbList\",\"@id\":\"https:\\\/\\\/confidencial.digital\\\/en\\\/english\\\/bad-bunny-turns-the-super-bowl-halftime-show-into-an-ode-to-latino-pride\\\/#breadcrumb\",\"itemListElement\":[{\"@type\":\"ListItem\",\"position\":1,\"name\":\"Portada\",\"item\":\"https:\\\/\\\/confidencial.digital\\\/en\\\/\"},{\"@type\":\"ListItem\",\"position\":2,\"name\":\"Bad Bunny Turns the Super Bowl Halftime Show into an Ode to Latino Pride\"}]},{\"@type\":\"WebSite\",\"@id\":\"https:\\\/\\\/confidencial.digital\\\/en\\\/#website\",\"url\":\"https:\\\/\\\/confidencial.digital\\\/en\\\/\",\"name\":\"Confidencial Nicaragua\",\"description\":\"Noticias de Nicaragua, informaci\u00f3n, an\u00e1lisis, reportajes, investigaciones, perfiles y entrevistas. Somos Confidencial. Hacemos periodismo independiente.\",\"publisher\":{\"@id\":\"https:\\\/\\\/confidencial.digital\\\/en\\\/#organization\"},\"potentialAction\":[{\"@type\":\"SearchAction\",\"target\":{\"@type\":\"EntryPoint\",\"urlTemplate\":\"https:\\\/\\\/confidencial.digital\\\/en\\\/?s={search_term_string}\"},\"query-input\":{\"@type\":\"PropertyValueSpecification\",\"valueRequired\":true,\"valueName\":\"search_term_string\"}}],\"inLanguage\":\"en-US\"},{\"@type\":\"Organization\",\"@id\":\"https:\\\/\\\/confidencial.digital\\\/en\\\/#organization\",\"name\":\"Confidencial\",\"url\":\"https:\\\/\\\/confidencial.digital\\\/en\\\/\",\"logo\":{\"@type\":\"ImageObject\",\"inLanguage\":\"en-US\",\"@id\":\"https:\\\/\\\/confidencial.digital\\\/en\\\/#\\\/schema\\\/logo\\\/image\\\/\",\"url\":\"https:\\\/\\\/confidencial.digital\\\/wp-content\\\/uploads\\\/2023\\\/09\\\/Confidencial_696x696.jpg\",\"contentUrl\":\"https:\\\/\\\/confidencial.digital\\\/wp-content\\\/uploads\\\/2023\\\/09\\\/Confidencial_696x696.jpg\",\"width\":696,\"height\":696,\"caption\":\"Confidencial\"},\"image\":{\"@id\":\"https:\\\/\\\/confidencial.digital\\\/en\\\/#\\\/schema\\\/logo\\\/image\\\/\"},\"sameAs\":[\"https:\\\/\\\/www.facebook.com\\\/confidencial.com.ni\",\"https:\\\/\\\/x.com\\\/confidencial_ni\",\"https:\\\/\\\/www.youtube.com\\\/user\\\/ConfidencialNica\",\"https:\\\/\\\/www.instagram.com\\\/confidencial_ni\\\/\",\"https:\\\/\\\/www.linkedin.com\\\/company\\\/confidencial-nicaragua\\\/\",\"https:\\\/\\\/open.spotify.com\\\/show\\\/1rNymjqQuqP1CTGqHKdQ24\",\"https:\\\/\\\/bsky.app\\\/profile\\\/confidencialni.bsky.social\",\"https:\\\/\\\/www.threads.com\\\/@confidencial_ni\"],\"description\":\"En Confidencial hacemos periodismo de investigaci\u00f3n y an\u00e1lisis independiente para Nicaragua y su di\u00e1spora en el mundo. Fundado en 1996\",\"email\":\"info@confidencial.digital\",\"foundingDate\":\"1996-06-01\"},{\"@type\":\"Person\",\"@id\":\"https:\\\/\\\/confidencial.digital\\\/en\\\/#\\\/schema\\\/person\\\/02642e81a534005c3df18e99da2044dd\",\"name\":\"Agencia EFE\",\"image\":{\"@type\":\"ImageObject\",\"inLanguage\":\"en-US\",\"@id\":\"https:\\\/\\\/www.confidencial.digital\\\/wp-content\\\/uploads\\\/2023\\\/03\\\/efe_avatar-96x96.jpg\",\"url\":\"https:\\\/\\\/www.confidencial.digital\\\/wp-content\\\/uploads\\\/2023\\\/03\\\/efe_avatar-96x96.jpg\",\"contentUrl\":\"https:\\\/\\\/www.confidencial.digital\\\/wp-content\\\/uploads\\\/2023\\\/03\\\/efe_avatar-96x96.jpg\",\"caption\":\"Agencia EFE\"},\"description\":\"Agencia de noticias internacional con sede en Madrid, Espa\u00f1a. Fundada en Burgos durante la guerra civil espa\u00f1ola en enero de 1939.\",\"sameAs\":[\"https:\\\/\\\/efe.com\\\/\",\"https:\\\/\\\/x.com\\\/efenoticias\"],\"url\":\"https:\\\/\\\/confidencial.digital\\\/en\\\/author\\\/efe\\\/\"}]}<\/script>\n<!-- \/ Yoast SEO Premium plugin. -->","yoast_head_json":{"title":"Bad Bunny Turns the Super Bowl Halftime Show into an Ode to Latino Pride","description":"Bad Bunny shone on the stage of the most-watched sporting event in the United States with a halftime show performed entirely in Spanish.","robots":{"index":"index","follow":"follow","max-snippet":"max-snippet:-1","max-image-preview":"max-image-preview:large","max-video-preview":"max-video-preview:-1"},"canonical":"https:\/\/confidencial.digital\/en\/english\/bad-bunny-turns-the-super-bowl-halftime-show-into-an-ode-to-latino-pride\/","og_locale":"en_US","og_type":"article","og_title":"Bad Bunny Turns the Super Bowl Halftime Show into an Ode to Latino Pride","og_description":"Bad Bunny shone on the stage of the most-watched sporting event in the United States with a halftime show performed entirely in Spanish.","og_url":"https:\/\/confidencial.digital\/en\/english\/bad-bunny-turns-the-super-bowl-halftime-show-into-an-ode-to-latino-pride\/","og_site_name":"Confidencial","article_publisher":"https:\/\/www.facebook.com\/confidencial.com.ni","article_published_time":"2026-02-09T03:23:16+00:00","article_modified_time":"2026-02-11T07:41:45+00:00","og_image":[{"width":1920,"height":1280,"url":"https:\/\/confidencial.digital\/wp-content\/uploads\/2026\/02\/458e64fa114eb12c2940bfd8c75603ab9eefd5f3w.jpg","type":"image\/jpeg"}],"author":"Agencia EFE","twitter_card":"summary_large_image","twitter_creator":"@efenoticias","twitter_site":"@confidencial_ni","twitter_misc":{"Written by":"Agencia EFE","Est. reading time":"3 minutes"},"schema":{"@context":"https:\/\/schema.org","@graph":[{"@type":"NewsArticle","@id":"https:\/\/confidencial.digital\/en\/english\/bad-bunny-turns-the-super-bowl-halftime-show-into-an-ode-to-latino-pride\/#article","isPartOf":{"@id":"https:\/\/confidencial.digital\/en\/english\/bad-bunny-turns-the-super-bowl-halftime-show-into-an-ode-to-latino-pride\/"},"author":{"name":"Agencia EFE","@id":"https:\/\/confidencial.digital\/en\/#\/schema\/person\/02642e81a534005c3df18e99da2044dd"},"headline":"Bad Bunny Turns the Super Bowl Halftime Show into an Ode to Latino Pride","datePublished":"2026-02-09T03:23:16+00:00","dateModified":"2026-02-11T07:41:45+00:00","mainEntityOfPage":{"@id":"https:\/\/confidencial.digital\/en\/english\/bad-bunny-turns-the-super-bowl-halftime-show-into-an-ode-to-latino-pride\/"},"wordCount":679,"publisher":{"@id":"https:\/\/confidencial.digital\/en\/#organization"},"image":{"@id":"https:\/\/confidencial.digital\/en\/english\/bad-bunny-turns-the-super-bowl-halftime-show-into-an-ode-to-latino-pride\/#primaryimage"},"thumbnailUrl":"https:\/\/confidencial.digital\/wp-content\/uploads\/2026\/02\/458e64fa114eb12c2940bfd8c75603ab9eefd5f3w.jpg","articleSection":["English"],"inLanguage":"en-US","copyrightYear":"2026","copyrightHolder":{"@id":"https:\/\/confidencial.digital\/#organization"}},{"@type":"WebPage","@id":"https:\/\/confidencial.digital\/en\/english\/bad-bunny-turns-the-super-bowl-halftime-show-into-an-ode-to-latino-pride\/","url":"https:\/\/confidencial.digital\/en\/english\/bad-bunny-turns-the-super-bowl-halftime-show-into-an-ode-to-latino-pride\/","name":"Bad Bunny Turns the Super Bowl Halftime Show into an Ode to Latino Pride","isPartOf":{"@id":"https:\/\/confidencial.digital\/en\/#website"},"primaryImageOfPage":{"@id":"https:\/\/confidencial.digital\/en\/english\/bad-bunny-turns-the-super-bowl-halftime-show-into-an-ode-to-latino-pride\/#primaryimage"},"image":{"@id":"https:\/\/confidencial.digital\/en\/english\/bad-bunny-turns-the-super-bowl-halftime-show-into-an-ode-to-latino-pride\/#primaryimage"},"thumbnailUrl":"https:\/\/confidencial.digital\/wp-content\/uploads\/2026\/02\/458e64fa114eb12c2940bfd8c75603ab9eefd5f3w.jpg","datePublished":"2026-02-09T03:23:16+00:00","dateModified":"2026-02-11T07:41:45+00:00","description":"Bad Bunny shone on the stage of the most-watched sporting event in the United States with a halftime show performed entirely in Spanish.","breadcrumb":{"@id":"https:\/\/confidencial.digital\/en\/english\/bad-bunny-turns-the-super-bowl-halftime-show-into-an-ode-to-latino-pride\/#breadcrumb"},"inLanguage":"en-US","potentialAction":[{"@type":"ReadAction","target":["https:\/\/confidencial.digital\/en\/english\/bad-bunny-turns-the-super-bowl-halftime-show-into-an-ode-to-latino-pride\/"]}]},{"@type":"ImageObject","inLanguage":"en-US","@id":"https:\/\/confidencial.digital\/en\/english\/bad-bunny-turns-the-super-bowl-halftime-show-into-an-ode-to-latino-pride\/#primaryimage","url":"https:\/\/confidencial.digital\/wp-content\/uploads\/2026\/02\/458e64fa114eb12c2940bfd8c75603ab9eefd5f3w.jpg","contentUrl":"https:\/\/confidencial.digital\/wp-content\/uploads\/2026\/02\/458e64fa114eb12c2940bfd8c75603ab9eefd5f3w.jpg","width":1920,"height":1280,"caption":"SANTA CLARA (United States), 09\/02\/2026.- Bad Bunny performs in the Halftime Show of the Super Bowl LX between the New England Patriots and the Seattle Seahawks at the Levi's Stadium in Santa Clara, California, USA, 08 February 2026. EFE\/EPA\/JOHN G. MABANGLO"},{"@type":"BreadcrumbList","@id":"https:\/\/confidencial.digital\/en\/english\/bad-bunny-turns-the-super-bowl-halftime-show-into-an-ode-to-latino-pride\/#breadcrumb","itemListElement":[{"@type":"ListItem","position":1,"name":"Portada","item":"https:\/\/confidencial.digital\/en\/"},{"@type":"ListItem","position":2,"name":"Bad Bunny Turns the Super Bowl Halftime Show into an Ode to Latino Pride"}]},{"@type":"WebSite","@id":"https:\/\/confidencial.digital\/en\/#website","url":"https:\/\/confidencial.digital\/en\/","name":"Confidencial Nicaragua","description":"Noticias de Nicaragua, informaci\u00f3n, an\u00e1lisis, reportajes, investigaciones, perfiles y entrevistas. Somos Confidencial. Hacemos periodismo independiente.","publisher":{"@id":"https:\/\/confidencial.digital\/en\/#organization"},"potentialAction":[{"@type":"SearchAction","target":{"@type":"EntryPoint","urlTemplate":"https:\/\/confidencial.digital\/en\/?s={search_term_string}"},"query-input":{"@type":"PropertyValueSpecification","valueRequired":true,"valueName":"search_term_string"}}],"inLanguage":"en-US"},{"@type":"Organization","@id":"https:\/\/confidencial.digital\/en\/#organization","name":"Confidencial","url":"https:\/\/confidencial.digital\/en\/","logo":{"@type":"ImageObject","inLanguage":"en-US","@id":"https:\/\/confidencial.digital\/en\/#\/schema\/logo\/image\/","url":"https:\/\/confidencial.digital\/wp-content\/uploads\/2023\/09\/Confidencial_696x696.jpg","contentUrl":"https:\/\/confidencial.digital\/wp-content\/uploads\/2023\/09\/Confidencial_696x696.jpg","width":696,"height":696,"caption":"Confidencial"},"image":{"@id":"https:\/\/confidencial.digital\/en\/#\/schema\/logo\/image\/"},"sameAs":["https:\/\/www.facebook.com\/confidencial.com.ni","https:\/\/x.com\/confidencial_ni","https:\/\/www.youtube.com\/user\/ConfidencialNica","https:\/\/www.instagram.com\/confidencial_ni\/","https:\/\/www.linkedin.com\/company\/confidencial-nicaragua\/","https:\/\/open.spotify.com\/show\/1rNymjqQuqP1CTGqHKdQ24","https:\/\/bsky.app\/profile\/confidencialni.bsky.social","https:\/\/www.threads.com\/@confidencial_ni"],"description":"En Confidencial hacemos periodismo de investigaci\u00f3n y an\u00e1lisis independiente para Nicaragua y su di\u00e1spora en el mundo. Fundado en 1996","email":"info@confidencial.digital","foundingDate":"1996-06-01"},{"@type":"Person","@id":"https:\/\/confidencial.digital\/en\/#\/schema\/person\/02642e81a534005c3df18e99da2044dd","name":"Agencia EFE","image":{"@type":"ImageObject","inLanguage":"en-US","@id":"https:\/\/www.confidencial.digital\/wp-content\/uploads\/2023\/03\/efe_avatar-96x96.jpg","url":"https:\/\/www.confidencial.digital\/wp-content\/uploads\/2023\/03\/efe_avatar-96x96.jpg","contentUrl":"https:\/\/www.confidencial.digital\/wp-content\/uploads\/2023\/03\/efe_avatar-96x96.jpg","caption":"Agencia EFE"},"description":"Agencia de noticias internacional con sede en Madrid, Espa\u00f1a. Fundada en Burgos durante la guerra civil espa\u00f1ola en enero de 1939.","sameAs":["https:\/\/efe.com\/","https:\/\/x.com\/efenoticias"],"url":"https:\/\/confidencial.digital\/en\/author\/efe\/"}]}},"_links":{"self":[{"href":"https:\/\/confidencial.digital\/en\/wp-json\/wp\/v2\/posts\/183190","targetHints":{"allow":["GET"]}}],"collection":[{"href":"https:\/\/confidencial.digital\/en\/wp-json\/wp\/v2\/posts"}],"about":[{"href":"https:\/\/confidencial.digital\/en\/wp-json\/wp\/v2\/types\/post"}],"author":[{"embeddable":true,"href":"https:\/\/confidencial.digital\/en\/wp-json\/wp\/v2\/users\/12"}],"replies":[{"embeddable":true,"href":"https:\/\/confidencial.digital\/en\/wp-json\/wp\/v2\/comments?post=183190"}],"version-history":[{"count":1,"href":"https:\/\/confidencial.digital\/en\/wp-json\/wp\/v2\/posts\/183190\/revisions"}],"predecessor-version":[{"id":183191,"href":"https:\/\/confidencial.digital\/en\/wp-json\/wp\/v2\/posts\/183190\/revisions\/183191"}],"wp:featuredmedia":[{"embeddable":true,"href":"https:\/\/confidencial.digital\/en\/wp-json\/wp\/v2\/media\/183090"}],"wp:attachment":[{"href":"https:\/\/confidencial.digital\/en\/wp-json\/wp\/v2\/media?parent=183190"}],"wp:term":[{"taxonomy":"category","embeddable":true,"href":"https:\/\/confidencial.digital\/en\/wp-json\/wp\/v2\/categories?post=183190"},{"taxonomy":"post_tag","embeddable":true,"href":"https:\/\/confidencial.digital\/en\/wp-json\/wp\/v2\/tags?post=183190"}],"curies":[{"name":"wp","href":"https:\/\/api.w.org\/{rel}","templated":true}]}}