{"id":183161,"date":"2026-02-08T00:15:00","date_gmt":"2026-02-08T06:15:00","guid":{"rendered":"https:\/\/confidencial.digital\/sin-categoria\/nicaraguan-chef-armando-tam-conquers-san-francisco-with-latin-flavors\/"},"modified":"2026-02-11T17:31:38","modified_gmt":"2026-02-11T23:31:38","slug":"nicaraguan-chef-armando-tam-conquers-san-francisco-with-latin-flavors","status":"publish","type":"post","link":"https:\/\/confidencial.digital\/en\/migrants\/nicaraguan-chef-armando-tam-conquers-san-francisco-with-latin-flavors\/","title":{"rendered":"Nicaraguan Chef Armando Tam Conquers San Francisco with Latin Flavors"},"content":{"rendered":"\n<p>In San Francisco, California\u2014where the Latino community and its restaurants shape much of the culinary landscape\u2014Nicaraguan chef of Chinese descent Armando Jos\u00e9 Tam has found his purpose: bringing Nicaraguan and Latin flavors to tables that had never even heard of Nicaragua.<\/p>\n\n<p>Now 50 years old, with a life story that connects Rivas, Nicaragua, to the San Francisco Bay Area, Tam has become an ambassador for Latin cuisine, presenting it in what he calls \u201cunexpected\u201d ways through<em> <\/em>pop-up shows\u2014temporary culinary events where he takes over restaurant kitchens to present his dishes.<\/p>\n\n<p>Beyond cooking, his specialty is \u201csurprising and elevating perceptions of Latin American gastronomy\u201d through what he prefers to call \u201ccombinations\u201d rather than \u201cfusions.\u201d <\/p>\n\n<p>His passion for the culinary world runs in the family. In 1955, his grandparents opened the restaurant Chop Suey in Rivas, and Tam recalls that his entire family worked in the business\u2014a tradition they maintained even after emigrating to the United States in 1980, before the Nicaraguan civil war.   <\/p>\n\n<p>Despite moving to another country, his childhood in the United States was marked by weekends selling nacatamale, like \u201cevery Nicaraguan\u201d trying to keep their roots alive, while his father worked in maintenance and construction.<\/p>\n\n<p>It was his mother who passed down the recipes and techniques that now define his cooking. \u201cMy mom and dad worked in the United States, retired, and later returned to Nicaragua. Before they went back, I told her, \u2018Mom, teach me the dishes I love: how to make vaho, how to prepare nacatamales, the dough, how to wrap them, everything, including salpic\u00f3n,\u2019\u201d he recalls. <\/p>\n\n<p>Those traditional recipes would become the foundation of his cuisine, but with a distinctive twist: \u201cI used the techniques I learned in the United States with the traditional flavors of Nicaragua,\u201d he says.<\/p>\n\n<figure class=\"wp-block-image size-large\"><img decoding=\"async\" width=\"1024\" height=\"743\" src=\"https:\/\/confidencial.digital\/wp-content\/uploads\/2026\/02\/WhatsApp-Image-2026-02-06-at-4.29.46-PM-1024x743.jpeg\" alt=\"\" class=\"wp-image-182989\" srcset=\"https:\/\/confidencial.digital\/wp-content\/uploads\/2026\/02\/WhatsApp-Image-2026-02-06-at-4.29.46-PM-1024x743.jpeg 1024w, https:\/\/confidencial.digital\/wp-content\/uploads\/2026\/02\/WhatsApp-Image-2026-02-06-at-4.29.46-PM-300x218.jpeg 300w, https:\/\/confidencial.digital\/wp-content\/uploads\/2026\/02\/WhatsApp-Image-2026-02-06-at-4.29.46-PM-768x558.jpeg 768w, https:\/\/confidencial.digital\/wp-content\/uploads\/2026\/02\/WhatsApp-Image-2026-02-06-at-4.29.46-PM-480x348.jpeg 480w, https:\/\/confidencial.digital\/wp-content\/uploads\/2026\/02\/WhatsApp-Image-2026-02-06-at-4.29.46-PM.jpeg 1080w\" sizes=\"(max-width: 1024px) 100vw, 1024px\" \/><figcaption class=\"wp-element-caption\">Armando Tam at the Chinese restaurant his grandparents opened in 1955 in Rivas \/\/ Photo: Courtesy<\/figcaption><\/figure>\n\n<h2 class=\"wp-block-heading\" id=\"h-las-combinaciones-de-armando-tam\">Armando Tam\u2019s \u201ccombinations\u201d<\/h2>\n\n<p>\u201cI learned from chef Douglas Rodr\u00edguez, who is the king of Latin cuisine in the United States. He\u2019s Cuban, but I remember he had Nicaraguan cooks. I saw his menu in New York and noticed Nicaraguan vigor\u00f3n, and I said, \u2018Wow.\u2019 Seeing that dish in New York, in an upscale place, inspired me,\u201d he recalls.<br\/><br\/><\/p>\n\n<p>That inspiration led him to create his own events. \u201cI started doing pop-ups<em> <\/em>because I didn\u2019t want to work in the traditional restaurant industry,\u201d the Nicaraguan chef says. Pop-ups allowed<em> <\/em>him to present Nicaraguan cuisine to a different audience, mainly foreigners who had never tried the country\u2019s flavors.  <\/p>\n\n<p>\u201cI don\u2019t like the word fusion; I prefer the word combination, even though they sound similar. Fusion usually means a chef goes to two countries and tries to force something together. I don\u2019t think in terms of food, I think in terms of flavors,\u201d he explains.<\/p>\n\n<p>One of his most emblematic combinations is Chinese-style vigor\u00f3n: \u201cI keep the cassava and the salad, but instead of Nicaraguan chicharr\u00f3n, I use Chinese fried pork,\u201d he says.<\/p>\n\n<p>Other creations include fried rice with roast pork and churrasco with chimichurri served alongside Cantonese-style fried rice.<br\/><\/p>\n\n<p>\u201cI see things as flavors, not tradition,\u201d says the chef from Rivas. That perspective has allowed him to create dishes such as \u201cfried cheese with Vietnamese peanut sauce\u201d or \u201cgallo pinto served over cooked banana leaves,\u201d designed to transport diners directly to Granada. <\/p>\n\n<figure class=\"wp-block-image size-large\"><img decoding=\"async\" width=\"1024\" height=\"479\" src=\"https:\/\/confidencial.digital\/wp-content\/uploads\/2026\/02\/Collage-comidas1-1024x479.jpg\" alt=\"\" class=\"wp-image-182987\" srcset=\"https:\/\/confidencial.digital\/wp-content\/uploads\/2026\/02\/Collage-comidas1-1024x479.jpg 1024w, https:\/\/confidencial.digital\/wp-content\/uploads\/2026\/02\/Collage-comidas1-300x140.jpg 300w, https:\/\/confidencial.digital\/wp-content\/uploads\/2026\/02\/Collage-comidas1-768x359.jpg 768w, https:\/\/confidencial.digital\/wp-content\/uploads\/2026\/02\/Collage-comidas1-480x224.jpg 480w, https:\/\/confidencial.digital\/wp-content\/uploads\/2026\/02\/Collage-comidas1.jpg 1080w\" sizes=\"(max-width: 1024px) 100vw, 1024px\" \/><figcaption class=\"wp-element-caption\">Collage of Armando Tam\u2019s culinary combinations. From left to right: tostones with dumplings, chayote with beans, and tostones with caviar \/\/ Photo: Courtesy  <\/figcaption><\/figure>\n\n<h2 class=\"wp-block-heading\" id=\"h-los-pop-up-show-llevan-la-comida-latina-a-los-extranjeros\"><strong>Pop-up shows bring Latin cuisine to new audiences<\/strong><\/h2>\n\n<p>Culinary pop-ups are temporary appearances where chefs offer unique,<em> <\/em>short-lived dining experiences in specific locations. The Nicaraguan chef held his first pop-up in 2017. <\/p>\n\n<p>\u201cAbout 80 foreigners trying Nicaraguan food and Chinese food for the first time. That was my first pop-up,\u201d he recalls. Since then, his events have drawn up to 300 people each month. <\/p>\n\n<p>\u201cWhy do I do pop-ups?<em> <\/em>I help businesses by hosting them on days when they\u2019re closed. I organize the event, handle the marketing, and through the food I can introduce people to new flavors,\u201d Tam explains.  <\/p>\n\n<p>\u201cMy goal is to cook in San Francisco for different clients who don\u2019t know Nicaragua, so they can taste its flavors, no matter what they\u2019re combined with,\u201d he says.<\/p>\n\n<p>The chef has also written the book <em>It\u2019s a Vibe: A Food &amp; Wine Experience<\/em>, which tells the stories behind his recipes and combinations and celebrates \u201cthe culture of the Bay Area\u201d in Northern California.<\/p>\n\n<p>He also opened a cloud kitchen \u2014 a kitchen focused on pickup and delivery \u2014<em> <\/em>specializing in Nicaraguan grilled dishes. The business is located in Oakland, a city east of San Francisco. <\/p>\n\n<figure class=\"wp-block-image size-large\"><img decoding=\"async\" width=\"1024\" height=\"751\" src=\"https:\/\/confidencial.digital\/wp-content\/uploads\/2026\/02\/WhatsApp-Image-2026-02-06-at-3.48.41-PM-1024x751.jpeg\" alt=\"\" class=\"wp-image-182983\" srcset=\"https:\/\/confidencial.digital\/wp-content\/uploads\/2026\/02\/WhatsApp-Image-2026-02-06-at-3.48.41-PM-1024x751.jpeg 1024w, https:\/\/confidencial.digital\/wp-content\/uploads\/2026\/02\/WhatsApp-Image-2026-02-06-at-3.48.41-PM-300x220.jpeg 300w, https:\/\/confidencial.digital\/wp-content\/uploads\/2026\/02\/WhatsApp-Image-2026-02-06-at-3.48.41-PM-768x563.jpeg 768w, https:\/\/confidencial.digital\/wp-content\/uploads\/2026\/02\/WhatsApp-Image-2026-02-06-at-3.48.41-PM-480x352.jpeg 480w, https:\/\/confidencial.digital\/wp-content\/uploads\/2026\/02\/WhatsApp-Image-2026-02-06-at-3.48.41-PM.jpeg 1080w\" sizes=\"(max-width: 1024px) 100vw, 1024px\" \/><figcaption class=\"wp-element-caption\">Armando Tam (the oldest child) with his parents and siblings in a family photo from 1984 in the United States \/\/ Photo: Courtesy<\/figcaption><\/figure>\n\n<h2 class=\"wp-block-heading\" id=\"h-los-motores-detras-del-chef-tam\">The forces behind Chef Tam<\/h2>\n\n<p>Behind every dish Armando Tam prepares are the lessons he learned from his parents. \u201cMy father taught me humility. He\u2019s the best father in the world,\u201d he says proudly. His father, a karate practitioner and former Nicaraguan firefighter, often repeated a phrase to him: \u201cI don\u2019t care how much money you make. What I want is for you to be humble.\u201d  <\/p>\n\n<p>His mother, meanwhile, gave him the tools of the trade. \u201cShe is the strongest woman in the world. I\u2019m strong, but she\u2019s twice as strong,\u201d he says. From waking him up early on weekends to prepare nacatamales to teaching him discipline and the value of hard work, she helped shape both the man and the cook he is today.  <\/p>\n\n<p>When asked about the essential Nicaraguan ingredients in his kitchen, he doesn\u2019t hesitate: \u201cFor me, achiote \u2014 because I love roast pork,\u201d he replies.<br\/><\/p>\n\n<p>And like many Nicaraguans, he always keeps his freezer stocked: \u201cI keep Ziploc bags of red beans frozen. I thaw them, make gallo pinto, or cook bean soup,\u201d he shares. His favorite dish is salpic\u00f3n. <\/p>\n","protected":false},"excerpt":{"rendered":"<p>In San Francisco, California\u2014where the Latino community and its restaurants shape much of the culinary landscape\u2014Nicaraguan chef of Chinese descent Armando Jos\u00e9 Tam has found his purpose: bringing Nicaraguan and Latin flavors to tables that had never even heard of Nicaragua. Now 50 years old, with a life story that connects Rivas, Nicaragua, to the [&hellip;]<\/p>\n","protected":false},"author":1298,"featured_media":182986,"comment_status":"closed","ping_status":"closed","sticky":false,"template":"","format":"standard","meta":{"_acf_changed":false,"_eb_attr":"","_eb_data_table":"","footnotes":""},"categories":[15445,15451,15459],"tags":[],"class_list":["post-183161","post","type-post","status-publish","format-standard","has-post-thumbnail","hentry","category-english","category-migrants","category-nicaraguans-around-the-world"],"acf":[],"yoast_head":"<!-- This site is optimized with the Yoast SEO Premium plugin v27.4 (Yoast SEO v27.4) - https:\/\/yoast.com\/product\/yoast-seo-premium-wordpress\/ -->\n<title>Nicaraguan Chef Armando Tam Conquers San Francisco with Latin Flavors<\/title>\n<meta name=\"description\" content=\"The Nicaraguan chef hosts monthly pop-up events, bringing together around 300 diners who come to discover his innovative culinary combinations\" \/>\n<meta name=\"robots\" content=\"index, follow, max-snippet:-1, max-image-preview:large, max-video-preview:-1\" \/>\n<link rel=\"canonical\" href=\"https:\/\/confidencial.digital\/en\/migrants\/nicaraguan-chef-armando-tam-conquers-san-francisco-with-latin-flavors\/\" \/>\n<meta property=\"og:locale\" content=\"en_US\" \/>\n<meta property=\"og:type\" content=\"article\" \/>\n<meta property=\"og:title\" content=\"Nicaraguan Chef Armando Tam Conquers San Francisco with Latin Flavors\" \/>\n<meta property=\"og:description\" content=\"The Nicaraguan chef hosts monthly pop-up events, bringing together around 300 diners who come to discover his innovative culinary combinations\" \/>\n<meta property=\"og:url\" content=\"https:\/\/confidencial.digital\/en\/migrants\/nicaraguan-chef-armando-tam-conquers-san-francisco-with-latin-flavors\/\" \/>\n<meta property=\"og:site_name\" content=\"Confidencial\" \/>\n<meta property=\"article:publisher\" content=\"https:\/\/www.facebook.com\/confidencial.com.ni\" \/>\n<meta property=\"article:published_time\" content=\"2026-02-08T06:15:00+00:00\" \/>\n<meta property=\"article:modified_time\" content=\"2026-02-11T23:31:38+00:00\" \/>\n<meta property=\"og:image\" content=\"https:\/\/confidencial.digital\/wp-content\/uploads\/2026\/02\/Collage-Armando-Tam.jpg\" \/>\n\t<meta property=\"og:image:width\" content=\"1080\" \/>\n\t<meta property=\"og:image:height\" content=\"538\" \/>\n\t<meta property=\"og:image:type\" content=\"image\/jpeg\" \/>\n<meta name=\"author\" content=\"Nicas Migrantes\" \/>\n<meta name=\"twitter:card\" content=\"summary_large_image\" \/>\n<meta name=\"twitter:creator\" content=\"@confidencial_ni\" \/>\n<meta name=\"twitter:site\" content=\"@confidencial_ni\" \/>\n<meta name=\"twitter:label1\" content=\"Written by\" \/>\n\t<meta name=\"twitter:data1\" content=\"Nicas Migrantes\" \/>\n\t<meta name=\"twitter:label2\" content=\"Est. reading time\" \/>\n\t<meta name=\"twitter:data2\" content=\"5 minutes\" \/>\n<script type=\"application\/ld+json\" class=\"yoast-schema-graph\">{\"@context\":\"https:\\\/\\\/schema.org\",\"@graph\":[{\"@type\":\"NewsArticle\",\"@id\":\"https:\\\/\\\/confidencial.digital\\\/en\\\/migrants\\\/nicaraguan-chef-armando-tam-conquers-san-francisco-with-latin-flavors\\\/#article\",\"isPartOf\":{\"@id\":\"https:\\\/\\\/confidencial.digital\\\/en\\\/migrants\\\/nicaraguan-chef-armando-tam-conquers-san-francisco-with-latin-flavors\\\/\"},\"author\":{\"name\":\"Nicas Migrantes\",\"@id\":\"https:\\\/\\\/confidencial.digital\\\/en\\\/#\\\/schema\\\/person\\\/ed08103ce4aae07a9e00af4b3a1d2ae8\"},\"headline\":\"Nicaraguan Chef Armando Tam Conquers San Francisco with Latin Flavors\",\"datePublished\":\"2026-02-08T06:15:00+00:00\",\"dateModified\":\"2026-02-11T23:31:38+00:00\",\"mainEntityOfPage\":{\"@id\":\"https:\\\/\\\/confidencial.digital\\\/en\\\/migrants\\\/nicaraguan-chef-armando-tam-conquers-san-francisco-with-latin-flavors\\\/\"},\"wordCount\":997,\"publisher\":{\"@id\":\"https:\\\/\\\/confidencial.digital\\\/en\\\/#organization\"},\"image\":{\"@id\":\"https:\\\/\\\/confidencial.digital\\\/en\\\/migrants\\\/nicaraguan-chef-armando-tam-conquers-san-francisco-with-latin-flavors\\\/#primaryimage\"},\"thumbnailUrl\":\"https:\\\/\\\/confidencial.digital\\\/wp-content\\\/uploads\\\/2026\\\/02\\\/Collage-Armando-Tam.jpg\",\"articleSection\":[\"English\",\"Migrants\",\"Nicaraguans Around the World\"],\"inLanguage\":\"en-US\",\"copyrightYear\":\"2026\",\"copyrightHolder\":{\"@id\":\"https:\\\/\\\/confidencial.digital\\\/#organization\"}},{\"@type\":\"WebPage\",\"@id\":\"https:\\\/\\\/confidencial.digital\\\/en\\\/migrants\\\/nicaraguan-chef-armando-tam-conquers-san-francisco-with-latin-flavors\\\/\",\"url\":\"https:\\\/\\\/confidencial.digital\\\/en\\\/migrants\\\/nicaraguan-chef-armando-tam-conquers-san-francisco-with-latin-flavors\\\/\",\"name\":\"Nicaraguan Chef Armando Tam Conquers San Francisco with Latin Flavors\",\"isPartOf\":{\"@id\":\"https:\\\/\\\/confidencial.digital\\\/en\\\/#website\"},\"primaryImageOfPage\":{\"@id\":\"https:\\\/\\\/confidencial.digital\\\/en\\\/migrants\\\/nicaraguan-chef-armando-tam-conquers-san-francisco-with-latin-flavors\\\/#primaryimage\"},\"image\":{\"@id\":\"https:\\\/\\\/confidencial.digital\\\/en\\\/migrants\\\/nicaraguan-chef-armando-tam-conquers-san-francisco-with-latin-flavors\\\/#primaryimage\"},\"thumbnailUrl\":\"https:\\\/\\\/confidencial.digital\\\/wp-content\\\/uploads\\\/2026\\\/02\\\/Collage-Armando-Tam.jpg\",\"datePublished\":\"2026-02-08T06:15:00+00:00\",\"dateModified\":\"2026-02-11T23:31:38+00:00\",\"description\":\"The Nicaraguan chef hosts monthly pop-up events, bringing together around 300 diners who come to discover his innovative culinary combinations\",\"breadcrumb\":{\"@id\":\"https:\\\/\\\/confidencial.digital\\\/en\\\/migrants\\\/nicaraguan-chef-armando-tam-conquers-san-francisco-with-latin-flavors\\\/#breadcrumb\"},\"inLanguage\":\"en-US\",\"potentialAction\":[{\"@type\":\"ReadAction\",\"target\":[\"https:\\\/\\\/confidencial.digital\\\/en\\\/migrants\\\/nicaraguan-chef-armando-tam-conquers-san-francisco-with-latin-flavors\\\/\"]}]},{\"@type\":\"ImageObject\",\"inLanguage\":\"en-US\",\"@id\":\"https:\\\/\\\/confidencial.digital\\\/en\\\/migrants\\\/nicaraguan-chef-armando-tam-conquers-san-francisco-with-latin-flavors\\\/#primaryimage\",\"url\":\"https:\\\/\\\/confidencial.digital\\\/wp-content\\\/uploads\\\/2026\\\/02\\\/Collage-Armando-Tam.jpg\",\"contentUrl\":\"https:\\\/\\\/confidencial.digital\\\/wp-content\\\/uploads\\\/2026\\\/02\\\/Collage-Armando-Tam.jpg\",\"width\":1080,\"height\":538,\"caption\":\"Collage de fotograf\u00edas del chef Armando Tam cocinando y junto al libro que escribi\u00f3 Its a vibe\\\/\\\/ Foto: Cortes\u00eda\"},{\"@type\":\"BreadcrumbList\",\"@id\":\"https:\\\/\\\/confidencial.digital\\\/en\\\/migrants\\\/nicaraguan-chef-armando-tam-conquers-san-francisco-with-latin-flavors\\\/#breadcrumb\",\"itemListElement\":[{\"@type\":\"ListItem\",\"position\":1,\"name\":\"Portada\",\"item\":\"https:\\\/\\\/confidencial.digital\\\/en\\\/\"},{\"@type\":\"ListItem\",\"position\":2,\"name\":\"Nicaraguan Chef Armando Tam Conquers San Francisco with Latin Flavors\"}]},{\"@type\":\"WebSite\",\"@id\":\"https:\\\/\\\/confidencial.digital\\\/en\\\/#website\",\"url\":\"https:\\\/\\\/confidencial.digital\\\/en\\\/\",\"name\":\"Confidencial Nicaragua\",\"description\":\"Noticias de Nicaragua, informaci\u00f3n, an\u00e1lisis, reportajes, investigaciones, perfiles y entrevistas. Somos Confidencial. Hacemos periodismo independiente.\",\"publisher\":{\"@id\":\"https:\\\/\\\/confidencial.digital\\\/en\\\/#organization\"},\"potentialAction\":[{\"@type\":\"SearchAction\",\"target\":{\"@type\":\"EntryPoint\",\"urlTemplate\":\"https:\\\/\\\/confidencial.digital\\\/en\\\/?s={search_term_string}\"},\"query-input\":{\"@type\":\"PropertyValueSpecification\",\"valueRequired\":true,\"valueName\":\"search_term_string\"}}],\"inLanguage\":\"en-US\"},{\"@type\":\"Organization\",\"@id\":\"https:\\\/\\\/confidencial.digital\\\/en\\\/#organization\",\"name\":\"Confidencial\",\"url\":\"https:\\\/\\\/confidencial.digital\\\/en\\\/\",\"logo\":{\"@type\":\"ImageObject\",\"inLanguage\":\"en-US\",\"@id\":\"https:\\\/\\\/confidencial.digital\\\/en\\\/#\\\/schema\\\/logo\\\/image\\\/\",\"url\":\"https:\\\/\\\/confidencial.digital\\\/wp-content\\\/uploads\\\/2023\\\/09\\\/Confidencial_696x696.jpg\",\"contentUrl\":\"https:\\\/\\\/confidencial.digital\\\/wp-content\\\/uploads\\\/2023\\\/09\\\/Confidencial_696x696.jpg\",\"width\":696,\"height\":696,\"caption\":\"Confidencial\"},\"image\":{\"@id\":\"https:\\\/\\\/confidencial.digital\\\/en\\\/#\\\/schema\\\/logo\\\/image\\\/\"},\"sameAs\":[\"https:\\\/\\\/www.facebook.com\\\/confidencial.com.ni\",\"https:\\\/\\\/x.com\\\/confidencial_ni\",\"https:\\\/\\\/www.youtube.com\\\/user\\\/ConfidencialNica\",\"https:\\\/\\\/www.instagram.com\\\/confidencial_ni\\\/\",\"https:\\\/\\\/www.linkedin.com\\\/company\\\/confidencial-nicaragua\\\/\",\"https:\\\/\\\/open.spotify.com\\\/show\\\/1rNymjqQuqP1CTGqHKdQ24\",\"https:\\\/\\\/bsky.app\\\/profile\\\/confidencialni.bsky.social\",\"https:\\\/\\\/www.threads.com\\\/@confidencial_ni\"],\"description\":\"En Confidencial hacemos periodismo de investigaci\u00f3n y an\u00e1lisis independiente para Nicaragua y su di\u00e1spora en el mundo. Fundado en 1996\",\"email\":\"info@confidencial.digital\",\"foundingDate\":\"1996-06-01\"},{\"@type\":\"Person\",\"@id\":\"https:\\\/\\\/confidencial.digital\\\/en\\\/#\\\/schema\\\/person\\\/ed08103ce4aae07a9e00af4b3a1d2ae8\",\"name\":\"Nicas Migrantes\",\"image\":{\"@type\":\"ImageObject\",\"inLanguage\":\"en-US\",\"@id\":\"https:\\\/\\\/confidencial.digital\\\/wp-content\\\/uploads\\\/2024\\\/08\\\/nicas-migrantes_avatar-96x96.png\",\"url\":\"https:\\\/\\\/confidencial.digital\\\/wp-content\\\/uploads\\\/2024\\\/08\\\/nicas-migrantes_avatar-96x96.png\",\"contentUrl\":\"https:\\\/\\\/confidencial.digital\\\/wp-content\\\/uploads\\\/2024\\\/08\\\/nicas-migrantes_avatar-96x96.png\",\"caption\":\"Nicas Migrantes\"},\"description\":\"Nicas Migrantes es un proyecto period\u00edstico de CONFIDENCIAL especializado en abordar temas de inter\u00e9s y utilidad para la poblaci\u00f3n nicarag\u00fcense migrante en el mundo, principalmente en Costa Rica, Estados Unidos y Espa\u00f1a. El proyecto pionero naci\u00f3 en 2020 y produce contenidos en diferentes formatos period\u00edsticos y plataformas.\",\"url\":\"https:\\\/\\\/confidencial.digital\\\/en\\\/author\\\/nicasm\\\/\"}]}<\/script>\n<!-- \/ Yoast SEO Premium plugin. -->","yoast_head_json":{"title":"Nicaraguan Chef Armando Tam Conquers San Francisco with Latin Flavors","description":"The Nicaraguan chef hosts monthly pop-up events, bringing together around 300 diners who come to discover his innovative culinary combinations","robots":{"index":"index","follow":"follow","max-snippet":"max-snippet:-1","max-image-preview":"max-image-preview:large","max-video-preview":"max-video-preview:-1"},"canonical":"https:\/\/confidencial.digital\/en\/migrants\/nicaraguan-chef-armando-tam-conquers-san-francisco-with-latin-flavors\/","og_locale":"en_US","og_type":"article","og_title":"Nicaraguan Chef Armando Tam Conquers San Francisco with Latin Flavors","og_description":"The Nicaraguan chef hosts monthly pop-up events, bringing together around 300 diners who come to discover his innovative culinary combinations","og_url":"https:\/\/confidencial.digital\/en\/migrants\/nicaraguan-chef-armando-tam-conquers-san-francisco-with-latin-flavors\/","og_site_name":"Confidencial","article_publisher":"https:\/\/www.facebook.com\/confidencial.com.ni","article_published_time":"2026-02-08T06:15:00+00:00","article_modified_time":"2026-02-11T23:31:38+00:00","og_image":[{"width":1080,"height":538,"url":"https:\/\/confidencial.digital\/wp-content\/uploads\/2026\/02\/Collage-Armando-Tam.jpg","type":"image\/jpeg"}],"author":"Nicas Migrantes","twitter_card":"summary_large_image","twitter_creator":"@confidencial_ni","twitter_site":"@confidencial_ni","twitter_misc":{"Written by":"Nicas Migrantes","Est. reading time":"5 minutes"},"schema":{"@context":"https:\/\/schema.org","@graph":[{"@type":"NewsArticle","@id":"https:\/\/confidencial.digital\/en\/migrants\/nicaraguan-chef-armando-tam-conquers-san-francisco-with-latin-flavors\/#article","isPartOf":{"@id":"https:\/\/confidencial.digital\/en\/migrants\/nicaraguan-chef-armando-tam-conquers-san-francisco-with-latin-flavors\/"},"author":{"name":"Nicas Migrantes","@id":"https:\/\/confidencial.digital\/en\/#\/schema\/person\/ed08103ce4aae07a9e00af4b3a1d2ae8"},"headline":"Nicaraguan Chef Armando Tam Conquers San Francisco with Latin Flavors","datePublished":"2026-02-08T06:15:00+00:00","dateModified":"2026-02-11T23:31:38+00:00","mainEntityOfPage":{"@id":"https:\/\/confidencial.digital\/en\/migrants\/nicaraguan-chef-armando-tam-conquers-san-francisco-with-latin-flavors\/"},"wordCount":997,"publisher":{"@id":"https:\/\/confidencial.digital\/en\/#organization"},"image":{"@id":"https:\/\/confidencial.digital\/en\/migrants\/nicaraguan-chef-armando-tam-conquers-san-francisco-with-latin-flavors\/#primaryimage"},"thumbnailUrl":"https:\/\/confidencial.digital\/wp-content\/uploads\/2026\/02\/Collage-Armando-Tam.jpg","articleSection":["English","Migrants","Nicaraguans Around the World"],"inLanguage":"en-US","copyrightYear":"2026","copyrightHolder":{"@id":"https:\/\/confidencial.digital\/#organization"}},{"@type":"WebPage","@id":"https:\/\/confidencial.digital\/en\/migrants\/nicaraguan-chef-armando-tam-conquers-san-francisco-with-latin-flavors\/","url":"https:\/\/confidencial.digital\/en\/migrants\/nicaraguan-chef-armando-tam-conquers-san-francisco-with-latin-flavors\/","name":"Nicaraguan Chef Armando Tam Conquers San Francisco with Latin Flavors","isPartOf":{"@id":"https:\/\/confidencial.digital\/en\/#website"},"primaryImageOfPage":{"@id":"https:\/\/confidencial.digital\/en\/migrants\/nicaraguan-chef-armando-tam-conquers-san-francisco-with-latin-flavors\/#primaryimage"},"image":{"@id":"https:\/\/confidencial.digital\/en\/migrants\/nicaraguan-chef-armando-tam-conquers-san-francisco-with-latin-flavors\/#primaryimage"},"thumbnailUrl":"https:\/\/confidencial.digital\/wp-content\/uploads\/2026\/02\/Collage-Armando-Tam.jpg","datePublished":"2026-02-08T06:15:00+00:00","dateModified":"2026-02-11T23:31:38+00:00","description":"The Nicaraguan chef hosts monthly pop-up events, bringing together around 300 diners who come to discover his innovative culinary combinations","breadcrumb":{"@id":"https:\/\/confidencial.digital\/en\/migrants\/nicaraguan-chef-armando-tam-conquers-san-francisco-with-latin-flavors\/#breadcrumb"},"inLanguage":"en-US","potentialAction":[{"@type":"ReadAction","target":["https:\/\/confidencial.digital\/en\/migrants\/nicaraguan-chef-armando-tam-conquers-san-francisco-with-latin-flavors\/"]}]},{"@type":"ImageObject","inLanguage":"en-US","@id":"https:\/\/confidencial.digital\/en\/migrants\/nicaraguan-chef-armando-tam-conquers-san-francisco-with-latin-flavors\/#primaryimage","url":"https:\/\/confidencial.digital\/wp-content\/uploads\/2026\/02\/Collage-Armando-Tam.jpg","contentUrl":"https:\/\/confidencial.digital\/wp-content\/uploads\/2026\/02\/Collage-Armando-Tam.jpg","width":1080,"height":538,"caption":"Collage de fotograf\u00edas del chef Armando Tam cocinando y junto al libro que escribi\u00f3 Its a vibe\/\/ Foto: Cortes\u00eda"},{"@type":"BreadcrumbList","@id":"https:\/\/confidencial.digital\/en\/migrants\/nicaraguan-chef-armando-tam-conquers-san-francisco-with-latin-flavors\/#breadcrumb","itemListElement":[{"@type":"ListItem","position":1,"name":"Portada","item":"https:\/\/confidencial.digital\/en\/"},{"@type":"ListItem","position":2,"name":"Nicaraguan Chef Armando Tam Conquers San Francisco with Latin Flavors"}]},{"@type":"WebSite","@id":"https:\/\/confidencial.digital\/en\/#website","url":"https:\/\/confidencial.digital\/en\/","name":"Confidencial Nicaragua","description":"Noticias de Nicaragua, informaci\u00f3n, an\u00e1lisis, reportajes, investigaciones, perfiles y entrevistas. Somos Confidencial. Hacemos periodismo independiente.","publisher":{"@id":"https:\/\/confidencial.digital\/en\/#organization"},"potentialAction":[{"@type":"SearchAction","target":{"@type":"EntryPoint","urlTemplate":"https:\/\/confidencial.digital\/en\/?s={search_term_string}"},"query-input":{"@type":"PropertyValueSpecification","valueRequired":true,"valueName":"search_term_string"}}],"inLanguage":"en-US"},{"@type":"Organization","@id":"https:\/\/confidencial.digital\/en\/#organization","name":"Confidencial","url":"https:\/\/confidencial.digital\/en\/","logo":{"@type":"ImageObject","inLanguage":"en-US","@id":"https:\/\/confidencial.digital\/en\/#\/schema\/logo\/image\/","url":"https:\/\/confidencial.digital\/wp-content\/uploads\/2023\/09\/Confidencial_696x696.jpg","contentUrl":"https:\/\/confidencial.digital\/wp-content\/uploads\/2023\/09\/Confidencial_696x696.jpg","width":696,"height":696,"caption":"Confidencial"},"image":{"@id":"https:\/\/confidencial.digital\/en\/#\/schema\/logo\/image\/"},"sameAs":["https:\/\/www.facebook.com\/confidencial.com.ni","https:\/\/x.com\/confidencial_ni","https:\/\/www.youtube.com\/user\/ConfidencialNica","https:\/\/www.instagram.com\/confidencial_ni\/","https:\/\/www.linkedin.com\/company\/confidencial-nicaragua\/","https:\/\/open.spotify.com\/show\/1rNymjqQuqP1CTGqHKdQ24","https:\/\/bsky.app\/profile\/confidencialni.bsky.social","https:\/\/www.threads.com\/@confidencial_ni"],"description":"En Confidencial hacemos periodismo de investigaci\u00f3n y an\u00e1lisis independiente para Nicaragua y su di\u00e1spora en el mundo. Fundado en 1996","email":"info@confidencial.digital","foundingDate":"1996-06-01"},{"@type":"Person","@id":"https:\/\/confidencial.digital\/en\/#\/schema\/person\/ed08103ce4aae07a9e00af4b3a1d2ae8","name":"Nicas Migrantes","image":{"@type":"ImageObject","inLanguage":"en-US","@id":"https:\/\/confidencial.digital\/wp-content\/uploads\/2024\/08\/nicas-migrantes_avatar-96x96.png","url":"https:\/\/confidencial.digital\/wp-content\/uploads\/2024\/08\/nicas-migrantes_avatar-96x96.png","contentUrl":"https:\/\/confidencial.digital\/wp-content\/uploads\/2024\/08\/nicas-migrantes_avatar-96x96.png","caption":"Nicas Migrantes"},"description":"Nicas Migrantes es un proyecto period\u00edstico de CONFIDENCIAL especializado en abordar temas de inter\u00e9s y utilidad para la poblaci\u00f3n nicarag\u00fcense migrante en el mundo, principalmente en Costa Rica, Estados Unidos y Espa\u00f1a. El proyecto pionero naci\u00f3 en 2020 y produce contenidos en diferentes formatos period\u00edsticos y plataformas.","url":"https:\/\/confidencial.digital\/en\/author\/nicasm\/"}]}},"_links":{"self":[{"href":"https:\/\/confidencial.digital\/en\/wp-json\/wp\/v2\/posts\/183161","targetHints":{"allow":["GET"]}}],"collection":[{"href":"https:\/\/confidencial.digital\/en\/wp-json\/wp\/v2\/posts"}],"about":[{"href":"https:\/\/confidencial.digital\/en\/wp-json\/wp\/v2\/types\/post"}],"author":[{"embeddable":true,"href":"https:\/\/confidencial.digital\/en\/wp-json\/wp\/v2\/users\/1298"}],"replies":[{"embeddable":true,"href":"https:\/\/confidencial.digital\/en\/wp-json\/wp\/v2\/comments?post=183161"}],"version-history":[{"count":1,"href":"https:\/\/confidencial.digital\/en\/wp-json\/wp\/v2\/posts\/183161\/revisions"}],"predecessor-version":[{"id":183162,"href":"https:\/\/confidencial.digital\/en\/wp-json\/wp\/v2\/posts\/183161\/revisions\/183162"}],"wp:featuredmedia":[{"embeddable":true,"href":"https:\/\/confidencial.digital\/en\/wp-json\/wp\/v2\/media\/182986"}],"wp:attachment":[{"href":"https:\/\/confidencial.digital\/en\/wp-json\/wp\/v2\/media?parent=183161"}],"wp:term":[{"taxonomy":"category","embeddable":true,"href":"https:\/\/confidencial.digital\/en\/wp-json\/wp\/v2\/categories?post=183161"},{"taxonomy":"post_tag","embeddable":true,"href":"https:\/\/confidencial.digital\/en\/wp-json\/wp\/v2\/tags?post=183161"}],"curies":[{"name":"wp","href":"https:\/\/api.w.org\/{rel}","templated":true}]}}