{"id":183101,"date":"2026-02-09T00:20:00","date_gmt":"2026-02-09T06:20:00","guid":{"rendered":"https:\/\/confidencial.digital\/sin-categoria\/juan-pappier-nicaragua-is-the-north-korea-of-our-hemisphere-the-most-repressive-country\/"},"modified":"2026-02-09T06:04:55","modified_gmt":"2026-02-09T12:04:55","slug":"juan-pappier-nicaragua-is-the-north-korea-of-our-hemisphere-the-most-repressive-country","status":"publish","type":"post","link":"https:\/\/confidencial.digital\/en\/policy\/juan-pappier-nicaragua-is-the-north-korea-of-our-hemisphere-the-most-repressive-country\/","title":{"rendered":"Juan Pappier: \u201cNicaragua Is the North Korea of Our Hemisphere, the Most Repressive Country\u201d"},"content":{"rendered":"\n<p>The 2025 World Report on Human Rights released by Human Rights Watch on Wednesday, February 4, 2026, highlights the worsening totalitarian drift of Nicaragua\u2019s dictatorship, while also documenting \u201cthe worst situation for democracy and human rights in the United States in recent decades,\u201d summarized Juan Pappier, HRW\u2019s deputy director for the Americas.<\/p>\n\n<p>In a conversation on the program <em>Esta Semana<\/em><strong>,<\/strong> broadcast on <a href=\"https:\/\/www.youtube.com\/@ConfidencialNica\" target=\"_blank\" rel=\"noreferrer noopener\">CONFIDENCIAL\u2019s YouTube channel<\/a> due to television censorship in Nicaragua, Pappier analyzed the implications of U.S. President Donald Trump\u2019s policies for the promotion of human rights and international justice. <\/p>\n\n<p>\u201cUnfortunately, the United States has stopped supporting international justice efforts, and that will have an enormous cost for Nicaraguan victims. In the HRW report we call on middle-sized countries such as Brazil, Japan, the European Union, and Canada to fill the gap and help support these international justice mechanisms so that victims\u2014Nicaraguans, Venezuelans, and those from many dictatorships around the world\u2014continue to have access to justice,\u201d said the human rights defender.<\/p>\n\n<p><strong>The Human Rights Watch World Report highlights a greater concentration of power in Nicaragua and a new wave of repression in 2025 under the leadership of co-president Rosario Murillo. What are the consequences and the evidence of that repression?<br\/> <\/strong><br\/><br\/>Nicaragua continues on a totalitarian trajectory. I have said it many times and repeat it: today Nicaragua is the North Korea of our hemisphere, the most repressive country in our part of the world. <\/p>\n\n<p>In 2025,<a href=\"https:\/\/confidencial.digital\/en\/english\/hrw-new-constitution-intensified-dictatorial-drift-in-nicaragua\/\"> two new phenomena were added to this totalitarian wave<\/a>. First, the Constitution approved in January, which enshrines in law the absolute concentration of power in the co-presidency and makes the human rights established in the Constitution subject to the will of co-presidents Rosario Murillo and Daniel Ortega.  <\/p>\n\n<p>The other phenomenon that deepened in 2025 was the allegations of transnational repression, with the death of Roberto Samcam in Costa Rica\u2014his assassination\u2014and very serious reports from the United Nations Group of Experts on Nicaragua pointing to acts of repression, harassment, and even deaths of dissident critics of the Nicaraguan regime occurring outside Nicaraguan territory.<\/p>\n\n<figure class=\"wp-block-image size-large\"><img decoding=\"async\" width=\"1024\" height=\"736\" src=\"https:\/\/confidencial.digital\/wp-content\/uploads\/2026\/01\/Ortega-y-Murillo-en-acto-policial-1024x736.jpeg\" alt=\"Rosario Murillo with Daniel Ortega\" class=\"wp-image-182329\" srcset=\"https:\/\/confidencial.digital\/wp-content\/uploads\/2026\/01\/Ortega-y-Murillo-en-acto-policial-1024x736.jpeg 1024w, https:\/\/confidencial.digital\/wp-content\/uploads\/2026\/01\/Ortega-y-Murillo-en-acto-policial-300x216.jpeg 300w, https:\/\/confidencial.digital\/wp-content\/uploads\/2026\/01\/Ortega-y-Murillo-en-acto-policial-768x552.jpeg 768w, https:\/\/confidencial.digital\/wp-content\/uploads\/2026\/01\/Ortega-y-Murillo-en-acto-policial-480x345.jpeg 480w, https:\/\/confidencial.digital\/wp-content\/uploads\/2026\/01\/Ortega-y-Murillo-en-acto-policial.jpeg 1050w\" sizes=\"(max-width: 1024px) 100vw, 1024px\" \/><figcaption class=\"wp-element-caption\">Nicaragua&#8217;s spouses and \u201cco-presidents,\u201d Daniel Ortega and Rosario Murillo, attend a police cadet graduation ceremony on Thursday, January 15, 2026. | Photo: CCC <\/figcaption><\/figure>\n\n<p><strong>The report also highlights a new wave of arrests against regime supporters, including several former senior officials who are now imprisoned. The regime, which is based on corruption, accuses them of economic crimes. Are these former officials victims of human rights violations?<br\/> <br\/><\/strong><br\/>It is important that we denounce human rights violations regardless of who the victim or perpetrator is. That is what gives credibility to human rights work. In Nicaragua we are seeing a regime that is cannibalizing itself, with factions and internal struggles, and where, by decision of Rosario Murillo\u2014who is preparing her total succession in an attempt to crown herself in Nicaragua\u2014there are efforts to arbitrarily detain people, with due-process violations, sometimes enforced disappearances, even people who worked for Daniel Ortega\u2019s regime.  <br\/><br\/><strong>The report mentions the renewal of the mandate of the UN Group of Human Rights Experts, who have gathered evidence to bring the Nicaraguan state and more than 50 senior officials before international courts. At the same time, however, it highlights that U.S. President Donald Trump\u2019s policies tend to weaken international law. Can Nicaraguans still maintain expectations of international justice? Are there political conditions to pursue cases through international courts?  <\/strong><br\/><br\/>The work of international justice has become increasingly difficult. We are seeing that the United States has reduced funding to the United Nations, including the International Court of Justice, which would be a key mechanism for bringing Nicaragua before the courts. The United States owes nearly $40 million to international tribunals, including the International Court of Justice. In addition, it has taken actions against the International Criminal Court, sanctioning its prosecutor and some of its judges because they made the courageous decision to investigate the Netanyahu government in Israel for crimes against humanity committed in Gaza.    <\/p>\n\n<p>Unfortunately, the United States has stopped supporting international justice efforts, and that will carry an enormous cost for Nicaraguan victims. In the report, we call on middle-sized countries\u2014such as Brazil, Japan, the European Union, and Canada\u2014to step in, help sustain these international justice mechanisms, and ensure that victims like those from Nicaragua, Venezuela, and many other dictatorships around the world continue to have access to justice.<br\/>  <\/p>\n\n<p><strong>What possibilities exist regarding justice based on universal jurisdiction? In Nicaragua\u2019s case, proceedings were opened in Argentina\u2014could cases also be opened in other countries? The assassination of Roberto Samcam was carried out in Costa Rica, but there have also been Costa Rican victims, as well as victims from Brazil and other countries.<br\/>  <\/strong><br\/><br\/>It is very important that the investigation into Roberto Samcam\u2019s assassination move forward decisively and that Costa Rican authorities publicly report on its progress. Regarding universal jurisdiction, efforts should be made to bring the Nicaragua case before other domestic courts, not only Argentine courts. Unfortunately, Argentina\u2019s federal courts do not have the best reputation; they are highly influenced by politics. These are courts where judges often think more about Argentina\u2019s electoral calendar than about justice\u2014that is the reality. It is important to bring the case before other courts as well, in Latin America and in Europe, so that there can be accountability for the grave human rights violations and crimes against humanity committed in Nicaragua.<br\/>    <\/p>\n\n<p><strong>This week the OAS issued a resolution condemning Nicaragua\u2019s regime for repression, demanding the release of all political prisoners, and asking the Inter-American Commission on Human Rights to continue monitoring violations in Nicaragua, despite the dictatorship\u2019s withdrawal from the OAS. Given the current climate of polarization in Latin America, do the voices of the OAS and Latin American governments have any impact on Nicaragua\u2019s crisis?<br\/> <\/strong><\/p>\n\n<p>The OAS vote is useful for two reasons. First, it serves as a reminder that the OAS and the countries of the region have not forgotten what is happening in Nicaragua and are not normalizing it. It is important that there be periodic reminders that grave human rights violations are taking place in Nicaragua and that a dictatorship exists there. The statements by Commissioner Rosa Mar\u00eda Pay\u00e1, who is responsible for Nicaragua, were very forceful, clear, and important.  <\/p>\n\n<p>Second, the resolution received the support of virtually all countries in the region. That demonstrates the positions held in Latin America and the United States regarding what is happening in Nicaragua. It is important that those countries move forward with serious international justice mechanisms, including bringing Nicaragua\u2019s case before the International Court of Justice.  <\/p>\n\n<figure class=\"wp-block-image size-large\"><img decoding=\"async\" width=\"1024\" height=\"683\" src=\"https:\/\/confidencial.digital\/wp-content\/uploads\/2025\/10\/Marco-Rubio-con-Trump-1024x683.jpg\" alt=\"\" class=\"wp-image-175856\" srcset=\"https:\/\/confidencial.digital\/wp-content\/uploads\/2025\/10\/Marco-Rubio-con-Trump-1024x683.jpg 1024w, https:\/\/confidencial.digital\/wp-content\/uploads\/2025\/10\/Marco-Rubio-con-Trump-300x200.jpg 300w, https:\/\/confidencial.digital\/wp-content\/uploads\/2025\/10\/Marco-Rubio-con-Trump-768x512.jpg 768w, https:\/\/confidencial.digital\/wp-content\/uploads\/2025\/10\/Marco-Rubio-con-Trump-480x320.jpg 480w, https:\/\/confidencial.digital\/wp-content\/uploads\/2025\/10\/Marco-Rubio-con-Trump.jpg 1200w\" sizes=\"(max-width: 1024px) 100vw, 1024px\" \/><figcaption class=\"wp-element-caption\">U.S. Secretary of State Marco Rubio (left) speaks into the ear of U.S. President Donald Trump during a press conference at the White House, October 8, 2025. | Photo: EFE \/ Francis Chung <\/figcaption><\/figure>\n\n<p><strong>This Human Rights Watch report contains extensive findings on human rights violations in the United States and the country\u2019s democratic deterioration. How has the Trump administration responded to these allegations? <\/strong><br\/><br\/>So far, we have not received a response from the U.S. government. We launched the report yesterday (Wednesday, February 4) in Washington and were very clear about the human rights violations occurring in the United States, the deterioration of American democracy, and the campaign of persecution against migrants and asylum seekers in the country. This is not the only report we have published, and unfortunately the Trump administration\u2019s response tends to be evasive; there is usually no acknowledgment of the serious human rights violations taking place, nor any commitment to take meaningful measures to prevent these abuses. However, we continue working to ensure that our findings reach national courts in the United States so they can halt these decisions, to influence congressional decision-making, and to encourage steps that mitigate or stop the human rights violations committed by the administration.   <\/p>\n\n<p><strong>But has there ever been another report presenting stronger or more exhaustive criticism of human rights violations in the United States than this one?<\/strong><br\/>We have condemned abuses at Guant\u00e1namo, the torture that occurred during the war on terror, military operations carried out during the (Barack) Obama administration, and the inconsistencies of the (Joe) Biden administration. But the current situation in the United States regarding democracy and human rights is clearly the worst in recent decades. The deterioration over the past year has been brutal, which is why this report is so severe and critical about what is happening in the country today <br\/><br\/><strong>What role can the United States play at this time in promoting democracy and human rights in other countries if, within its own nation, they are being systematically violated and democratic institutions are being weakened?<br\/><\/strong><\/p>\n\n<p>Unfortunately, the trend toward authoritarianism in the United States is reflected in its foreign policy. We have seen support for authoritarian governments, such as Nayib Bukele\u2019s government in El Salvador, and even in the case of dictatorships they criticize\u2014such as Nicol\u00e1s Maduro\u2019s regime in Venezuela\u2014the measures they take do not help advance a democratic transition but instead risk helping consolidate the dictatorship in Venezuela in exchange for that regime serving U.S. commercial, economic, and political interests. This is a very troubling situation for the struggle for democracy and human rights throughout our hemisphere, and it is also a signal that governments in the region\u2014Mexico, Brazil, and others\u2014should strengthen the promotion of human rights and democracy in their foreign policies to fill the vacuum left by the United States in this crucial task.  <br\/><br\/><strong>The messages issued by the U.S. Bureau of Western Hemisphere Affairs regarding Nicaragua\u2014calling for the release of political prisoners or questioning the co-presidency system\u2014do they reflect political pressure from the Trump administration against the Nicaraguan regime, or are they simply bureaucratic actions by a State Department office?<br\/><\/strong><\/p>\n\n<p>There are different currents within the U.S. government. The one led by Secretary of State Marco Rubio has historically taken a critical stance and shown commitment regarding the situations in the dictatorships of Venezuela, Cuba, and Nicaragua, and Undersecretary Landau is aligned with that position. In meetings I have had with some embassies in Central America and other parts of the region, it is clear that there is an honest, genuine criticism of the human rights violations occurring in those countries.<br\/>   <\/p>\n\n<p>On the other hand, there is another sector within the Trump administration that has no interest in democracy and is focused solely on cooperation on migration issues to achieve higher deportation numbers, as well as on economic cooperation, and that wants democracy to play no role in U.S. foreign policy. President Trump himself is not interested in the issue of democracy and human rights. These are the internal tensions within the administration, which at times produce mixed and difficult-to-interpret messages, and we hope there will be stronger, more serious efforts to promote democracy than we have seen so far.  <br\/><br\/><strong>You mentioned that some middle-power countries such as Canada, Japan, the European Union, and Brazil could play a counterbalancing role to this wave of democratic backsliding and human rights violations. Is a new international democratic order possible?  <\/strong><\/p>\n\n<p>The current order is in crisis\u2014it is at a breaking point\u2014and the only hope we have is that middle-sized countries commit themselves to the values that formed the post-World War II consensus in the United Nations Charter and the Universal Declaration of Human Rights. That is the only hope left to protect this international legal architecture, which has enabled the work of the United Nations and the recognition and promotion of human rights\u2014efforts that are not merely bureaucratic at the international level but have direct implications for the human rights of all people. We are working to ensure that these middle powers take firmer positions, act jointly, and promote respect for international human rights law. It is the only hope we have left.<br\/> <br\/> <br\/>   <\/p>\n","protected":false},"excerpt":{"rendered":"<p>The 2025 World Report on Human Rights released by Human Rights Watch on Wednesday, February 4, 2026, highlights the worsening totalitarian drift of Nicaragua\u2019s dictatorship, while also documenting \u201cthe worst situation for democracy and human rights in the United States in recent decades,\u201d summarized Juan Pappier, HRW\u2019s deputy director for the Americas. In a conversation [&hellip;]<\/p>\n","protected":false},"author":16,"featured_media":159674,"comment_status":"closed","ping_status":"closed","sticky":false,"template":"","format":"standard","meta":{"_acf_changed":false,"_eb_attr":"","_eb_data_table":"","footnotes":""},"categories":[15445,15449],"tags":[],"class_list":["post-183101","post","type-post","status-publish","format-standard","has-post-thumbnail","hentry","category-english","category-policy"],"acf":[],"yoast_head":"<!-- This site is optimized with the Yoast SEO Premium plugin v27.4 (Yoast SEO v27.4) - https:\/\/yoast.com\/product\/yoast-seo-premium-wordpress\/ -->\n<title>Juan Pappier: \u201cNicaragua es la Corea del Norte de nuestro hemisferio\u201d<\/title>\n<meta name=\"description\" content=\"El subdirector para las Am\u00e9ricas de Human Rights Watch, Juan Pappier, destaca el agravamiento de la deriva totalitaria en Nicaragua y la &quot;peor situaci\u00f3n en democracia y derechos humanos&quot; en EE. UU.\" \/>\n<meta name=\"robots\" content=\"index, follow, max-snippet:-1, max-image-preview:large, max-video-preview:-1\" \/>\n<link rel=\"canonical\" href=\"https:\/\/confidencial.digital\/en\/policy\/juan-pappier-nicaragua-is-the-north-korea-of-our-hemisphere-the-most-repressive-country\/\" \/>\n<meta property=\"og:locale\" content=\"en_US\" \/>\n<meta property=\"og:type\" content=\"article\" \/>\n<meta property=\"og:title\" content=\"Juan Pappier: \u201cNicaragua Is the North Korea of Our Hemisphere, the Most Repressive Country\u201d\" \/>\n<meta property=\"og:description\" content=\"El subdirector para las Am\u00e9ricas de Human Rights Watch, Juan Pappier, destaca el agravamiento de la deriva totalitaria en Nicaragua y la &quot;peor situaci\u00f3n en democracia y derechos humanos&quot; en EE. UU.\" \/>\n<meta property=\"og:url\" content=\"https:\/\/confidencial.digital\/en\/policy\/juan-pappier-nicaragua-is-the-north-korea-of-our-hemisphere-the-most-repressive-country\/\" \/>\n<meta property=\"og:site_name\" content=\"Confidencial\" \/>\n<meta property=\"article:publisher\" content=\"https:\/\/www.facebook.com\/confidencial.com.ni\" \/>\n<meta property=\"article:published_time\" content=\"2026-02-09T06:20:00+00:00\" \/>\n<meta property=\"article:modified_time\" content=\"2026-02-09T12:04:55+00:00\" \/>\n<meta property=\"og:image\" content=\"https:\/\/confidencial.digital\/wp-content\/uploads\/2024\/02\/JuanPappier.jpg\" \/>\n\t<meta property=\"og:image:width\" content=\"1200\" \/>\n\t<meta property=\"og:image:height\" content=\"800\" \/>\n\t<meta property=\"og:image:type\" content=\"image\/jpeg\" \/>\n<meta name=\"author\" content=\"Carlos F. Chamorro\" \/>\n<meta name=\"twitter:card\" content=\"summary_large_image\" \/>\n<meta name=\"twitter:creator\" content=\"@cefeche\" \/>\n<meta name=\"twitter:site\" content=\"@confidencial_ni\" \/>\n<meta name=\"twitter:label1\" content=\"Written by\" \/>\n\t<meta name=\"twitter:data1\" content=\"Carlos F. Chamorro\" \/>\n\t<meta name=\"twitter:label2\" content=\"Est. reading time\" \/>\n\t<meta name=\"twitter:data2\" content=\"10 minutes\" \/>\n<script type=\"application\/ld+json\" class=\"yoast-schema-graph\">{\"@context\":\"https:\\\/\\\/schema.org\",\"@graph\":[{\"@type\":\"NewsArticle\",\"@id\":\"https:\\\/\\\/confidencial.digital\\\/en\\\/policy\\\/juan-pappier-nicaragua-is-the-north-korea-of-our-hemisphere-the-most-repressive-country\\\/#article\",\"isPartOf\":{\"@id\":\"https:\\\/\\\/confidencial.digital\\\/en\\\/policy\\\/juan-pappier-nicaragua-is-the-north-korea-of-our-hemisphere-the-most-repressive-country\\\/\"},\"author\":{\"name\":\"Carlos F. Chamorro\",\"@id\":\"https:\\\/\\\/confidencial.digital\\\/en\\\/#\\\/schema\\\/person\\\/829aac8ce3e64b7f95decfbb4478bd4f\"},\"headline\":\"Juan Pappier: \u201cNicaragua Is the North Korea of Our Hemisphere, the Most Repressive Country\u201d\",\"datePublished\":\"2026-02-09T06:20:00+00:00\",\"dateModified\":\"2026-02-09T12:04:55+00:00\",\"mainEntityOfPage\":{\"@id\":\"https:\\\/\\\/confidencial.digital\\\/en\\\/policy\\\/juan-pappier-nicaragua-is-the-north-korea-of-our-hemisphere-the-most-repressive-country\\\/\"},\"wordCount\":1987,\"publisher\":{\"@id\":\"https:\\\/\\\/confidencial.digital\\\/en\\\/#organization\"},\"image\":{\"@id\":\"https:\\\/\\\/confidencial.digital\\\/en\\\/policy\\\/juan-pappier-nicaragua-is-the-north-korea-of-our-hemisphere-the-most-repressive-country\\\/#primaryimage\"},\"thumbnailUrl\":\"https:\\\/\\\/confidencial.digital\\\/wp-content\\\/uploads\\\/2024\\\/02\\\/JuanPappier.jpg\",\"articleSection\":[\"English\",\"Policy\"],\"inLanguage\":\"en-US\",\"copyrightYear\":\"2026\",\"copyrightHolder\":{\"@id\":\"https:\\\/\\\/confidencial.digital\\\/#organization\"}},{\"@type\":\"WebPage\",\"@id\":\"https:\\\/\\\/confidencial.digital\\\/en\\\/policy\\\/juan-pappier-nicaragua-is-the-north-korea-of-our-hemisphere-the-most-repressive-country\\\/\",\"url\":\"https:\\\/\\\/confidencial.digital\\\/en\\\/policy\\\/juan-pappier-nicaragua-is-the-north-korea-of-our-hemisphere-the-most-repressive-country\\\/\",\"name\":\"Juan Pappier: \u201cNicaragua es la Corea del Norte de nuestro hemisferio\u201d\",\"isPartOf\":{\"@id\":\"https:\\\/\\\/confidencial.digital\\\/en\\\/#website\"},\"primaryImageOfPage\":{\"@id\":\"https:\\\/\\\/confidencial.digital\\\/en\\\/policy\\\/juan-pappier-nicaragua-is-the-north-korea-of-our-hemisphere-the-most-repressive-country\\\/#primaryimage\"},\"image\":{\"@id\":\"https:\\\/\\\/confidencial.digital\\\/en\\\/policy\\\/juan-pappier-nicaragua-is-the-north-korea-of-our-hemisphere-the-most-repressive-country\\\/#primaryimage\"},\"thumbnailUrl\":\"https:\\\/\\\/confidencial.digital\\\/wp-content\\\/uploads\\\/2024\\\/02\\\/JuanPappier.jpg\",\"datePublished\":\"2026-02-09T06:20:00+00:00\",\"dateModified\":\"2026-02-09T12:04:55+00:00\",\"description\":\"El subdirector para las Am\u00e9ricas de Human Rights Watch, Juan Pappier, destaca el agravamiento de la deriva totalitaria en Nicaragua y la \\\"peor situaci\u00f3n en democracia y derechos humanos\\\" en EE. UU.\",\"breadcrumb\":{\"@id\":\"https:\\\/\\\/confidencial.digital\\\/en\\\/policy\\\/juan-pappier-nicaragua-is-the-north-korea-of-our-hemisphere-the-most-repressive-country\\\/#breadcrumb\"},\"inLanguage\":\"en-US\",\"potentialAction\":[{\"@type\":\"ReadAction\",\"target\":[\"https:\\\/\\\/confidencial.digital\\\/en\\\/policy\\\/juan-pappier-nicaragua-is-the-north-korea-of-our-hemisphere-the-most-repressive-country\\\/\"]}]},{\"@type\":\"ImageObject\",\"inLanguage\":\"en-US\",\"@id\":\"https:\\\/\\\/confidencial.digital\\\/en\\\/policy\\\/juan-pappier-nicaragua-is-the-north-korea-of-our-hemisphere-the-most-repressive-country\\\/#primaryimage\",\"url\":\"https:\\\/\\\/confidencial.digital\\\/wp-content\\\/uploads\\\/2024\\\/02\\\/JuanPappier.jpg\",\"contentUrl\":\"https:\\\/\\\/confidencial.digital\\\/wp-content\\\/uploads\\\/2024\\\/02\\\/JuanPappier.jpg\",\"width\":1200,\"height\":800,\"caption\":\"El subdirector de la Divisi\u00f3n de las Am\u00e9ricas de Human Rights Watch (HRW), Juan Pappier, en una fotograf\u00eda de archivo. \\\/\\\/ Foto: EFE | Gustavo Amador\"},{\"@type\":\"BreadcrumbList\",\"@id\":\"https:\\\/\\\/confidencial.digital\\\/en\\\/policy\\\/juan-pappier-nicaragua-is-the-north-korea-of-our-hemisphere-the-most-repressive-country\\\/#breadcrumb\",\"itemListElement\":[{\"@type\":\"ListItem\",\"position\":1,\"name\":\"Portada\",\"item\":\"https:\\\/\\\/confidencial.digital\\\/en\\\/\"},{\"@type\":\"ListItem\",\"position\":2,\"name\":\"Juan Pappier: \u201cNicaragua Is the North Korea of Our Hemisphere, the Most Repressive Country\u201d\"}]},{\"@type\":\"WebSite\",\"@id\":\"https:\\\/\\\/confidencial.digital\\\/en\\\/#website\",\"url\":\"https:\\\/\\\/confidencial.digital\\\/en\\\/\",\"name\":\"Confidencial Nicaragua\",\"description\":\"Noticias de Nicaragua, informaci\u00f3n, an\u00e1lisis, reportajes, investigaciones, perfiles y entrevistas. Somos Confidencial. Hacemos periodismo independiente.\",\"publisher\":{\"@id\":\"https:\\\/\\\/confidencial.digital\\\/en\\\/#organization\"},\"potentialAction\":[{\"@type\":\"SearchAction\",\"target\":{\"@type\":\"EntryPoint\",\"urlTemplate\":\"https:\\\/\\\/confidencial.digital\\\/en\\\/?s={search_term_string}\"},\"query-input\":{\"@type\":\"PropertyValueSpecification\",\"valueRequired\":true,\"valueName\":\"search_term_string\"}}],\"inLanguage\":\"en-US\"},{\"@type\":\"Organization\",\"@id\":\"https:\\\/\\\/confidencial.digital\\\/en\\\/#organization\",\"name\":\"Confidencial\",\"url\":\"https:\\\/\\\/confidencial.digital\\\/en\\\/\",\"logo\":{\"@type\":\"ImageObject\",\"inLanguage\":\"en-US\",\"@id\":\"https:\\\/\\\/confidencial.digital\\\/en\\\/#\\\/schema\\\/logo\\\/image\\\/\",\"url\":\"https:\\\/\\\/confidencial.digital\\\/wp-content\\\/uploads\\\/2023\\\/09\\\/Confidencial_696x696.jpg\",\"contentUrl\":\"https:\\\/\\\/confidencial.digital\\\/wp-content\\\/uploads\\\/2023\\\/09\\\/Confidencial_696x696.jpg\",\"width\":696,\"height\":696,\"caption\":\"Confidencial\"},\"image\":{\"@id\":\"https:\\\/\\\/confidencial.digital\\\/en\\\/#\\\/schema\\\/logo\\\/image\\\/\"},\"sameAs\":[\"https:\\\/\\\/www.facebook.com\\\/confidencial.com.ni\",\"https:\\\/\\\/x.com\\\/confidencial_ni\",\"https:\\\/\\\/www.youtube.com\\\/user\\\/ConfidencialNica\",\"https:\\\/\\\/www.instagram.com\\\/confidencial_ni\\\/\",\"https:\\\/\\\/www.linkedin.com\\\/company\\\/confidencial-nicaragua\\\/\",\"https:\\\/\\\/open.spotify.com\\\/show\\\/1rNymjqQuqP1CTGqHKdQ24\",\"https:\\\/\\\/bsky.app\\\/profile\\\/confidencialni.bsky.social\",\"https:\\\/\\\/www.threads.com\\\/@confidencial_ni\"],\"description\":\"En Confidencial hacemos periodismo de investigaci\u00f3n y an\u00e1lisis independiente para Nicaragua y su di\u00e1spora en el mundo. Fundado en 1996\",\"email\":\"info@confidencial.digital\",\"foundingDate\":\"1996-06-01\"},{\"@type\":\"Person\",\"@id\":\"https:\\\/\\\/confidencial.digital\\\/en\\\/#\\\/schema\\\/person\\\/829aac8ce3e64b7f95decfbb4478bd4f\",\"name\":\"Carlos F. Chamorro\",\"image\":{\"@type\":\"ImageObject\",\"inLanguage\":\"en-US\",\"@id\":\"https:\\\/\\\/confidencial.digital\\\/wp-content\\\/uploads\\\/2025\\\/06\\\/carlos-f.-chamorro_avatar-96x96.jpg\",\"url\":\"https:\\\/\\\/confidencial.digital\\\/wp-content\\\/uploads\\\/2025\\\/06\\\/carlos-f.-chamorro_avatar-96x96.jpg\",\"contentUrl\":\"https:\\\/\\\/confidencial.digital\\\/wp-content\\\/uploads\\\/2025\\\/06\\\/carlos-f.-chamorro_avatar-96x96.jpg\",\"caption\":\"Carlos F. Chamorro\"},\"description\":\"Periodista nicarag\u00fcense, exiliado en Costa Rica. Fundador y director de Confidencial y Esta Semana. Miembro del Consejo Rector de la Fundaci\u00f3n Gabo. Ha sido Knight Fellow en la Universidad de Stanford (1997-1998) y profesor visitante en la Maestr\u00eda de Periodismo de la Universidad de Berkeley, California (1998-1999). En mayo 2009, obtuvo el Premio a la Libertad de Expresi\u00f3n en Iberoam\u00e9rica, de Casa Am\u00e9rica Catalu\u00f1a (Espa\u00f1a). En octubre de 2010 recibi\u00f3 el Premio Maria Moors Cabot de la Escuela de Periodismo de la Universidad de Columbia en Nueva York. En 2021 obtuvo el Premio Ortega y Gasset por su trayectoria period\u00edstica.\",\"sameAs\":[\"https:\\\/\\\/x.com\\\/cefeche\"],\"url\":\"https:\\\/\\\/confidencial.digital\\\/en\\\/author\\\/c-f-chamorro\\\/\"}]}<\/script>\n<!-- \/ Yoast SEO Premium plugin. -->","yoast_head_json":{"title":"Juan Pappier: \u201cNicaragua es la Corea del Norte de nuestro hemisferio\u201d","description":"El subdirector para las Am\u00e9ricas de Human Rights Watch, Juan Pappier, destaca el agravamiento de la deriva totalitaria en Nicaragua y la \"peor situaci\u00f3n en democracia y derechos humanos\" en EE. UU.","robots":{"index":"index","follow":"follow","max-snippet":"max-snippet:-1","max-image-preview":"max-image-preview:large","max-video-preview":"max-video-preview:-1"},"canonical":"https:\/\/confidencial.digital\/en\/policy\/juan-pappier-nicaragua-is-the-north-korea-of-our-hemisphere-the-most-repressive-country\/","og_locale":"en_US","og_type":"article","og_title":"Juan Pappier: \u201cNicaragua Is the North Korea of Our Hemisphere, the Most Repressive Country\u201d","og_description":"El subdirector para las Am\u00e9ricas de Human Rights Watch, Juan Pappier, destaca el agravamiento de la deriva totalitaria en Nicaragua y la \"peor situaci\u00f3n en democracia y derechos humanos\" en EE. UU.","og_url":"https:\/\/confidencial.digital\/en\/policy\/juan-pappier-nicaragua-is-the-north-korea-of-our-hemisphere-the-most-repressive-country\/","og_site_name":"Confidencial","article_publisher":"https:\/\/www.facebook.com\/confidencial.com.ni","article_published_time":"2026-02-09T06:20:00+00:00","article_modified_time":"2026-02-09T12:04:55+00:00","og_image":[{"width":1200,"height":800,"url":"https:\/\/confidencial.digital\/wp-content\/uploads\/2024\/02\/JuanPappier.jpg","type":"image\/jpeg"}],"author":"Carlos F. Chamorro","twitter_card":"summary_large_image","twitter_creator":"@cefeche","twitter_site":"@confidencial_ni","twitter_misc":{"Written by":"Carlos F. Chamorro","Est. reading time":"10 minutes"},"schema":{"@context":"https:\/\/schema.org","@graph":[{"@type":"NewsArticle","@id":"https:\/\/confidencial.digital\/en\/policy\/juan-pappier-nicaragua-is-the-north-korea-of-our-hemisphere-the-most-repressive-country\/#article","isPartOf":{"@id":"https:\/\/confidencial.digital\/en\/policy\/juan-pappier-nicaragua-is-the-north-korea-of-our-hemisphere-the-most-repressive-country\/"},"author":{"name":"Carlos F. Chamorro","@id":"https:\/\/confidencial.digital\/en\/#\/schema\/person\/829aac8ce3e64b7f95decfbb4478bd4f"},"headline":"Juan Pappier: \u201cNicaragua Is the North Korea of Our Hemisphere, the Most Repressive Country\u201d","datePublished":"2026-02-09T06:20:00+00:00","dateModified":"2026-02-09T12:04:55+00:00","mainEntityOfPage":{"@id":"https:\/\/confidencial.digital\/en\/policy\/juan-pappier-nicaragua-is-the-north-korea-of-our-hemisphere-the-most-repressive-country\/"},"wordCount":1987,"publisher":{"@id":"https:\/\/confidencial.digital\/en\/#organization"},"image":{"@id":"https:\/\/confidencial.digital\/en\/policy\/juan-pappier-nicaragua-is-the-north-korea-of-our-hemisphere-the-most-repressive-country\/#primaryimage"},"thumbnailUrl":"https:\/\/confidencial.digital\/wp-content\/uploads\/2024\/02\/JuanPappier.jpg","articleSection":["English","Policy"],"inLanguage":"en-US","copyrightYear":"2026","copyrightHolder":{"@id":"https:\/\/confidencial.digital\/#organization"}},{"@type":"WebPage","@id":"https:\/\/confidencial.digital\/en\/policy\/juan-pappier-nicaragua-is-the-north-korea-of-our-hemisphere-the-most-repressive-country\/","url":"https:\/\/confidencial.digital\/en\/policy\/juan-pappier-nicaragua-is-the-north-korea-of-our-hemisphere-the-most-repressive-country\/","name":"Juan Pappier: \u201cNicaragua es la Corea del Norte de nuestro hemisferio\u201d","isPartOf":{"@id":"https:\/\/confidencial.digital\/en\/#website"},"primaryImageOfPage":{"@id":"https:\/\/confidencial.digital\/en\/policy\/juan-pappier-nicaragua-is-the-north-korea-of-our-hemisphere-the-most-repressive-country\/#primaryimage"},"image":{"@id":"https:\/\/confidencial.digital\/en\/policy\/juan-pappier-nicaragua-is-the-north-korea-of-our-hemisphere-the-most-repressive-country\/#primaryimage"},"thumbnailUrl":"https:\/\/confidencial.digital\/wp-content\/uploads\/2024\/02\/JuanPappier.jpg","datePublished":"2026-02-09T06:20:00+00:00","dateModified":"2026-02-09T12:04:55+00:00","description":"El subdirector para las Am\u00e9ricas de Human Rights Watch, Juan Pappier, destaca el agravamiento de la deriva totalitaria en Nicaragua y la \"peor situaci\u00f3n en democracia y derechos humanos\" en EE. UU.","breadcrumb":{"@id":"https:\/\/confidencial.digital\/en\/policy\/juan-pappier-nicaragua-is-the-north-korea-of-our-hemisphere-the-most-repressive-country\/#breadcrumb"},"inLanguage":"en-US","potentialAction":[{"@type":"ReadAction","target":["https:\/\/confidencial.digital\/en\/policy\/juan-pappier-nicaragua-is-the-north-korea-of-our-hemisphere-the-most-repressive-country\/"]}]},{"@type":"ImageObject","inLanguage":"en-US","@id":"https:\/\/confidencial.digital\/en\/policy\/juan-pappier-nicaragua-is-the-north-korea-of-our-hemisphere-the-most-repressive-country\/#primaryimage","url":"https:\/\/confidencial.digital\/wp-content\/uploads\/2024\/02\/JuanPappier.jpg","contentUrl":"https:\/\/confidencial.digital\/wp-content\/uploads\/2024\/02\/JuanPappier.jpg","width":1200,"height":800,"caption":"El subdirector de la Divisi\u00f3n de las Am\u00e9ricas de Human Rights Watch (HRW), Juan Pappier, en una fotograf\u00eda de archivo. \/\/ Foto: EFE | Gustavo Amador"},{"@type":"BreadcrumbList","@id":"https:\/\/confidencial.digital\/en\/policy\/juan-pappier-nicaragua-is-the-north-korea-of-our-hemisphere-the-most-repressive-country\/#breadcrumb","itemListElement":[{"@type":"ListItem","position":1,"name":"Portada","item":"https:\/\/confidencial.digital\/en\/"},{"@type":"ListItem","position":2,"name":"Juan Pappier: \u201cNicaragua Is the North Korea of Our Hemisphere, the Most Repressive Country\u201d"}]},{"@type":"WebSite","@id":"https:\/\/confidencial.digital\/en\/#website","url":"https:\/\/confidencial.digital\/en\/","name":"Confidencial Nicaragua","description":"Noticias de Nicaragua, informaci\u00f3n, an\u00e1lisis, reportajes, investigaciones, perfiles y entrevistas. Somos Confidencial. Hacemos periodismo independiente.","publisher":{"@id":"https:\/\/confidencial.digital\/en\/#organization"},"potentialAction":[{"@type":"SearchAction","target":{"@type":"EntryPoint","urlTemplate":"https:\/\/confidencial.digital\/en\/?s={search_term_string}"},"query-input":{"@type":"PropertyValueSpecification","valueRequired":true,"valueName":"search_term_string"}}],"inLanguage":"en-US"},{"@type":"Organization","@id":"https:\/\/confidencial.digital\/en\/#organization","name":"Confidencial","url":"https:\/\/confidencial.digital\/en\/","logo":{"@type":"ImageObject","inLanguage":"en-US","@id":"https:\/\/confidencial.digital\/en\/#\/schema\/logo\/image\/","url":"https:\/\/confidencial.digital\/wp-content\/uploads\/2023\/09\/Confidencial_696x696.jpg","contentUrl":"https:\/\/confidencial.digital\/wp-content\/uploads\/2023\/09\/Confidencial_696x696.jpg","width":696,"height":696,"caption":"Confidencial"},"image":{"@id":"https:\/\/confidencial.digital\/en\/#\/schema\/logo\/image\/"},"sameAs":["https:\/\/www.facebook.com\/confidencial.com.ni","https:\/\/x.com\/confidencial_ni","https:\/\/www.youtube.com\/user\/ConfidencialNica","https:\/\/www.instagram.com\/confidencial_ni\/","https:\/\/www.linkedin.com\/company\/confidencial-nicaragua\/","https:\/\/open.spotify.com\/show\/1rNymjqQuqP1CTGqHKdQ24","https:\/\/bsky.app\/profile\/confidencialni.bsky.social","https:\/\/www.threads.com\/@confidencial_ni"],"description":"En Confidencial hacemos periodismo de investigaci\u00f3n y an\u00e1lisis independiente para Nicaragua y su di\u00e1spora en el mundo. Fundado en 1996","email":"info@confidencial.digital","foundingDate":"1996-06-01"},{"@type":"Person","@id":"https:\/\/confidencial.digital\/en\/#\/schema\/person\/829aac8ce3e64b7f95decfbb4478bd4f","name":"Carlos F. Chamorro","image":{"@type":"ImageObject","inLanguage":"en-US","@id":"https:\/\/confidencial.digital\/wp-content\/uploads\/2025\/06\/carlos-f.-chamorro_avatar-96x96.jpg","url":"https:\/\/confidencial.digital\/wp-content\/uploads\/2025\/06\/carlos-f.-chamorro_avatar-96x96.jpg","contentUrl":"https:\/\/confidencial.digital\/wp-content\/uploads\/2025\/06\/carlos-f.-chamorro_avatar-96x96.jpg","caption":"Carlos F. Chamorro"},"description":"Periodista nicarag\u00fcense, exiliado en Costa Rica. Fundador y director de Confidencial y Esta Semana. Miembro del Consejo Rector de la Fundaci\u00f3n Gabo. Ha sido Knight Fellow en la Universidad de Stanford (1997-1998) y profesor visitante en la Maestr\u00eda de Periodismo de la Universidad de Berkeley, California (1998-1999). En mayo 2009, obtuvo el Premio a la Libertad de Expresi\u00f3n en Iberoam\u00e9rica, de Casa Am\u00e9rica Catalu\u00f1a (Espa\u00f1a). En octubre de 2010 recibi\u00f3 el Premio Maria Moors Cabot de la Escuela de Periodismo de la Universidad de Columbia en Nueva York. En 2021 obtuvo el Premio Ortega y Gasset por su trayectoria period\u00edstica.","sameAs":["https:\/\/x.com\/cefeche"],"url":"https:\/\/confidencial.digital\/en\/author\/c-f-chamorro\/"}]}},"_links":{"self":[{"href":"https:\/\/confidencial.digital\/en\/wp-json\/wp\/v2\/posts\/183101","targetHints":{"allow":["GET"]}}],"collection":[{"href":"https:\/\/confidencial.digital\/en\/wp-json\/wp\/v2\/posts"}],"about":[{"href":"https:\/\/confidencial.digital\/en\/wp-json\/wp\/v2\/types\/post"}],"author":[{"embeddable":true,"href":"https:\/\/confidencial.digital\/en\/wp-json\/wp\/v2\/users\/16"}],"replies":[{"embeddable":true,"href":"https:\/\/confidencial.digital\/en\/wp-json\/wp\/v2\/comments?post=183101"}],"version-history":[{"count":3,"href":"https:\/\/confidencial.digital\/en\/wp-json\/wp\/v2\/posts\/183101\/revisions"}],"predecessor-version":[{"id":183104,"href":"https:\/\/confidencial.digital\/en\/wp-json\/wp\/v2\/posts\/183101\/revisions\/183104"}],"wp:featuredmedia":[{"embeddable":true,"href":"https:\/\/confidencial.digital\/en\/wp-json\/wp\/v2\/media\/159674"}],"wp:attachment":[{"href":"https:\/\/confidencial.digital\/en\/wp-json\/wp\/v2\/media?parent=183101"}],"wp:term":[{"taxonomy":"category","embeddable":true,"href":"https:\/\/confidencial.digital\/en\/wp-json\/wp\/v2\/categories?post=183101"},{"taxonomy":"post_tag","embeddable":true,"href":"https:\/\/confidencial.digital\/en\/wp-json\/wp\/v2\/tags?post=183101"}],"curies":[{"name":"wp","href":"https:\/\/api.w.org\/{rel}","templated":true}]}}