{"id":183099,"date":"2026-02-07T00:05:00","date_gmt":"2026-02-07T06:05:00","guid":{"rendered":"https:\/\/confidencial.digital\/sin-categoria\/what-does-marco-rubio-want-with-cuba\/"},"modified":"2026-02-09T06:07:03","modified_gmt":"2026-02-09T12:07:03","slug":"what-does-marco-rubio-want-with-cuba","status":"publish","type":"post","link":"https:\/\/confidencial.digital\/en\/english\/what-does-marco-rubio-want-with-cuba\/","title":{"rendered":"What Does Marco Rubio Want With Cuba?"},"content":{"rendered":"\n<p>Miguel Diaz-Canel, the hand-picked president of Cuba, has just announced that the island has not received fuel since the month of December. This means, among other things, that neither Russia nor Mexico delivered a single barrel of oil during January. It also means that Mexico, at least \u2014 but obviously Putin as well \u2014 has complied with Donald Trump\u2019s instructions to suspend crude shipments to Cuba.   <\/p>\n\n<p>This clarifies the disagreement that arose between Trump and President Claudia Sheinbaum. As will be recalled, he stated a few days ago that he told Sheinbaum to stop supplying oil to the island. She said they had not spoken regarding Cuba, and that Marco Rubio and Mexican Foreign Minister Juan Ramon de la Fuente had spoken on the issue. Euphemisms aside, Trump obviously told the truth and Sheinbaum did not. It is not the first time, nor will it be the last.   <\/p>\n\n<p>There is another divergence regarding possible contacts or negotiations between Cuba and the United States. Trump has said there are talks; Cuba\u2019s Foreign Ministry (MINREX) claims the opposite, setting aside technical conversations such as those that have always existed. The Madrid newspaper ABC maintains \u2014 based mainly on a text from just over a week ago by Carlos Cabrera Perez, a Cuban journalist based in Miami and Madrid \u2014 that the talks have indeed taken place. They were held in Mexico City since last week, and on the Cuban side were attended by Alejandro Castro Esp\u00edn, son of Raul Castro and Vilma Espin; and on the US side, senior CIA officials. ABC even claims that these meetings took place under a kind of sponsorship or monitoring by Mexico.    <\/p>\n\n<p>For now, it is impossible to know whether this is true. As anyone who has studied the history of relations between Cuba and the United States since 1959 knows well, contacts frequently occur. The book Back Channel to Cuba, by William LeoGrande and Peter Kornbluh, describes them with great precision and accuracy. When the thaw finally occurred in 2014\u20132015 between Washington and Havana, talks between Alejandro Castro Esp\u00edn himself and Ben Rhodes from Obama\u2019s team took place mainly in Canada. And the mediation, when there was any &#8211; neither the Cubans nor the United States like third party interference &#8211; was carried out by Pope Francis I. Therefore, it is not at all unlikely that such talks are taking place.    <\/p>\n\n<p>What we can say without much risk of being mistaken is the content of these talks, whether they are happening now or in the near future. And that content runs counter to the direction described by ABC and assumed by many possible participants as observers, mediators, or facilitators: Mexico, Brazil, Colombia. For some supporters of the Cuban dictatorship, the talks can and should focus only on the economic reforms that Cuba may or may not carry out, and on the initial arrival of humanitarian aid, beginning with oil but also extending to food, medicines, and spare parts for the country\u2019s power plants. In that scenario, as has always happened in such negotiations, Havana would release some \u2014 not necessarily all \u2014 of the more than one thousand political prisoners who survive in Cuban jails. Regime change, that is, the end of the dictatorship, would not be on the negotiating table.    <\/p>\n\n<p>It seems to me that this view is naive, lacking an understanding of what has happened in the United States in recent years, and driven by <em>wishful thinking<\/em> \u2014 or rather, <em>too little, too late<\/em>. Rubio, who will obviously direct the negotiations even if he does not personally participate in them, will not accept what Obama and Rhodes accepted more than 10 years ago. They will demand the end of the dictatorship, a regime change, and everything that this entails in a country like Cuba.    <\/p>\n\n<p>Given the catastrophic situation of the Cuban economy, and the fact that there is no short or medium term solution that does not include the United States, Washington will ask for what seems logical: dismantling the regime. This means: freeing all political prisoners, a timetable for holding elections in the near future, participation of all Cubans (whether from the island or from Miami), full freedom of the press, freedom to form political parties, to demonstrate, and to oppose, and the medium-term suspension of Cuba\u2019s current Constitution, which among other things provides for the existence of a single party. To think at this point in time, under these circumstances, that Trump is going to accept simple Cuban economic reforms in exchange for putting an end to what is now &#8211; not before &#8211; a blockade of Cuba, is delusional. That era has already passed.   <\/p>\n\n<p>Cuba should have accepted Obama&#8217;s subtext: a gradual political opening that would eventually lead to a democratic transition. It did not. Perhaps because Fidel Castro, still alive, opposed it; perhaps because Raul Castro became afraid of it; perhaps because it is not in the DNA of the entire Cuban leadership to contemplate that possibility. Today there is no option.    <\/p>\n\n<p>For many people the <em>quid pro quo<\/em> will seem excessive. For ordinary Cubans who do not eat, do not drink, do not have electricity, cannot transport themselves or go to work, do not have medicine, have nothing, perhaps it is an acceptable exchange. Is it immoral? Possibly. Although then we would also have to weigh the morality, or rather the lack of it, of the entire Cuban regime for at least 65 years. Will the Cuban <em>nomenklatura<\/em> accept it? It is impossible to know. At any rate, they prefer immolation.       <\/p>\n\n<p>Postscript. Speaking of immolations, I accept Jorge Zepeda Patterson&#8217;s bet. I believe that GDP growth in 2027 will be closer to 0.3% than the 3% he estimates.  <\/p>\n\n<p><em>*This article was originally published in <a href=\"https:\/\/jorgegcastaneda.nexos.com.mx\/que-quiere-rubio-con-cuba\/\" target=\"_blank\" rel=\"noreferrer noopener\">Nexos.<\/a><\/em><\/p>\n","protected":false},"excerpt":{"rendered":"<p>Miguel Diaz-Canel, the hand-picked president of Cuba, has just announced that the island has not received fuel since the month of December. This means, among other things, that neither Russia nor Mexico delivered a single barrel of oil during January. It also means that Mexico, at least \u2014 but obviously Putin as well \u2014 has [&hellip;]<\/p>\n","protected":false},"author":78,"featured_media":182980,"comment_status":"closed","ping_status":"closed","sticky":false,"template":"","format":"standard","meta":{"_acf_changed":false,"_eb_attr":"","_eb_data_table":"","footnotes":""},"categories":[15445],"tags":[],"class_list":["post-183099","post","type-post","status-publish","format-standard","has-post-thumbnail","hentry","category-english"],"acf":[],"yoast_head":"<!-- This site is optimized with the Yoast SEO Premium plugin v27.4 (Yoast SEO v27.4) - https:\/\/yoast.com\/product\/yoast-seo-premium-wordpress\/ -->\n<title>What Does Marco Rubio Want With Cuba? - Confidencial<\/title>\n<meta name=\"description\" content=\"Given the catastrophic state of the Cuban economy, and the fact that there is no solution without including the USA, he will ask for the dismantling of the regime.\" \/>\n<meta name=\"robots\" content=\"index, follow, max-snippet:-1, max-image-preview:large, max-video-preview:-1\" \/>\n<link rel=\"canonical\" href=\"https:\/\/confidencial.digital\/en\/english\/what-does-marco-rubio-want-with-cuba\/\" \/>\n<meta property=\"og:locale\" content=\"en_US\" \/>\n<meta property=\"og:type\" content=\"article\" \/>\n<meta property=\"og:title\" content=\"What Does Marco Rubio Want With Cuba?\" \/>\n<meta property=\"og:description\" content=\"Given the catastrophic state of the Cuban economy, and the fact that there is no solution without including the USA, he will ask for the dismantling of the regime.\" \/>\n<meta property=\"og:url\" content=\"https:\/\/confidencial.digital\/en\/english\/what-does-marco-rubio-want-with-cuba\/\" \/>\n<meta property=\"og:site_name\" content=\"Confidencial\" \/>\n<meta property=\"article:publisher\" content=\"https:\/\/www.facebook.com\/confidencial.com.ni\" \/>\n<meta property=\"article:published_time\" content=\"2026-02-07T06:05:00+00:00\" \/>\n<meta property=\"article:modified_time\" content=\"2026-02-09T12:07:03+00:00\" \/>\n<meta property=\"og:image\" content=\"https:\/\/confidencial.digital\/wp-content\/uploads\/2026\/02\/foto-calles-la-habana.jpg\" \/>\n\t<meta property=\"og:image:width\" content=\"1920\" \/>\n\t<meta property=\"og:image:height\" content=\"1286\" \/>\n\t<meta property=\"og:image:type\" content=\"image\/jpeg\" \/>\n<meta name=\"author\" content=\"Jorge Casta\u00f1eda\" \/>\n<meta name=\"twitter:card\" content=\"summary_large_image\" \/>\n<meta name=\"twitter:creator\" content=\"@confidencial_ni\" \/>\n<meta name=\"twitter:site\" content=\"@confidencial_ni\" \/>\n<meta name=\"twitter:label1\" content=\"Written by\" \/>\n\t<meta name=\"twitter:data1\" content=\"Jorge Casta\u00f1eda\" \/>\n\t<meta name=\"twitter:label2\" content=\"Est. reading time\" \/>\n\t<meta name=\"twitter:data2\" content=\"5 minutes\" \/>\n<script type=\"application\/ld+json\" class=\"yoast-schema-graph\">{\"@context\":\"https:\\\/\\\/schema.org\",\"@graph\":[{\"@type\":\"NewsArticle\",\"@id\":\"https:\\\/\\\/confidencial.digital\\\/en\\\/english\\\/what-does-marco-rubio-want-with-cuba\\\/#article\",\"isPartOf\":{\"@id\":\"https:\\\/\\\/confidencial.digital\\\/en\\\/english\\\/what-does-marco-rubio-want-with-cuba\\\/\"},\"author\":{\"name\":\"Jorge Casta\u00f1eda\",\"@id\":\"https:\\\/\\\/confidencial.digital\\\/en\\\/#\\\/schema\\\/person\\\/1a59b7da196ea5f9b70c961682c412a9\"},\"headline\":\"What Does Marco Rubio Want With Cuba?\",\"datePublished\":\"2026-02-07T06:05:00+00:00\",\"dateModified\":\"2026-02-09T12:07:03+00:00\",\"mainEntityOfPage\":{\"@id\":\"https:\\\/\\\/confidencial.digital\\\/en\\\/english\\\/what-does-marco-rubio-want-with-cuba\\\/\"},\"wordCount\":957,\"publisher\":{\"@id\":\"https:\\\/\\\/confidencial.digital\\\/en\\\/#organization\"},\"image\":{\"@id\":\"https:\\\/\\\/confidencial.digital\\\/en\\\/english\\\/what-does-marco-rubio-want-with-cuba\\\/#primaryimage\"},\"thumbnailUrl\":\"https:\\\/\\\/confidencial.digital\\\/wp-content\\\/uploads\\\/2026\\\/02\\\/foto-calles-la-habana.jpg\",\"articleSection\":[\"English\"],\"inLanguage\":\"en-US\",\"copyrightYear\":\"2026\",\"copyrightHolder\":{\"@id\":\"https:\\\/\\\/confidencial.digital\\\/#organization\"}},{\"@type\":\"WebPage\",\"@id\":\"https:\\\/\\\/confidencial.digital\\\/en\\\/english\\\/what-does-marco-rubio-want-with-cuba\\\/\",\"url\":\"https:\\\/\\\/confidencial.digital\\\/en\\\/english\\\/what-does-marco-rubio-want-with-cuba\\\/\",\"name\":\"What Does Marco Rubio Want With Cuba? - Confidencial\",\"isPartOf\":{\"@id\":\"https:\\\/\\\/confidencial.digital\\\/en\\\/#website\"},\"primaryImageOfPage\":{\"@id\":\"https:\\\/\\\/confidencial.digital\\\/en\\\/english\\\/what-does-marco-rubio-want-with-cuba\\\/#primaryimage\"},\"image\":{\"@id\":\"https:\\\/\\\/confidencial.digital\\\/en\\\/english\\\/what-does-marco-rubio-want-with-cuba\\\/#primaryimage\"},\"thumbnailUrl\":\"https:\\\/\\\/confidencial.digital\\\/wp-content\\\/uploads\\\/2026\\\/02\\\/foto-calles-la-habana.jpg\",\"datePublished\":\"2026-02-07T06:05:00+00:00\",\"dateModified\":\"2026-02-09T12:07:03+00:00\",\"description\":\"Given the catastrophic state of the Cuban economy, and the fact that there is no solution without including the USA, he will ask for the dismantling of the regime.\",\"breadcrumb\":{\"@id\":\"https:\\\/\\\/confidencial.digital\\\/en\\\/english\\\/what-does-marco-rubio-want-with-cuba\\\/#breadcrumb\"},\"inLanguage\":\"en-US\",\"potentialAction\":[{\"@type\":\"ReadAction\",\"target\":[\"https:\\\/\\\/confidencial.digital\\\/en\\\/english\\\/what-does-marco-rubio-want-with-cuba\\\/\"]}]},{\"@type\":\"ImageObject\",\"inLanguage\":\"en-US\",\"@id\":\"https:\\\/\\\/confidencial.digital\\\/en\\\/english\\\/what-does-marco-rubio-want-with-cuba\\\/#primaryimage\",\"url\":\"https:\\\/\\\/confidencial.digital\\\/wp-content\\\/uploads\\\/2026\\\/02\\\/foto-calles-la-habana.jpg\",\"contentUrl\":\"https:\\\/\\\/confidencial.digital\\\/wp-content\\\/uploads\\\/2026\\\/02\\\/foto-calles-la-habana.jpg\",\"width\":1920,\"height\":1286,\"caption\":\"AME2625. LA HABANA (CUBA), 06\\\/02\\\/2026.- Fotograf\u00eda del 29 de enero de 2026 que muestra a personas caminando por una calle en La Habana (Cuba). El asedio petrolero de Estados Unidos a Cuba, rematando una crisis energ\u00e9tica de a\u00f1o y medio, est\u00e1 poco a poco paralizando la vida en Cuba: del transporte p\u00fablico a los hospitales, de las gasolineras a las f\u00e1bricas y las universidades. EFE\\\/ Ernesto Mastrascusa\"},{\"@type\":\"BreadcrumbList\",\"@id\":\"https:\\\/\\\/confidencial.digital\\\/en\\\/english\\\/what-does-marco-rubio-want-with-cuba\\\/#breadcrumb\",\"itemListElement\":[{\"@type\":\"ListItem\",\"position\":1,\"name\":\"Portada\",\"item\":\"https:\\\/\\\/confidencial.digital\\\/en\\\/\"},{\"@type\":\"ListItem\",\"position\":2,\"name\":\"What Does Marco Rubio Want With Cuba?\"}]},{\"@type\":\"WebSite\",\"@id\":\"https:\\\/\\\/confidencial.digital\\\/en\\\/#website\",\"url\":\"https:\\\/\\\/confidencial.digital\\\/en\\\/\",\"name\":\"Confidencial Nicaragua\",\"description\":\"Noticias de Nicaragua, informaci\u00f3n, an\u00e1lisis, reportajes, investigaciones, perfiles y entrevistas. Somos Confidencial. Hacemos periodismo independiente.\",\"publisher\":{\"@id\":\"https:\\\/\\\/confidencial.digital\\\/en\\\/#organization\"},\"potentialAction\":[{\"@type\":\"SearchAction\",\"target\":{\"@type\":\"EntryPoint\",\"urlTemplate\":\"https:\\\/\\\/confidencial.digital\\\/en\\\/?s={search_term_string}\"},\"query-input\":{\"@type\":\"PropertyValueSpecification\",\"valueRequired\":true,\"valueName\":\"search_term_string\"}}],\"inLanguage\":\"en-US\"},{\"@type\":\"Organization\",\"@id\":\"https:\\\/\\\/confidencial.digital\\\/en\\\/#organization\",\"name\":\"Confidencial\",\"url\":\"https:\\\/\\\/confidencial.digital\\\/en\\\/\",\"logo\":{\"@type\":\"ImageObject\",\"inLanguage\":\"en-US\",\"@id\":\"https:\\\/\\\/confidencial.digital\\\/en\\\/#\\\/schema\\\/logo\\\/image\\\/\",\"url\":\"https:\\\/\\\/confidencial.digital\\\/wp-content\\\/uploads\\\/2023\\\/09\\\/Confidencial_696x696.jpg\",\"contentUrl\":\"https:\\\/\\\/confidencial.digital\\\/wp-content\\\/uploads\\\/2023\\\/09\\\/Confidencial_696x696.jpg\",\"width\":696,\"height\":696,\"caption\":\"Confidencial\"},\"image\":{\"@id\":\"https:\\\/\\\/confidencial.digital\\\/en\\\/#\\\/schema\\\/logo\\\/image\\\/\"},\"sameAs\":[\"https:\\\/\\\/www.facebook.com\\\/confidencial.com.ni\",\"https:\\\/\\\/x.com\\\/confidencial_ni\",\"https:\\\/\\\/www.youtube.com\\\/user\\\/ConfidencialNica\",\"https:\\\/\\\/www.instagram.com\\\/confidencial_ni\\\/\",\"https:\\\/\\\/www.linkedin.com\\\/company\\\/confidencial-nicaragua\\\/\",\"https:\\\/\\\/open.spotify.com\\\/show\\\/1rNymjqQuqP1CTGqHKdQ24\",\"https:\\\/\\\/bsky.app\\\/profile\\\/confidencialni.bsky.social\",\"https:\\\/\\\/www.threads.com\\\/@confidencial_ni\"],\"description\":\"En Confidencial hacemos periodismo de investigaci\u00f3n y an\u00e1lisis independiente para Nicaragua y su di\u00e1spora en el mundo. Fundado en 1996\",\"email\":\"info@confidencial.digital\",\"foundingDate\":\"1996-06-01\"},{\"@type\":\"Person\",\"@id\":\"https:\\\/\\\/confidencial.digital\\\/en\\\/#\\\/schema\\\/person\\\/1a59b7da196ea5f9b70c961682c412a9\",\"name\":\"Jorge Casta\u00f1eda\",\"image\":{\"@type\":\"ImageObject\",\"inLanguage\":\"en-US\",\"@id\":\"https:\\\/\\\/confidencial.digital\\\/wp-content\\\/uploads\\\/2024\\\/04\\\/jorge-castaneda_avatar-96x96.jpg\",\"url\":\"https:\\\/\\\/confidencial.digital\\\/wp-content\\\/uploads\\\/2024\\\/04\\\/jorge-castaneda_avatar-96x96.jpg\",\"contentUrl\":\"https:\\\/\\\/confidencial.digital\\\/wp-content\\\/uploads\\\/2024\\\/04\\\/jorge-castaneda_avatar-96x96.jpg\",\"caption\":\"Jorge Casta\u00f1eda\"},\"description\":\"Pol\u00edtico y comentarista mexicano. Catedr\u00e1tico en la Universidad de Nueva York. Fue Secretario de Relaciones Exteriores de 2000 a 2003. Hijo del tambi\u00e9n diplom\u00e1tico mexicano Jorge Casta\u00f1eda y \u00c1lvarez de la Rosa.\",\"url\":\"https:\\\/\\\/confidencial.digital\\\/en\\\/author\\\/jorge-castaneda\\\/\"}]}<\/script>\n<!-- \/ Yoast SEO Premium plugin. -->","yoast_head_json":{"title":"What Does Marco Rubio Want With Cuba? - Confidencial","description":"Given the catastrophic state of the Cuban economy, and the fact that there is no solution without including the USA, he will ask for the dismantling of the regime.","robots":{"index":"index","follow":"follow","max-snippet":"max-snippet:-1","max-image-preview":"max-image-preview:large","max-video-preview":"max-video-preview:-1"},"canonical":"https:\/\/confidencial.digital\/en\/english\/what-does-marco-rubio-want-with-cuba\/","og_locale":"en_US","og_type":"article","og_title":"What Does Marco Rubio Want With Cuba?","og_description":"Given the catastrophic state of the Cuban economy, and the fact that there is no solution without including the USA, he will ask for the dismantling of the regime.","og_url":"https:\/\/confidencial.digital\/en\/english\/what-does-marco-rubio-want-with-cuba\/","og_site_name":"Confidencial","article_publisher":"https:\/\/www.facebook.com\/confidencial.com.ni","article_published_time":"2026-02-07T06:05:00+00:00","article_modified_time":"2026-02-09T12:07:03+00:00","og_image":[{"width":1920,"height":1286,"url":"https:\/\/confidencial.digital\/wp-content\/uploads\/2026\/02\/foto-calles-la-habana.jpg","type":"image\/jpeg"}],"author":"Jorge Casta\u00f1eda","twitter_card":"summary_large_image","twitter_creator":"@confidencial_ni","twitter_site":"@confidencial_ni","twitter_misc":{"Written by":"Jorge Casta\u00f1eda","Est. reading time":"5 minutes"},"schema":{"@context":"https:\/\/schema.org","@graph":[{"@type":"NewsArticle","@id":"https:\/\/confidencial.digital\/en\/english\/what-does-marco-rubio-want-with-cuba\/#article","isPartOf":{"@id":"https:\/\/confidencial.digital\/en\/english\/what-does-marco-rubio-want-with-cuba\/"},"author":{"name":"Jorge Casta\u00f1eda","@id":"https:\/\/confidencial.digital\/en\/#\/schema\/person\/1a59b7da196ea5f9b70c961682c412a9"},"headline":"What Does Marco Rubio Want With Cuba?","datePublished":"2026-02-07T06:05:00+00:00","dateModified":"2026-02-09T12:07:03+00:00","mainEntityOfPage":{"@id":"https:\/\/confidencial.digital\/en\/english\/what-does-marco-rubio-want-with-cuba\/"},"wordCount":957,"publisher":{"@id":"https:\/\/confidencial.digital\/en\/#organization"},"image":{"@id":"https:\/\/confidencial.digital\/en\/english\/what-does-marco-rubio-want-with-cuba\/#primaryimage"},"thumbnailUrl":"https:\/\/confidencial.digital\/wp-content\/uploads\/2026\/02\/foto-calles-la-habana.jpg","articleSection":["English"],"inLanguage":"en-US","copyrightYear":"2026","copyrightHolder":{"@id":"https:\/\/confidencial.digital\/#organization"}},{"@type":"WebPage","@id":"https:\/\/confidencial.digital\/en\/english\/what-does-marco-rubio-want-with-cuba\/","url":"https:\/\/confidencial.digital\/en\/english\/what-does-marco-rubio-want-with-cuba\/","name":"What Does Marco Rubio Want With Cuba? - Confidencial","isPartOf":{"@id":"https:\/\/confidencial.digital\/en\/#website"},"primaryImageOfPage":{"@id":"https:\/\/confidencial.digital\/en\/english\/what-does-marco-rubio-want-with-cuba\/#primaryimage"},"image":{"@id":"https:\/\/confidencial.digital\/en\/english\/what-does-marco-rubio-want-with-cuba\/#primaryimage"},"thumbnailUrl":"https:\/\/confidencial.digital\/wp-content\/uploads\/2026\/02\/foto-calles-la-habana.jpg","datePublished":"2026-02-07T06:05:00+00:00","dateModified":"2026-02-09T12:07:03+00:00","description":"Given the catastrophic state of the Cuban economy, and the fact that there is no solution without including the USA, he will ask for the dismantling of the regime.","breadcrumb":{"@id":"https:\/\/confidencial.digital\/en\/english\/what-does-marco-rubio-want-with-cuba\/#breadcrumb"},"inLanguage":"en-US","potentialAction":[{"@type":"ReadAction","target":["https:\/\/confidencial.digital\/en\/english\/what-does-marco-rubio-want-with-cuba\/"]}]},{"@type":"ImageObject","inLanguage":"en-US","@id":"https:\/\/confidencial.digital\/en\/english\/what-does-marco-rubio-want-with-cuba\/#primaryimage","url":"https:\/\/confidencial.digital\/wp-content\/uploads\/2026\/02\/foto-calles-la-habana.jpg","contentUrl":"https:\/\/confidencial.digital\/wp-content\/uploads\/2026\/02\/foto-calles-la-habana.jpg","width":1920,"height":1286,"caption":"AME2625. LA HABANA (CUBA), 06\/02\/2026.- Fotograf\u00eda del 29 de enero de 2026 que muestra a personas caminando por una calle en La Habana (Cuba). El asedio petrolero de Estados Unidos a Cuba, rematando una crisis energ\u00e9tica de a\u00f1o y medio, est\u00e1 poco a poco paralizando la vida en Cuba: del transporte p\u00fablico a los hospitales, de las gasolineras a las f\u00e1bricas y las universidades. EFE\/ Ernesto Mastrascusa"},{"@type":"BreadcrumbList","@id":"https:\/\/confidencial.digital\/en\/english\/what-does-marco-rubio-want-with-cuba\/#breadcrumb","itemListElement":[{"@type":"ListItem","position":1,"name":"Portada","item":"https:\/\/confidencial.digital\/en\/"},{"@type":"ListItem","position":2,"name":"What Does Marco Rubio Want With Cuba?"}]},{"@type":"WebSite","@id":"https:\/\/confidencial.digital\/en\/#website","url":"https:\/\/confidencial.digital\/en\/","name":"Confidencial Nicaragua","description":"Noticias de Nicaragua, informaci\u00f3n, an\u00e1lisis, reportajes, investigaciones, perfiles y entrevistas. Somos Confidencial. Hacemos periodismo independiente.","publisher":{"@id":"https:\/\/confidencial.digital\/en\/#organization"},"potentialAction":[{"@type":"SearchAction","target":{"@type":"EntryPoint","urlTemplate":"https:\/\/confidencial.digital\/en\/?s={search_term_string}"},"query-input":{"@type":"PropertyValueSpecification","valueRequired":true,"valueName":"search_term_string"}}],"inLanguage":"en-US"},{"@type":"Organization","@id":"https:\/\/confidencial.digital\/en\/#organization","name":"Confidencial","url":"https:\/\/confidencial.digital\/en\/","logo":{"@type":"ImageObject","inLanguage":"en-US","@id":"https:\/\/confidencial.digital\/en\/#\/schema\/logo\/image\/","url":"https:\/\/confidencial.digital\/wp-content\/uploads\/2023\/09\/Confidencial_696x696.jpg","contentUrl":"https:\/\/confidencial.digital\/wp-content\/uploads\/2023\/09\/Confidencial_696x696.jpg","width":696,"height":696,"caption":"Confidencial"},"image":{"@id":"https:\/\/confidencial.digital\/en\/#\/schema\/logo\/image\/"},"sameAs":["https:\/\/www.facebook.com\/confidencial.com.ni","https:\/\/x.com\/confidencial_ni","https:\/\/www.youtube.com\/user\/ConfidencialNica","https:\/\/www.instagram.com\/confidencial_ni\/","https:\/\/www.linkedin.com\/company\/confidencial-nicaragua\/","https:\/\/open.spotify.com\/show\/1rNymjqQuqP1CTGqHKdQ24","https:\/\/bsky.app\/profile\/confidencialni.bsky.social","https:\/\/www.threads.com\/@confidencial_ni"],"description":"En Confidencial hacemos periodismo de investigaci\u00f3n y an\u00e1lisis independiente para Nicaragua y su di\u00e1spora en el mundo. Fundado en 1996","email":"info@confidencial.digital","foundingDate":"1996-06-01"},{"@type":"Person","@id":"https:\/\/confidencial.digital\/en\/#\/schema\/person\/1a59b7da196ea5f9b70c961682c412a9","name":"Jorge Casta\u00f1eda","image":{"@type":"ImageObject","inLanguage":"en-US","@id":"https:\/\/confidencial.digital\/wp-content\/uploads\/2024\/04\/jorge-castaneda_avatar-96x96.jpg","url":"https:\/\/confidencial.digital\/wp-content\/uploads\/2024\/04\/jorge-castaneda_avatar-96x96.jpg","contentUrl":"https:\/\/confidencial.digital\/wp-content\/uploads\/2024\/04\/jorge-castaneda_avatar-96x96.jpg","caption":"Jorge Casta\u00f1eda"},"description":"Pol\u00edtico y comentarista mexicano. Catedr\u00e1tico en la Universidad de Nueva York. Fue Secretario de Relaciones Exteriores de 2000 a 2003. Hijo del tambi\u00e9n diplom\u00e1tico mexicano Jorge Casta\u00f1eda y \u00c1lvarez de la Rosa.","url":"https:\/\/confidencial.digital\/en\/author\/jorge-castaneda\/"}]}},"_links":{"self":[{"href":"https:\/\/confidencial.digital\/en\/wp-json\/wp\/v2\/posts\/183099","targetHints":{"allow":["GET"]}}],"collection":[{"href":"https:\/\/confidencial.digital\/en\/wp-json\/wp\/v2\/posts"}],"about":[{"href":"https:\/\/confidencial.digital\/en\/wp-json\/wp\/v2\/types\/post"}],"author":[{"embeddable":true,"href":"https:\/\/confidencial.digital\/en\/wp-json\/wp\/v2\/users\/78"}],"replies":[{"embeddable":true,"href":"https:\/\/confidencial.digital\/en\/wp-json\/wp\/v2\/comments?post=183099"}],"version-history":[{"count":3,"href":"https:\/\/confidencial.digital\/en\/wp-json\/wp\/v2\/posts\/183099\/revisions"}],"predecessor-version":[{"id":183106,"href":"https:\/\/confidencial.digital\/en\/wp-json\/wp\/v2\/posts\/183099\/revisions\/183106"}],"wp:featuredmedia":[{"embeddable":true,"href":"https:\/\/confidencial.digital\/en\/wp-json\/wp\/v2\/media\/182980"}],"wp:attachment":[{"href":"https:\/\/confidencial.digital\/en\/wp-json\/wp\/v2\/media?parent=183099"}],"wp:term":[{"taxonomy":"category","embeddable":true,"href":"https:\/\/confidencial.digital\/en\/wp-json\/wp\/v2\/categories?post=183099"},{"taxonomy":"post_tag","embeddable":true,"href":"https:\/\/confidencial.digital\/en\/wp-json\/wp\/v2\/tags?post=183099"}],"curies":[{"name":"wp","href":"https:\/\/api.w.org\/{rel}","templated":true}]}}