{"id":180534,"date":"2025-12-21T00:28:00","date_gmt":"2025-12-21T06:28:00","guid":{"rendered":"https:\/\/confidencial.digital\/sin-categoria\/yadira-cordoba-im-asking-to-be-deported-to-regain-my-freedom\/"},"modified":"2025-12-21T13:20:57","modified_gmt":"2025-12-21T19:20:57","slug":"yadira-cordoba-im-asking-to-be-deported-to-regain-my-freedom","status":"publish","type":"post","link":"https:\/\/confidencial.digital\/en\/nation\/yadira-cordoba-im-asking-to-be-deported-to-regain-my-freedom\/","title":{"rendered":"Yadira Cordoba: \u201cI\u2019m Asking to be Deported to Regain My Freedom\u201d"},"content":{"rendered":"\n<p>Nicaraguan Yadira Cordoba, a member of the April Mothers Association (AMA), remains confined in a migrant detention center in San Antonio, Texas. While awaiting deportation, she denounces that US authorities are delaying her case and longs to \u201cregain\u201d her freedom.  <\/p>\n\n<p>In an audio recording obtained by CONFIDENCIAL, Cordoba says that a US immigration official <a href=\"https:\/\/confidencial.digital\/en\/english\/texas-judge-denies-asylum-for-nicaraguan-yadira-cordoba-mother-of-child-killed-in-april-2018-protests\/\" target=\"_blank\" rel=\"noreferrer noopener\">informed her she would be deported to Honduras,<\/a> but that the government of that country refused to receive her.<\/p>\n\n<p>\u201cI told them to take me wherever, but to give me my freedom. They are violating my rights, because they tell me one thing today and something else tomorrow, and they don\u2019t take me out (of the detention center),\u201d she says.<\/p>\n\n<h2 class=\"wp-block-heading\" id=\"h-vine-buscando-proteccion-y-libertad\">\u201cI came seeking protection and freedom\u201d<\/h2>\n\n<p>A US immigration judge in Texas rejected the Nicaraguan woman\u2019s request for political asylum and ordered her deportation to Honduras in early November 2025. However, despite having signed the order, she has still not received an answer as to where she will be sent.  <\/p>\n\n<p>\u201cI need to be taken out of here now. It doesn\u2019t matter where they send me, but I need to leave this place. Send me to Mexico, because they know very well that my story is real, I\u2019m not making anything up. I can\u2019t return to Nicaragua, but I also can\u2019t remain imprisoned,\u201d Cordoba insists. <\/p>\n\n<p>The Nicaraguan woman arrived in the United States in 2023, fleeing political violence in Nicaragua after the murder of her son Orlando Cordoba during a protest in 2018. After entering the country, she applied for political asylum, but on August 20, 2025, she was detained by US Immigration and Customs Enforcement (ICE). <\/p>\n\n<p>Cordoba explains that she has \u201calready paid\u201d by being detained for having entered the United States without papers. \u201cI came to this country looking for freedom and protection,\u201d she says.  <\/p>\n\n<h2 class=\"wp-block-heading\" id=\"h-el-largo-proceso-para-yadira-cordoba\">The long process for Yadira C\u00f3rdoba<\/h2>\n\n<p>In an interview with CONFIDENCIAL, <a href=\"https:\/\/confidencial.digital\/nacion\/juez-de-inmigracion-da-una-oportunidad-a-la-defensa-de-yadira-cordoba\/\" target=\"_blank\" rel=\"noreferrer noopener\">Ronald Cordoba<\/a>, Yadira Cordoba\u2019s son, said they hope his mother will be sent to a safe country, which is obviously not Nicaragua, because they do not want her to become an \u201ceasy target\u201d of the transnational repression of the dictatorship of Daniel Ortega and Rosario Murillo.<\/p>\n\n<p>The political asylum trial in the United States has been \u201cvery emotionally difficult for her,\u201d Ronald lamented. The April Mother has told her story over and over again, which \u2014according to her son\u2014 causes her to \u201creopen the wounds and once again touch all those feelings, feel them again like the first time, like reopening that pain, those tears.\u201d <\/p>\n\n<p>According to Ronald Cordoba, his mother cried <a href=\"https:\/\/www.telemundo51.com\/noticias\/local\/madre-nicaraguense-enfrenta-audiencia-final-por-asilo-politico\/2715268\/\" target=\"_blank\" rel=\"noreferrer noopener\">during the hearing<\/a>, saying that \u201cthis process has not been easy. It\u2019s very hard to go back to my wounds and remember everything I\u2019ve lived through because of a murderous government.\u201d<\/p>\n\n<p>She had to \u201csee my brother (Orlando Cordoba, 15 years old) dead, and have to bury him. Then be forcibly exiled to Costa Rica and later have to go into forced exile again out of fear, insecurity, in search of a place where she could feel safe, a place where she could have a bit of peace. And now to be (in the US) in this situation,\u201d he recounted.<\/p>\n","protected":false},"excerpt":{"rendered":"<p>Nicaraguan Yadira Cordoba, a member of the April Mothers Association (AMA), remains confined in a migrant detention center in San Antonio, Texas. While awaiting deportation, she denounces that US authorities are delaying her case and longs to \u201cregain\u201d her freedom. In an audio recording obtained by CONFIDENCIAL, Cordoba says that a US immigration official informed [&hellip;]<\/p>\n","protected":false},"author":10,"featured_media":173723,"comment_status":"closed","ping_status":"closed","sticky":false,"template":"","format":"standard","meta":{"_acf_changed":false,"_eb_attr":"","_eb_data_table":"","footnotes":""},"categories":[15445,15446],"tags":[],"class_list":["post-180534","post","type-post","status-publish","format-standard","has-post-thumbnail","hentry","category-english","category-nation"],"acf":[],"yoast_head":"<!-- This site is optimized with the Yoast SEO Premium plugin v27.4 (Yoast SEO v27.4) - https:\/\/yoast.com\/product\/yoast-seo-premium-wordpress\/ -->\n<title>Yadira Cordoba: \u201cI\u2019m Asking to be Deported to Regain My Freedom\u201d - Confidencial<\/title>\n<meta name=\"description\" content=\"The detained April Mother in San Antonio asks to be sent to another country and says: \u201cI can\u2019t return to Nicaragua, but I also can\u2019t remain imprisoned\u201d\" \/>\n<meta name=\"robots\" content=\"index, follow, max-snippet:-1, max-image-preview:large, max-video-preview:-1\" \/>\n<link rel=\"canonical\" href=\"https:\/\/confidencial.digital\/en\/nation\/yadira-cordoba-im-asking-to-be-deported-to-regain-my-freedom\/\" \/>\n<meta property=\"og:locale\" content=\"en_US\" \/>\n<meta property=\"og:type\" content=\"article\" \/>\n<meta property=\"og:title\" content=\"Yadira Cordoba: \u201cI\u2019m Asking to be Deported to Regain My Freedom\u201d\" \/>\n<meta property=\"og:description\" content=\"The detained April Mother in San Antonio asks to be sent to another country and says: \u201cI can\u2019t return to Nicaragua, but I also can\u2019t remain imprisoned\u201d\" \/>\n<meta property=\"og:url\" content=\"https:\/\/confidencial.digital\/en\/nation\/yadira-cordoba-im-asking-to-be-deported-to-regain-my-freedom\/\" \/>\n<meta property=\"og:site_name\" content=\"Confidencial\" \/>\n<meta property=\"article:publisher\" content=\"https:\/\/www.facebook.com\/confidencial.com.ni\" \/>\n<meta property=\"article:published_time\" content=\"2025-12-21T06:28:00+00:00\" \/>\n<meta property=\"article:modified_time\" content=\"2025-12-21T19:20:57+00:00\" \/>\n<meta property=\"og:image\" content=\"https:\/\/confidencial.digital\/wp-content\/uploads\/2025\/09\/Yadira-Cordoba.jpg\" \/>\n\t<meta property=\"og:image:width\" content=\"1280\" \/>\n\t<meta property=\"og:image:height\" content=\"960\" \/>\n\t<meta property=\"og:image:type\" content=\"image\/jpeg\" \/>\n<meta name=\"author\" content=\"Redacci\u00f3n Confidencial\" \/>\n<meta name=\"twitter:card\" content=\"summary_large_image\" \/>\n<meta name=\"twitter:creator\" content=\"@confidencial_ni\" \/>\n<meta name=\"twitter:site\" content=\"@confidencial_ni\" \/>\n<meta name=\"twitter:label1\" content=\"Written by\" \/>\n\t<meta name=\"twitter:data1\" content=\"Redacci\u00f3n Confidencial\" \/>\n\t<meta name=\"twitter:label2\" content=\"Est. reading time\" \/>\n\t<meta name=\"twitter:data2\" content=\"3 minutes\" \/>\n<script type=\"application\/ld+json\" class=\"yoast-schema-graph\">{\"@context\":\"https:\\\/\\\/schema.org\",\"@graph\":[{\"@type\":\"NewsArticle\",\"@id\":\"https:\\\/\\\/confidencial.digital\\\/en\\\/nation\\\/yadira-cordoba-im-asking-to-be-deported-to-regain-my-freedom\\\/#article\",\"isPartOf\":{\"@id\":\"https:\\\/\\\/confidencial.digital\\\/en\\\/nation\\\/yadira-cordoba-im-asking-to-be-deported-to-regain-my-freedom\\\/\"},\"author\":{\"name\":\"Redacci\u00f3n Confidencial\",\"@id\":\"https:\\\/\\\/confidencial.digital\\\/en\\\/#\\\/schema\\\/person\\\/64733b11255c0e9d6b4e93e81a984809\"},\"headline\":\"Yadira Cordoba: \u201cI\u2019m Asking to be Deported to Regain My Freedom\u201d\",\"datePublished\":\"2025-12-21T06:28:00+00:00\",\"dateModified\":\"2025-12-21T19:20:57+00:00\",\"mainEntityOfPage\":{\"@id\":\"https:\\\/\\\/confidencial.digital\\\/en\\\/nation\\\/yadira-cordoba-im-asking-to-be-deported-to-regain-my-freedom\\\/\"},\"wordCount\":540,\"publisher\":{\"@id\":\"https:\\\/\\\/confidencial.digital\\\/en\\\/#organization\"},\"image\":{\"@id\":\"https:\\\/\\\/confidencial.digital\\\/en\\\/nation\\\/yadira-cordoba-im-asking-to-be-deported-to-regain-my-freedom\\\/#primaryimage\"},\"thumbnailUrl\":\"https:\\\/\\\/confidencial.digital\\\/wp-content\\\/uploads\\\/2025\\\/09\\\/Yadira-Cordoba.jpg\",\"articleSection\":[\"English\",\"Nation\"],\"inLanguage\":\"en-US\",\"copyrightYear\":\"2025\",\"copyrightHolder\":{\"@id\":\"https:\\\/\\\/confidencial.digital\\\/#organization\"}},{\"@type\":\"WebPage\",\"@id\":\"https:\\\/\\\/confidencial.digital\\\/en\\\/nation\\\/yadira-cordoba-im-asking-to-be-deported-to-regain-my-freedom\\\/\",\"url\":\"https:\\\/\\\/confidencial.digital\\\/en\\\/nation\\\/yadira-cordoba-im-asking-to-be-deported-to-regain-my-freedom\\\/\",\"name\":\"Yadira Cordoba: \u201cI\u2019m Asking to be Deported to Regain My Freedom\u201d - Confidencial\",\"isPartOf\":{\"@id\":\"https:\\\/\\\/confidencial.digital\\\/en\\\/#website\"},\"primaryImageOfPage\":{\"@id\":\"https:\\\/\\\/confidencial.digital\\\/en\\\/nation\\\/yadira-cordoba-im-asking-to-be-deported-to-regain-my-freedom\\\/#primaryimage\"},\"image\":{\"@id\":\"https:\\\/\\\/confidencial.digital\\\/en\\\/nation\\\/yadira-cordoba-im-asking-to-be-deported-to-regain-my-freedom\\\/#primaryimage\"},\"thumbnailUrl\":\"https:\\\/\\\/confidencial.digital\\\/wp-content\\\/uploads\\\/2025\\\/09\\\/Yadira-Cordoba.jpg\",\"datePublished\":\"2025-12-21T06:28:00+00:00\",\"dateModified\":\"2025-12-21T19:20:57+00:00\",\"description\":\"The detained April Mother in San Antonio asks to be sent to another country and says: \u201cI can\u2019t return to Nicaragua, but I also can\u2019t remain imprisoned\u201d\",\"breadcrumb\":{\"@id\":\"https:\\\/\\\/confidencial.digital\\\/en\\\/nation\\\/yadira-cordoba-im-asking-to-be-deported-to-regain-my-freedom\\\/#breadcrumb\"},\"inLanguage\":\"en-US\",\"potentialAction\":[{\"@type\":\"ReadAction\",\"target\":[\"https:\\\/\\\/confidencial.digital\\\/en\\\/nation\\\/yadira-cordoba-im-asking-to-be-deported-to-regain-my-freedom\\\/\"]}]},{\"@type\":\"ImageObject\",\"inLanguage\":\"en-US\",\"@id\":\"https:\\\/\\\/confidencial.digital\\\/en\\\/nation\\\/yadira-cordoba-im-asking-to-be-deported-to-regain-my-freedom\\\/#primaryimage\",\"url\":\"https:\\\/\\\/confidencial.digital\\\/wp-content\\\/uploads\\\/2025\\\/09\\\/Yadira-Cordoba.jpg\",\"contentUrl\":\"https:\\\/\\\/confidencial.digital\\\/wp-content\\\/uploads\\\/2025\\\/09\\\/Yadira-Cordoba.jpg\",\"width\":1280,\"height\":960,\"caption\":\"Yadira C\u00f3rdoba, madre Orlando C\u00f3rdoba, uno de los adolescentes asesinados durante las protestas antigubernamentales de 2018. \\\/\\\/Foto: Colectivo de Derechos Humanos Nicaragua Nunca M\u00e1s\"},{\"@type\":\"BreadcrumbList\",\"@id\":\"https:\\\/\\\/confidencial.digital\\\/en\\\/nation\\\/yadira-cordoba-im-asking-to-be-deported-to-regain-my-freedom\\\/#breadcrumb\",\"itemListElement\":[{\"@type\":\"ListItem\",\"position\":1,\"name\":\"Portada\",\"item\":\"https:\\\/\\\/confidencial.digital\\\/en\\\/\"},{\"@type\":\"ListItem\",\"position\":2,\"name\":\"Yadira Cordoba: \u201cI\u2019m Asking to be Deported to Regain My Freedom\u201d\"}]},{\"@type\":\"WebSite\",\"@id\":\"https:\\\/\\\/confidencial.digital\\\/en\\\/#website\",\"url\":\"https:\\\/\\\/confidencial.digital\\\/en\\\/\",\"name\":\"Confidencial Nicaragua\",\"description\":\"Noticias de Nicaragua, informaci\u00f3n, an\u00e1lisis, reportajes, investigaciones, perfiles y entrevistas. Somos Confidencial. Hacemos periodismo independiente.\",\"publisher\":{\"@id\":\"https:\\\/\\\/confidencial.digital\\\/en\\\/#organization\"},\"potentialAction\":[{\"@type\":\"SearchAction\",\"target\":{\"@type\":\"EntryPoint\",\"urlTemplate\":\"https:\\\/\\\/confidencial.digital\\\/en\\\/?s={search_term_string}\"},\"query-input\":{\"@type\":\"PropertyValueSpecification\",\"valueRequired\":true,\"valueName\":\"search_term_string\"}}],\"inLanguage\":\"en-US\"},{\"@type\":\"Organization\",\"@id\":\"https:\\\/\\\/confidencial.digital\\\/en\\\/#organization\",\"name\":\"Confidencial\",\"url\":\"https:\\\/\\\/confidencial.digital\\\/en\\\/\",\"logo\":{\"@type\":\"ImageObject\",\"inLanguage\":\"en-US\",\"@id\":\"https:\\\/\\\/confidencial.digital\\\/en\\\/#\\\/schema\\\/logo\\\/image\\\/\",\"url\":\"https:\\\/\\\/confidencial.digital\\\/wp-content\\\/uploads\\\/2023\\\/09\\\/Confidencial_696x696.jpg\",\"contentUrl\":\"https:\\\/\\\/confidencial.digital\\\/wp-content\\\/uploads\\\/2023\\\/09\\\/Confidencial_696x696.jpg\",\"width\":696,\"height\":696,\"caption\":\"Confidencial\"},\"image\":{\"@id\":\"https:\\\/\\\/confidencial.digital\\\/en\\\/#\\\/schema\\\/logo\\\/image\\\/\"},\"sameAs\":[\"https:\\\/\\\/www.facebook.com\\\/confidencial.com.ni\",\"https:\\\/\\\/x.com\\\/confidencial_ni\",\"https:\\\/\\\/www.youtube.com\\\/user\\\/ConfidencialNica\",\"https:\\\/\\\/www.instagram.com\\\/confidencial_ni\\\/\",\"https:\\\/\\\/www.linkedin.com\\\/company\\\/confidencial-nicaragua\\\/\",\"https:\\\/\\\/open.spotify.com\\\/show\\\/1rNymjqQuqP1CTGqHKdQ24\",\"https:\\\/\\\/bsky.app\\\/profile\\\/confidencialni.bsky.social\",\"https:\\\/\\\/www.threads.com\\\/@confidencial_ni\"],\"description\":\"En Confidencial hacemos periodismo de investigaci\u00f3n y an\u00e1lisis independiente para Nicaragua y su di\u00e1spora en el mundo. Fundado en 1996\",\"email\":\"info@confidencial.digital\",\"foundingDate\":\"1996-06-01\"},{\"@type\":\"Person\",\"@id\":\"https:\\\/\\\/confidencial.digital\\\/en\\\/#\\\/schema\\\/person\\\/64733b11255c0e9d6b4e93e81a984809\",\"name\":\"Redacci\u00f3n Confidencial\",\"image\":{\"@type\":\"ImageObject\",\"inLanguage\":\"en-US\",\"@id\":\"https:\\\/\\\/confidencial.digital\\\/wp-content\\\/uploads\\\/2024\\\/04\\\/redaccion-confidencial_avatar-96x96.png\",\"url\":\"https:\\\/\\\/confidencial.digital\\\/wp-content\\\/uploads\\\/2024\\\/04\\\/redaccion-confidencial_avatar-96x96.png\",\"contentUrl\":\"https:\\\/\\\/confidencial.digital\\\/wp-content\\\/uploads\\\/2024\\\/04\\\/redaccion-confidencial_avatar-96x96.png\",\"caption\":\"Redacci\u00f3n Confidencial\"},\"description\":\"Confidencial es un diario digital nicarag\u00fcense, de formato multimedia, fundado por Carlos F. Chamorro en junio de 1996. Inici\u00f3 como un semanario impreso y hoy es un medio de referencia regional con informaci\u00f3n, an\u00e1lisis, entrevistas, perfiles, reportajes e investigaciones sobre Nicaragua, informando desde el exilio por la persecuci\u00f3n pol\u00edtica de la dictadura de Daniel Ortega y Rosario Murillo.\",\"sameAs\":[\"https:\\\/\\\/x.com\\\/confidencial_ni\"],\"url\":\"https:\\\/\\\/confidencial.digital\\\/en\\\/author\\\/confidencial-digital\\\/\"}]}<\/script>\n<!-- \/ Yoast SEO Premium plugin. -->","yoast_head_json":{"title":"Yadira Cordoba: \u201cI\u2019m Asking to be Deported to Regain My Freedom\u201d - Confidencial","description":"The detained April Mother in San Antonio asks to be sent to another country and says: \u201cI can\u2019t return to Nicaragua, but I also can\u2019t remain imprisoned\u201d","robots":{"index":"index","follow":"follow","max-snippet":"max-snippet:-1","max-image-preview":"max-image-preview:large","max-video-preview":"max-video-preview:-1"},"canonical":"https:\/\/confidencial.digital\/en\/nation\/yadira-cordoba-im-asking-to-be-deported-to-regain-my-freedom\/","og_locale":"en_US","og_type":"article","og_title":"Yadira Cordoba: \u201cI\u2019m Asking to be Deported to Regain My Freedom\u201d","og_description":"The detained April Mother in San Antonio asks to be sent to another country and says: \u201cI can\u2019t return to Nicaragua, but I also can\u2019t remain imprisoned\u201d","og_url":"https:\/\/confidencial.digital\/en\/nation\/yadira-cordoba-im-asking-to-be-deported-to-regain-my-freedom\/","og_site_name":"Confidencial","article_publisher":"https:\/\/www.facebook.com\/confidencial.com.ni","article_published_time":"2025-12-21T06:28:00+00:00","article_modified_time":"2025-12-21T19:20:57+00:00","og_image":[{"width":1280,"height":960,"url":"https:\/\/confidencial.digital\/wp-content\/uploads\/2025\/09\/Yadira-Cordoba.jpg","type":"image\/jpeg"}],"author":"Redacci\u00f3n Confidencial","twitter_card":"summary_large_image","twitter_creator":"@confidencial_ni","twitter_site":"@confidencial_ni","twitter_misc":{"Written by":"Redacci\u00f3n Confidencial","Est. reading time":"3 minutes"},"schema":{"@context":"https:\/\/schema.org","@graph":[{"@type":"NewsArticle","@id":"https:\/\/confidencial.digital\/en\/nation\/yadira-cordoba-im-asking-to-be-deported-to-regain-my-freedom\/#article","isPartOf":{"@id":"https:\/\/confidencial.digital\/en\/nation\/yadira-cordoba-im-asking-to-be-deported-to-regain-my-freedom\/"},"author":{"name":"Redacci\u00f3n Confidencial","@id":"https:\/\/confidencial.digital\/en\/#\/schema\/person\/64733b11255c0e9d6b4e93e81a984809"},"headline":"Yadira Cordoba: \u201cI\u2019m Asking to be Deported to Regain My Freedom\u201d","datePublished":"2025-12-21T06:28:00+00:00","dateModified":"2025-12-21T19:20:57+00:00","mainEntityOfPage":{"@id":"https:\/\/confidencial.digital\/en\/nation\/yadira-cordoba-im-asking-to-be-deported-to-regain-my-freedom\/"},"wordCount":540,"publisher":{"@id":"https:\/\/confidencial.digital\/en\/#organization"},"image":{"@id":"https:\/\/confidencial.digital\/en\/nation\/yadira-cordoba-im-asking-to-be-deported-to-regain-my-freedom\/#primaryimage"},"thumbnailUrl":"https:\/\/confidencial.digital\/wp-content\/uploads\/2025\/09\/Yadira-Cordoba.jpg","articleSection":["English","Nation"],"inLanguage":"en-US","copyrightYear":"2025","copyrightHolder":{"@id":"https:\/\/confidencial.digital\/#organization"}},{"@type":"WebPage","@id":"https:\/\/confidencial.digital\/en\/nation\/yadira-cordoba-im-asking-to-be-deported-to-regain-my-freedom\/","url":"https:\/\/confidencial.digital\/en\/nation\/yadira-cordoba-im-asking-to-be-deported-to-regain-my-freedom\/","name":"Yadira Cordoba: \u201cI\u2019m Asking to be Deported to Regain My Freedom\u201d - Confidencial","isPartOf":{"@id":"https:\/\/confidencial.digital\/en\/#website"},"primaryImageOfPage":{"@id":"https:\/\/confidencial.digital\/en\/nation\/yadira-cordoba-im-asking-to-be-deported-to-regain-my-freedom\/#primaryimage"},"image":{"@id":"https:\/\/confidencial.digital\/en\/nation\/yadira-cordoba-im-asking-to-be-deported-to-regain-my-freedom\/#primaryimage"},"thumbnailUrl":"https:\/\/confidencial.digital\/wp-content\/uploads\/2025\/09\/Yadira-Cordoba.jpg","datePublished":"2025-12-21T06:28:00+00:00","dateModified":"2025-12-21T19:20:57+00:00","description":"The detained April Mother in San Antonio asks to be sent to another country and says: \u201cI can\u2019t return to Nicaragua, but I also can\u2019t remain imprisoned\u201d","breadcrumb":{"@id":"https:\/\/confidencial.digital\/en\/nation\/yadira-cordoba-im-asking-to-be-deported-to-regain-my-freedom\/#breadcrumb"},"inLanguage":"en-US","potentialAction":[{"@type":"ReadAction","target":["https:\/\/confidencial.digital\/en\/nation\/yadira-cordoba-im-asking-to-be-deported-to-regain-my-freedom\/"]}]},{"@type":"ImageObject","inLanguage":"en-US","@id":"https:\/\/confidencial.digital\/en\/nation\/yadira-cordoba-im-asking-to-be-deported-to-regain-my-freedom\/#primaryimage","url":"https:\/\/confidencial.digital\/wp-content\/uploads\/2025\/09\/Yadira-Cordoba.jpg","contentUrl":"https:\/\/confidencial.digital\/wp-content\/uploads\/2025\/09\/Yadira-Cordoba.jpg","width":1280,"height":960,"caption":"Yadira C\u00f3rdoba, madre Orlando C\u00f3rdoba, uno de los adolescentes asesinados durante las protestas antigubernamentales de 2018. \/\/Foto: Colectivo de Derechos Humanos Nicaragua Nunca M\u00e1s"},{"@type":"BreadcrumbList","@id":"https:\/\/confidencial.digital\/en\/nation\/yadira-cordoba-im-asking-to-be-deported-to-regain-my-freedom\/#breadcrumb","itemListElement":[{"@type":"ListItem","position":1,"name":"Portada","item":"https:\/\/confidencial.digital\/en\/"},{"@type":"ListItem","position":2,"name":"Yadira Cordoba: \u201cI\u2019m Asking to be Deported to Regain My Freedom\u201d"}]},{"@type":"WebSite","@id":"https:\/\/confidencial.digital\/en\/#website","url":"https:\/\/confidencial.digital\/en\/","name":"Confidencial Nicaragua","description":"Noticias de Nicaragua, informaci\u00f3n, an\u00e1lisis, reportajes, investigaciones, perfiles y entrevistas. Somos Confidencial. Hacemos periodismo independiente.","publisher":{"@id":"https:\/\/confidencial.digital\/en\/#organization"},"potentialAction":[{"@type":"SearchAction","target":{"@type":"EntryPoint","urlTemplate":"https:\/\/confidencial.digital\/en\/?s={search_term_string}"},"query-input":{"@type":"PropertyValueSpecification","valueRequired":true,"valueName":"search_term_string"}}],"inLanguage":"en-US"},{"@type":"Organization","@id":"https:\/\/confidencial.digital\/en\/#organization","name":"Confidencial","url":"https:\/\/confidencial.digital\/en\/","logo":{"@type":"ImageObject","inLanguage":"en-US","@id":"https:\/\/confidencial.digital\/en\/#\/schema\/logo\/image\/","url":"https:\/\/confidencial.digital\/wp-content\/uploads\/2023\/09\/Confidencial_696x696.jpg","contentUrl":"https:\/\/confidencial.digital\/wp-content\/uploads\/2023\/09\/Confidencial_696x696.jpg","width":696,"height":696,"caption":"Confidencial"},"image":{"@id":"https:\/\/confidencial.digital\/en\/#\/schema\/logo\/image\/"},"sameAs":["https:\/\/www.facebook.com\/confidencial.com.ni","https:\/\/x.com\/confidencial_ni","https:\/\/www.youtube.com\/user\/ConfidencialNica","https:\/\/www.instagram.com\/confidencial_ni\/","https:\/\/www.linkedin.com\/company\/confidencial-nicaragua\/","https:\/\/open.spotify.com\/show\/1rNymjqQuqP1CTGqHKdQ24","https:\/\/bsky.app\/profile\/confidencialni.bsky.social","https:\/\/www.threads.com\/@confidencial_ni"],"description":"En Confidencial hacemos periodismo de investigaci\u00f3n y an\u00e1lisis independiente para Nicaragua y su di\u00e1spora en el mundo. Fundado en 1996","email":"info@confidencial.digital","foundingDate":"1996-06-01"},{"@type":"Person","@id":"https:\/\/confidencial.digital\/en\/#\/schema\/person\/64733b11255c0e9d6b4e93e81a984809","name":"Redacci\u00f3n Confidencial","image":{"@type":"ImageObject","inLanguage":"en-US","@id":"https:\/\/confidencial.digital\/wp-content\/uploads\/2024\/04\/redaccion-confidencial_avatar-96x96.png","url":"https:\/\/confidencial.digital\/wp-content\/uploads\/2024\/04\/redaccion-confidencial_avatar-96x96.png","contentUrl":"https:\/\/confidencial.digital\/wp-content\/uploads\/2024\/04\/redaccion-confidencial_avatar-96x96.png","caption":"Redacci\u00f3n Confidencial"},"description":"Confidencial es un diario digital nicarag\u00fcense, de formato multimedia, fundado por Carlos F. Chamorro en junio de 1996. Inici\u00f3 como un semanario impreso y hoy es un medio de referencia regional con informaci\u00f3n, an\u00e1lisis, entrevistas, perfiles, reportajes e investigaciones sobre Nicaragua, informando desde el exilio por la persecuci\u00f3n pol\u00edtica de la dictadura de Daniel Ortega y Rosario Murillo.","sameAs":["https:\/\/x.com\/confidencial_ni"],"url":"https:\/\/confidencial.digital\/en\/author\/confidencial-digital\/"}]}},"_links":{"self":[{"href":"https:\/\/confidencial.digital\/en\/wp-json\/wp\/v2\/posts\/180534","targetHints":{"allow":["GET"]}}],"collection":[{"href":"https:\/\/confidencial.digital\/en\/wp-json\/wp\/v2\/posts"}],"about":[{"href":"https:\/\/confidencial.digital\/en\/wp-json\/wp\/v2\/types\/post"}],"author":[{"embeddable":true,"href":"https:\/\/confidencial.digital\/en\/wp-json\/wp\/v2\/users\/10"}],"replies":[{"embeddable":true,"href":"https:\/\/confidencial.digital\/en\/wp-json\/wp\/v2\/comments?post=180534"}],"version-history":[{"count":1,"href":"https:\/\/confidencial.digital\/en\/wp-json\/wp\/v2\/posts\/180534\/revisions"}],"predecessor-version":[{"id":180535,"href":"https:\/\/confidencial.digital\/en\/wp-json\/wp\/v2\/posts\/180534\/revisions\/180535"}],"wp:featuredmedia":[{"embeddable":true,"href":"https:\/\/confidencial.digital\/en\/wp-json\/wp\/v2\/media\/173723"}],"wp:attachment":[{"href":"https:\/\/confidencial.digital\/en\/wp-json\/wp\/v2\/media?parent=180534"}],"wp:term":[{"taxonomy":"category","embeddable":true,"href":"https:\/\/confidencial.digital\/en\/wp-json\/wp\/v2\/categories?post=180534"},{"taxonomy":"post_tag","embeddable":true,"href":"https:\/\/confidencial.digital\/en\/wp-json\/wp\/v2\/tags?post=180534"}],"curies":[{"name":"wp","href":"https:\/\/api.w.org\/{rel}","templated":true}]}}