{"id":180317,"date":"2025-12-15T00:11:00","date_gmt":"2025-12-15T06:11:00","guid":{"rendered":"https:\/\/confidencial.digital\/sin-categoria\/roberto-samcam-person-of-the-year-2025-killed-but-not-silenced\/"},"modified":"2025-12-20T13:58:46","modified_gmt":"2025-12-20T19:58:46","slug":"roberto-samcam-person-of-the-year-2025-killed-but-not-silenced","status":"publish","type":"post","link":"https:\/\/confidencial.digital\/en\/english\/roberto-samcam-person-of-the-year-2025-killed-but-not-silenced\/","title":{"rendered":"Roberto Samcam, Person of the Year 2025: Killed but Not Silenced"},"content":{"rendered":"\n<p>\u201cThe world of intelligence is pretty fucked up. You can\u2019t bring anyone to your house, you can\u2019t tell anyone where you live (\u2026) because the regime infiltrates, intelligence work is highly effective. You have to protect yourself,\u201d warned retired Nicaraguan Army Major Roberto Samcam, nine months before his assassination, during <a href=\"https:\/\/www.youtube.com\/watch?v=bA4vZCrZiSY&amp;t=4504s\">an interview<\/a> with the program <em>La Mesa Redonda.<\/em> <\/p>\n\n<p>Samcam repeated this warning several times in other interviews, denouncing the presence of intelligence cells sent from Managua and operating in Costa Rica out of the Nicaraguan embassy in San Jos\u00e9. <g id=\"gid_0\">In 2019, he even reported to the Directorate of Intelligence and Security (DIS)<\/g> that he was being followed. But he decided not to stay silent and continued speaking out.   <\/p>\n\n<p>On June 18, 2025, in his last interview with the program Caf\u00e9 con Voz, he spoke about the country\u2019s future in the event of Daniel Ortega\u2019s death and the dynastic succession by his wife, Rosario Murillo. Less than 24 hours later, he was shot and killed at the door of his home. <\/p>\n\n<figure class=\"wp-block-pullquote\"><blockquote><p>Roberto Samcam has been posthumously selected by <strong>CONFIDENCIAL\u2019s<\/strong> Editorial Board as Person of the Year 2025, in recognition of his work documenting repression, particularly the Nicaraguan Army\u2019s involvement in the massacre during the 2018 protests. This honor pays tribute to his legacy, which lives on in the demand for justice by Nicaraguans in exile who have been <a href=\"https:\/\/confidencial.digital\/en\/english\/the-ortega-regimes-long-reach-follows-exiled-nicaraguans-they-wont-let-us-live-in-peace\/\">affected by transnational repression.<\/a> <\/p><\/blockquote><\/figure>\n\n<figure class=\"wp-block-image size-full\"><img decoding=\"async\" width=\"2048\" height=\"1369\" src=\"https:\/\/confidencial.digital\/wp-content\/uploads\/2025\/12\/Claudia-Vargas-4-1-scaled.jpg\" alt=\"Claudia Vargas, wife of Roberto Samcam\" class=\"wp-image-180228\" srcset=\"https:\/\/confidencial.digital\/wp-content\/uploads\/2025\/12\/Claudia-Vargas-4-1-scaled.jpg 2048w, https:\/\/confidencial.digital\/wp-content\/uploads\/2025\/12\/Claudia-Vargas-4-1-300x201.jpg 300w, https:\/\/confidencial.digital\/wp-content\/uploads\/2025\/12\/Claudia-Vargas-4-1-1024x685.jpg 1024w, https:\/\/confidencial.digital\/wp-content\/uploads\/2025\/12\/Claudia-Vargas-4-1-768x513.jpg 768w, https:\/\/confidencial.digital\/wp-content\/uploads\/2025\/12\/Claudia-Vargas-4-1-1536x1027.jpg 1536w, https:\/\/confidencial.digital\/wp-content\/uploads\/2025\/12\/Claudia-Vargas-4-1-480x321.jpg 480w\" sizes=\"(max-width: 2048px) 100vw, 2048px\" \/><figcaption class=\"wp-element-caption\">Claudia Vargas Medal holds a placard with a photo of her husband, Roberto Samcam, for whom she demands justice following his assassination in San Jos\u00e9, Costa Rica, on June 19, 2025. \/\/ Photo: CONFIDENCIAL <\/figcaption><\/figure>\n\n<p>Upon receiving the news, his wife Claudia Vargas expressed gratitude for the tribute to a man who dedicated his final years to denouncing the crimes against humanity committed by Daniel Ortega and Rosario Murillo. For her, the recognition is not just for him: \u201cI accept it on behalf of all the victims of repression, of those killed in Carazo\u2026 and of the people who have chosen to continue this struggle from hiding,\u201d she asserts.  <\/p>\n\n<p>The honor is received by his son, Gabriel Samcam, with a mixture of joy and sadness. \u201cWith great joy because I think it reflects the spirit, the struggle, the character, and the contributions my father made to our fight to bring democracy to Nicaragua. But at the same time, it saddens me that these circumstances had to happen to reach this moment,\u201d he comments. <\/p>\n\n<h2 class=\"wp-block-heading\" id=\"h-las-amenazas-siempre-estuvieron\"><strong>The Threats Were Always There<\/strong><\/h2>\n\n<p>Threats were always present in Samcam\u2019s life. \u201cRoberto, I think that\u2019s why he was overly careful. I never thought something could happen,\u201d confesses Claudia. But Gabriel says he grew up knowing that his father\u2019s life was always at risk. \u201cEven before he had to leave for Costa Rica, we always knew there was danger,\u201d he insists.   <\/p>\n\n<p>He recalls that when his father left the Army and got involved in politics as a candidate for deputy in Carazo, he was attacked with stones during a meeting at the Jinotepe Social Club.<br\/> <\/p>\n\n<figure class=\"wp-block-pullquote\"><blockquote><p>With the start of the 2018 protests, the threats intensified. \u201cMy dad told me and my sister many times that if we heard gunfire or machine-gun bursts, we should drop to the ground,\u201d Gabriel recounts. Many times, they didn\u2019t even sleep at home. That\u2019s why the whole family eventually went into exile.   <\/p><\/blockquote><\/figure>\n\n<figure class=\"wp-block-image size-full\"><img decoding=\"async\" width=\"992\" height=\"558\" src=\"https:\/\/confidencial.digital\/wp-content\/uploads\/2025\/12\/Casa-de-Samcam-en-Jinotepe-marcada-en-2018.jpg\" alt=\"Roberto Samcam&#x2019;s House in Jinotepe\" class=\"wp-image-180231\" srcset=\"https:\/\/confidencial.digital\/wp-content\/uploads\/2025\/12\/Casa-de-Samcam-en-Jinotepe-marcada-en-2018.jpg 992w, https:\/\/confidencial.digital\/wp-content\/uploads\/2025\/12\/Casa-de-Samcam-en-Jinotepe-marcada-en-2018-300x169.jpg 300w, https:\/\/confidencial.digital\/wp-content\/uploads\/2025\/12\/Casa-de-Samcam-en-Jinotepe-marcada-en-2018-768x432.jpg 768w, https:\/\/confidencial.digital\/wp-content\/uploads\/2025\/12\/Casa-de-Samcam-en-Jinotepe-marcada-en-2018-480x270.jpg 480w\" sizes=\"(max-width: 992px) 100vw, 992px\" \/><figcaption class=\"wp-element-caption\">Roberto Samcam\u2019s house in Jinotepe (Carazo) was marked by mobs supporting the ruling Sandinista Front in 2018. \/\/ Photo: Courtesy<br\/> <\/figcaption><\/figure>\n\n<p>Samcam received multiple warnings, even directly from the Costa Rican government, alerting him to assassination plans since 2018. The family knew his life was in danger, but the threats were always linked to public places or surveillance. \u201cWe never thought they would come right to his doorstep,\u201d admits Gabriel.<br\/>  <\/p>\n\n<p>Claudia confirms that she wasn\u2019t worried about him continuing to speak out. \u201cRoberto, besides, even if I worried, he was going to keep doing it. Roberto had his principles and did what he wanted,\u201d she explains. After attacks on other opposition figures, some relatives told him to calm down. And he would respond: \u201cThere is no power in this world, nor anyone who can silence me.\u201d   <\/p>\n\n<h2 class=\"wp-block-heading\" id=\"h-esto-es-serio\"><strong>\u201cThis is serious\u201d<\/strong><\/h2>\n\n<p>Samcam took many security precautions. Although he never spoke of fear, he was extremely careful. He looked for alternate exits wherever he went and distrusted spaces with only one entrance. A homeless person in front of the house for three months made him uneasy. \u201cHe\u2019s suspicious,\u201d he would tell Claudia. She would joke: \u201cHow can you be<em> <\/em>suspicious of a homeless person? Do you think someone is going to disguise themselves?\u201d      <\/p>\n\n<p>Once, his wife noticed he was \u201cvery nervous\u201d when they went to eat at a restaurant. She told him it would be better to go home and order takeout. <\/p>\n\n<p>On another occasion, a new neighbor who watched TV at night also unsettled him. He would watch from his window. Claudia tried to lighten the mood with humor: \u201cDo you think he has binoculars and can see you all the way in here, with your curtains closed and everything?\u201d Roberto replied: \u201cThis is serious, Claudia. This is serious.\u201d   <\/p>\n\n<div class=\"wp-block-essential-blocks-slider root-eb-slider-3tver\"><div class=\"eb-parent-wrapper eb-parent-eb-slider-3tver \"><div class=\"eb-slider-wrapper eb-slider-3tver\" data-blockid=\"eb-slider-3tver\" data-version=\"v4\" data-settings=\"eyJhcnJvd3MiOmZhbHNlLCJhZGFwdGl2ZUhlaWdodCI6ZmFsc2UsImF1dG9wbGF5IjpmYWxzZSwiYXV0b3BsYXlTcGVlZCI6MzAwMCwiZG90cyI6dHJ1ZSwiZmFkZSI6ZmFsc2UsImluZmluaXRlIjp0cnVlLCJwYXVzZU9uSG92ZXIiOnRydWUsInNsaWRlc1RvU2hvdyI6MSwic3BlZWQiOjUwMCwidmVydGljYWwiOmZhbHNlLCJjdXJyZW50U2xpZGUiOjAsInJ0bCI6ZmFsc2UsInJlc3BvbnNpdmUiOlt7ImJyZWFrcG9pbnQiOjEwMjUsInNldHRpbmdzIjp7InNsaWRlc1RvU2hvdyI6MX19LHsiYnJlYWtwb2ludCI6NzY3LCJzZXR0aW5ncyI6eyJzbGlkZXNUb1Nob3ciOjF9fV19\" data-arrownexticon=\"fas fa-arrow-alt-circle-right\" data-arrowprevicon=\"fas fa-arrow-alt-circle-left\" data-lightbox=\"false\"><div class=\"eb-slider-init eb-slider-type-image\"><div class=\"eb-slider-item content-1\" data-src=\"https:\/\/confidencial.digital\/wp-content\/uploads\/2025\/12\/Fotos-familiares-Roberto-Samcam-1.jpg\"><div><img class=\"eb-slider-image\" data-lazy=\"https:\/\/confidencial.digital\/wp-content\/uploads\/2025\/12\/Fotos-familiares-Roberto-Samcam-1.jpg\"><\/div><\/div><div class=\"eb-slider-item content-1\" data-src=\"https:\/\/confidencial.digital\/wp-content\/uploads\/2025\/12\/Fotos-familiares-Roberto-Samcam.jpg\"><div><img class=\"eb-slider-image\" data-lazy=\"https:\/\/confidencial.digital\/wp-content\/uploads\/2025\/12\/Fotos-familiares-Roberto-Samcam.jpg\"><\/div><\/div><div class=\"eb-slider-item content-1\" data-src=\"https:\/\/confidencial.digital\/wp-content\/uploads\/2025\/12\/Fotos-familiares-Roberto-Samcam-3.jpg\"><div><img class=\"eb-slider-image\" data-lazy=\"https:\/\/confidencial.digital\/wp-content\/uploads\/2025\/12\/Fotos-familiares-Roberto-Samcam-3.jpg\"><\/div><\/div><div class=\"eb-slider-item content-1\" data-src=\"https:\/\/confidencial.digital\/wp-content\/uploads\/2025\/12\/Fotos-familiares-Roberto-Samcam-2.jpg\"><div><img class=\"eb-slider-image\" data-lazy=\"https:\/\/confidencial.digital\/wp-content\/uploads\/2025\/12\/Fotos-familiares-Roberto-Samcam-2.jpg\"><\/div><\/div><div class=\"eb-slider-item content-1\" data-src=\"https:\/\/confidencial.digital\/wp-content\/uploads\/2025\/12\/Fotos-familiares-Roberto-Samcam-4.jpg\"><div><img class=\"eb-slider-image\" data-lazy=\"https:\/\/confidencial.digital\/wp-content\/uploads\/2025\/12\/Fotos-familiares-Roberto-Samcam-4.jpg\"><\/div><\/div><\/div><\/div><\/div><\/div>\n\n<h2 class=\"wp-block-heading\" id=\"h-aqui-te-espero-nbsp\"><strong>\u201cI\u2019ll Be Here Waiting for You\u201d <\/strong><\/h2>\n\n<p>The last days of Roberto Samcam were marked by family closeness. In December 2024, he had visited his son and other relatives in the United States, and afterward spent time with loved ones in Mexico.  <\/p>\n\n<figure class=\"wp-block-pullquote\"><blockquote><p>\u201cHe had been with people we love (\u2026) and that also gives me great satisfaction: knowing that in his final moments he was well connected with love and that he took that memory with him,\u201d Claudia notes.<br\/> <\/p><\/blockquote><\/figure>\n\n<p>The last conversation between Claudia and Roberto was ordinary, filled with affection. That morning, he made chilaquiles with a sauce he had learned to prepare in Mexico. <\/p>\n\n<p>He walked her to the door as he did every day, they shared a kiss, and she said, \u201cSee you later.\u201d He replied, \u201cI\u2019ll be here waiting for you,\u201d Claudia recalls emotionally. <\/p>\n\n<h2 class=\"wp-block-heading\" id=\"h-su-disciplina-militar-no-lo-abandono\"><strong>His Military Discipline Never Left Him<\/strong><\/h2>\n\n<p>Roberto Samcam hung his clothes with military precision. Each hanger had to be spaced exactly so that the shirts wouldn\u2019t wrinkle. Even then, he ironed his clothes before wearing them. \u201cI used to say to myself: who am I living with, if people only knew,\u201d Claudia remembers with a small smile, recalling her husband\u2019s quirks.<br\/>   <\/p>\n\n<figure class=\"wp-block-pullquote\"><blockquote><p>\u201cHe was serious, very responsible, and strict about his things. He had this habit of keeping everything in order, making sure everything was right, making sure everything was super clean,\u201d she mentions.<br\/><\/p><\/blockquote><\/figure>\n\n<p>For her, the same rigor he applied to his shirts was the same he applied to documenting power. She would watch him speaking and verifying information. That\u2019s why his books carried meticulous dates, and his documents followed an order that almost resembled a diary.<br\/>  <\/p>\n\n<p>His participation in the 2018 protests was done by doing what he knew best, Claudia insists. From the very first day, he denounced the war weapons used against protesters, the Army\u2019s participation in repression, and how people were massacred in the streets. <\/p>\n\n<figure class=\"wp-block-embed is-type-video is-provider-youtube wp-block-embed-youtube wp-embed-aspect-16-9 wp-has-aspect-ratio\"><div class=\"wp-block-embed__wrapper\">\n<iframe title=\"Mayor en Retiro Roberto Samcam   &quot;Se uso\u0301 armamento del Eje\u0301rcito en Operacio\u0301n Limpieza&quot;\" width=\"500\" height=\"281\" src=\"https:\/\/www.youtube.com\/embed\/1QnuEn3gIrc?feature=oembed\" frameborder=\"0\" allow=\"accelerometer; autoplay; clipboard-write; encrypted-media; gyroscope; picture-in-picture; web-share\" referrerpolicy=\"strict-origin-when-cross-origin\" allowfullscreen><\/iframe>\n<\/div><\/figure>\n\n<p>Gabriel says his father taught him two fundamental values: discipline and honesty. When report cards were handed out at <g id=\"gid_0\">Colegio San Jos\u00e9 de Jinotepe<\/g> \u2014 confiscated by the regime in August 2025 \u2014 Roberto would sit Gabriel down and make him explain every grade. \u201cWhenever complaints came from school, my dad was one of the first people to come to me and make sure I understood what was going on,\u201d he explains.  <\/p>\n\n<h2 class=\"wp-block-heading\" id=\"h-de-la-radio-a-escribir-sobre-politica\"><strong>From Radio to Writing About Politics<\/strong><\/h2>\n\n<p>After a brief stint in political life, Samcam hosted a radio program in Carazo dedicated to sociopolitical analysis. What bothered him most, Claudia recalls, was injustice and the way political leaders turned their backs on the people. <\/p>\n\n<p>\u201cHe said he was already too old, that politics should be done by young people, that we needed to aim for generational renewal,\u201d his wife explains. <\/p>\n\n<p>He later began publishing his analyses on social media, and many of his texts appeared on his personal blog and were later compiled into books.<\/p>\n\n<figure class=\"wp-block-pullquote\"><blockquote><p>Claudia says she would tease him, pointing out that his discipline reflected the fact that he had \u201cnever really left the Army.\u201d \u201cI used to joke with him and say he hadn\u2019t taken off the uniform yet \u2014 that he\u2019d put on a guayabera, but in his mind it was still green every time he wore it,\u201d she recalls.<br\/>  <\/p><\/blockquote><\/figure>\n\n<p>However, Samcam was firmly convinced that the military should disappear from Nicaragua\u2019s future. \u201cIn a democratic scenario, I envision a country without an Army; fundamentally, I see a country with strong institutions,\u201d he said in <a href=\"https:\/\/informativojbs.com\/roberto-samcam-terminada-la-dictadura-en-nicaragua-veo-un-pais-sin-ejercito-un-pais-con-instituciones-fuertes\/\">an interview in 2022.<\/a> <\/p>\n\n<p>\u201cThe armed forces must disappear and be transformed \u2014 as in Panama, as in Costa Rica \u2014 into a strong police force capable of maintaining public security, safeguarding borders, and combating organized crime, drug trafficking, and the like,\u201d he argued.<\/p>\n\n<div class=\"wp-block-essential-blocks-slider root-eb-slider-q2sm2\"><div class=\"eb-parent-wrapper eb-parent-eb-slider-q2sm2 \"><div class=\"eb-slider-wrapper eb-slider-q2sm2\" data-blockid=\"eb-slider-q2sm2\" data-version=\"v4\" data-settings=\"eyJhcnJvd3MiOmZhbHNlLCJhZGFwdGl2ZUhlaWdodCI6ZmFsc2UsImF1dG9wbGF5IjpmYWxzZSwiYXV0b3BsYXlTcGVlZCI6MzAwMCwiZG90cyI6dHJ1ZSwiZmFkZSI6ZmFsc2UsImluZmluaXRlIjp0cnVlLCJwYXVzZU9uSG92ZXIiOnRydWUsInNsaWRlc1RvU2hvdyI6MSwic3BlZWQiOjUwMCwidmVydGljYWwiOmZhbHNlLCJjdXJyZW50U2xpZGUiOjAsInJ0bCI6ZmFsc2UsInJlc3BvbnNpdmUiOlt7ImJyZWFrcG9pbnQiOjEwMjUsInNldHRpbmdzIjp7InNsaWRlc1RvU2hvdyI6MX19LHsiYnJlYWtwb2ludCI6NzY3LCJzZXR0aW5ncyI6eyJzbGlkZXNUb1Nob3ciOjF9fV19\" data-arrownexticon=\"fas fa-arrow-alt-circle-right\" data-arrowprevicon=\"fas fa-arrow-alt-circle-left\" data-lightbox=\"false\"><div class=\"eb-slider-init eb-slider-type-content\"><div class=\"eb-slider-item content-2\" data-src=\"https:\/\/confidencial.digital\/wp-content\/uploads\/2025\/12\/Fotos-familiares-Roberto-Samcam-5.jpg\"><div><img class=\"eb-slider-image\" data-lazy=\"https:\/\/confidencial.digital\/wp-content\/uploads\/2025\/12\/Fotos-familiares-Roberto-Samcam-5.jpg\"><\/div><div class=\"eb-slider-content align-left \" data-content-link=\"\" data-content-target=\"_self\"><p class=\"eb-slider-title\">Roberto Samcam with Hugo Torres, retired brigadier general and political prisoner of the Ortega Murillo dictatorship, who died in custody in 2022. \/\/ Photo: Courtesy <\/p><div class=\"eb-slider-button-wrapper\"><\/div><\/div><\/div><div class=\"eb-slider-item content-2\" data-src=\"https:\/\/confidencial.digital\/wp-content\/uploads\/2025\/12\/Fotos-familiares-Roberto-Samcam-6.jpg\"><div><img class=\"eb-slider-image\" data-lazy=\"https:\/\/confidencial.digital\/wp-content\/uploads\/2025\/12\/Fotos-familiares-Roberto-Samcam-6.jpg\"><\/div><div class=\"eb-slider-content align-left \" data-content-link=\"\" data-content-target=\"_self\"><p class=\"eb-slider-title\">Roberto Samcam was the founder of the Patriotic Group of Retired Military Officers. In the photo, the cover of his analysis blog. \/\/ Photo: Screenshot from Blogger  <\/p><div class=\"eb-slider-button-wrapper\"><\/div><\/div><\/div><div class=\"eb-slider-item content-2\" data-src=\"https:\/\/confidencial.digital\/wp-content\/uploads\/2025\/12\/Fotos-familiares-Roberto-Samcam-7.jpg\"><div><img class=\"eb-slider-image\" data-lazy=\"https:\/\/confidencial.digital\/wp-content\/uploads\/2025\/12\/Fotos-familiares-Roberto-Samcam-7.jpg\"><\/div><div class=\"eb-slider-content align-left \" data-content-link=\"\" data-content-target=\"_self\"><p class=\"eb-slider-title\">Roberto Samcam founded \u201cA Fondo,\u201d a political analysis program that he took from radio to television. \/\/ Photo: Courtesy <\/p><div class=\"eb-slider-button-wrapper\"><\/div><\/div><\/div><div class=\"eb-slider-item content-2\" data-src=\"https:\/\/confidencial.digital\/wp-content\/uploads\/2025\/12\/Fotos-familiares-Roberto-Samcam-9.jpg\"><div><img class=\"eb-slider-image\" data-lazy=\"https:\/\/confidencial.digital\/wp-content\/uploads\/2025\/12\/Fotos-familiares-Roberto-Samcam-9.jpg\"><\/div><div class=\"eb-slider-content align-left \" data-content-link=\"\" data-content-target=\"_self\"><p class=\"eb-slider-title\">Roberto Samcam recording an interview. \/\/ Photo: Courtesy <\/p><div class=\"eb-slider-button-wrapper\"><\/div><\/div><\/div><div class=\"eb-slider-item content-2\" data-src=\"https:\/\/confidencial.digital\/wp-content\/uploads\/2025\/12\/Fotos-familiares-Roberto-Samcam-8.jpg\"><div><img class=\"eb-slider-image\" data-lazy=\"https:\/\/confidencial.digital\/wp-content\/uploads\/2025\/12\/Fotos-familiares-Roberto-Samcam-8.jpg\"><\/div><div class=\"eb-slider-content align-left \" data-content-link=\"\" data-content-target=\"_self\"><p class=\"eb-slider-title\">Roberto Samcam at book presentations. \/\/ Photo: Courtesy <\/p><div class=\"eb-slider-button-wrapper\"><\/div><\/div><\/div><div class=\"eb-slider-item content-2\" data-src=\"https:\/\/confidencial.digital\/wp-content\/uploads\/2025\/12\/Fotos-familiares-Roberto-Samcam-10.jpg\"><div><img class=\"eb-slider-image\" data-lazy=\"https:\/\/confidencial.digital\/wp-content\/uploads\/2025\/12\/Fotos-familiares-Roberto-Samcam-10.jpg\"><\/div><div class=\"eb-slider-content align-left \" data-content-link=\"\" data-content-target=\"_self\"><p class=\"eb-slider-title\">Books by Roberto Samcam: Editoriales I and II, What Happened in Nicaragua?, Ortega: Nicaragua&#8217;s Ordeal. \/\/ Photo: CONFIDENCIAL<\/p><div class=\"eb-slider-button-wrapper\"><\/div><\/div><\/div><\/div><\/div><\/div><\/div>\n\n<p>For his wife, Samcam\u2019s assassination happened because \u201che was an important and highly representative figure within the exile community,\u201d and it sends a clear message to the opposition to silence anyone exercising leadership, activism, or public advocacy.<\/p>\n\n<p>But they did not succeed in silencing him. \u201cHis books, his writings, his analyses are still there. Roberto\u2019s courage and bravery\u2014his refusal to be silenced\u2014remain. I believe they have not succeeded in silencing him,\u201d Claudia affirms. <\/p>\n\n<p>The investigation into his murder remains open in Costa Rica. The Guernica 37 Center is handling the legal side, and the Costa Rican Prosecutor\u2019s Office is investigating, but Claudia is clear: progress is still \u201cinsufficient.\u201d \u201cWe are talking about a case of extraordinary magnitude. We also need to reach the intellectual perpetrators,\u201d she asserts.  <\/p>\n\n<h2 class=\"wp-block-heading\" id=\"h-la-demanda-internacional-de-justicia\"><strong>The International Demand for Justice<\/strong><\/h2>\n\n<p>Samcam\u2019s assassination is still under investigation. Costa Rican authorities have detained a group of three suspects involved in planning the attack, but the material perpetrator\u2014a 20-year-old gunman named Carvajal Mart\u00ednez\u2014remains at large. Investigations are also ongoing into the intellectual authors of the crime, which has been denounced as a state-terrorism act planned from Nicaragua.<br\/>   <\/p>\n\n<p>For former Costa Rican president Laura Chinchilla, just as Samcam\u2019s life \u201cwas full of meaning, so too has been his passing,\u201d as it has exposed to the international community the transnational repression orchestrated by the Ortega-Murillo regime.<\/p>\n\n<figure class=\"wp-block-image size-large\"><img decoding=\"async\" width=\"1024\" height=\"771\" src=\"https:\/\/confidencial.digital\/wp-content\/uploads\/2025\/12\/IMG_20250619_123444-1024x771.jpg\" alt=\"OIJ at Roberto Samcam's home\" class=\"wp-image-180257\" srcset=\"https:\/\/confidencial.digital\/wp-content\/uploads\/2025\/12\/IMG_20250619_123444-1024x771.jpg 1024w, https:\/\/confidencial.digital\/wp-content\/uploads\/2025\/12\/IMG_20250619_123444-300x226.jpg 300w, https:\/\/confidencial.digital\/wp-content\/uploads\/2025\/12\/IMG_20250619_123444-768x578.jpg 768w, https:\/\/confidencial.digital\/wp-content\/uploads\/2025\/12\/IMG_20250619_123444-1536x1157.jpg 1536w, https:\/\/confidencial.digital\/wp-content\/uploads\/2025\/12\/IMG_20250619_123444-scaled.jpg 2048w, https:\/\/confidencial.digital\/wp-content\/uploads\/2025\/12\/IMG_20250619_123444-480x361.jpg 480w\" sizes=\"(max-width: 1024px) 100vw, 1024px\" \/><figcaption class=\"wp-element-caption\">Vehicles from the Judicial Investigation Agency (OIJ) during investigations into the assassination of Roberto Samcam on the morning of June 19, 2025, in Moravia, San Jos\u00e9, Costa Rica. \/\/ Photo: CONFIDENCIAL <\/figcaption><\/figure>\n\n<p>Chinchilla describes him as a brave man committed to democracy and the freedom of Nicaragua \u201cto the point that it cost him his life.\u201d<\/p>\n\n<p>Antonia Urrejola, former director of the Inter-American Commission on Human Rights (IACHR) and former Chilean foreign minister, notes that Samcam was \u201ca key witness who dismantled, with technical rigor and courage, the regime\u2019s security narrative.\u201d<\/p>\n\n<p>\u201cFrom an international perspective, his legacy lies in providing \u2018from the inside\u2019 evidence\u2014as a retired major\u2014necessary to document the chain of command and paramilitary structure in Nicaragua,\u201d she adds.<br\/> <\/p>\n\n<p>Reed Brody, member of the United Nations Human Rights Experts Group for Nicaragua (GHREN), believes Samcam\u2019s legacy \u201ctranscends his own life.\u201d<\/p>\n\n<p>\u201cAs a military officer and retiree who chose to break the silence and denounce abuses of power, he displayed exceptional courage: knowing the system from the inside, he chose to stand with the victims and with the truth, fully aware of the risks,\u201d Brody explains.<br\/><\/p>\n\n<p>Brody argues that the demand for justice for Samcam \u201cis not just an act of memory or a family claim: it is a moral and legal obligation of the international community.\u201d<\/p>\n\n<p>Meanwhile, Brazilian jurist and former executive secretary of the IACHR, Paulo Abr\u00e3o, emphasizes that Samcam used his voice \u201cto document patterns of repression, denounce systematic violations, and assert\u2014until the end\u2014that the memory of the crimes is inseparable from the dignity of the Nicaraguan people.\u201d<br\/><\/p>\n\n<p>\u201cThe international community must strengthen accountability mechanisms and support organizations and victims who, like Samcam, have paid the highest price for speaking the truth. His legacy demands that there be no impunity and that Nicaragua can reconnect with justice, memory, and democracy,\u201d he insisted.<\/p>\n\n<div class=\"wp-block-essential-blocks-pro-testimonial-slider root-eb-testimonial-slider-w4up1 eb_liquid_glass-effect1 eb_liquid_glass_shadow-effect2\"><div class=\"eb-parent-wrapper eb-parent-eb-testimonial-slider-w4up1 \"><script>var eb_testimonial_slider_w4up1 = {\"preset\":\"style-1\",\"arrows\":false,\"adaptiveHeight\":false,\"autoplay\":false,\"autoplaySpeed\":3000,\"dots\":true,\"fade\":false,\"infinite\":true,\"pauseOnHover\":true,\"slidesToShow\":1,\"speed\":500,\"vertical\":false,\"arrowPrevIcon\":\"fas fa-angle-left\",\"arrowNextIcon\":\"fas fa-angle-right\",\"responsive\":[{\"breakpoint\":1025,\"settings\":{\"slidesToShow\":1}},{\"breakpoint\":767,\"settings\":{\"slidesToShow\":1}}],\"enableStacked\":false,\"centerMode\":true}<\/script><div class=\"eb-testimonial-slider-wrapper eb-testimonial-slider-w4up1 style-1 dot-style-default centered\" data-blockid=\"eb-testimonial-slider-w4up1\"><div class=\"eb-testimonial-slider-item\"><div class=\"eb-item-wrapper\" style=\"background-color:var(--eb-global-button-text-color)\"><img decoding=\"async\" class=\"eb-testimonial-slider-avatar\" src=\"https:\/\/confidencial.digital\/wp-content\/uploads\/2022\/11\/636868190383441383w.jpg\" alt=\"Avatar\"><p class=\"eb-testimonial-slider-content\">\u201cToday, the transnational repression carried out by the Ortega-Murillo regime is under the scrutiny of many in the international community, and we will not rest until justice is served.\u201d<\/p><div class=\"eb-testimonial-slider-authorinfo\"><div class=\"eb-testimonial-slider-author\"><p class=\"eb-testimonial-slider-authorname\">Laura Chinchilla<\/p><p class=\"eb-testimonial-slider-authordesignation\">Former president of Costa Rica<\/p><\/div><\/div><\/div><\/div><div class=\"eb-testimonial-slider-item\"><div class=\"eb-item-wrapper\" style=\"background-color:var(--eb-global-button-text-color)\"><img decoding=\"async\" class=\"eb-testimonial-slider-avatar\" src=\"https:\/\/confidencial.digital\/wp-content\/uploads\/2022\/11\/40179323390_a572ebbea5_c.jpg\" alt=\"Avatar\"><p class=\"eb-testimonial-slider-content\">\u201cHis assassination in exile not only silences an expert voice, but also confirms the severity of transnational repression, marking a turning point that forces the international community to recognize that borders no longer guarantee security against authoritarianism.\u201d<\/p><div class=\"eb-testimonial-slider-authorinfo\"><div class=\"eb-testimonial-slider-author\"><p class=\"eb-testimonial-slider-authorname\">Antonia Urrejola<\/p><p class=\"eb-testimonial-slider-authordesignation\">Former President of the IACHR<\/p><\/div><\/div><\/div><\/div><div class=\"eb-testimonial-slider-item\"><div class=\"eb-item-wrapper\" style=\"background-color:var(--eb-global-button-text-color)\"><img decoding=\"async\" class=\"eb-testimonial-slider-avatar\" src=\"https:\/\/confidencial.digital\/wp-content\/uploads\/2025\/03\/ReedBrody.jpg\" alt=\"Avatar\"><p class=\"eb-testimonial-slider-content\">\u201cHis death in exile shook consciences both inside and outside the country and brutally revealed how far the dangers can reach for those who dare to challenge the power of Daniel Ortega and Rosario Murillo.\u201d<br><\/p><div class=\"eb-testimonial-slider-authorinfo\"><div class=\"eb-testimonial-slider-author\"><p class=\"eb-testimonial-slider-authorname\">Reed Brody<\/p><p class=\"eb-testimonial-slider-authordesignation\">GHREN member<\/p><\/div><\/div><\/div><\/div><div class=\"eb-testimonial-slider-item\"><div class=\"eb-item-wrapper\" style=\"background-color:var(--eb-global-button-text-color)\"><img decoding=\"async\" class=\"eb-testimonial-slider-avatar\" src=\"https:\/\/confidencial.digital\/wp-content\/uploads\/2022\/11\/Abrao.jpg\" alt=\"Avatar\"><p class=\"eb-testimonial-slider-content\">\u201cFrom an international perspective, the demand for justice for Roberto Samcam and all the victims of the dictatorship is a legal and moral imperative.\u201d<\/p><div class=\"eb-testimonial-slider-authorinfo\"><div class=\"eb-testimonial-slider-author\"><p class=\"eb-testimonial-slider-authorname\">Paulo Abrao<\/p><p class=\"eb-testimonial-slider-authordesignation\">Jurist and former executive secretary of the IACHR<\/p><\/div><\/div><\/div><\/div><\/div><\/div><\/div>\n\n<div style=\"height:25px\" aria-hidden=\"true\" class=\"wp-block-spacer\"><\/div>\n\n<h2 class=\"wp-block-heading\" id=\"h-el-sueno-de-volver-a-jinotepe\"><strong>The Dream of Returning to Jinotepe<\/strong><\/h2>\n\n<p>Samcam insisted on the dream of returning to his hometown. \u201cFor my dad, the dream wasn\u2019t just to come back, but to see Nicaragua as a democracy,\u201d Gabriel says. \u201cThat dream is not dead yet, and it\u2019s a dream we also share. Now our dream is also to bring my father\u2019s body back and bury him in Jinotepe,\u201d he adds.<br\/>   <\/p>\n\n<p>Since the assassination, the family has felt fear. \u201cBut at the same time,\u201d his son affirms, \u201cwe keep doing what we do. We are not going to hide or stay silent, because that would be giving victory to the regime that tried to silence my father\u2019s voice.\u201d  <\/p>\n\n<p>Today, Claudia has decided to stay in Costa Rica and continue advocacy work at the national and international level. Roberto, she asserts, has become her \u201cnew banner,\u201d and she believes \u201che knows that I am seeking justice, that I will honor his memory, and that I will make his memory prevail.\u201d  <\/p>\n\n<p>\u201cHe has become my new shirt\u2026 and I\u2019ve always said that the shirts I wear become my skin,\u201d her wife declares.<\/p>\n","protected":false},"excerpt":{"rendered":"<p>\u201cThe world of intelligence is pretty fucked up. You can\u2019t bring anyone to your house, you can\u2019t tell anyone where you live (\u2026) because the regime infiltrates, intelligence work is highly effective. You have to protect yourself,\u201d warned retired Nicaraguan Army Major Roberto Samcam, nine months before his assassination, during an interview with the program [&hellip;]<\/p>\n","protected":false},"author":10,"featured_media":180226,"comment_status":"closed","ping_status":"closed","sticky":false,"template":"","format":"standard","meta":{"_acf_changed":false,"_eb_attr":"","_eb_data_table":"","footnotes":""},"categories":[15445],"tags":[],"class_list":["post-180317","post","type-post","status-publish","format-standard","has-post-thumbnail","hentry","category-english"],"acf":[],"yoast_head":"<!-- This site is optimized with the Yoast SEO Premium plugin v27.4 (Yoast SEO v27.4) - https:\/\/yoast.com\/product\/yoast-seo-premium-wordpress\/ -->\n<title>Roberto Samcam, Person of the Year 2025 at CONFIDENCIAL<\/title>\n<meta name=\"description\" content=\"CONFIDENCIAL names Roberto Samcam, retired major of the Nicaraguan Army, assassinated in Costa Rica, as Person of the Year 2025.\" \/>\n<meta name=\"robots\" content=\"index, follow, max-snippet:-1, max-image-preview:large, max-video-preview:-1\" \/>\n<link rel=\"canonical\" href=\"https:\/\/confidencial.digital\/en\/english\/roberto-samcam-person-of-the-year-2025-killed-but-not-silenced\/\" \/>\n<meta property=\"og:locale\" content=\"en_US\" \/>\n<meta property=\"og:type\" content=\"article\" \/>\n<meta property=\"og:title\" content=\"Roberto Samcam, Person of the Year 2025: Killed but Not Silenced\" \/>\n<meta property=\"og:description\" content=\"CONFIDENCIAL names Roberto Samcam, retired major of the Nicaraguan Army, assassinated in Costa Rica, as Person of the Year 2025.\" \/>\n<meta property=\"og:url\" content=\"https:\/\/confidencial.digital\/en\/english\/roberto-samcam-person-of-the-year-2025-killed-but-not-silenced\/\" \/>\n<meta property=\"og:site_name\" content=\"Confidencial\" \/>\n<meta property=\"article:publisher\" content=\"https:\/\/www.facebook.com\/confidencial.com.ni\" \/>\n<meta property=\"article:published_time\" content=\"2025-12-15T06:11:00+00:00\" \/>\n<meta property=\"article:modified_time\" content=\"2025-12-20T19:58:46+00:00\" \/>\n<meta property=\"og:image\" content=\"https:\/\/confidencial.digital\/wp-content\/uploads\/2025\/12\/Roberto-Samcam-Personaje-de-2025.jpeg\" \/>\n\t<meta property=\"og:image:width\" content=\"1366\" \/>\n\t<meta property=\"og:image:height\" content=\"769\" \/>\n\t<meta property=\"og:image:type\" content=\"image\/jpeg\" \/>\n<meta name=\"author\" content=\"Redacci\u00f3n Confidencial\" \/>\n<meta name=\"twitter:card\" content=\"summary_large_image\" \/>\n<meta name=\"twitter:creator\" content=\"@confidencial_ni\" \/>\n<meta name=\"twitter:site\" content=\"@confidencial_ni\" \/>\n<meta name=\"twitter:label1\" content=\"Written by\" \/>\n\t<meta name=\"twitter:data1\" content=\"Redacci\u00f3n Confidencial\" \/>\n\t<meta name=\"twitter:label2\" content=\"Est. reading time\" \/>\n\t<meta name=\"twitter:data2\" content=\"12 minutes\" \/>\n<script type=\"application\/ld+json\" class=\"yoast-schema-graph\">{\"@context\":\"https:\\\/\\\/schema.org\",\"@graph\":[{\"@type\":\"NewsArticle\",\"@id\":\"https:\\\/\\\/confidencial.digital\\\/en\\\/english\\\/roberto-samcam-person-of-the-year-2025-killed-but-not-silenced\\\/#article\",\"isPartOf\":{\"@id\":\"https:\\\/\\\/confidencial.digital\\\/en\\\/english\\\/roberto-samcam-person-of-the-year-2025-killed-but-not-silenced\\\/\"},\"author\":{\"name\":\"Redacci\u00f3n Confidencial\",\"@id\":\"https:\\\/\\\/confidencial.digital\\\/en\\\/#\\\/schema\\\/person\\\/64733b11255c0e9d6b4e93e81a984809\"},\"headline\":\"Roberto Samcam, Person of the Year 2025: Killed but Not Silenced\",\"datePublished\":\"2025-12-15T06:11:00+00:00\",\"dateModified\":\"2025-12-20T19:58:46+00:00\",\"mainEntityOfPage\":{\"@id\":\"https:\\\/\\\/confidencial.digital\\\/en\\\/english\\\/roberto-samcam-person-of-the-year-2025-killed-but-not-silenced\\\/\"},\"wordCount\":2461,\"publisher\":{\"@id\":\"https:\\\/\\\/confidencial.digital\\\/en\\\/#organization\"},\"image\":{\"@id\":\"https:\\\/\\\/confidencial.digital\\\/en\\\/english\\\/roberto-samcam-person-of-the-year-2025-killed-but-not-silenced\\\/#primaryimage\"},\"thumbnailUrl\":\"https:\\\/\\\/confidencial.digital\\\/wp-content\\\/uploads\\\/2025\\\/12\\\/Roberto-Samcam-Personaje-de-2025.jpeg\",\"articleSection\":[\"English\"],\"inLanguage\":\"en-US\",\"copyrightYear\":\"2025\",\"copyrightHolder\":{\"@id\":\"https:\\\/\\\/confidencial.digital\\\/#organization\"}},{\"@type\":\"WebPage\",\"@id\":\"https:\\\/\\\/confidencial.digital\\\/en\\\/english\\\/roberto-samcam-person-of-the-year-2025-killed-but-not-silenced\\\/\",\"url\":\"https:\\\/\\\/confidencial.digital\\\/en\\\/english\\\/roberto-samcam-person-of-the-year-2025-killed-but-not-silenced\\\/\",\"name\":\"Roberto Samcam, Person of the Year 2025 at CONFIDENCIAL\",\"isPartOf\":{\"@id\":\"https:\\\/\\\/confidencial.digital\\\/en\\\/#website\"},\"primaryImageOfPage\":{\"@id\":\"https:\\\/\\\/confidencial.digital\\\/en\\\/english\\\/roberto-samcam-person-of-the-year-2025-killed-but-not-silenced\\\/#primaryimage\"},\"image\":{\"@id\":\"https:\\\/\\\/confidencial.digital\\\/en\\\/english\\\/roberto-samcam-person-of-the-year-2025-killed-but-not-silenced\\\/#primaryimage\"},\"thumbnailUrl\":\"https:\\\/\\\/confidencial.digital\\\/wp-content\\\/uploads\\\/2025\\\/12\\\/Roberto-Samcam-Personaje-de-2025.jpeg\",\"datePublished\":\"2025-12-15T06:11:00+00:00\",\"dateModified\":\"2025-12-20T19:58:46+00:00\",\"description\":\"CONFIDENCIAL names Roberto Samcam, retired major of the Nicaraguan Army, assassinated in Costa Rica, as Person of the Year 2025.\",\"breadcrumb\":{\"@id\":\"https:\\\/\\\/confidencial.digital\\\/en\\\/english\\\/roberto-samcam-person-of-the-year-2025-killed-but-not-silenced\\\/#breadcrumb\"},\"inLanguage\":\"en-US\",\"potentialAction\":[{\"@type\":\"ReadAction\",\"target\":[\"https:\\\/\\\/confidencial.digital\\\/en\\\/english\\\/roberto-samcam-person-of-the-year-2025-killed-but-not-silenced\\\/\"]}]},{\"@type\":\"ImageObject\",\"inLanguage\":\"en-US\",\"@id\":\"https:\\\/\\\/confidencial.digital\\\/en\\\/english\\\/roberto-samcam-person-of-the-year-2025-killed-but-not-silenced\\\/#primaryimage\",\"url\":\"https:\\\/\\\/confidencial.digital\\\/wp-content\\\/uploads\\\/2025\\\/12\\\/Roberto-Samcam-Personaje-de-2025.jpeg\",\"contentUrl\":\"https:\\\/\\\/confidencial.digital\\\/wp-content\\\/uploads\\\/2025\\\/12\\\/Roberto-Samcam-Personaje-de-2025.jpeg\",\"width\":1366,\"height\":769,\"caption\":\"Roberto Samcam, Personaje del A\u00f1o 2025 en CONFIDENCIAL, en una ilustraci\u00f3n de nuestro caricaturista Pedro X. Molina.\"},{\"@type\":\"BreadcrumbList\",\"@id\":\"https:\\\/\\\/confidencial.digital\\\/en\\\/english\\\/roberto-samcam-person-of-the-year-2025-killed-but-not-silenced\\\/#breadcrumb\",\"itemListElement\":[{\"@type\":\"ListItem\",\"position\":1,\"name\":\"Portada\",\"item\":\"https:\\\/\\\/confidencial.digital\\\/en\\\/\"},{\"@type\":\"ListItem\",\"position\":2,\"name\":\"Roberto Samcam, Person of the Year 2025: Killed but Not Silenced\"}]},{\"@type\":\"WebSite\",\"@id\":\"https:\\\/\\\/confidencial.digital\\\/en\\\/#website\",\"url\":\"https:\\\/\\\/confidencial.digital\\\/en\\\/\",\"name\":\"Confidencial Nicaragua\",\"description\":\"Noticias de Nicaragua, informaci\u00f3n, an\u00e1lisis, reportajes, investigaciones, perfiles y entrevistas. Somos Confidencial. Hacemos periodismo independiente.\",\"publisher\":{\"@id\":\"https:\\\/\\\/confidencial.digital\\\/en\\\/#organization\"},\"potentialAction\":[{\"@type\":\"SearchAction\",\"target\":{\"@type\":\"EntryPoint\",\"urlTemplate\":\"https:\\\/\\\/confidencial.digital\\\/en\\\/?s={search_term_string}\"},\"query-input\":{\"@type\":\"PropertyValueSpecification\",\"valueRequired\":true,\"valueName\":\"search_term_string\"}}],\"inLanguage\":\"en-US\"},{\"@type\":\"Organization\",\"@id\":\"https:\\\/\\\/confidencial.digital\\\/en\\\/#organization\",\"name\":\"Confidencial\",\"url\":\"https:\\\/\\\/confidencial.digital\\\/en\\\/\",\"logo\":{\"@type\":\"ImageObject\",\"inLanguage\":\"en-US\",\"@id\":\"https:\\\/\\\/confidencial.digital\\\/en\\\/#\\\/schema\\\/logo\\\/image\\\/\",\"url\":\"https:\\\/\\\/confidencial.digital\\\/wp-content\\\/uploads\\\/2023\\\/09\\\/Confidencial_696x696.jpg\",\"contentUrl\":\"https:\\\/\\\/confidencial.digital\\\/wp-content\\\/uploads\\\/2023\\\/09\\\/Confidencial_696x696.jpg\",\"width\":696,\"height\":696,\"caption\":\"Confidencial\"},\"image\":{\"@id\":\"https:\\\/\\\/confidencial.digital\\\/en\\\/#\\\/schema\\\/logo\\\/image\\\/\"},\"sameAs\":[\"https:\\\/\\\/www.facebook.com\\\/confidencial.com.ni\",\"https:\\\/\\\/x.com\\\/confidencial_ni\",\"https:\\\/\\\/www.youtube.com\\\/user\\\/ConfidencialNica\",\"https:\\\/\\\/www.instagram.com\\\/confidencial_ni\\\/\",\"https:\\\/\\\/www.linkedin.com\\\/company\\\/confidencial-nicaragua\\\/\",\"https:\\\/\\\/open.spotify.com\\\/show\\\/1rNymjqQuqP1CTGqHKdQ24\",\"https:\\\/\\\/bsky.app\\\/profile\\\/confidencialni.bsky.social\",\"https:\\\/\\\/www.threads.com\\\/@confidencial_ni\"],\"description\":\"En Confidencial hacemos periodismo de investigaci\u00f3n y an\u00e1lisis independiente para Nicaragua y su di\u00e1spora en el mundo. Fundado en 1996\",\"email\":\"info@confidencial.digital\",\"foundingDate\":\"1996-06-01\"},{\"@type\":\"Person\",\"@id\":\"https:\\\/\\\/confidencial.digital\\\/en\\\/#\\\/schema\\\/person\\\/64733b11255c0e9d6b4e93e81a984809\",\"name\":\"Redacci\u00f3n Confidencial\",\"image\":{\"@type\":\"ImageObject\",\"inLanguage\":\"en-US\",\"@id\":\"https:\\\/\\\/confidencial.digital\\\/wp-content\\\/uploads\\\/2024\\\/04\\\/redaccion-confidencial_avatar-96x96.png\",\"url\":\"https:\\\/\\\/confidencial.digital\\\/wp-content\\\/uploads\\\/2024\\\/04\\\/redaccion-confidencial_avatar-96x96.png\",\"contentUrl\":\"https:\\\/\\\/confidencial.digital\\\/wp-content\\\/uploads\\\/2024\\\/04\\\/redaccion-confidencial_avatar-96x96.png\",\"caption\":\"Redacci\u00f3n Confidencial\"},\"description\":\"Confidencial es un diario digital nicarag\u00fcense, de formato multimedia, fundado por Carlos F. Chamorro en junio de 1996. Inici\u00f3 como un semanario impreso y hoy es un medio de referencia regional con informaci\u00f3n, an\u00e1lisis, entrevistas, perfiles, reportajes e investigaciones sobre Nicaragua, informando desde el exilio por la persecuci\u00f3n pol\u00edtica de la dictadura de Daniel Ortega y Rosario Murillo.\",\"sameAs\":[\"https:\\\/\\\/x.com\\\/confidencial_ni\"],\"url\":\"https:\\\/\\\/confidencial.digital\\\/en\\\/author\\\/confidencial-digital\\\/\"}]}<\/script>\n<!-- \/ Yoast SEO Premium plugin. -->","yoast_head_json":{"title":"Roberto Samcam, Person of the Year 2025 at CONFIDENCIAL","description":"CONFIDENCIAL names Roberto Samcam, retired major of the Nicaraguan Army, assassinated in Costa Rica, as Person of the Year 2025.","robots":{"index":"index","follow":"follow","max-snippet":"max-snippet:-1","max-image-preview":"max-image-preview:large","max-video-preview":"max-video-preview:-1"},"canonical":"https:\/\/confidencial.digital\/en\/english\/roberto-samcam-person-of-the-year-2025-killed-but-not-silenced\/","og_locale":"en_US","og_type":"article","og_title":"Roberto Samcam, Person of the Year 2025: Killed but Not Silenced","og_description":"CONFIDENCIAL names Roberto Samcam, retired major of the Nicaraguan Army, assassinated in Costa Rica, as Person of the Year 2025.","og_url":"https:\/\/confidencial.digital\/en\/english\/roberto-samcam-person-of-the-year-2025-killed-but-not-silenced\/","og_site_name":"Confidencial","article_publisher":"https:\/\/www.facebook.com\/confidencial.com.ni","article_published_time":"2025-12-15T06:11:00+00:00","article_modified_time":"2025-12-20T19:58:46+00:00","og_image":[{"width":1366,"height":769,"url":"https:\/\/confidencial.digital\/wp-content\/uploads\/2025\/12\/Roberto-Samcam-Personaje-de-2025.jpeg","type":"image\/jpeg"}],"author":"Redacci\u00f3n Confidencial","twitter_card":"summary_large_image","twitter_creator":"@confidencial_ni","twitter_site":"@confidencial_ni","twitter_misc":{"Written by":"Redacci\u00f3n Confidencial","Est. reading time":"12 minutes"},"schema":{"@context":"https:\/\/schema.org","@graph":[{"@type":"NewsArticle","@id":"https:\/\/confidencial.digital\/en\/english\/roberto-samcam-person-of-the-year-2025-killed-but-not-silenced\/#article","isPartOf":{"@id":"https:\/\/confidencial.digital\/en\/english\/roberto-samcam-person-of-the-year-2025-killed-but-not-silenced\/"},"author":{"name":"Redacci\u00f3n Confidencial","@id":"https:\/\/confidencial.digital\/en\/#\/schema\/person\/64733b11255c0e9d6b4e93e81a984809"},"headline":"Roberto Samcam, Person of the Year 2025: Killed but Not Silenced","datePublished":"2025-12-15T06:11:00+00:00","dateModified":"2025-12-20T19:58:46+00:00","mainEntityOfPage":{"@id":"https:\/\/confidencial.digital\/en\/english\/roberto-samcam-person-of-the-year-2025-killed-but-not-silenced\/"},"wordCount":2461,"publisher":{"@id":"https:\/\/confidencial.digital\/en\/#organization"},"image":{"@id":"https:\/\/confidencial.digital\/en\/english\/roberto-samcam-person-of-the-year-2025-killed-but-not-silenced\/#primaryimage"},"thumbnailUrl":"https:\/\/confidencial.digital\/wp-content\/uploads\/2025\/12\/Roberto-Samcam-Personaje-de-2025.jpeg","articleSection":["English"],"inLanguage":"en-US","copyrightYear":"2025","copyrightHolder":{"@id":"https:\/\/confidencial.digital\/#organization"}},{"@type":"WebPage","@id":"https:\/\/confidencial.digital\/en\/english\/roberto-samcam-person-of-the-year-2025-killed-but-not-silenced\/","url":"https:\/\/confidencial.digital\/en\/english\/roberto-samcam-person-of-the-year-2025-killed-but-not-silenced\/","name":"Roberto Samcam, Person of the Year 2025 at CONFIDENCIAL","isPartOf":{"@id":"https:\/\/confidencial.digital\/en\/#website"},"primaryImageOfPage":{"@id":"https:\/\/confidencial.digital\/en\/english\/roberto-samcam-person-of-the-year-2025-killed-but-not-silenced\/#primaryimage"},"image":{"@id":"https:\/\/confidencial.digital\/en\/english\/roberto-samcam-person-of-the-year-2025-killed-but-not-silenced\/#primaryimage"},"thumbnailUrl":"https:\/\/confidencial.digital\/wp-content\/uploads\/2025\/12\/Roberto-Samcam-Personaje-de-2025.jpeg","datePublished":"2025-12-15T06:11:00+00:00","dateModified":"2025-12-20T19:58:46+00:00","description":"CONFIDENCIAL names Roberto Samcam, retired major of the Nicaraguan Army, assassinated in Costa Rica, as Person of the Year 2025.","breadcrumb":{"@id":"https:\/\/confidencial.digital\/en\/english\/roberto-samcam-person-of-the-year-2025-killed-but-not-silenced\/#breadcrumb"},"inLanguage":"en-US","potentialAction":[{"@type":"ReadAction","target":["https:\/\/confidencial.digital\/en\/english\/roberto-samcam-person-of-the-year-2025-killed-but-not-silenced\/"]}]},{"@type":"ImageObject","inLanguage":"en-US","@id":"https:\/\/confidencial.digital\/en\/english\/roberto-samcam-person-of-the-year-2025-killed-but-not-silenced\/#primaryimage","url":"https:\/\/confidencial.digital\/wp-content\/uploads\/2025\/12\/Roberto-Samcam-Personaje-de-2025.jpeg","contentUrl":"https:\/\/confidencial.digital\/wp-content\/uploads\/2025\/12\/Roberto-Samcam-Personaje-de-2025.jpeg","width":1366,"height":769,"caption":"Roberto Samcam, Personaje del A\u00f1o 2025 en CONFIDENCIAL, en una ilustraci\u00f3n de nuestro caricaturista Pedro X. Molina."},{"@type":"BreadcrumbList","@id":"https:\/\/confidencial.digital\/en\/english\/roberto-samcam-person-of-the-year-2025-killed-but-not-silenced\/#breadcrumb","itemListElement":[{"@type":"ListItem","position":1,"name":"Portada","item":"https:\/\/confidencial.digital\/en\/"},{"@type":"ListItem","position":2,"name":"Roberto Samcam, Person of the Year 2025: Killed but Not Silenced"}]},{"@type":"WebSite","@id":"https:\/\/confidencial.digital\/en\/#website","url":"https:\/\/confidencial.digital\/en\/","name":"Confidencial Nicaragua","description":"Noticias de Nicaragua, informaci\u00f3n, an\u00e1lisis, reportajes, investigaciones, perfiles y entrevistas. Somos Confidencial. Hacemos periodismo independiente.","publisher":{"@id":"https:\/\/confidencial.digital\/en\/#organization"},"potentialAction":[{"@type":"SearchAction","target":{"@type":"EntryPoint","urlTemplate":"https:\/\/confidencial.digital\/en\/?s={search_term_string}"},"query-input":{"@type":"PropertyValueSpecification","valueRequired":true,"valueName":"search_term_string"}}],"inLanguage":"en-US"},{"@type":"Organization","@id":"https:\/\/confidencial.digital\/en\/#organization","name":"Confidencial","url":"https:\/\/confidencial.digital\/en\/","logo":{"@type":"ImageObject","inLanguage":"en-US","@id":"https:\/\/confidencial.digital\/en\/#\/schema\/logo\/image\/","url":"https:\/\/confidencial.digital\/wp-content\/uploads\/2023\/09\/Confidencial_696x696.jpg","contentUrl":"https:\/\/confidencial.digital\/wp-content\/uploads\/2023\/09\/Confidencial_696x696.jpg","width":696,"height":696,"caption":"Confidencial"},"image":{"@id":"https:\/\/confidencial.digital\/en\/#\/schema\/logo\/image\/"},"sameAs":["https:\/\/www.facebook.com\/confidencial.com.ni","https:\/\/x.com\/confidencial_ni","https:\/\/www.youtube.com\/user\/ConfidencialNica","https:\/\/www.instagram.com\/confidencial_ni\/","https:\/\/www.linkedin.com\/company\/confidencial-nicaragua\/","https:\/\/open.spotify.com\/show\/1rNymjqQuqP1CTGqHKdQ24","https:\/\/bsky.app\/profile\/confidencialni.bsky.social","https:\/\/www.threads.com\/@confidencial_ni"],"description":"En Confidencial hacemos periodismo de investigaci\u00f3n y an\u00e1lisis independiente para Nicaragua y su di\u00e1spora en el mundo. Fundado en 1996","email":"info@confidencial.digital","foundingDate":"1996-06-01"},{"@type":"Person","@id":"https:\/\/confidencial.digital\/en\/#\/schema\/person\/64733b11255c0e9d6b4e93e81a984809","name":"Redacci\u00f3n Confidencial","image":{"@type":"ImageObject","inLanguage":"en-US","@id":"https:\/\/confidencial.digital\/wp-content\/uploads\/2024\/04\/redaccion-confidencial_avatar-96x96.png","url":"https:\/\/confidencial.digital\/wp-content\/uploads\/2024\/04\/redaccion-confidencial_avatar-96x96.png","contentUrl":"https:\/\/confidencial.digital\/wp-content\/uploads\/2024\/04\/redaccion-confidencial_avatar-96x96.png","caption":"Redacci\u00f3n Confidencial"},"description":"Confidencial es un diario digital nicarag\u00fcense, de formato multimedia, fundado por Carlos F. Chamorro en junio de 1996. Inici\u00f3 como un semanario impreso y hoy es un medio de referencia regional con informaci\u00f3n, an\u00e1lisis, entrevistas, perfiles, reportajes e investigaciones sobre Nicaragua, informando desde el exilio por la persecuci\u00f3n pol\u00edtica de la dictadura de Daniel Ortega y Rosario Murillo.","sameAs":["https:\/\/x.com\/confidencial_ni"],"url":"https:\/\/confidencial.digital\/en\/author\/confidencial-digital\/"}]}},"_links":{"self":[{"href":"https:\/\/confidencial.digital\/en\/wp-json\/wp\/v2\/posts\/180317","targetHints":{"allow":["GET"]}}],"collection":[{"href":"https:\/\/confidencial.digital\/en\/wp-json\/wp\/v2\/posts"}],"about":[{"href":"https:\/\/confidencial.digital\/en\/wp-json\/wp\/v2\/types\/post"}],"author":[{"embeddable":true,"href":"https:\/\/confidencial.digital\/en\/wp-json\/wp\/v2\/users\/10"}],"replies":[{"embeddable":true,"href":"https:\/\/confidencial.digital\/en\/wp-json\/wp\/v2\/comments?post=180317"}],"version-history":[{"count":2,"href":"https:\/\/confidencial.digital\/en\/wp-json\/wp\/v2\/posts\/180317\/revisions"}],"predecessor-version":[{"id":180517,"href":"https:\/\/confidencial.digital\/en\/wp-json\/wp\/v2\/posts\/180317\/revisions\/180517"}],"wp:featuredmedia":[{"embeddable":true,"href":"https:\/\/confidencial.digital\/en\/wp-json\/wp\/v2\/media\/180226"}],"wp:attachment":[{"href":"https:\/\/confidencial.digital\/en\/wp-json\/wp\/v2\/media?parent=180317"}],"wp:term":[{"taxonomy":"category","embeddable":true,"href":"https:\/\/confidencial.digital\/en\/wp-json\/wp\/v2\/categories?post=180317"},{"taxonomy":"post_tag","embeddable":true,"href":"https:\/\/confidencial.digital\/en\/wp-json\/wp\/v2\/tags?post=180317"}],"curies":[{"name":"wp","href":"https:\/\/api.w.org\/{rel}","templated":true}]}}