{"id":179222,"date":"2025-11-28T00:05:00","date_gmt":"2025-11-28T06:05:00","guid":{"rendered":"https:\/\/confidencial.digital\/sin-categoria\/nicaragua-speak-out-about-the-missing-or-remain-silent\/"},"modified":"2025-12-01T05:01:36","modified_gmt":"2025-12-01T11:01:36","slug":"nicaragua-speak-out-about-the-missing-or-remain-silent","status":"publish","type":"post","link":"https:\/\/confidencial.digital\/en\/english\/nicaragua-speak-out-about-the-missing-or-remain-silent\/","title":{"rendered":"Nicaragua: Speak Out about the Missing or Remain Silent?"},"content":{"rendered":"\n<p>The earthquake that destroyed Managua in the early morning of December 23, 1972, surprised a group of young people in the atrium of the Cathedral demanding the freedom of the imprisoned FSLN guerrillas, part of a yearly campaign for \u201cChristmas without political prisoners.\u201d Various accounts of this protest claim that Father Fernando Cardenal and other member of the Christian base communities were among the participants. Years later, many of these same Christians would go on to join the ranks of the urban guerrilla. The Somoza dictatorship didn\u2019t block that act of protest: they didn\u2019t detain the participants or repress the actions of the imprisoned guerrilla fighters\u2019 family members. Today, however, this type of activity would be unthinkable in Nicaragua. The brutal repression that the families of today\u2019s missing prisoners are suffering is the best proof of this impossibility.    <\/p>\n\n<p>If we glance through the list of the people classed as disappeared \u2013 those whose whereabouts remains unknown after their arrest at the hands of the Ortega-Murillo dictatorship \u2013 we realize that anyone, at any time, could catch the eye of the repressive forces. One day, without knowing why, uniformed and plainclothes agents of the regime could arrive at your home to take you away to parts unknown. That moment marks the beginning of the suffering of not only the person who\u2019s been taken, but also of their family. It\u2019s the practice of forced disappearance now raised to the category of national policy, a set of State actions designed to [try and] resolve the government\u2019s terrors.   <\/p>\n\n<p>The list of the missing includes all kinds of people: former members of the Sandinista military who fought against Somoza; political leaders and activists; members of the Liberal Party [a longtime political party in Nicaragua]; former deputies; a former FSLN councilwoman; an administrator; a doctor; a cultural promotor; an Evangelical Protestant pastor; an artist; and even a former elementary school teacher from a remote town in Chinandega, among others. What does this social cross-section of Ortega\u2019s repression mean? Simply that the dictatorship has become the enemy of all the people, and not the other way around. It\u2019s the dictatorship that sees enemies under every rock, even as most Nicaraguans, in all of their expressions, are simply trying to lead a \u201cnormal\u201d life despite the restrictions on their freedoms.  <\/p>\n\n<p>This animosity of the dictatorship towards the population is confirmed by the explicit and inferred motives for the detentions: for proposing a national dialogue (a crime of l\u00e8se-majest\u00e9), for reentering the country despite an illegal exile order, for fulfilling the medical duty of treating the injured, for organizing retired military personnel without swearing loyalty to the co-dictators, for resigning from a public office or a teaching position, or for publishing a comment recognizing the spiritual leadership of a bishop (a crime of l\u00e8se-imperatrix against the high priestess, Rosario Murillo). In other words, anyone who thinks and acts independently is guilty of living on the margins of the hacienda that Nicaragua has become. Any suspicion is enough to end up in an unknown location, in a territory where the only law is the whim of the regime\u2019s henchmen.  <\/p>\n\n<p>A simple graph that compares the number of people imprisoned for political reasons with those subjected to forced disappearances reveals a pattern that helps explain this perverse conduct. If we consider the detentions that have occurred since 2023, we can observe a growing tendency of increased detentions for political reasons, alongside a growing number of people who have disappeared after their police abduction. According to the statistics compiled by the Mechanism for the Recognition of Political Prisoners, as of August 30, 2025, 45% of those captured for political reasons were in the category of forced disappearance. That\u2019s brutal. It would be scandalous even if it involved one lone prisoner who was missing. But we\u2019re seeing that the probability of going missing after being detained by the dictatorship\u2019s repressive forces is nearly half, since the missing represent nearly half of the detentions.     <\/p>\n\n<figure class=\"wp-block-image size-full\"><img decoding=\"async\" width=\"563\" height=\"411\" src=\"https:\/\/confidencial.digital\/wp-content\/uploads\/2025\/11\/grafico-desaparaciones-forzadas.png\" alt=\"\" class=\"wp-image-178905\" srcset=\"https:\/\/confidencial.digital\/wp-content\/uploads\/2025\/11\/grafico-desaparaciones-forzadas.png 563w, https:\/\/confidencial.digital\/wp-content\/uploads\/2025\/11\/grafico-desaparaciones-forzadas-300x219.png 300w, https:\/\/confidencial.digital\/wp-content\/uploads\/2025\/11\/grafico-desaparaciones-forzadas-480x350.png 480w\" sizes=\"(max-width: 563px) 100vw, 563px\" \/><figcaption class=\"wp-element-caption\">Own elaboration based on data from the Mechanism for the Recognition of Political Prisoners<\/figcaption><\/figure>\n\n<p>And there\u2019s more. The graph indicates that the gap between the prisoners and the disappeared is closing, thus constituting a pattern of behavior. Behind the data is the logic of cruelty, a method of hidden brutality. As can be seen, the dictatorship has been consolidating this <em>modus operandi <\/em>through a type of trial and error that\u2019s progressed in three phases. In the first, if we go back to 2018, we note that the disappearances then had two features: they were temporary and were aimed at decapitating the underground protest movements. The second phase was in 2021, with disappearances that lasted longer (around 80 \u2013 90 days). These were to dismantle the political opposition that was preparing for the presidential elections. The third and last phase, unleashed in 2023, has been arbitrary, apparently without logic but more merciless, because the people have been kept missing over a prolonged period of time, and the tactic has been practiced on nearly every segment of society. There are people like [indigenous political leader] Brooklyn Rivera, who has now been disappeared for over two years, and even now absolutely nothing is known about him. That is, in this third phase the <a href=\"https:\/\/confidencial.digital\/en\/nation\/where-are-they-more-than-30-political-prisoners-under-forced-disappearance\/\" target=\"_blank\" rel=\"noreferrer noopener\">conditions of the forced disappearance have hardened<\/a>, including the risk of having the authorities merely return the dead bodies, as they did with Mauricio Alonso, Carlos Cardenas, and the Miskito prisoner David Medaviz Castro.        <\/p>\n\n<p>The practices illustrated in the graph have profound effects on the families. The regime doesn\u2019t just penalize them for having a father, mother, or child among the disappeared \u2014 it persecutes them with the same brutality shown to the prisoners, in a kind of reverse vicarious violence. Family members are harassed so they won\u2019t speak out, threatened so they won\u2019t organize, forced into hiding, and pressured to leave the country. The best example of this is the ordeal recounted firsthand by Mrs. Rosa Ruiz, mother of Yerri Estrada. She is a \u201cMother Courage\u201d of our times, impervious to despair, who has raised her voice despite the fear and precautions that other family members have taken in the hope that their missing loved ones will receive better treatment in captivity.    <\/p>\n\n<p>It must be said clearly: these practices by the oppressive state have been carried out with particular cruelty against women \u2014 the daily seekers who go from prison to prison in search of news about their loved ones. As in Mexico, Colombia, and other countries, women expose themselves to the deceit of prison guards, who day after day make them travel from one facility to another, subject them to humiliation and sexual abuse, force them to undress, and then mock them. It is the law of derision that prevails in the lawless territory of prisons under dictatorships.  <\/p>\n\n<p>These aren\u2019t random behaviors. It all corresponds to a deliberate policy whose overall orientations have been conceived by the most twisted minds of the tyranny and carried out by heartless individuals. They seek the silence of the victims to feel immune from punishment, which is why they only release prisoners under threats.  <\/p>\n\n<p>The question of whether to remain silent or speak out confronts us at the intersection of will and reality. Faced with a regime as inhuman as Ortega\u2019s, realism rhymes with omission, and omission with consent. History and Do\u00f1a Rosa Ruiz show that the will to fight is the only alternative against the executioners. <br\/><br\/>  <\/p>\n\n<p>Speaking out clearly and loudly is the first step in defeating a policy of enforced disappearance, a policy built on our silence, designed to ensure we don\u2019t even consider ever again occupying the atriums of the cathedrals.<\/p>\n","protected":false},"excerpt":{"rendered":"<p>The earthquake that destroyed Managua in the early morning of December 23, 1972, surprised a group of young people in the atrium of the Cathedral demanding the freedom of the imprisoned FSLN guerrillas, part of a yearly campaign for \u201cChristmas without political prisoners.\u201d Various accounts of this protest claim that Father Fernando Cardenal and other [&hellip;]<\/p>\n","protected":false},"author":74,"featured_media":158336,"comment_status":"closed","ping_status":"closed","sticky":false,"template":"","format":"standard","meta":{"_acf_changed":false,"_eb_attr":"","_eb_data_table":"","footnotes":""},"categories":[15445],"tags":[],"class_list":["post-179222","post","type-post","status-publish","format-standard","has-post-thumbnail","hentry","category-english"],"acf":[],"yoast_head":"<!-- This site is optimized with the Yoast SEO Premium plugin v27.4 (Yoast SEO v27.4) - https:\/\/yoast.com\/product\/yoast-seo-premium-wordpress\/ -->\n<title>Nicaragua: Speak Out about the Missing or Remain Silent?<\/title>\n<meta name=\"description\" content=\"The example of \u201cMother Courage\u201d Do\u00f1a Rosa Ruiz: speaking out clearly and loudly is the first step to defeating a policy of enforced disappearance\" \/>\n<meta name=\"robots\" content=\"index, follow, max-snippet:-1, max-image-preview:large, max-video-preview:-1\" \/>\n<link rel=\"canonical\" href=\"https:\/\/confidencial.digital\/en\/english\/nicaragua-speak-out-about-the-missing-or-remain-silent\/\" \/>\n<meta property=\"og:locale\" content=\"en_US\" \/>\n<meta property=\"og:type\" content=\"article\" \/>\n<meta property=\"og:title\" content=\"Nicaragua: Speak Out about the Missing or Remain Silent?\" \/>\n<meta property=\"og:description\" content=\"The example of \u201cMother Courage\u201d Do\u00f1a Rosa Ruiz: speaking out clearly and loudly is the first step to defeating a policy of enforced disappearance\" \/>\n<meta property=\"og:url\" content=\"https:\/\/confidencial.digital\/en\/english\/nicaragua-speak-out-about-the-missing-or-remain-silent\/\" \/>\n<meta property=\"og:site_name\" content=\"Confidencial\" \/>\n<meta property=\"article:publisher\" content=\"https:\/\/www.facebook.com\/confidencial.com.ni\" \/>\n<meta property=\"article:published_time\" content=\"2025-11-28T06:05:00+00:00\" \/>\n<meta property=\"article:modified_time\" content=\"2025-12-01T11:01:36+00:00\" \/>\n<meta property=\"og:image\" content=\"https:\/\/confidencial.digital\/wp-content\/uploads\/2023\/11\/caricatura-desapariciones.jpg\" \/>\n\t<meta property=\"og:image:width\" content=\"1485\" \/>\n\t<meta property=\"og:image:height\" content=\"1148\" \/>\n\t<meta property=\"og:image:type\" content=\"image\/jpeg\" \/>\n<meta name=\"author\" content=\"Silvio Prado\" \/>\n<meta name=\"twitter:card\" content=\"summary_large_image\" \/>\n<meta name=\"twitter:creator\" content=\"@confidencial_ni\" \/>\n<meta name=\"twitter:site\" content=\"@confidencial_ni\" \/>\n<meta name=\"twitter:label1\" content=\"Written by\" \/>\n\t<meta name=\"twitter:data1\" content=\"Silvio Prado\" \/>\n\t<meta name=\"twitter:label2\" content=\"Est. reading time\" \/>\n\t<meta name=\"twitter:data2\" content=\"6 minutes\" \/>\n<script type=\"application\/ld+json\" class=\"yoast-schema-graph\">{\"@context\":\"https:\\\/\\\/schema.org\",\"@graph\":[{\"@type\":\"NewsArticle\",\"@id\":\"https:\\\/\\\/confidencial.digital\\\/en\\\/english\\\/nicaragua-speak-out-about-the-missing-or-remain-silent\\\/#article\",\"isPartOf\":{\"@id\":\"https:\\\/\\\/confidencial.digital\\\/en\\\/english\\\/nicaragua-speak-out-about-the-missing-or-remain-silent\\\/\"},\"author\":{\"name\":\"Silvio Prado\",\"@id\":\"https:\\\/\\\/confidencial.digital\\\/en\\\/#\\\/schema\\\/person\\\/2a752d0aa21ab9dd7e6bbf8f0489ffe9\"},\"headline\":\"Nicaragua: Speak Out about the Missing or Remain Silent?\",\"datePublished\":\"2025-11-28T06:05:00+00:00\",\"dateModified\":\"2025-12-01T11:01:36+00:00\",\"mainEntityOfPage\":{\"@id\":\"https:\\\/\\\/confidencial.digital\\\/en\\\/english\\\/nicaragua-speak-out-about-the-missing-or-remain-silent\\\/\"},\"wordCount\":1288,\"publisher\":{\"@id\":\"https:\\\/\\\/confidencial.digital\\\/en\\\/#organization\"},\"image\":{\"@id\":\"https:\\\/\\\/confidencial.digital\\\/en\\\/english\\\/nicaragua-speak-out-about-the-missing-or-remain-silent\\\/#primaryimage\"},\"thumbnailUrl\":\"https:\\\/\\\/confidencial.digital\\\/wp-content\\\/uploads\\\/2023\\\/11\\\/caricatura-desapariciones.jpg\",\"articleSection\":[\"English\"],\"inLanguage\":\"en-US\",\"copyrightYear\":\"2025\",\"copyrightHolder\":{\"@id\":\"https:\\\/\\\/confidencial.digital\\\/#organization\"}},{\"@type\":\"WebPage\",\"@id\":\"https:\\\/\\\/confidencial.digital\\\/en\\\/english\\\/nicaragua-speak-out-about-the-missing-or-remain-silent\\\/\",\"url\":\"https:\\\/\\\/confidencial.digital\\\/en\\\/english\\\/nicaragua-speak-out-about-the-missing-or-remain-silent\\\/\",\"name\":\"Nicaragua: Speak Out about the Missing or Remain Silent?\",\"isPartOf\":{\"@id\":\"https:\\\/\\\/confidencial.digital\\\/en\\\/#website\"},\"primaryImageOfPage\":{\"@id\":\"https:\\\/\\\/confidencial.digital\\\/en\\\/english\\\/nicaragua-speak-out-about-the-missing-or-remain-silent\\\/#primaryimage\"},\"image\":{\"@id\":\"https:\\\/\\\/confidencial.digital\\\/en\\\/english\\\/nicaragua-speak-out-about-the-missing-or-remain-silent\\\/#primaryimage\"},\"thumbnailUrl\":\"https:\\\/\\\/confidencial.digital\\\/wp-content\\\/uploads\\\/2023\\\/11\\\/caricatura-desapariciones.jpg\",\"datePublished\":\"2025-11-28T06:05:00+00:00\",\"dateModified\":\"2025-12-01T11:01:36+00:00\",\"description\":\"The example of \u201cMother Courage\u201d Do\u00f1a Rosa Ruiz: speaking out clearly and loudly is the first step to defeating a policy of enforced disappearance\",\"breadcrumb\":{\"@id\":\"https:\\\/\\\/confidencial.digital\\\/en\\\/english\\\/nicaragua-speak-out-about-the-missing-or-remain-silent\\\/#breadcrumb\"},\"inLanguage\":\"en-US\",\"potentialAction\":[{\"@type\":\"ReadAction\",\"target\":[\"https:\\\/\\\/confidencial.digital\\\/en\\\/english\\\/nicaragua-speak-out-about-the-missing-or-remain-silent\\\/\"]}]},{\"@type\":\"ImageObject\",\"inLanguage\":\"en-US\",\"@id\":\"https:\\\/\\\/confidencial.digital\\\/en\\\/english\\\/nicaragua-speak-out-about-the-missing-or-remain-silent\\\/#primaryimage\",\"url\":\"https:\\\/\\\/confidencial.digital\\\/wp-content\\\/uploads\\\/2023\\\/11\\\/caricatura-desapariciones.jpg\",\"contentUrl\":\"https:\\\/\\\/confidencial.digital\\\/wp-content\\\/uploads\\\/2023\\\/11\\\/caricatura-desapariciones.jpg\",\"width\":1485,\"height\":1148},{\"@type\":\"BreadcrumbList\",\"@id\":\"https:\\\/\\\/confidencial.digital\\\/en\\\/english\\\/nicaragua-speak-out-about-the-missing-or-remain-silent\\\/#breadcrumb\",\"itemListElement\":[{\"@type\":\"ListItem\",\"position\":1,\"name\":\"Portada\",\"item\":\"https:\\\/\\\/confidencial.digital\\\/en\\\/\"},{\"@type\":\"ListItem\",\"position\":2,\"name\":\"Nicaragua: Speak Out about the Missing or Remain Silent?\"}]},{\"@type\":\"WebSite\",\"@id\":\"https:\\\/\\\/confidencial.digital\\\/en\\\/#website\",\"url\":\"https:\\\/\\\/confidencial.digital\\\/en\\\/\",\"name\":\"Confidencial Nicaragua\",\"description\":\"Noticias de Nicaragua, informaci\u00f3n, an\u00e1lisis, reportajes, investigaciones, perfiles y entrevistas. Somos Confidencial. Hacemos periodismo independiente.\",\"publisher\":{\"@id\":\"https:\\\/\\\/confidencial.digital\\\/en\\\/#organization\"},\"potentialAction\":[{\"@type\":\"SearchAction\",\"target\":{\"@type\":\"EntryPoint\",\"urlTemplate\":\"https:\\\/\\\/confidencial.digital\\\/en\\\/?s={search_term_string}\"},\"query-input\":{\"@type\":\"PropertyValueSpecification\",\"valueRequired\":true,\"valueName\":\"search_term_string\"}}],\"inLanguage\":\"en-US\"},{\"@type\":\"Organization\",\"@id\":\"https:\\\/\\\/confidencial.digital\\\/en\\\/#organization\",\"name\":\"Confidencial\",\"url\":\"https:\\\/\\\/confidencial.digital\\\/en\\\/\",\"logo\":{\"@type\":\"ImageObject\",\"inLanguage\":\"en-US\",\"@id\":\"https:\\\/\\\/confidencial.digital\\\/en\\\/#\\\/schema\\\/logo\\\/image\\\/\",\"url\":\"https:\\\/\\\/confidencial.digital\\\/wp-content\\\/uploads\\\/2023\\\/09\\\/Confidencial_696x696.jpg\",\"contentUrl\":\"https:\\\/\\\/confidencial.digital\\\/wp-content\\\/uploads\\\/2023\\\/09\\\/Confidencial_696x696.jpg\",\"width\":696,\"height\":696,\"caption\":\"Confidencial\"},\"image\":{\"@id\":\"https:\\\/\\\/confidencial.digital\\\/en\\\/#\\\/schema\\\/logo\\\/image\\\/\"},\"sameAs\":[\"https:\\\/\\\/www.facebook.com\\\/confidencial.com.ni\",\"https:\\\/\\\/x.com\\\/confidencial_ni\",\"https:\\\/\\\/www.youtube.com\\\/user\\\/ConfidencialNica\",\"https:\\\/\\\/www.instagram.com\\\/confidencial_ni\\\/\",\"https:\\\/\\\/www.linkedin.com\\\/company\\\/confidencial-nicaragua\\\/\",\"https:\\\/\\\/open.spotify.com\\\/show\\\/1rNymjqQuqP1CTGqHKdQ24\",\"https:\\\/\\\/bsky.app\\\/profile\\\/confidencialni.bsky.social\",\"https:\\\/\\\/www.threads.com\\\/@confidencial_ni\"],\"description\":\"En Confidencial hacemos periodismo de investigaci\u00f3n y an\u00e1lisis independiente para Nicaragua y su di\u00e1spora en el mundo. Fundado en 1996\",\"email\":\"info@confidencial.digital\",\"foundingDate\":\"1996-06-01\"},{\"@type\":\"Person\",\"@id\":\"https:\\\/\\\/confidencial.digital\\\/en\\\/#\\\/schema\\\/person\\\/2a752d0aa21ab9dd7e6bbf8f0489ffe9\",\"name\":\"Silvio Prado\",\"image\":{\"@type\":\"ImageObject\",\"inLanguage\":\"en-US\",\"@id\":\"https:\\\/\\\/www.confidencial.digital\\\/wp-content\\\/uploads\\\/2023\\\/03\\\/silvio-prado_avatar-96x96.jpg\",\"url\":\"https:\\\/\\\/www.confidencial.digital\\\/wp-content\\\/uploads\\\/2023\\\/03\\\/silvio-prado_avatar-96x96.jpg\",\"contentUrl\":\"https:\\\/\\\/www.confidencial.digital\\\/wp-content\\\/uploads\\\/2023\\\/03\\\/silvio-prado_avatar-96x96.jpg\",\"caption\":\"Silvio Prado\"},\"description\":\"Polit\u00f3logo y soci\u00f3logo nicarag\u00fcense, viviendo en Espa\u00f1a. Es municipalista e investigador en temas relacionados con participaci\u00f3n ciudadana y sociedad civil.\",\"url\":\"https:\\\/\\\/confidencial.digital\\\/en\\\/author\\\/silvio-prado\\\/\"}]}<\/script>\n<!-- \/ Yoast SEO Premium plugin. -->","yoast_head_json":{"title":"Nicaragua: Speak Out about the Missing or Remain Silent?","description":"The example of \u201cMother Courage\u201d Do\u00f1a Rosa Ruiz: speaking out clearly and loudly is the first step to defeating a policy of enforced disappearance","robots":{"index":"index","follow":"follow","max-snippet":"max-snippet:-1","max-image-preview":"max-image-preview:large","max-video-preview":"max-video-preview:-1"},"canonical":"https:\/\/confidencial.digital\/en\/english\/nicaragua-speak-out-about-the-missing-or-remain-silent\/","og_locale":"en_US","og_type":"article","og_title":"Nicaragua: Speak Out about the Missing or Remain Silent?","og_description":"The example of \u201cMother Courage\u201d Do\u00f1a Rosa Ruiz: speaking out clearly and loudly is the first step to defeating a policy of enforced disappearance","og_url":"https:\/\/confidencial.digital\/en\/english\/nicaragua-speak-out-about-the-missing-or-remain-silent\/","og_site_name":"Confidencial","article_publisher":"https:\/\/www.facebook.com\/confidencial.com.ni","article_published_time":"2025-11-28T06:05:00+00:00","article_modified_time":"2025-12-01T11:01:36+00:00","og_image":[{"width":1485,"height":1148,"url":"https:\/\/confidencial.digital\/wp-content\/uploads\/2023\/11\/caricatura-desapariciones.jpg","type":"image\/jpeg"}],"author":"Silvio Prado","twitter_card":"summary_large_image","twitter_creator":"@confidencial_ni","twitter_site":"@confidencial_ni","twitter_misc":{"Written by":"Silvio Prado","Est. reading time":"6 minutes"},"schema":{"@context":"https:\/\/schema.org","@graph":[{"@type":"NewsArticle","@id":"https:\/\/confidencial.digital\/en\/english\/nicaragua-speak-out-about-the-missing-or-remain-silent\/#article","isPartOf":{"@id":"https:\/\/confidencial.digital\/en\/english\/nicaragua-speak-out-about-the-missing-or-remain-silent\/"},"author":{"name":"Silvio Prado","@id":"https:\/\/confidencial.digital\/en\/#\/schema\/person\/2a752d0aa21ab9dd7e6bbf8f0489ffe9"},"headline":"Nicaragua: Speak Out about the Missing or Remain Silent?","datePublished":"2025-11-28T06:05:00+00:00","dateModified":"2025-12-01T11:01:36+00:00","mainEntityOfPage":{"@id":"https:\/\/confidencial.digital\/en\/english\/nicaragua-speak-out-about-the-missing-or-remain-silent\/"},"wordCount":1288,"publisher":{"@id":"https:\/\/confidencial.digital\/en\/#organization"},"image":{"@id":"https:\/\/confidencial.digital\/en\/english\/nicaragua-speak-out-about-the-missing-or-remain-silent\/#primaryimage"},"thumbnailUrl":"https:\/\/confidencial.digital\/wp-content\/uploads\/2023\/11\/caricatura-desapariciones.jpg","articleSection":["English"],"inLanguage":"en-US","copyrightYear":"2025","copyrightHolder":{"@id":"https:\/\/confidencial.digital\/#organization"}},{"@type":"WebPage","@id":"https:\/\/confidencial.digital\/en\/english\/nicaragua-speak-out-about-the-missing-or-remain-silent\/","url":"https:\/\/confidencial.digital\/en\/english\/nicaragua-speak-out-about-the-missing-or-remain-silent\/","name":"Nicaragua: Speak Out about the Missing or Remain Silent?","isPartOf":{"@id":"https:\/\/confidencial.digital\/en\/#website"},"primaryImageOfPage":{"@id":"https:\/\/confidencial.digital\/en\/english\/nicaragua-speak-out-about-the-missing-or-remain-silent\/#primaryimage"},"image":{"@id":"https:\/\/confidencial.digital\/en\/english\/nicaragua-speak-out-about-the-missing-or-remain-silent\/#primaryimage"},"thumbnailUrl":"https:\/\/confidencial.digital\/wp-content\/uploads\/2023\/11\/caricatura-desapariciones.jpg","datePublished":"2025-11-28T06:05:00+00:00","dateModified":"2025-12-01T11:01:36+00:00","description":"The example of \u201cMother Courage\u201d Do\u00f1a Rosa Ruiz: speaking out clearly and loudly is the first step to defeating a policy of enforced disappearance","breadcrumb":{"@id":"https:\/\/confidencial.digital\/en\/english\/nicaragua-speak-out-about-the-missing-or-remain-silent\/#breadcrumb"},"inLanguage":"en-US","potentialAction":[{"@type":"ReadAction","target":["https:\/\/confidencial.digital\/en\/english\/nicaragua-speak-out-about-the-missing-or-remain-silent\/"]}]},{"@type":"ImageObject","inLanguage":"en-US","@id":"https:\/\/confidencial.digital\/en\/english\/nicaragua-speak-out-about-the-missing-or-remain-silent\/#primaryimage","url":"https:\/\/confidencial.digital\/wp-content\/uploads\/2023\/11\/caricatura-desapariciones.jpg","contentUrl":"https:\/\/confidencial.digital\/wp-content\/uploads\/2023\/11\/caricatura-desapariciones.jpg","width":1485,"height":1148},{"@type":"BreadcrumbList","@id":"https:\/\/confidencial.digital\/en\/english\/nicaragua-speak-out-about-the-missing-or-remain-silent\/#breadcrumb","itemListElement":[{"@type":"ListItem","position":1,"name":"Portada","item":"https:\/\/confidencial.digital\/en\/"},{"@type":"ListItem","position":2,"name":"Nicaragua: Speak Out about the Missing or Remain Silent?"}]},{"@type":"WebSite","@id":"https:\/\/confidencial.digital\/en\/#website","url":"https:\/\/confidencial.digital\/en\/","name":"Confidencial Nicaragua","description":"Noticias de Nicaragua, informaci\u00f3n, an\u00e1lisis, reportajes, investigaciones, perfiles y entrevistas. Somos Confidencial. Hacemos periodismo independiente.","publisher":{"@id":"https:\/\/confidencial.digital\/en\/#organization"},"potentialAction":[{"@type":"SearchAction","target":{"@type":"EntryPoint","urlTemplate":"https:\/\/confidencial.digital\/en\/?s={search_term_string}"},"query-input":{"@type":"PropertyValueSpecification","valueRequired":true,"valueName":"search_term_string"}}],"inLanguage":"en-US"},{"@type":"Organization","@id":"https:\/\/confidencial.digital\/en\/#organization","name":"Confidencial","url":"https:\/\/confidencial.digital\/en\/","logo":{"@type":"ImageObject","inLanguage":"en-US","@id":"https:\/\/confidencial.digital\/en\/#\/schema\/logo\/image\/","url":"https:\/\/confidencial.digital\/wp-content\/uploads\/2023\/09\/Confidencial_696x696.jpg","contentUrl":"https:\/\/confidencial.digital\/wp-content\/uploads\/2023\/09\/Confidencial_696x696.jpg","width":696,"height":696,"caption":"Confidencial"},"image":{"@id":"https:\/\/confidencial.digital\/en\/#\/schema\/logo\/image\/"},"sameAs":["https:\/\/www.facebook.com\/confidencial.com.ni","https:\/\/x.com\/confidencial_ni","https:\/\/www.youtube.com\/user\/ConfidencialNica","https:\/\/www.instagram.com\/confidencial_ni\/","https:\/\/www.linkedin.com\/company\/confidencial-nicaragua\/","https:\/\/open.spotify.com\/show\/1rNymjqQuqP1CTGqHKdQ24","https:\/\/bsky.app\/profile\/confidencialni.bsky.social","https:\/\/www.threads.com\/@confidencial_ni"],"description":"En Confidencial hacemos periodismo de investigaci\u00f3n y an\u00e1lisis independiente para Nicaragua y su di\u00e1spora en el mundo. Fundado en 1996","email":"info@confidencial.digital","foundingDate":"1996-06-01"},{"@type":"Person","@id":"https:\/\/confidencial.digital\/en\/#\/schema\/person\/2a752d0aa21ab9dd7e6bbf8f0489ffe9","name":"Silvio Prado","image":{"@type":"ImageObject","inLanguage":"en-US","@id":"https:\/\/www.confidencial.digital\/wp-content\/uploads\/2023\/03\/silvio-prado_avatar-96x96.jpg","url":"https:\/\/www.confidencial.digital\/wp-content\/uploads\/2023\/03\/silvio-prado_avatar-96x96.jpg","contentUrl":"https:\/\/www.confidencial.digital\/wp-content\/uploads\/2023\/03\/silvio-prado_avatar-96x96.jpg","caption":"Silvio Prado"},"description":"Polit\u00f3logo y soci\u00f3logo nicarag\u00fcense, viviendo en Espa\u00f1a. Es municipalista e investigador en temas relacionados con participaci\u00f3n ciudadana y sociedad civil.","url":"https:\/\/confidencial.digital\/en\/author\/silvio-prado\/"}]}},"_links":{"self":[{"href":"https:\/\/confidencial.digital\/en\/wp-json\/wp\/v2\/posts\/179222","targetHints":{"allow":["GET"]}}],"collection":[{"href":"https:\/\/confidencial.digital\/en\/wp-json\/wp\/v2\/posts"}],"about":[{"href":"https:\/\/confidencial.digital\/en\/wp-json\/wp\/v2\/types\/post"}],"author":[{"embeddable":true,"href":"https:\/\/confidencial.digital\/en\/wp-json\/wp\/v2\/users\/74"}],"replies":[{"embeddable":true,"href":"https:\/\/confidencial.digital\/en\/wp-json\/wp\/v2\/comments?post=179222"}],"version-history":[{"count":1,"href":"https:\/\/confidencial.digital\/en\/wp-json\/wp\/v2\/posts\/179222\/revisions"}],"predecessor-version":[{"id":179223,"href":"https:\/\/confidencial.digital\/en\/wp-json\/wp\/v2\/posts\/179222\/revisions\/179223"}],"wp:featuredmedia":[{"embeddable":true,"href":"https:\/\/confidencial.digital\/en\/wp-json\/wp\/v2\/media\/158336"}],"wp:attachment":[{"href":"https:\/\/confidencial.digital\/en\/wp-json\/wp\/v2\/media?parent=179222"}],"wp:term":[{"taxonomy":"category","embeddable":true,"href":"https:\/\/confidencial.digital\/en\/wp-json\/wp\/v2\/categories?post=179222"},{"taxonomy":"post_tag","embeddable":true,"href":"https:\/\/confidencial.digital\/en\/wp-json\/wp\/v2\/tags?post=179222"}],"curies":[{"name":"wp","href":"https:\/\/api.w.org\/{rel}","templated":true}]}}