{"id":179218,"date":"2025-11-30T01:20:00","date_gmt":"2025-11-30T07:20:00","guid":{"rendered":"https:\/\/confidencial.digital\/sin-categoria\/after-welcoming-the-exiled-bishops-time-will-be-key-for-leo-xiv-in-nicaragua\/"},"modified":"2025-12-03T09:25:38","modified_gmt":"2025-12-03T15:25:38","slug":"after-welcoming-the-exiled-bishops-time-will-be-key-for-leo-xiv-in-nicaragua","status":"publish","type":"post","link":"https:\/\/confidencial.digital\/en\/english\/after-welcoming-the-exiled-bishops-time-will-be-key-for-leo-xiv-in-nicaragua\/","title":{"rendered":"After Welcoming the Exiled Bishops: Time Will Be Key for Leo XIV in Nicaragua"},"content":{"rendered":"\n<p>Pope Leo XIV received Bishop Rolando \u00c1lvarez in a Nov. 13 audience, marking the first meeting between the bishop \u2014 who spent more than a year in Nicaraguan prisons on conspiracy charges \u2014 and the new pope.<\/p>\n\n<p>The audience comes two months after the <a href=\"https:\/\/confidencial.digital\/nacion\/hablamos-largamente-sobre-nicaragua-confirma-obispo-silvio-baez-tras-reunion-con-el-papa-leon-xiv\/\">pope received three other exiled Nicaraguan bishops<\/a> at the Vatican.<\/p>\n\n<p>The string of recent meetings has prompted speculation about whether the Vatican is starting to shift its approach to the country, in which the Church has been almost completely silenced <a href=\"https:\/\/confidencial.digital\/nacion\/ortega-y-murillo-convierten-a-nicaragua-en-un-pais-peligroso-para-los-cristianos\/\">by ongoing regime persecution.<\/a><\/p>\n\n<p>Taking a new diplomatic direction could prove tricky. Statements criticizing the government have consistently led to spikes in persecution, leading Catholic leaders both in Nicaragua and in Rome to largely go quiet in recent years. <\/p>\n\n<p>And if Leo is interested in engaging with the regime \u2013 for example, by reestablishing a diplomatic presence in the country \u2013 he may find himself limited by government demands for veto power over future bishop appointments.<\/p>\n\n<p>Ultimately, the pope may determine that the question before him is not whether to act in Nicaragua, but when.<\/p>\n\n<p>Under Pope Francis, the Holy See initially adopted a posture of strategic silence during the 2018\u20132019 protests in Nicaragua that sparked the current persecution, leaving most public commentary to the local episcopate.<\/p>\n\n<p>The silence was interrupted by occasional statements of criticism over the years \u2013 for example, when <a href=\"https:\/\/confidencial.digital\/nacion\/papa-francisco-nicaragua-es-como-la-dictadura-hitleriana\/\">Francis compared Nicaraguan dictator Daniel Ortega to Hitler<\/a> and said he was an \u201cunstable\u201d man in a 2023 interview.<\/p>\n\n<p>The pope also offered periodic signs of support to the Nicaraguan Church, such as the appointment of Bishop Rolando \u00c1lvarez as a delegate to the second session of the synod on synodality in 2024.<\/p>\n\n<p>But these statements were few and generally vague. When Pope Francis wrote a pastoral letter to the people of Nicaragua in 2024, he made just a passing mention of the human rights situation in the country. <\/p>\n\n<h2 class=\"wp-block-heading\" id=\"h-apagon-casi-total-de-la-iglesia-en-nicaragua\">Almost total blackout of the Church in Nicaragua<\/h2>\n\n<p>The regime\u2019s reaction to any gesture from Rome has been consistent: more arrests, more exiles, and more pressure.<\/p>\n\n<p>At this point, the Church in Nicaragua has entered a near-total blackout.<\/p>\n\n<p>Half the country\u2019s bishops are now in exile. Entire religious congregations have been driven out of the country. Twenty percent of priests have fled or been expelled. Those who remain have ceased public criticism of the regime. Critical comments in homilies, religious processions, prayers for the persecuted, and even contact with exiled priests or bishops can be treated as potential treason or conspiracy.    <\/p>\n\n<p>Various Vatican sources told <em>The Pillar<\/em> that communications between Nicaragua\u2019s remaining bishops and Rome have collapsed.<\/p>\n\n<p>\u201cMany [exiled] bishops were pretty much ruling their dioceses from abroad but that\u2019s not the case anymore. The regime spies on priests and anyone who\u2019s texting or talking with bishops or priests in exile is eventually also exiled, so there\u2019s basically no communication between the Church in the country and the rest of the Latin American bishops or the Vatican,\u201d a source told <em>The Pillar. <\/em><\/p>\n\n<p>\u201cThe bishops are not coming to the Vatican, are not going to CELAM [the bishops\u2019 conference of Latin America] meetings or to celebrations in other Central American countries because they\u2019re afraid that once they leave the country they won\u2019t be allowed to return,\u201d another source said.<\/p>\n\n<p>The communication vacuum means the Vatican has almost no reliable information about conditions inside the country.<\/p>\n\n<h2 class=\"wp-block-heading\" id=\"h-papa-debe-restablecer-a-un-nuncio-en-nicaragua\">Pope must reinstate nuncio in Nicaragua<\/h2>\n\n<p>Many in the Vatican believe that Pope Leo\u2019s first priority with regards to Nicaragua should be reestablishing diplomatic representation in the country. The country\u2019s nuncio was expelled in 2022. <\/p>\n\n<p>\u201cGetting a Vatican official on the ground should come before anything else. We\u2019re far from getting a nuncio again, but we need someone in Nicaragua, we need to restore communication,\u201d a Vatican official told <em>The Pillar<\/em>. \u201cWe need that before anything else because right now we don\u2019t know the situation in the country well.\u201d <\/p>\n\n<p>But doing so might require a kind of compromise which the Vatican does not seem keen on accepting.<\/p>\n\n<p>If Rome wants even a minimal diplomatic presence restored in Nicaragua, the regime is likely to demand a say over episcopal appointments. The government is widely believed to be pushing for the appointment of regime-friendly priests, as well as regime supporter Bishop Ren\u00e9 S\u00e1ndigo of Le\u00f3n, to fill vacancies. <\/p>\n\n<p>Earlier this year, the government released a statement arguing that \u201cnothing authorizes the Vatican State, which must follow the rules of International Law and respect national governments and institutions, to make any kind of appointments in the sovereign territory of our Nicaragua.\u201d<\/p>\n\n<p>The statement has led to expectations that the government may refuse to recognize future episcopal appointments in the country, demanding regime approval and veto power over the naming of new bishops, in exchange for some lessening of government pressure on and expulsion of local clerics and Church institutions.<\/p>\n\n<p>This could lead to a scenario similar to that of China, with the Nicaraguan government starting its own regime-approved parallel Catholic Church, something that the Vatican wants to avoid at all costs.<\/p>\n\n<p>As a result, Pope Leo may find that his cards are limited. If he hopes to avoid both a worsening of persecution in the country and a repeat of the Church\u2019s situation in China, his best option, for now, may be to wait. <\/p>\n\n<h2 class=\"wp-block-heading\" id=\"h-dialogar-con-rosario-murillo\">Talking with Rosario Murillo<\/h2>\n\n<p>Nicaraguan dictator Daniel Ortega just turned 80, and his public appearances have become more rare, leading to speculation about his health.<\/p>\n\n<p>His wife and \u201cco-president\u201d Rosario Murillo is presumed to be his successor. Murillo is widely perceived to be more radical in her approach to the Church than Ortega, but she is not well-liked by many within the dictatorship\u2019s inner circle. It is possible that there may be instability when she takes power, and the potential for the rise of a different leader.  <\/p>\n\n<p>Vatican officials told <em>The Pillar<\/em> they believe a transition of power could create a brief window for dialogue with the Church.<\/p>\n\n<p>The approach is risky, due to Murillo\u2019s hardline position, and the fact that the country\u2019s bishops are aging and several sees already have vacancies.<\/p>\n\n<p>But there are not many other options for the Vatican to buy some goodwill from the regime in order to restore episcopal and diplomatic normalcy. And any public statement quickly makes the situation worse for Nicaraguan Catholics. <\/p>\n\n<p><a href=\"https:\/\/confidencial.digital\/en\/nation\/pope-leo-xiv-no-people-can-be-forced-into-exile\/\">Leo may find<\/a> that however much he wants to change course in Nicaragua, the most effective option may simply be waiting for a change in power.<\/p>\n\n<p><em>*Article originally published in<\/em> <a href=\"https:\/\/www.pillarcatholic.com\/p\/in-leos-diplomatic-approach-to-nicaragua?hide_intro_popup=true\"><em>The Pillar<\/em><\/a> <em>and translated to Spanish by Confidencial.<\/em><\/p>\n","protected":false},"excerpt":{"rendered":"<p>Pope Leo XIV received Bishop Rolando \u00c1lvarez in a Nov. 13 audience, marking the first meeting between the bishop \u2014 who spent more than a year in Nicaraguan prisons on conspiracy charges \u2014 and the new pope. The audience comes two months after the pope received three other exiled Nicaraguan bishops at the Vatican. The [&hellip;]<\/p>\n","protected":false},"author":35,"featured_media":179105,"comment_status":"closed","ping_status":"closed","sticky":false,"template":"","format":"standard","meta":{"_acf_changed":false,"_eb_attr":"","_eb_data_table":"","footnotes":""},"categories":[15445],"tags":[],"class_list":["post-179218","post","type-post","status-publish","format-standard","has-post-thumbnail","hentry","category-english"],"acf":[],"yoast_head":"<!-- This site is optimized with the Yoast SEO Premium plugin v27.4 (Yoast SEO v27.4) - https:\/\/yoast.com\/product\/yoast-seo-premium-wordpress\/ -->\n<title>Time will be key for Leo XIV in Nicaragua<\/title>\n<meta name=\"description\" content=\"The Vatican is torn between a total \u201cblackout\u201d of the Church and the regime&#039;s claim to have veto power over episcopal appointments\" \/>\n<meta name=\"robots\" content=\"index, follow, max-snippet:-1, max-image-preview:large, max-video-preview:-1\" \/>\n<link rel=\"canonical\" href=\"https:\/\/confidencial.digital\/en\/english\/after-welcoming-the-exiled-bishops-time-will-be-key-for-leo-xiv-in-nicaragua\/\" \/>\n<meta property=\"og:locale\" content=\"en_US\" \/>\n<meta property=\"og:type\" content=\"article\" \/>\n<meta property=\"og:title\" content=\"After Welcoming the Exiled Bishops: Time Will Be Key for Leo XIV in Nicaragua\" \/>\n<meta property=\"og:description\" content=\"The Vatican is torn between a total \u201cblackout\u201d of the Church and the regime&#039;s claim to have veto power over episcopal appointments\" \/>\n<meta property=\"og:url\" content=\"https:\/\/confidencial.digital\/en\/english\/after-welcoming-the-exiled-bishops-time-will-be-key-for-leo-xiv-in-nicaragua\/\" \/>\n<meta property=\"og:site_name\" content=\"Confidencial\" \/>\n<meta property=\"article:publisher\" content=\"https:\/\/www.facebook.com\/confidencial.com.ni\" \/>\n<meta property=\"article:published_time\" content=\"2025-11-30T07:20:00+00:00\" \/>\n<meta property=\"article:modified_time\" content=\"2025-12-03T15:25:38+00:00\" \/>\n<meta property=\"og:image\" content=\"https:\/\/confidencial.digital\/wp-content\/uploads\/2025\/11\/Papa-Leon-XIV.jpg\" \/>\n\t<meta property=\"og:image:width\" content=\"1200\" \/>\n\t<meta property=\"og:image:height\" content=\"800\" \/>\n\t<meta property=\"og:image:type\" content=\"image\/jpeg\" \/>\n<meta name=\"author\" content=\"Colaboraci\u00f3n Confidencial\" \/>\n<meta name=\"twitter:card\" content=\"summary_large_image\" \/>\n<meta name=\"twitter:creator\" content=\"@confidencial_ni\" \/>\n<meta name=\"twitter:site\" content=\"@confidencial_ni\" \/>\n<meta name=\"twitter:label1\" content=\"Written by\" \/>\n\t<meta name=\"twitter:data1\" content=\"Colaboraci\u00f3n Confidencial\" \/>\n\t<meta name=\"twitter:label2\" content=\"Est. reading time\" \/>\n\t<meta name=\"twitter:data2\" content=\"5 minutes\" \/>\n<script type=\"application\/ld+json\" class=\"yoast-schema-graph\">{\"@context\":\"https:\\\/\\\/schema.org\",\"@graph\":[{\"@type\":\"NewsArticle\",\"@id\":\"https:\\\/\\\/confidencial.digital\\\/en\\\/english\\\/after-welcoming-the-exiled-bishops-time-will-be-key-for-leo-xiv-in-nicaragua\\\/#article\",\"isPartOf\":{\"@id\":\"https:\\\/\\\/confidencial.digital\\\/en\\\/english\\\/after-welcoming-the-exiled-bishops-time-will-be-key-for-leo-xiv-in-nicaragua\\\/\"},\"author\":{\"name\":\"Colaboraci\u00f3n Confidencial\",\"@id\":\"https:\\\/\\\/confidencial.digital\\\/en\\\/#\\\/schema\\\/person\\\/e94047d0755d9230c092f21463d8025c\"},\"headline\":\"After Welcoming the Exiled Bishops: Time Will Be Key for Leo XIV in Nicaragua\",\"datePublished\":\"2025-11-30T07:20:00+00:00\",\"dateModified\":\"2025-12-03T15:25:38+00:00\",\"mainEntityOfPage\":{\"@id\":\"https:\\\/\\\/confidencial.digital\\\/en\\\/english\\\/after-welcoming-the-exiled-bishops-time-will-be-key-for-leo-xiv-in-nicaragua\\\/\"},\"wordCount\":1108,\"publisher\":{\"@id\":\"https:\\\/\\\/confidencial.digital\\\/en\\\/#organization\"},\"image\":{\"@id\":\"https:\\\/\\\/confidencial.digital\\\/en\\\/english\\\/after-welcoming-the-exiled-bishops-time-will-be-key-for-leo-xiv-in-nicaragua\\\/#primaryimage\"},\"thumbnailUrl\":\"https:\\\/\\\/confidencial.digital\\\/wp-content\\\/uploads\\\/2025\\\/11\\\/Papa-Leon-XIV.jpg\",\"articleSection\":[\"English\"],\"inLanguage\":\"en-US\",\"copyrightYear\":\"2025\",\"copyrightHolder\":{\"@id\":\"https:\\\/\\\/confidencial.digital\\\/#organization\"}},{\"@type\":\"WebPage\",\"@id\":\"https:\\\/\\\/confidencial.digital\\\/en\\\/english\\\/after-welcoming-the-exiled-bishops-time-will-be-key-for-leo-xiv-in-nicaragua\\\/\",\"url\":\"https:\\\/\\\/confidencial.digital\\\/en\\\/english\\\/after-welcoming-the-exiled-bishops-time-will-be-key-for-leo-xiv-in-nicaragua\\\/\",\"name\":\"Time will be key for Leo XIV in Nicaragua\",\"isPartOf\":{\"@id\":\"https:\\\/\\\/confidencial.digital\\\/en\\\/#website\"},\"primaryImageOfPage\":{\"@id\":\"https:\\\/\\\/confidencial.digital\\\/en\\\/english\\\/after-welcoming-the-exiled-bishops-time-will-be-key-for-leo-xiv-in-nicaragua\\\/#primaryimage\"},\"image\":{\"@id\":\"https:\\\/\\\/confidencial.digital\\\/en\\\/english\\\/after-welcoming-the-exiled-bishops-time-will-be-key-for-leo-xiv-in-nicaragua\\\/#primaryimage\"},\"thumbnailUrl\":\"https:\\\/\\\/confidencial.digital\\\/wp-content\\\/uploads\\\/2025\\\/11\\\/Papa-Leon-XIV.jpg\",\"datePublished\":\"2025-11-30T07:20:00+00:00\",\"dateModified\":\"2025-12-03T15:25:38+00:00\",\"description\":\"The Vatican is torn between a total \u201cblackout\u201d of the Church and the regime's claim to have veto power over episcopal appointments\",\"breadcrumb\":{\"@id\":\"https:\\\/\\\/confidencial.digital\\\/en\\\/english\\\/after-welcoming-the-exiled-bishops-time-will-be-key-for-leo-xiv-in-nicaragua\\\/#breadcrumb\"},\"inLanguage\":\"en-US\",\"potentialAction\":[{\"@type\":\"ReadAction\",\"target\":[\"https:\\\/\\\/confidencial.digital\\\/en\\\/english\\\/after-welcoming-the-exiled-bishops-time-will-be-key-for-leo-xiv-in-nicaragua\\\/\"]}]},{\"@type\":\"ImageObject\",\"inLanguage\":\"en-US\",\"@id\":\"https:\\\/\\\/confidencial.digital\\\/en\\\/english\\\/after-welcoming-the-exiled-bishops-time-will-be-key-for-leo-xiv-in-nicaragua\\\/#primaryimage\",\"url\":\"https:\\\/\\\/confidencial.digital\\\/wp-content\\\/uploads\\\/2025\\\/11\\\/Papa-Leon-XIV.jpg\",\"contentUrl\":\"https:\\\/\\\/confidencial.digital\\\/wp-content\\\/uploads\\\/2025\\\/11\\\/Papa-Leon-XIV.jpg\",\"width\":1200,\"height\":800,\"caption\":\"El papa Le\u00f3n XIV emprende su primer viaje internacional a Turqu\u00eda y L\u00edbano, el jueves 27 de noviembre de 2025. | Foto: EFE\\\/Vatican Media\\\/Mario Tomassetti\"},{\"@type\":\"BreadcrumbList\",\"@id\":\"https:\\\/\\\/confidencial.digital\\\/en\\\/english\\\/after-welcoming-the-exiled-bishops-time-will-be-key-for-leo-xiv-in-nicaragua\\\/#breadcrumb\",\"itemListElement\":[{\"@type\":\"ListItem\",\"position\":1,\"name\":\"Portada\",\"item\":\"https:\\\/\\\/confidencial.digital\\\/en\\\/\"},{\"@type\":\"ListItem\",\"position\":2,\"name\":\"After Welcoming the Exiled Bishops: Time Will Be Key for Leo XIV in Nicaragua\"}]},{\"@type\":\"WebSite\",\"@id\":\"https:\\\/\\\/confidencial.digital\\\/en\\\/#website\",\"url\":\"https:\\\/\\\/confidencial.digital\\\/en\\\/\",\"name\":\"Confidencial Nicaragua\",\"description\":\"Noticias de Nicaragua, informaci\u00f3n, an\u00e1lisis, reportajes, investigaciones, perfiles y entrevistas. Somos Confidencial. Hacemos periodismo independiente.\",\"publisher\":{\"@id\":\"https:\\\/\\\/confidencial.digital\\\/en\\\/#organization\"},\"potentialAction\":[{\"@type\":\"SearchAction\",\"target\":{\"@type\":\"EntryPoint\",\"urlTemplate\":\"https:\\\/\\\/confidencial.digital\\\/en\\\/?s={search_term_string}\"},\"query-input\":{\"@type\":\"PropertyValueSpecification\",\"valueRequired\":true,\"valueName\":\"search_term_string\"}}],\"inLanguage\":\"en-US\"},{\"@type\":\"Organization\",\"@id\":\"https:\\\/\\\/confidencial.digital\\\/en\\\/#organization\",\"name\":\"Confidencial\",\"url\":\"https:\\\/\\\/confidencial.digital\\\/en\\\/\",\"logo\":{\"@type\":\"ImageObject\",\"inLanguage\":\"en-US\",\"@id\":\"https:\\\/\\\/confidencial.digital\\\/en\\\/#\\\/schema\\\/logo\\\/image\\\/\",\"url\":\"https:\\\/\\\/confidencial.digital\\\/wp-content\\\/uploads\\\/2023\\\/09\\\/Confidencial_696x696.jpg\",\"contentUrl\":\"https:\\\/\\\/confidencial.digital\\\/wp-content\\\/uploads\\\/2023\\\/09\\\/Confidencial_696x696.jpg\",\"width\":696,\"height\":696,\"caption\":\"Confidencial\"},\"image\":{\"@id\":\"https:\\\/\\\/confidencial.digital\\\/en\\\/#\\\/schema\\\/logo\\\/image\\\/\"},\"sameAs\":[\"https:\\\/\\\/www.facebook.com\\\/confidencial.com.ni\",\"https:\\\/\\\/x.com\\\/confidencial_ni\",\"https:\\\/\\\/www.youtube.com\\\/user\\\/ConfidencialNica\",\"https:\\\/\\\/www.instagram.com\\\/confidencial_ni\\\/\",\"https:\\\/\\\/www.linkedin.com\\\/company\\\/confidencial-nicaragua\\\/\",\"https:\\\/\\\/open.spotify.com\\\/show\\\/1rNymjqQuqP1CTGqHKdQ24\",\"https:\\\/\\\/bsky.app\\\/profile\\\/confidencialni.bsky.social\",\"https:\\\/\\\/www.threads.com\\\/@confidencial_ni\"],\"description\":\"En Confidencial hacemos periodismo de investigaci\u00f3n y an\u00e1lisis independiente para Nicaragua y su di\u00e1spora en el mundo. Fundado en 1996\",\"email\":\"info@confidencial.digital\",\"foundingDate\":\"1996-06-01\"},{\"@type\":\"Person\",\"@id\":\"https:\\\/\\\/confidencial.digital\\\/en\\\/#\\\/schema\\\/person\\\/e94047d0755d9230c092f21463d8025c\",\"name\":\"Colaboraci\u00f3n Confidencial\",\"image\":{\"@type\":\"ImageObject\",\"inLanguage\":\"en-US\",\"@id\":\"https:\\\/\\\/confidencial.digital\\\/wp-content\\\/uploads\\\/2025\\\/05\\\/colaboracion-confidencial_avatar-96x96.png\",\"url\":\"https:\\\/\\\/confidencial.digital\\\/wp-content\\\/uploads\\\/2025\\\/05\\\/colaboracion-confidencial_avatar-96x96.png\",\"contentUrl\":\"https:\\\/\\\/confidencial.digital\\\/wp-content\\\/uploads\\\/2025\\\/05\\\/colaboracion-confidencial_avatar-96x96.png\",\"caption\":\"Colaboraci\u00f3n Confidencial\"},\"url\":\"https:\\\/\\\/confidencial.digital\\\/en\\\/author\\\/confidencial-digital-2\\\/\"}]}<\/script>\n<!-- \/ Yoast SEO Premium plugin. -->","yoast_head_json":{"title":"Time will be key for Leo XIV in Nicaragua","description":"The Vatican is torn between a total \u201cblackout\u201d of the Church and the regime's claim to have veto power over episcopal appointments","robots":{"index":"index","follow":"follow","max-snippet":"max-snippet:-1","max-image-preview":"max-image-preview:large","max-video-preview":"max-video-preview:-1"},"canonical":"https:\/\/confidencial.digital\/en\/english\/after-welcoming-the-exiled-bishops-time-will-be-key-for-leo-xiv-in-nicaragua\/","og_locale":"en_US","og_type":"article","og_title":"After Welcoming the Exiled Bishops: Time Will Be Key for Leo XIV in Nicaragua","og_description":"The Vatican is torn between a total \u201cblackout\u201d of the Church and the regime's claim to have veto power over episcopal appointments","og_url":"https:\/\/confidencial.digital\/en\/english\/after-welcoming-the-exiled-bishops-time-will-be-key-for-leo-xiv-in-nicaragua\/","og_site_name":"Confidencial","article_publisher":"https:\/\/www.facebook.com\/confidencial.com.ni","article_published_time":"2025-11-30T07:20:00+00:00","article_modified_time":"2025-12-03T15:25:38+00:00","og_image":[{"width":1200,"height":800,"url":"https:\/\/confidencial.digital\/wp-content\/uploads\/2025\/11\/Papa-Leon-XIV.jpg","type":"image\/jpeg"}],"author":"Colaboraci\u00f3n Confidencial","twitter_card":"summary_large_image","twitter_creator":"@confidencial_ni","twitter_site":"@confidencial_ni","twitter_misc":{"Written by":"Colaboraci\u00f3n Confidencial","Est. reading time":"5 minutes"},"schema":{"@context":"https:\/\/schema.org","@graph":[{"@type":"NewsArticle","@id":"https:\/\/confidencial.digital\/en\/english\/after-welcoming-the-exiled-bishops-time-will-be-key-for-leo-xiv-in-nicaragua\/#article","isPartOf":{"@id":"https:\/\/confidencial.digital\/en\/english\/after-welcoming-the-exiled-bishops-time-will-be-key-for-leo-xiv-in-nicaragua\/"},"author":{"name":"Colaboraci\u00f3n Confidencial","@id":"https:\/\/confidencial.digital\/en\/#\/schema\/person\/e94047d0755d9230c092f21463d8025c"},"headline":"After Welcoming the Exiled Bishops: Time Will Be Key for Leo XIV in Nicaragua","datePublished":"2025-11-30T07:20:00+00:00","dateModified":"2025-12-03T15:25:38+00:00","mainEntityOfPage":{"@id":"https:\/\/confidencial.digital\/en\/english\/after-welcoming-the-exiled-bishops-time-will-be-key-for-leo-xiv-in-nicaragua\/"},"wordCount":1108,"publisher":{"@id":"https:\/\/confidencial.digital\/en\/#organization"},"image":{"@id":"https:\/\/confidencial.digital\/en\/english\/after-welcoming-the-exiled-bishops-time-will-be-key-for-leo-xiv-in-nicaragua\/#primaryimage"},"thumbnailUrl":"https:\/\/confidencial.digital\/wp-content\/uploads\/2025\/11\/Papa-Leon-XIV.jpg","articleSection":["English"],"inLanguage":"en-US","copyrightYear":"2025","copyrightHolder":{"@id":"https:\/\/confidencial.digital\/#organization"}},{"@type":"WebPage","@id":"https:\/\/confidencial.digital\/en\/english\/after-welcoming-the-exiled-bishops-time-will-be-key-for-leo-xiv-in-nicaragua\/","url":"https:\/\/confidencial.digital\/en\/english\/after-welcoming-the-exiled-bishops-time-will-be-key-for-leo-xiv-in-nicaragua\/","name":"Time will be key for Leo XIV in Nicaragua","isPartOf":{"@id":"https:\/\/confidencial.digital\/en\/#website"},"primaryImageOfPage":{"@id":"https:\/\/confidencial.digital\/en\/english\/after-welcoming-the-exiled-bishops-time-will-be-key-for-leo-xiv-in-nicaragua\/#primaryimage"},"image":{"@id":"https:\/\/confidencial.digital\/en\/english\/after-welcoming-the-exiled-bishops-time-will-be-key-for-leo-xiv-in-nicaragua\/#primaryimage"},"thumbnailUrl":"https:\/\/confidencial.digital\/wp-content\/uploads\/2025\/11\/Papa-Leon-XIV.jpg","datePublished":"2025-11-30T07:20:00+00:00","dateModified":"2025-12-03T15:25:38+00:00","description":"The Vatican is torn between a total \u201cblackout\u201d of the Church and the regime's claim to have veto power over episcopal appointments","breadcrumb":{"@id":"https:\/\/confidencial.digital\/en\/english\/after-welcoming-the-exiled-bishops-time-will-be-key-for-leo-xiv-in-nicaragua\/#breadcrumb"},"inLanguage":"en-US","potentialAction":[{"@type":"ReadAction","target":["https:\/\/confidencial.digital\/en\/english\/after-welcoming-the-exiled-bishops-time-will-be-key-for-leo-xiv-in-nicaragua\/"]}]},{"@type":"ImageObject","inLanguage":"en-US","@id":"https:\/\/confidencial.digital\/en\/english\/after-welcoming-the-exiled-bishops-time-will-be-key-for-leo-xiv-in-nicaragua\/#primaryimage","url":"https:\/\/confidencial.digital\/wp-content\/uploads\/2025\/11\/Papa-Leon-XIV.jpg","contentUrl":"https:\/\/confidencial.digital\/wp-content\/uploads\/2025\/11\/Papa-Leon-XIV.jpg","width":1200,"height":800,"caption":"El papa Le\u00f3n XIV emprende su primer viaje internacional a Turqu\u00eda y L\u00edbano, el jueves 27 de noviembre de 2025. | Foto: EFE\/Vatican Media\/Mario Tomassetti"},{"@type":"BreadcrumbList","@id":"https:\/\/confidencial.digital\/en\/english\/after-welcoming-the-exiled-bishops-time-will-be-key-for-leo-xiv-in-nicaragua\/#breadcrumb","itemListElement":[{"@type":"ListItem","position":1,"name":"Portada","item":"https:\/\/confidencial.digital\/en\/"},{"@type":"ListItem","position":2,"name":"After Welcoming the Exiled Bishops: Time Will Be Key for Leo XIV in Nicaragua"}]},{"@type":"WebSite","@id":"https:\/\/confidencial.digital\/en\/#website","url":"https:\/\/confidencial.digital\/en\/","name":"Confidencial Nicaragua","description":"Noticias de Nicaragua, informaci\u00f3n, an\u00e1lisis, reportajes, investigaciones, perfiles y entrevistas. Somos Confidencial. Hacemos periodismo independiente.","publisher":{"@id":"https:\/\/confidencial.digital\/en\/#organization"},"potentialAction":[{"@type":"SearchAction","target":{"@type":"EntryPoint","urlTemplate":"https:\/\/confidencial.digital\/en\/?s={search_term_string}"},"query-input":{"@type":"PropertyValueSpecification","valueRequired":true,"valueName":"search_term_string"}}],"inLanguage":"en-US"},{"@type":"Organization","@id":"https:\/\/confidencial.digital\/en\/#organization","name":"Confidencial","url":"https:\/\/confidencial.digital\/en\/","logo":{"@type":"ImageObject","inLanguage":"en-US","@id":"https:\/\/confidencial.digital\/en\/#\/schema\/logo\/image\/","url":"https:\/\/confidencial.digital\/wp-content\/uploads\/2023\/09\/Confidencial_696x696.jpg","contentUrl":"https:\/\/confidencial.digital\/wp-content\/uploads\/2023\/09\/Confidencial_696x696.jpg","width":696,"height":696,"caption":"Confidencial"},"image":{"@id":"https:\/\/confidencial.digital\/en\/#\/schema\/logo\/image\/"},"sameAs":["https:\/\/www.facebook.com\/confidencial.com.ni","https:\/\/x.com\/confidencial_ni","https:\/\/www.youtube.com\/user\/ConfidencialNica","https:\/\/www.instagram.com\/confidencial_ni\/","https:\/\/www.linkedin.com\/company\/confidencial-nicaragua\/","https:\/\/open.spotify.com\/show\/1rNymjqQuqP1CTGqHKdQ24","https:\/\/bsky.app\/profile\/confidencialni.bsky.social","https:\/\/www.threads.com\/@confidencial_ni"],"description":"En Confidencial hacemos periodismo de investigaci\u00f3n y an\u00e1lisis independiente para Nicaragua y su di\u00e1spora en el mundo. Fundado en 1996","email":"info@confidencial.digital","foundingDate":"1996-06-01"},{"@type":"Person","@id":"https:\/\/confidencial.digital\/en\/#\/schema\/person\/e94047d0755d9230c092f21463d8025c","name":"Colaboraci\u00f3n Confidencial","image":{"@type":"ImageObject","inLanguage":"en-US","@id":"https:\/\/confidencial.digital\/wp-content\/uploads\/2025\/05\/colaboracion-confidencial_avatar-96x96.png","url":"https:\/\/confidencial.digital\/wp-content\/uploads\/2025\/05\/colaboracion-confidencial_avatar-96x96.png","contentUrl":"https:\/\/confidencial.digital\/wp-content\/uploads\/2025\/05\/colaboracion-confidencial_avatar-96x96.png","caption":"Colaboraci\u00f3n Confidencial"},"url":"https:\/\/confidencial.digital\/en\/author\/confidencial-digital-2\/"}]}},"_links":{"self":[{"href":"https:\/\/confidencial.digital\/en\/wp-json\/wp\/v2\/posts\/179218","targetHints":{"allow":["GET"]}}],"collection":[{"href":"https:\/\/confidencial.digital\/en\/wp-json\/wp\/v2\/posts"}],"about":[{"href":"https:\/\/confidencial.digital\/en\/wp-json\/wp\/v2\/types\/post"}],"author":[{"embeddable":true,"href":"https:\/\/confidencial.digital\/en\/wp-json\/wp\/v2\/users\/35"}],"replies":[{"embeddable":true,"href":"https:\/\/confidencial.digital\/en\/wp-json\/wp\/v2\/comments?post=179218"}],"version-history":[{"count":1,"href":"https:\/\/confidencial.digital\/en\/wp-json\/wp\/v2\/posts\/179218\/revisions"}],"predecessor-version":[{"id":179219,"href":"https:\/\/confidencial.digital\/en\/wp-json\/wp\/v2\/posts\/179218\/revisions\/179219"}],"wp:featuredmedia":[{"embeddable":true,"href":"https:\/\/confidencial.digital\/en\/wp-json\/wp\/v2\/media\/179105"}],"wp:attachment":[{"href":"https:\/\/confidencial.digital\/en\/wp-json\/wp\/v2\/media?parent=179218"}],"wp:term":[{"taxonomy":"category","embeddable":true,"href":"https:\/\/confidencial.digital\/en\/wp-json\/wp\/v2\/categories?post=179218"},{"taxonomy":"post_tag","embeddable":true,"href":"https:\/\/confidencial.digital\/en\/wp-json\/wp\/v2\/tags?post=179218"}],"curies":[{"name":"wp","href":"https:\/\/api.w.org\/{rel}","templated":true}]}}