{"id":178122,"date":"2025-11-17T00:30:00","date_gmt":"2025-11-17T06:30:00","guid":{"rendered":"https:\/\/confidencial.digital\/sin-categoria\/where-are-they-more-than-30-political-prisoners-under-forced-disappearance\/"},"modified":"2025-11-17T09:25:24","modified_gmt":"2025-11-17T15:25:24","slug":"where-are-they-more-than-30-political-prisoners-under-forced-disappearance","status":"publish","type":"post","link":"https:\/\/confidencial.digital\/en\/nation\/where-are-they-more-than-30-political-prisoners-under-forced-disappearance\/","title":{"rendered":"Where Are They? More Than 30 Political Prisoners Under Forced Disappearance"},"content":{"rendered":"\n<p>Some were arrested at midnight during raids carried out without any court order. Others were lured in with the excuse that authorities just wanted to \u201cask them a few questions.\u201d Several were beaten in front of their families: partners, parents, or young children. Police officers or armed civilians took them away months or even years ago, and no one has seen them since. <strong>They are Nicaragua\u2019s disappeared political prisoners, because even their own families have no certainty about where they are,<\/strong> despite searching from prison to prison and even in hospitals.   <\/p>\n\n<blockquote class=\"wp-block-quote is-layout-flow wp-block-quote-is-layout-flow\">\n<p>There are still more than 70 political prisoners in the country, and the whereabouts and conditions of 32 remain unknown. Their families cannot bring them food, medicine, or even visit them.<br\/> <\/p>\n<\/blockquote>\n\n<p>Of the 32 disappeared political prisoners, 30 have been identified by name, and two are known only as \u201canonymous.\u201d Among the 30 are opposition members, dissidents, and retired military officers. Others simply held jobs in churches, took part in the 2018 protests, or are relatives of an opposition figure.  <\/p>\n\n<p>At CONFIDENCIAL, we explain who these disappeared political prisoners in Nicaragua are, when they were arrested, and what they are accused of. The list is based on the report from the <strong><a href=\"https:\/\/presasypresospoliticosnicaragua.org\/wp-content\/uploads\/2025\/10\/Informe_Mecanismo_Septiembre-Octubre_2025.pdf\" target=\"_blank\" rel=\"noreferrer noopener\">Mechanism for the Recognition of Political Prisoners<\/a><\/strong>, published in October 2025. It also includes information from the Inter-American Commission on Human Rights (IACHR), which has granted precautionary measures in most of the cases, as well as data from relatives, citizen networks, and human-rights organizations and former political prisoners.  <\/p>\n\n<h2 class=\"wp-block-heading\" id=\"h-los-presos-politicos-desaparecidos-por-la-dictadura\">The political prisoners disappeared by the dictatorship<\/h2>\n\n<p>Among the 30 prisoners of conscience who have been disappeared, there are 22 men and 8 women; ten of them are over 60 years old. All were arbitrarily arrested, and most have no formal charges or have not been brought before a court hearing, according to publicly available information from the judicial system. <\/p>\n\n<div class=\"wp-block-essential-blocks-row alignfull  root-eb-row-gi7y5\"><div class=\"eb-parent-wrapper eb-parent-eb-row-gi7y5 \"><div class=\"eb-row-root-container eb-row-gi7y5\" data-id=\"eb-row-gi7y5\"><div class=\"eb-row-wrapper\"><div class=\"eb-row-inner\">\n<div class=\"wp-block-essential-blocks-column  root-eb-column-l9jng\"><div class=\"eb-parent-wrapper eb-parent-eb-column-l9jng \"><div class=\"eb-column-wrapper eb-column-l9jng\"><div class=\"eb-column-inner\">\n<figure class=\"wp-block-image size-full\"><img decoding=\"async\" width=\"800\" height=\"500\" src=\"https:\/\/confidencial.digital\/wp-content\/uploads\/2025\/11\/Presos-politicos-desaparecidos-en-Nicaragua-1.jpg\" alt=\"Brooklyn Rivera\" class=\"wp-image-178012\" style=\"aspect-ratio:4\/3;object-fit:cover\" srcset=\"https:\/\/confidencial.digital\/wp-content\/uploads\/2025\/11\/Presos-politicos-desaparecidos-en-Nicaragua-1.jpg 800w, https:\/\/confidencial.digital\/wp-content\/uploads\/2025\/11\/Presos-politicos-desaparecidos-en-Nicaragua-1-300x188.jpg 300w, https:\/\/confidencial.digital\/wp-content\/uploads\/2025\/11\/Presos-politicos-desaparecidos-en-Nicaragua-1-768x480.jpg 768w, https:\/\/confidencial.digital\/wp-content\/uploads\/2025\/11\/Presos-politicos-desaparecidos-en-Nicaragua-1-480x300.jpg 480w\" sizes=\"(max-width: 800px) 100vw, 800px\" \/><\/figure>\n<\/div><\/div><\/div><\/div>\n\n\n\n<div class=\"wp-block-essential-blocks-column  root-eb-column-eaxis\"><div class=\"eb-parent-wrapper eb-parent-eb-column-eaxis \"><div class=\"eb-column-wrapper eb-column-eaxis\"><div class=\"eb-column-inner\">\n<h2 class=\"wp-block-heading\" id=\"h-brooklyn-rivera-bryan\">Brooklyn Rivera Bryan<\/h2>\n\n\n\n<p>Miskito leader, ousted regional lawmaker, and president of the Yatama Indigenous party. He was detained on September 29, 2023, in Bilwi. He is 73 years old, and none of his relatives have been allowed to see him. In October 2023, the IACHR granted him precautionary measures.<br\/>   <\/p>\n<\/div><\/div><\/div><\/div>\n<\/div><\/div><\/div><\/div><\/div>\n\n<hr class=\"wp-block-separator has-alpha-channel-opacity is-style-wide\"\/>\n\n<div class=\"wp-block-essential-blocks-row alignfull  root-eb-row-5zxn6\"><div class=\"eb-parent-wrapper eb-parent-eb-row-5zxn6 \"><div class=\"eb-row-root-container eb-row-5zxn6\" data-id=\"eb-row-5zxn6\"><div class=\"eb-row-wrapper\"><div class=\"eb-row-inner\">\n<div class=\"wp-block-essential-blocks-column  root-eb-column-tyxk8\"><div class=\"eb-parent-wrapper eb-parent-eb-column-tyxk8 \"><div class=\"eb-column-wrapper eb-column-tyxk8\"><div class=\"eb-column-inner\">\n<figure class=\"wp-block-image size-full\"><img decoding=\"async\" width=\"800\" height=\"500\" src=\"https:\/\/confidencial.digital\/wp-content\/uploads\/2025\/11\/Presos-politicos-desaparecidos-en-Nicaragua-2.jpg\" alt=\"Douglas Gamaliel &#xC1;lvarez\" class=\"wp-image-178018\" style=\"aspect-ratio:4\/3;object-fit:cover\" srcset=\"https:\/\/confidencial.digital\/wp-content\/uploads\/2025\/11\/Presos-politicos-desaparecidos-en-Nicaragua-2.jpg 800w, https:\/\/confidencial.digital\/wp-content\/uploads\/2025\/11\/Presos-politicos-desaparecidos-en-Nicaragua-2-300x188.jpg 300w, https:\/\/confidencial.digital\/wp-content\/uploads\/2025\/11\/Presos-politicos-desaparecidos-en-Nicaragua-2-768x480.jpg 768w, https:\/\/confidencial.digital\/wp-content\/uploads\/2025\/11\/Presos-politicos-desaparecidos-en-Nicaragua-2-480x300.jpg 480w\" sizes=\"(max-width: 800px) 100vw, 800px\" \/><\/figure>\n<\/div><\/div><\/div><\/div>\n\n\n\n<div class=\"wp-block-essential-blocks-column  root-eb-column-2dsgm\"><div class=\"eb-parent-wrapper eb-parent-eb-column-2dsgm \"><div class=\"eb-column-wrapper eb-column-2dsgm\"><div class=\"eb-column-inner\">\n<h2 class=\"wp-block-heading\" id=\"h-douglas-gamaliel-alvarez\">Douglas Gamaliel \u00c1lvarez<\/h2>\n\n\n\n<p>Douglas \u00c1lvarez is 46 years old. He is a former Contra member and originally from El Castillo, in R\u00edo San Juan. He sought asylum in Costa Rica but was extradited to Nicaragua on February 16, 2024. The regime accuses him of killing a police officer and a civilian in October 2022.<br\/>   <\/p>\n<\/div><\/div><\/div><\/div>\n<\/div><\/div><\/div><\/div><\/div>\n\n<hr class=\"wp-block-separator has-alpha-channel-opacity is-style-default\"\/>\n\n<div class=\"wp-block-essential-blocks-row alignfull  root-eb-row-15d44\"><div class=\"eb-parent-wrapper eb-parent-eb-row-15d44 \"><div class=\"eb-row-root-container eb-row-15d44\" data-id=\"eb-row-15d44\"><div class=\"eb-row-wrapper\"><div class=\"eb-row-inner\">\n<div class=\"wp-block-essential-blocks-column  root-eb-column-0knzn\"><div class=\"eb-parent-wrapper eb-parent-eb-column-0knzn \"><div class=\"eb-column-wrapper eb-column-0knzn\"><div class=\"eb-column-inner\">\n<figure class=\"wp-block-image size-full\"><img decoding=\"async\" width=\"800\" height=\"500\" src=\"https:\/\/confidencial.digital\/wp-content\/uploads\/2025\/11\/3.jpg\" alt=\"\" class=\"wp-image-178042\" style=\"aspect-ratio:4\/3;object-fit:cover\" srcset=\"https:\/\/confidencial.digital\/wp-content\/uploads\/2025\/11\/3.jpg 800w, https:\/\/confidencial.digital\/wp-content\/uploads\/2025\/11\/3-300x188.jpg 300w, https:\/\/confidencial.digital\/wp-content\/uploads\/2025\/11\/3-768x480.jpg 768w, https:\/\/confidencial.digital\/wp-content\/uploads\/2025\/11\/3-480x300.jpg 480w\" sizes=\"(max-width: 800px) 100vw, 800px\" \/><\/figure>\n<\/div><\/div><\/div><\/div>\n\n\n\n<div class=\"wp-block-essential-blocks-column  root-eb-column-davnn\"><div class=\"eb-parent-wrapper eb-parent-eb-column-davnn \"><div class=\"eb-column-wrapper eb-column-davnn\"><div class=\"eb-column-inner\">\n<h2 class=\"wp-block-heading\" id=\"h-victor-boitano-coleman\">V\u00edctor Boitano Coleman<\/h2>\n\n\n\n<p>A retired Army colonel, 64 years old. He was detained on April 23, 2024, in Managua. His wife reported that police officers beat him before taking him away. Some former political prisoners say they have seen him in La Modelo prison, but there is no official information.   <\/p>\n<\/div><\/div><\/div><\/div>\n<\/div><\/div><\/div><\/div><\/div>\n\n<hr class=\"wp-block-separator has-alpha-channel-opacity is-style-default\"\/>\n\n<div class=\"wp-block-essential-blocks-row alignfull  root-eb-row-uk4nn\"><div class=\"eb-parent-wrapper eb-parent-eb-row-uk4nn \"><div class=\"eb-row-root-container eb-row-uk4nn\" data-id=\"eb-row-uk4nn\"><div class=\"eb-row-wrapper\"><div class=\"eb-row-inner\">\n<div class=\"wp-block-essential-blocks-column  root-eb-column-tytz2\"><div class=\"eb-parent-wrapper eb-parent-eb-column-tytz2 \"><div class=\"eb-column-wrapper eb-column-tytz2\"><div class=\"eb-column-inner\">\n<figure class=\"wp-block-image size-full\"><img decoding=\"async\" width=\"800\" height=\"500\" src=\"https:\/\/confidencial.digital\/wp-content\/uploads\/2025\/11\/4.jpg\" alt=\"\" class=\"wp-image-178044\" style=\"aspect-ratio:4\/3;object-fit:cover\" srcset=\"https:\/\/confidencial.digital\/wp-content\/uploads\/2025\/11\/4.jpg 800w, https:\/\/confidencial.digital\/wp-content\/uploads\/2025\/11\/4-300x188.jpg 300w, https:\/\/confidencial.digital\/wp-content\/uploads\/2025\/11\/4-768x480.jpg 768w, https:\/\/confidencial.digital\/wp-content\/uploads\/2025\/11\/4-480x300.jpg 480w\" sizes=\"(max-width: 800px) 100vw, 800px\" \/><\/figure>\n<\/div><\/div><\/div><\/div>\n\n\n\n<div class=\"wp-block-essential-blocks-column  root-eb-column-sxdgm\"><div class=\"eb-parent-wrapper eb-parent-eb-column-sxdgm \"><div class=\"eb-column-wrapper eb-column-sxdgm\"><div class=\"eb-column-inner\">\n<h2 class=\"wp-block-heading\" id=\"h-angelica-chavarria\">Ang\u00e9lica Chavarr\u00eda<\/h2>\n\n\n\n<p>She is 39 and originally from Managua. Her family last heard from her on May 20, 2024, when the home of her partner and former Army chief, Humberto Ortega, was raided. Ortega died on September 30 as a political prisoner. The IACHR granted her precautionary measures in January 2025.  <\/p>\n<\/div><\/div><\/div><\/div>\n<\/div><\/div><\/div><\/div><\/div>\n\n<hr class=\"wp-block-separator has-alpha-channel-opacity is-style-default\"\/>\n\n<div class=\"wp-block-essential-blocks-row alignfull  root-eb-row-pypea\"><div class=\"eb-parent-wrapper eb-parent-eb-row-pypea \"><div class=\"eb-row-root-container eb-row-pypea\" data-id=\"eb-row-pypea\"><div class=\"eb-row-wrapper\"><div class=\"eb-row-inner\">\n<div class=\"wp-block-essential-blocks-column  root-eb-column-jzv5y\"><div class=\"eb-parent-wrapper eb-parent-eb-column-jzv5y \"><div class=\"eb-column-wrapper eb-column-jzv5y\"><div class=\"eb-column-inner\">\n<figure class=\"wp-block-image size-full\"><img decoding=\"async\" width=\"800\" height=\"500\" src=\"https:\/\/confidencial.digital\/wp-content\/uploads\/2025\/11\/5.jpg\" alt=\"\" class=\"wp-image-178046\" style=\"aspect-ratio:4\/3;object-fit:cover\" srcset=\"https:\/\/confidencial.digital\/wp-content\/uploads\/2025\/11\/5.jpg 800w, https:\/\/confidencial.digital\/wp-content\/uploads\/2025\/11\/5-300x188.jpg 300w, https:\/\/confidencial.digital\/wp-content\/uploads\/2025\/11\/5-768x480.jpg 768w, https:\/\/confidencial.digital\/wp-content\/uploads\/2025\/11\/5-480x300.jpg 480w\" sizes=\"(max-width: 800px) 100vw, 800px\" \/><\/figure>\n<\/div><\/div><\/div><\/div>\n\n\n\n<div class=\"wp-block-essential-blocks-column  root-eb-column-7c96j\"><div class=\"eb-parent-wrapper eb-parent-eb-column-7c96j \"><div class=\"eb-column-wrapper eb-column-7c96j\"><div class=\"eb-column-inner\">\n<h2 class=\"wp-block-heading\" id=\"h-eddie-gonzalez-valdivia\">Eddie Gonz\u00e1lez Valdivia<\/h2>\n\n\n\n<p>A retired military officer and university professor, 67 years old. He was detained on July 14, 2024, by police and armed civilians during a shootout. He is accused of attempted aggravated homicide and other crimes.   <\/p>\n<\/div><\/div><\/div><\/div>\n<\/div><\/div><\/div><\/div><\/div>\n\n<hr class=\"wp-block-separator has-alpha-channel-opacity is-style-default\"\/>\n\n<div class=\"wp-block-essential-blocks-row alignfull  root-eb-row-ugp10\"><div class=\"eb-parent-wrapper eb-parent-eb-row-ugp10 \"><div class=\"eb-row-root-container eb-row-ugp10\" data-id=\"eb-row-ugp10\"><div class=\"eb-row-wrapper\"><div class=\"eb-row-inner\">\n<div class=\"wp-block-essential-blocks-column  root-eb-column-e21b9\"><div class=\"eb-parent-wrapper eb-parent-eb-column-e21b9 \"><div class=\"eb-column-wrapper eb-column-e21b9\"><div class=\"eb-column-inner\">\n<figure class=\"wp-block-image size-full\"><img decoding=\"async\" width=\"800\" height=\"500\" src=\"https:\/\/confidencial.digital\/wp-content\/uploads\/2025\/11\/6.jpg\" alt=\"\" class=\"wp-image-178048\" style=\"aspect-ratio:4\/3;object-fit:cover\" srcset=\"https:\/\/confidencial.digital\/wp-content\/uploads\/2025\/11\/6.jpg 800w, https:\/\/confidencial.digital\/wp-content\/uploads\/2025\/11\/6-300x188.jpg 300w, https:\/\/confidencial.digital\/wp-content\/uploads\/2025\/11\/6-768x480.jpg 768w, https:\/\/confidencial.digital\/wp-content\/uploads\/2025\/11\/6-480x300.jpg 480w\" sizes=\"(max-width: 800px) 100vw, 800px\" \/><\/figure>\n<\/div><\/div><\/div><\/div>\n\n\n\n<div class=\"wp-block-essential-blocks-column  root-eb-column-193jv\"><div class=\"eb-parent-wrapper eb-parent-eb-column-193jv \"><div class=\"eb-column-wrapper eb-column-193jv\"><div class=\"eb-column-inner\">\n<h2 class=\"wp-block-heading\" id=\"h-carmen-saenz\">Carmen S\u00e1enz<\/h2>\n\n\n\n<p>A lawyer and former diocesan adviser in Matagalpa. She was detained on August 10, 2024, without a court warrant, after authorities told her they only wanted to question her. She is 51 and remains imprisoned with no formal charges.<br\/>  <\/p>\n<\/div><\/div><\/div><\/div>\n<\/div><\/div><\/div><\/div><\/div>\n\n<hr class=\"wp-block-separator has-alpha-channel-opacity is-style-default\"\/>\n\n<div class=\"wp-block-essential-blocks-row alignfull  root-eb-row-pyyyy\"><div class=\"eb-parent-wrapper eb-parent-eb-row-pyyyy \"><div class=\"eb-row-root-container eb-row-pyyyy\" data-id=\"eb-row-pyyyy\"><div class=\"eb-row-wrapper\"><div class=\"eb-row-inner\">\n<div class=\"wp-block-essential-blocks-column  root-eb-column-g7rg8\"><div class=\"eb-parent-wrapper eb-parent-eb-column-g7rg8 \"><div class=\"eb-column-wrapper eb-column-g7rg8\"><div class=\"eb-column-inner\">\n<figure class=\"wp-block-image size-full\"><img decoding=\"async\" width=\"800\" height=\"500\" src=\"https:\/\/confidencial.digital\/wp-content\/uploads\/2025\/11\/7.jpg\" alt=\"\" class=\"wp-image-178050\" style=\"aspect-ratio:4\/3;object-fit:cover\" srcset=\"https:\/\/confidencial.digital\/wp-content\/uploads\/2025\/11\/7.jpg 800w, https:\/\/confidencial.digital\/wp-content\/uploads\/2025\/11\/7-300x188.jpg 300w, https:\/\/confidencial.digital\/wp-content\/uploads\/2025\/11\/7-768x480.jpg 768w, https:\/\/confidencial.digital\/wp-content\/uploads\/2025\/11\/7-480x300.jpg 480w\" sizes=\"(max-width: 800px) 100vw, 800px\" \/><\/figure>\n<\/div><\/div><\/div><\/div>\n\n\n\n<div class=\"wp-block-essential-blocks-column  root-eb-column-slncx\"><div class=\"eb-parent-wrapper eb-parent-eb-column-slncx \"><div class=\"eb-column-wrapper eb-column-slncx\"><div class=\"eb-column-inner\">\n<h2 class=\"wp-block-heading\" id=\"h-lesbia-gutierrez\">Lesbia Guti\u00e9rrez<\/h2>\n\n\n\n<p>She managed a financial program for C\u00e1ritas Diocesana in Matagalpa. She is 60 years old and was detained on August 10, 2024, without a judicial order. Since then, no one has confirmed where she is, nor have authorities allowed her to receive visitors.<br\/>  <\/p>\n<\/div><\/div><\/div><\/div>\n<\/div><\/div><\/div><\/div><\/div>\n\n<hr class=\"wp-block-separator has-alpha-channel-opacity is-style-default\"\/>\n\n<div class=\"wp-block-essential-blocks-row alignfull  root-eb-row-cpmjw\"><div class=\"eb-parent-wrapper eb-parent-eb-row-cpmjw \"><div class=\"eb-row-root-container eb-row-cpmjw\" data-id=\"eb-row-cpmjw\"><div class=\"eb-row-wrapper\"><div class=\"eb-row-inner\">\n<div class=\"wp-block-essential-blocks-column  root-eb-column-quc1i\"><div class=\"eb-parent-wrapper eb-parent-eb-column-quc1i \"><div class=\"eb-column-wrapper eb-column-quc1i\"><div class=\"eb-column-inner\">\n<figure class=\"wp-block-image size-full\"><img decoding=\"async\" width=\"800\" height=\"500\" src=\"https:\/\/confidencial.digital\/wp-content\/uploads\/2025\/11\/9.jpg\" alt=\"\" class=\"wp-image-178054\" style=\"aspect-ratio:4\/3;object-fit:cover\" srcset=\"https:\/\/confidencial.digital\/wp-content\/uploads\/2025\/11\/9.jpg 800w, https:\/\/confidencial.digital\/wp-content\/uploads\/2025\/11\/9-300x188.jpg 300w, https:\/\/confidencial.digital\/wp-content\/uploads\/2025\/11\/9-768x480.jpg 768w, https:\/\/confidencial.digital\/wp-content\/uploads\/2025\/11\/9-480x300.jpg 480w\" sizes=\"(max-width: 800px) 100vw, 800px\" \/><\/figure>\n<\/div><\/div><\/div><\/div>\n\n\n\n<div class=\"wp-block-essential-blocks-column  root-eb-column-chojj\"><div class=\"eb-parent-wrapper eb-parent-eb-column-chojj \"><div class=\"eb-column-wrapper eb-column-chojj\"><div class=\"eb-column-inner\">\n<h2 class=\"wp-block-heading\" id=\"h-steadman-fagoth\">Steadman Fagoth<\/h2>\n\n\n\n<p>Miskito leader, former political ally, and former presidential adviser to Daniel Ortega. The Nicaraguan Army confirmed that it detained him on August 14, 2024, in Waspam and later handed him over to the Police. In March 2025, the Inter-American Court of Human Rights ordered his release along with five other political prisoners.<br\/>  <\/p>\n<\/div><\/div><\/div><\/div>\n<\/div><\/div><\/div><\/div><\/div>\n\n<hr class=\"wp-block-separator has-alpha-channel-opacity is-style-default\"\/>\n\n<div class=\"wp-block-essential-blocks-row alignfull  root-eb-row-08ght\"><div class=\"eb-parent-wrapper eb-parent-eb-row-08ght \"><div class=\"eb-row-root-container eb-row-08ght\" data-id=\"eb-row-08ght\"><div class=\"eb-row-wrapper\"><div class=\"eb-row-inner\">\n<div class=\"wp-block-essential-blocks-column  root-eb-column-su1n6\"><div class=\"eb-parent-wrapper eb-parent-eb-column-su1n6 \"><div class=\"eb-column-wrapper eb-column-su1n6\"><div class=\"eb-column-inner\">\n<figure class=\"wp-block-image size-full\"><img decoding=\"async\" width=\"800\" height=\"500\" src=\"https:\/\/confidencial.digital\/wp-content\/uploads\/2025\/11\/10.jpg\" alt=\"\" class=\"wp-image-178056\" style=\"aspect-ratio:4\/3;object-fit:cover\" srcset=\"https:\/\/confidencial.digital\/wp-content\/uploads\/2025\/11\/10.jpg 800w, https:\/\/confidencial.digital\/wp-content\/uploads\/2025\/11\/10-300x188.jpg 300w, https:\/\/confidencial.digital\/wp-content\/uploads\/2025\/11\/10-768x480.jpg 768w, https:\/\/confidencial.digital\/wp-content\/uploads\/2025\/11\/10-480x300.jpg 480w\" sizes=\"(max-width: 800px) 100vw, 800px\" \/><\/figure>\n<\/div><\/div><\/div><\/div>\n\n\n\n<div class=\"wp-block-essential-blocks-column  root-eb-column-mdoia\"><div class=\"eb-parent-wrapper eb-parent-eb-column-mdoia \"><div class=\"eb-column-wrapper eb-column-mdoia\"><div class=\"eb-column-inner\">\n<h2 class=\"wp-block-heading\" id=\"h-alejandro-hurtado\">Alejandro Hurtado<\/h2>\n\n\n\n<p>He is 57 and a board member of the Independent Liberal Party. According to his brother, he was detained on January 27, 2025, for proposing a national dialogue with Ortega and Murillo. The IACHR granted him precautionary measures in March 2025.  <\/p>\n<\/div><\/div><\/div><\/div>\n<\/div><\/div><\/div><\/div><\/div>\n\n<hr class=\"wp-block-separator has-alpha-channel-opacity is-style-default\"\/>\n\n<div class=\"wp-block-essential-blocks-row alignfull  root-eb-row-zb5h9\"><div class=\"eb-parent-wrapper eb-parent-eb-row-zb5h9 \"><div class=\"eb-row-root-container eb-row-zb5h9\" data-id=\"eb-row-zb5h9\"><div class=\"eb-row-wrapper\"><div class=\"eb-row-inner\">\n<div class=\"wp-block-essential-blocks-column  root-eb-column-741pe\"><div class=\"eb-parent-wrapper eb-parent-eb-column-741pe \"><div class=\"eb-column-wrapper eb-column-741pe\"><div class=\"eb-column-inner\">\n<figure class=\"wp-block-image size-full\"><img decoding=\"async\" width=\"800\" height=\"500\" src=\"https:\/\/confidencial.digital\/wp-content\/uploads\/2025\/11\/11.jpg\" alt=\"\" class=\"wp-image-178058\" style=\"aspect-ratio:4\/3;object-fit:cover\" srcset=\"https:\/\/confidencial.digital\/wp-content\/uploads\/2025\/11\/11.jpg 800w, https:\/\/confidencial.digital\/wp-content\/uploads\/2025\/11\/11-300x188.jpg 300w, https:\/\/confidencial.digital\/wp-content\/uploads\/2025\/11\/11-768x480.jpg 768w, https:\/\/confidencial.digital\/wp-content\/uploads\/2025\/11\/11-480x300.jpg 480w\" sizes=\"(max-width: 800px) 100vw, 800px\" \/><\/figure>\n<\/div><\/div><\/div><\/div>\n\n\n\n<div class=\"wp-block-essential-blocks-column  root-eb-column-83m5g\"><div class=\"eb-parent-wrapper eb-parent-eb-column-83m5g \"><div class=\"eb-column-wrapper eb-column-83m5g\"><div class=\"eb-column-inner\">\n<h2 class=\"wp-block-heading\" id=\"h-marcos-cruz-moncada\">Marcos Cruz Moncada<\/h2>\n\n\n\n<p>A multigrade primary school teacher. He is 42 and from San Francisco del Norte in Chinandega. He was detained on February 14, 2025, by armed civilians linked to the regime. Two days earlier, he had resigned from his teaching position.   <\/p>\n<\/div><\/div><\/div><\/div>\n<\/div><\/div><\/div><\/div><\/div>\n\n<hr class=\"wp-block-separator has-alpha-channel-opacity is-style-default\"\/>\n\n<div class=\"wp-block-essential-blocks-row alignfull  root-eb-row-gw11n\"><div class=\"eb-parent-wrapper eb-parent-eb-row-gw11n \"><div class=\"eb-row-root-container eb-row-gw11n\" data-id=\"eb-row-gw11n\"><div class=\"eb-row-wrapper\"><div class=\"eb-row-inner\">\n<div class=\"wp-block-essential-blocks-column  root-eb-column-gfpto\"><div class=\"eb-parent-wrapper eb-parent-eb-column-gfpto \"><div class=\"eb-column-wrapper eb-column-gfpto\"><div class=\"eb-column-inner\">\n<figure class=\"wp-block-image size-full\"><img decoding=\"async\" width=\"800\" height=\"500\" src=\"https:\/\/confidencial.digital\/wp-content\/uploads\/2025\/11\/12.jpg\" alt=\"\" class=\"wp-image-178060\" style=\"aspect-ratio:4\/3;object-fit:cover\" srcset=\"https:\/\/confidencial.digital\/wp-content\/uploads\/2025\/11\/12.jpg 800w, https:\/\/confidencial.digital\/wp-content\/uploads\/2025\/11\/12-300x188.jpg 300w, https:\/\/confidencial.digital\/wp-content\/uploads\/2025\/11\/12-768x480.jpg 768w, https:\/\/confidencial.digital\/wp-content\/uploads\/2025\/11\/12-480x300.jpg 480w\" sizes=\"(max-width: 800px) 100vw, 800px\" \/><\/figure>\n<\/div><\/div><\/div><\/div>\n\n\n\n<div class=\"wp-block-essential-blocks-column  root-eb-column-h15ln\"><div class=\"eb-parent-wrapper eb-parent-eb-column-h15ln \"><div class=\"eb-column-wrapper eb-column-h15ln\"><div class=\"eb-column-inner\">\n<h2 class=\"wp-block-heading\" id=\"h-alvaro-baltodano-cantarero\">\u00c1lvaro Baltodano Cantarero<\/h2>\n\n\n\n<p>A former Sandinista guerrilla and retired brigadier general, 73 years old. He served as Ortega\u2019s political operator in the opposition and as a ministerial adviser from 2007 to 2022. He was detained on May 14, 2025, in Matagalpa and sentenced to 20 years in prison for alleged \u201ctreason,\u201d along with an order to confiscate all his assets.  <\/p>\n<\/div><\/div><\/div><\/div>\n<\/div><\/div><\/div><\/div><\/div>\n\n<hr class=\"wp-block-separator has-alpha-channel-opacity is-style-default\"\/>\n\n<div class=\"wp-block-essential-blocks-row alignfull  root-eb-row-ci4e5\"><div class=\"eb-parent-wrapper eb-parent-eb-row-ci4e5 \"><div class=\"eb-row-root-container eb-row-ci4e5\" data-id=\"eb-row-ci4e5\"><div class=\"eb-row-wrapper\"><div class=\"eb-row-inner\">\n<div class=\"wp-block-essential-blocks-column  root-eb-column-pg9go\"><div class=\"eb-parent-wrapper eb-parent-eb-column-pg9go \"><div class=\"eb-column-wrapper eb-column-pg9go\"><div class=\"eb-column-inner\">\n<figure class=\"wp-block-image size-full\"><img decoding=\"async\" width=\"800\" height=\"500\" src=\"https:\/\/confidencial.digital\/wp-content\/uploads\/2025\/11\/13.jpg\" alt=\"\" class=\"wp-image-178062\" style=\"aspect-ratio:4\/3;object-fit:cover\" srcset=\"https:\/\/confidencial.digital\/wp-content\/uploads\/2025\/11\/13.jpg 800w, https:\/\/confidencial.digital\/wp-content\/uploads\/2025\/11\/13-300x188.jpg 300w, https:\/\/confidencial.digital\/wp-content\/uploads\/2025\/11\/13-768x480.jpg 768w, https:\/\/confidencial.digital\/wp-content\/uploads\/2025\/11\/13-480x300.jpg 480w\" sizes=\"(max-width: 800px) 100vw, 800px\" \/><\/figure>\n<\/div><\/div><\/div><\/div>\n\n\n\n<div class=\"wp-block-essential-blocks-column  root-eb-column-2yzjk\"><div class=\"eb-parent-wrapper eb-parent-eb-column-2yzjk \"><div class=\"eb-column-wrapper eb-column-2yzjk\"><div class=\"eb-column-inner\">\n<h2 class=\"wp-block-heading\" id=\"h-alvaro-baltodano-monroy\">\u00c1lvaro Baltodano Monroy<\/h2>\n\n\n\n<p>A businessman and son of the retired military officer. He was detained on July 21 while traveling on the Nandaime\u2013Rivas highway. At the same time, Police were raiding his home in Managua. He managed several businesses and investments, including the confiscated Momotombo Plant. He was accused of money \u201claundering.\u201d    <\/p>\n<\/div><\/div><\/div><\/div>\n<\/div><\/div><\/div><\/div><\/div>\n\n<div style=\"height:50px\" aria-hidden=\"true\" class=\"wp-block-spacer\"><\/div>\n\n<h2 class=\"wp-block-heading has-text-align-center\" id=\"h-los-presos-politicos-de-carazo\">The Political Prisoners of Carazo<\/h2>\n\n<p>In 2018, the municipality of Jinotepe, in the department of Carazo in southeastern Nicaragua, was one of the main strongholds of the citizen protests during the April Rebellion. Thousands joined marches and built barricades, and many suffered official repression.<br\/> <\/p>\n\n<p><br\/><\/p>\n\n<div class=\"wp-block-essential-blocks-slider root-eb-slider-ra645\"><div class=\"eb-parent-wrapper eb-parent-eb-slider-ra645 \"><div class=\"eb-slider-wrapper eb-slider-ra645\" data-blockid=\"eb-slider-ra645\" data-version=\"v4\" data-settings=\"eyJhcnJvd3MiOmZhbHNlLCJhZGFwdGl2ZUhlaWdodCI6ZmFsc2UsImF1dG9wbGF5Ijp0cnVlLCJhdXRvcGxheVNwZWVkIjozMDAwLCJkb3RzIjp0cnVlLCJmYWRlIjpmYWxzZSwiaW5maW5pdGUiOnRydWUsInBhdXNlT25Ib3ZlciI6dHJ1ZSwic2xpZGVzVG9TaG93IjoxLCJzcGVlZCI6NTAwLCJ2ZXJ0aWNhbCI6ZmFsc2UsImN1cnJlbnRTbGlkZSI6MCwicnRsIjpmYWxzZSwicmVzcG9uc2l2ZSI6W3siYnJlYWtwb2ludCI6MTAyNSwic2V0dGluZ3MiOnsic2xpZGVzVG9TaG93IjoxfX0seyJicmVha3BvaW50Ijo3NjcsInNldHRpbmdzIjp7InNsaWRlc1RvU2hvdyI6MX19XX0=\" data-arrownexticon=\"fas fa-arrow-alt-circle-right\" data-arrowprevicon=\"fas fa-arrow-alt-circle-left\" data-lightbox=\"false\"><div class=\"eb-slider-init eb-slider-type-image\"><div class=\"eb-slider-item content-1\" data-src=\"https:\/\/confidencial.digital\/wp-content\/uploads\/2022\/11\/43181764081_c9a2e1114e_b.jpg\"><div><img class=\"eb-slider-image\" data-lazy=\"https:\/\/confidencial.digital\/wp-content\/uploads\/2022\/11\/43181764081_c9a2e1114e_b.jpg\"><\/div><\/div><div class=\"eb-slider-item content-1\" data-src=\"https:\/\/confidencial.digital\/wp-content\/uploads\/2022\/11\/Jinotepe-tranques.jpg\"><div><img class=\"eb-slider-image\" data-lazy=\"https:\/\/confidencial.digital\/wp-content\/uploads\/2022\/11\/Jinotepe-tranques.jpg\"><\/div><\/div><div class=\"eb-slider-item content-1\" data-src=\"https:\/\/confidencial.digital\/wp-content\/uploads\/2022\/11\/636644561002628868w.jpg\"><div><img class=\"eb-slider-image\" data-lazy=\"https:\/\/confidencial.digital\/wp-content\/uploads\/2022\/11\/636644561002628868w.jpg\"><\/div><\/div><div class=\"eb-slider-item content-1\" data-src=\"https:\/\/confidencial.digital\/wp-content\/uploads\/2022\/11\/Jinotepe.jpg\"><div><img class=\"eb-slider-image\" data-lazy=\"https:\/\/confidencial.digital\/wp-content\/uploads\/2022\/11\/Jinotepe.jpg\"><\/div><\/div><\/div><\/div><\/div><\/div>\n\n<p>At midnight on July 17, 2025, the homes of several opposition members and their relatives were raided without a court order.<br\/><\/p>\n\n<p>Among those arrested was an evangelical family accused of conspiracy and treason. According to judicial sources, they were sent to the prisons in Granada. However, their relatives were denied any information while at the facility.<br\/>  <\/p>\n\n<div class=\"wp-block-essential-blocks-row alignfull  root-eb-row-hnlat\"><div class=\"eb-parent-wrapper eb-parent-eb-row-hnlat \"><div class=\"eb-row-root-container eb-row-hnlat\" data-id=\"eb-row-hnlat\"><div class=\"eb-row-wrapper\"><div class=\"eb-row-inner\">\n<div class=\"wp-block-essential-blocks-column  root-eb-column-4b6zb\"><div class=\"eb-parent-wrapper eb-parent-eb-column-4b6zb \"><div class=\"eb-column-wrapper eb-column-4b6zb\"><div class=\"eb-column-inner\">\n<figure class=\"wp-block-image size-full\"><img decoding=\"async\" width=\"800\" height=\"500\" src=\"https:\/\/confidencial.digital\/wp-content\/uploads\/2025\/11\/14.jpg\" alt=\"\" class=\"wp-image-178064\" style=\"aspect-ratio:4\/3;object-fit:cover\" srcset=\"https:\/\/confidencial.digital\/wp-content\/uploads\/2025\/11\/14.jpg 800w, https:\/\/confidencial.digital\/wp-content\/uploads\/2025\/11\/14-300x188.jpg 300w, https:\/\/confidencial.digital\/wp-content\/uploads\/2025\/11\/14-768x480.jpg 768w, https:\/\/confidencial.digital\/wp-content\/uploads\/2025\/11\/14-480x300.jpg 480w\" sizes=\"(max-width: 800px) 100vw, 800px\" \/><\/figure>\n<\/div><\/div><\/div><\/div>\n\n\n\n<div class=\"wp-block-essential-blocks-column  root-eb-column-cuccf\"><div class=\"eb-parent-wrapper eb-parent-eb-column-cuccf \"><div class=\"eb-column-wrapper eb-column-cuccf\"><div class=\"eb-column-inner\">\n<h2 class=\"wp-block-heading\" id=\"h-rudy-palacios-vargas\">Rudy Palacios Vargas<\/h2>\n\n\n\n<p>He is 54 and pastor of the La Roca evangelical church. He went into exile in August 2018 and returned to Nicaragua in February 2020 due to cancer. From April 2024, he was receiving \u201cvisits\u201d from the Police, which became \u201cweekly\u201d in April 2025.  <\/p>\n<\/div><\/div><\/div><\/div>\n<\/div><\/div><\/div><\/div><\/div>\n\n<hr class=\"wp-block-separator has-alpha-channel-opacity is-style-default\"\/>\n\n<div class=\"wp-block-essential-blocks-row alignfull  root-eb-row-dt4qd\"><div class=\"eb-parent-wrapper eb-parent-eb-row-dt4qd \"><div class=\"eb-row-root-container eb-row-dt4qd\" data-id=\"eb-row-dt4qd\"><div class=\"eb-row-wrapper\"><div class=\"eb-row-inner\">\n<div class=\"wp-block-essential-blocks-column  root-eb-column-70663\"><div class=\"eb-parent-wrapper eb-parent-eb-column-70663 \"><div class=\"eb-column-wrapper eb-column-70663\"><div class=\"eb-column-inner\">\n<figure class=\"wp-block-image size-full\"><img decoding=\"async\" width=\"800\" height=\"500\" src=\"https:\/\/confidencial.digital\/wp-content\/uploads\/2025\/11\/15.jpg\" alt=\"\" class=\"wp-image-178066\" style=\"aspect-ratio:4\/3;object-fit:cover\" srcset=\"https:\/\/confidencial.digital\/wp-content\/uploads\/2025\/11\/15.jpg 800w, https:\/\/confidencial.digital\/wp-content\/uploads\/2025\/11\/15-300x188.jpg 300w, https:\/\/confidencial.digital\/wp-content\/uploads\/2025\/11\/15-768x480.jpg 768w, https:\/\/confidencial.digital\/wp-content\/uploads\/2025\/11\/15-480x300.jpg 480w\" sizes=\"(max-width: 800px) 100vw, 800px\" \/><\/figure>\n<\/div><\/div><\/div><\/div>\n\n\n\n<div class=\"wp-block-essential-blocks-column  root-eb-column-n5d23\"><div class=\"eb-parent-wrapper eb-parent-eb-column-n5d23 \"><div class=\"eb-column-wrapper eb-column-n5d23\"><div class=\"eb-column-inner\">\n<h2 class=\"wp-block-heading\" id=\"h-jessica-palacios-vargas\">Jessica Palacios Vargas<\/h2>\n\n\n\n<p>She is 47 and Rudy Palacios\u2019 sister. She participated in the Jinotepe protests in 2018. In May 2025, the Police raided her home, accusing her of holding political meetings.  <\/p>\n<\/div><\/div><\/div><\/div>\n<\/div><\/div><\/div><\/div><\/div>\n\n<hr class=\"wp-block-separator has-alpha-channel-opacity is-style-default\"\/>\n\n<div class=\"wp-block-essential-blocks-row alignfull  root-eb-row-8qqmy\"><div class=\"eb-parent-wrapper eb-parent-eb-row-8qqmy \"><div class=\"eb-row-root-container eb-row-8qqmy\" data-id=\"eb-row-8qqmy\"><div class=\"eb-row-wrapper\"><div class=\"eb-row-inner\">\n<div class=\"wp-block-essential-blocks-column  root-eb-column-ueubf\"><div class=\"eb-parent-wrapper eb-parent-eb-column-ueubf \"><div class=\"eb-column-wrapper eb-column-ueubf\"><div class=\"eb-column-inner\">\n<figure class=\"wp-block-image size-full\"><img decoding=\"async\" width=\"800\" height=\"500\" src=\"https:\/\/confidencial.digital\/wp-content\/uploads\/2025\/11\/16.jpg\" alt=\"\" class=\"wp-image-178068\" style=\"aspect-ratio:4\/3;object-fit:cover\" srcset=\"https:\/\/confidencial.digital\/wp-content\/uploads\/2025\/11\/16.jpg 800w, https:\/\/confidencial.digital\/wp-content\/uploads\/2025\/11\/16-300x188.jpg 300w, https:\/\/confidencial.digital\/wp-content\/uploads\/2025\/11\/16-768x480.jpg 768w, https:\/\/confidencial.digital\/wp-content\/uploads\/2025\/11\/16-480x300.jpg 480w\" sizes=\"(max-width: 800px) 100vw, 800px\" \/><\/figure>\n<\/div><\/div><\/div><\/div>\n\n\n\n<div class=\"wp-block-essential-blocks-column  root-eb-column-eam4n\"><div class=\"eb-parent-wrapper eb-parent-eb-column-eam4n \"><div class=\"eb-column-wrapper eb-column-eam4n\"><div class=\"eb-column-inner\">\n<h2 class=\"wp-block-heading\" id=\"h-pedro-jose-lopez\">Pedro Jos\u00e9 L\u00f3pez<\/h2>\n\n\n\n<p>He is 40 and Jessica Palacios\u2019 husband. Police beat him during his arrest and accused him of holding political meetings during the May 2025 raid. (His photo and part of his surroundings were reconstructed with AI.)   <\/p>\n<\/div><\/div><\/div><\/div>\n<\/div><\/div><\/div><\/div><\/div>\n\n<hr class=\"wp-block-separator has-alpha-channel-opacity is-style-default\"\/>\n\n<div class=\"wp-block-essential-blocks-row alignfull  root-eb-row-kofch\"><div class=\"eb-parent-wrapper eb-parent-eb-row-kofch \"><div class=\"eb-row-root-container eb-row-kofch\" data-id=\"eb-row-kofch\"><div class=\"eb-row-wrapper\"><div class=\"eb-row-inner\">\n<div class=\"wp-block-essential-blocks-column  root-eb-column-f3ulz\"><div class=\"eb-parent-wrapper eb-parent-eb-column-f3ulz \"><div class=\"eb-column-wrapper eb-column-f3ulz\"><div class=\"eb-column-inner\">\n<figure class=\"wp-block-image size-full\"><img decoding=\"async\" width=\"800\" height=\"500\" src=\"https:\/\/confidencial.digital\/wp-content\/uploads\/2025\/11\/17.jpg\" alt=\"\" class=\"wp-image-178070\" style=\"aspect-ratio:4\/3;object-fit:cover\" srcset=\"https:\/\/confidencial.digital\/wp-content\/uploads\/2025\/11\/17.jpg 800w, https:\/\/confidencial.digital\/wp-content\/uploads\/2025\/11\/17-300x188.jpg 300w, https:\/\/confidencial.digital\/wp-content\/uploads\/2025\/11\/17-768x480.jpg 768w, https:\/\/confidencial.digital\/wp-content\/uploads\/2025\/11\/17-480x300.jpg 480w\" sizes=\"(max-width: 800px) 100vw, 800px\" \/><\/figure>\n<\/div><\/div><\/div><\/div>\n\n\n\n<div class=\"wp-block-essential-blocks-column  root-eb-column-aqqnj\"><div class=\"eb-parent-wrapper eb-parent-eb-column-aqqnj \"><div class=\"eb-column-wrapper eb-column-aqqnj\"><div class=\"eb-column-inner\">\n<h2 class=\"wp-block-heading\" id=\"h-olga-lara-rojas\">Olga Lara Rojas<\/h2>\n\n\n\n<p>She is 45. She was an FSLN councilor until 2010, when she resigned after her uncle, Leonel Rojas, was removed as Jinotepe\u2019s vice mayor. She is Jessica Palacios\u2019 aunt by marriage. She went into exile in August 2018 and returned to Nicaragua in May 2020. She was also subject to police harassment.    <\/p>\n<\/div><\/div><\/div><\/div>\n<\/div><\/div><\/div><\/div><\/div>\n\n<hr class=\"wp-block-separator has-alpha-channel-opacity is-style-default\"\/>\n\n<div class=\"wp-block-essential-blocks-row alignfull  root-eb-row-qd26a\"><div class=\"eb-parent-wrapper eb-parent-eb-row-qd26a \"><div class=\"eb-row-root-container eb-row-qd26a\" data-id=\"eb-row-qd26a\"><div class=\"eb-row-wrapper\"><div class=\"eb-row-inner\">\n<div class=\"wp-block-essential-blocks-column  root-eb-column-fsnm5\"><div class=\"eb-parent-wrapper eb-parent-eb-column-fsnm5 \"><div class=\"eb-column-wrapper eb-column-fsnm5\"><div class=\"eb-column-inner\">\n<figure class=\"wp-block-image size-full\"><img decoding=\"async\" width=\"800\" height=\"500\" src=\"https:\/\/confidencial.digital\/wp-content\/uploads\/2025\/11\/18.jpg\" alt=\"\" class=\"wp-image-178072\" style=\"aspect-ratio:4\/3;object-fit:cover\" srcset=\"https:\/\/confidencial.digital\/wp-content\/uploads\/2025\/11\/18.jpg 800w, https:\/\/confidencial.digital\/wp-content\/uploads\/2025\/11\/18-300x188.jpg 300w, https:\/\/confidencial.digital\/wp-content\/uploads\/2025\/11\/18-768x480.jpg 768w, https:\/\/confidencial.digital\/wp-content\/uploads\/2025\/11\/18-480x300.jpg 480w\" sizes=\"(max-width: 800px) 100vw, 800px\" \/><\/figure>\n<\/div><\/div><\/div><\/div>\n\n\n\n<div class=\"wp-block-essential-blocks-column  root-eb-column-uhdf3\"><div class=\"eb-parent-wrapper eb-parent-eb-column-uhdf3 \"><div class=\"eb-column-wrapper eb-column-uhdf3\"><div class=\"eb-column-inner\">\n<h2 class=\"wp-block-heading\" id=\"h-armando-bermudez\">Armando Berm\u00fadez<\/h2>\n\n\n\n<p>He is 40 and the brother-in-law of the Palacios siblings. He had no known political activity, but his detention was part of a raid targeting opposition members and their families. <\/p>\n<\/div><\/div><\/div><\/div>\n<\/div><\/div><\/div><\/div><\/div>\n\n<div style=\"height:50px\" aria-hidden=\"true\" class=\"wp-block-spacer\"><\/div>\n\n<blockquote class=\"wp-block-quote is-layout-flow wp-block-quote-is-layout-flow\">\n<p>The dictatorship ordered another crackdown on citizens and opposition members. Between August 13 and 15, dozens of people were arbitrarily arrested, including entire families, activists, opposition members, and political prisoners from 2018 who were captured again. <\/p>\n<\/blockquote>\n\n<div style=\"height:50px\" aria-hidden=\"true\" class=\"wp-block-spacer\"><\/div>\n\n<div class=\"wp-block-essential-blocks-row alignfull  root-eb-row-ouf3a\"><div class=\"eb-parent-wrapper eb-parent-eb-row-ouf3a \"><div class=\"eb-row-root-container eb-row-ouf3a\" data-id=\"eb-row-ouf3a\"><div class=\"eb-row-wrapper\"><div class=\"eb-row-inner\">\n<div class=\"wp-block-essential-blocks-column  root-eb-column-y73pu\"><div class=\"eb-parent-wrapper eb-parent-eb-column-y73pu \"><div class=\"eb-column-wrapper eb-column-y73pu\"><div class=\"eb-column-inner\">\n<figure class=\"wp-block-image size-full\"><img decoding=\"async\" width=\"800\" height=\"500\" src=\"https:\/\/confidencial.digital\/wp-content\/uploads\/2025\/11\/19.jpg\" alt=\"\" class=\"wp-image-178074\" style=\"aspect-ratio:4\/3;object-fit:cover\" srcset=\"https:\/\/confidencial.digital\/wp-content\/uploads\/2025\/11\/19.jpg 800w, https:\/\/confidencial.digital\/wp-content\/uploads\/2025\/11\/19-300x188.jpg 300w, https:\/\/confidencial.digital\/wp-content\/uploads\/2025\/11\/19-768x480.jpg 768w, https:\/\/confidencial.digital\/wp-content\/uploads\/2025\/11\/19-480x300.jpg 480w\" sizes=\"(max-width: 800px) 100vw, 800px\" \/><\/figure>\n<\/div><\/div><\/div><\/div>\n\n\n\n<div class=\"wp-block-essential-blocks-column  root-eb-column-583hx\"><div class=\"eb-parent-wrapper eb-parent-eb-column-583hx \"><div class=\"eb-column-wrapper eb-column-583hx\"><div class=\"eb-column-inner\">\n<h2 class=\"wp-block-heading\" id=\"h-maria-jose-rojas\">Mar\u00eda Jos\u00e9 Rojas<\/h2>\n\n\n\n<p>A 44-year-old opposition member, daughter of Rodolfo Rojas Cordero, who was kidnapped in Costa Rica and murdered in Honduras in 2022.<\/p>\n<\/div><\/div><\/div><\/div>\n<\/div><\/div><\/div><\/div><\/div>\n\n<hr class=\"wp-block-separator has-alpha-channel-opacity is-style-default\"\/>\n\n<div class=\"wp-block-essential-blocks-row alignfull  root-eb-row-u2gxx\"><div class=\"eb-parent-wrapper eb-parent-eb-row-u2gxx \"><div class=\"eb-row-root-container eb-row-u2gxx\" data-id=\"eb-row-u2gxx\"><div class=\"eb-row-wrapper\"><div class=\"eb-row-inner\">\n<div class=\"wp-block-essential-blocks-column  root-eb-column-nue0z\"><div class=\"eb-parent-wrapper eb-parent-eb-column-nue0z \"><div class=\"eb-column-wrapper eb-column-nue0z\"><div class=\"eb-column-inner\">\n<figure class=\"wp-block-image size-full\"><img decoding=\"async\" width=\"800\" height=\"500\" src=\"https:\/\/confidencial.digital\/wp-content\/uploads\/2025\/11\/20.jpg\" alt=\"\" class=\"wp-image-178076\" style=\"aspect-ratio:4\/3;object-fit:cover\" srcset=\"https:\/\/confidencial.digital\/wp-content\/uploads\/2025\/11\/20.jpg 800w, https:\/\/confidencial.digital\/wp-content\/uploads\/2025\/11\/20-300x188.jpg 300w, https:\/\/confidencial.digital\/wp-content\/uploads\/2025\/11\/20-768x480.jpg 768w, https:\/\/confidencial.digital\/wp-content\/uploads\/2025\/11\/20-480x300.jpg 480w\" sizes=\"(max-width: 800px) 100vw, 800px\" \/><\/figure>\n<\/div><\/div><\/div><\/div>\n\n\n\n<div class=\"wp-block-essential-blocks-column  root-eb-column-vrw7g\"><div class=\"eb-parent-wrapper eb-parent-eb-column-vrw7g \"><div class=\"eb-column-wrapper eb-column-vrw7g\"><div class=\"eb-column-inner\">\n<h2 class=\"wp-block-heading\" id=\"h-carlos-brenes-sanchez\">Carlos Brenes S\u00e1nchez<\/h2>\n\n\n\n<p>He is 70. A former Sandinista guerrilla, retired Army colonel, and founder of the Patriotic Group of Retired Military, he had already been a political prisoner from 2018 to 2019, confined in a punishment cell.  <\/p>\n<\/div><\/div><\/div><\/div>\n<\/div><\/div><\/div><\/div><\/div>\n\n<hr class=\"wp-block-separator has-alpha-channel-opacity is-style-default\"\/>\n\n<div class=\"wp-block-essential-blocks-row alignfull  root-eb-row-ihvq1\"><div class=\"eb-parent-wrapper eb-parent-eb-row-ihvq1 \"><div class=\"eb-row-root-container eb-row-ihvq1\" data-id=\"eb-row-ihvq1\"><div class=\"eb-row-wrapper\"><div class=\"eb-row-inner\">\n<div class=\"wp-block-essential-blocks-column  root-eb-column-pqbcm\"><div class=\"eb-parent-wrapper eb-parent-eb-column-pqbcm \"><div class=\"eb-column-wrapper eb-column-pqbcm\"><div class=\"eb-column-inner\">\n<figure class=\"wp-block-image size-full\"><img decoding=\"async\" width=\"800\" height=\"500\" src=\"https:\/\/confidencial.digital\/wp-content\/uploads\/2025\/11\/21.jpg\" alt=\"\" class=\"wp-image-178078\" style=\"aspect-ratio:4\/3;object-fit:cover\" srcset=\"https:\/\/confidencial.digital\/wp-content\/uploads\/2025\/11\/21.jpg 800w, https:\/\/confidencial.digital\/wp-content\/uploads\/2025\/11\/21-300x188.jpg 300w, https:\/\/confidencial.digital\/wp-content\/uploads\/2025\/11\/21-768x480.jpg 768w, https:\/\/confidencial.digital\/wp-content\/uploads\/2025\/11\/21-480x300.jpg 480w\" sizes=\"(max-width: 800px) 100vw, 800px\" \/><\/figure>\n<\/div><\/div><\/div><\/div>\n\n\n\n<div class=\"wp-block-essential-blocks-column  root-eb-column-n4sm3\"><div class=\"eb-parent-wrapper eb-parent-eb-column-n4sm3 \"><div class=\"eb-column-wrapper eb-column-n4sm3\"><div class=\"eb-column-inner\">\n<h2 class=\"wp-block-heading\" id=\"h-salvadora-martinez-aburto\">Salvadora Mart\u00ednez Aburto<\/h2>\n\n\n\n<p>She is 68. She was arbitrarily detained alongside her husband, Carlos Brenes. In 2018, she denounced her husband\u2019s arrest and spoke out for his release.<br\/>  <\/p>\n<\/div><\/div><\/div><\/div>\n<\/div><\/div><\/div><\/div><\/div>\n\n<hr class=\"wp-block-separator has-alpha-channel-opacity is-style-default\"\/>\n\n<div class=\"wp-block-essential-blocks-row alignfull  root-eb-row-0iqsf\"><div class=\"eb-parent-wrapper eb-parent-eb-row-0iqsf \"><div class=\"eb-row-root-container eb-row-0iqsf\" data-id=\"eb-row-0iqsf\"><div class=\"eb-row-wrapper\"><div class=\"eb-row-inner\">\n<div class=\"wp-block-essential-blocks-column  root-eb-column-ugoc1\"><div class=\"eb-parent-wrapper eb-parent-eb-column-ugoc1 \"><div class=\"eb-column-wrapper eb-column-ugoc1\"><div class=\"eb-column-inner\">\n<figure class=\"wp-block-image size-full\"><img decoding=\"async\" width=\"800\" height=\"500\" src=\"https:\/\/confidencial.digital\/wp-content\/uploads\/2025\/11\/22.jpg\" alt=\"\" class=\"wp-image-178080\" style=\"aspect-ratio:4\/3;object-fit:cover\" srcset=\"https:\/\/confidencial.digital\/wp-content\/uploads\/2025\/11\/22.jpg 800w, https:\/\/confidencial.digital\/wp-content\/uploads\/2025\/11\/22-300x188.jpg 300w, https:\/\/confidencial.digital\/wp-content\/uploads\/2025\/11\/22-768x480.jpg 768w, https:\/\/confidencial.digital\/wp-content\/uploads\/2025\/11\/22-480x300.jpg 480w\" sizes=\"(max-width: 800px) 100vw, 800px\" \/><\/figure>\n<\/div><\/div><\/div><\/div>\n\n\n\n<div class=\"wp-block-essential-blocks-column  root-eb-column-z2ims\"><div class=\"eb-parent-wrapper eb-parent-eb-column-z2ims \"><div class=\"eb-column-wrapper eb-column-z2ims\"><div class=\"eb-column-inner\">\n<h2 class=\"wp-block-heading\" id=\"h-marvin-campos-chavarria\">Marvin Campos Chavarr\u00eda<\/h2>\n\n\n\n<p>A 69-year-old visual artist, who had been under police harassment since the 2018 protests.<\/p>\n<\/div><\/div><\/div><\/div>\n<\/div><\/div><\/div><\/div><\/div>\n\n<hr class=\"wp-block-separator has-alpha-channel-opacity is-style-default\"\/>\n\n<div class=\"wp-block-essential-blocks-row alignfull  root-eb-row-wif6n\"><div class=\"eb-parent-wrapper eb-parent-eb-row-wif6n \"><div class=\"eb-row-root-container eb-row-wif6n\" data-id=\"eb-row-wif6n\"><div class=\"eb-row-wrapper\"><div class=\"eb-row-inner\">\n<div class=\"wp-block-essential-blocks-column  root-eb-column-dypry\"><div class=\"eb-parent-wrapper eb-parent-eb-column-dypry \"><div class=\"eb-column-wrapper eb-column-dypry\"><div class=\"eb-column-inner\">\n<figure class=\"wp-block-image size-full\"><img decoding=\"async\" width=\"800\" height=\"500\" src=\"https:\/\/confidencial.digital\/wp-content\/uploads\/2025\/11\/23.jpg\" alt=\"\" class=\"wp-image-178082\" srcset=\"https:\/\/confidencial.digital\/wp-content\/uploads\/2025\/11\/23.jpg 800w, https:\/\/confidencial.digital\/wp-content\/uploads\/2025\/11\/23-300x188.jpg 300w, https:\/\/confidencial.digital\/wp-content\/uploads\/2025\/11\/23-768x480.jpg 768w, https:\/\/confidencial.digital\/wp-content\/uploads\/2025\/11\/23-480x300.jpg 480w\" sizes=\"(max-width: 800px) 100vw, 800px\" \/><\/figure>\n\n\n\n<h2 class=\"wp-block-heading has-text-align-center\" id=\"h-chester-cortez-narvaez\">Chester Cort\u00e9z Narv\u00e1ez<\/h2>\n\n\n\n<p class=\"has-text-align-center\">He is 38, an opposition activist and member of the Movimiento Aut\u00f3nomo 18 de Abril. He participated in the citizen protests of the April Rebellion.<br\/>  <\/p>\n<\/div><\/div><\/div><\/div>\n\n\n\n<div class=\"wp-block-essential-blocks-column  root-eb-column-xdeiu\"><div class=\"eb-parent-wrapper eb-parent-eb-column-xdeiu \"><div class=\"eb-column-wrapper eb-column-xdeiu\"><div class=\"eb-column-inner\"><\/div><\/div><\/div><\/div>\n\n\n\n<div class=\"wp-block-essential-blocks-column  root-eb-column-5pu0l\"><div class=\"eb-parent-wrapper eb-parent-eb-column-5pu0l \"><div class=\"eb-column-wrapper eb-column-5pu0l\"><div class=\"eb-column-inner\">\n<figure class=\"wp-block-image size-full\"><img decoding=\"async\" width=\"800\" height=\"500\" src=\"https:\/\/confidencial.digital\/wp-content\/uploads\/2025\/11\/24.jpg\" alt=\"\" class=\"wp-image-178084\" srcset=\"https:\/\/confidencial.digital\/wp-content\/uploads\/2025\/11\/24.jpg 800w, https:\/\/confidencial.digital\/wp-content\/uploads\/2025\/11\/24-300x188.jpg 300w, https:\/\/confidencial.digital\/wp-content\/uploads\/2025\/11\/24-768x480.jpg 768w, https:\/\/confidencial.digital\/wp-content\/uploads\/2025\/11\/24-480x300.jpg 480w\" sizes=\"(max-width: 800px) 100vw, 800px\" \/><\/figure>\n\n\n\n<h2 class=\"wp-block-heading has-text-align-center\" id=\"h-rafael-acevedo-guevara\">Rafael Acevedo Guevara<\/h2>\n\n\n\n<p class=\"has-text-align-center\">He is 49, known as \u201cthe teacher,\u201d recognized for his solidarity in the community. He was also a political prisoner between 2018 and 2019 and was tortured.<br\/>  <\/p>\n<\/div><\/div><\/div><\/div>\n<\/div><\/div><\/div><\/div><\/div>\n\n<div class=\"wp-block-essential-blocks-row alignfull  root-eb-row-2jsh6\"><div class=\"eb-parent-wrapper eb-parent-eb-row-2jsh6 \"><div class=\"eb-row-root-container eb-row-2jsh6\" data-id=\"eb-row-2jsh6\"><div class=\"eb-row-wrapper\"><div class=\"eb-row-inner\">\n<div class=\"wp-block-essential-blocks-column  root-eb-column-87p5f\"><div class=\"eb-parent-wrapper eb-parent-eb-column-87p5f \"><div class=\"eb-column-wrapper eb-column-87p5f\"><div class=\"eb-column-inner\">\n<figure class=\"wp-block-image size-full\"><img decoding=\"async\" width=\"800\" height=\"500\" src=\"https:\/\/confidencial.digital\/wp-content\/uploads\/2025\/11\/25.jpg\" alt=\"\" class=\"wp-image-178086\" srcset=\"https:\/\/confidencial.digital\/wp-content\/uploads\/2025\/11\/25.jpg 800w, https:\/\/confidencial.digital\/wp-content\/uploads\/2025\/11\/25-300x188.jpg 300w, https:\/\/confidencial.digital\/wp-content\/uploads\/2025\/11\/25-768x480.jpg 768w, https:\/\/confidencial.digital\/wp-content\/uploads\/2025\/11\/25-480x300.jpg 480w\" sizes=\"(max-width: 800px) 100vw, 800px\" \/><\/figure>\n\n\n\n<h2 class=\"wp-block-heading has-text-align-center\" id=\"h-mario-rodriguez-serrano\">Mario Rodr\u00edguez Serrano<\/h2>\n\n\n\n<p class=\"has-text-align-center\">He is 63 and already had precautionary measures from the IACHR due to threats against his opposition family. <\/p>\n<\/div><\/div><\/div><\/div>\n\n\n\n<div class=\"wp-block-essential-blocks-column  root-eb-column-l50s9\"><div class=\"eb-parent-wrapper eb-parent-eb-column-l50s9 \"><div class=\"eb-column-wrapper eb-column-l50s9\"><div class=\"eb-column-inner\"><\/div><\/div><\/div><\/div>\n\n\n\n<div class=\"wp-block-essential-blocks-column  root-eb-column-kfert\"><div class=\"eb-parent-wrapper eb-parent-eb-column-kfert \"><div class=\"eb-column-wrapper eb-column-kfert\"><div class=\"eb-column-inner\">\n<figure class=\"wp-block-image size-full\"><img decoding=\"async\" width=\"800\" height=\"500\" src=\"https:\/\/confidencial.digital\/wp-content\/uploads\/2025\/11\/26.jpg\" alt=\"\" class=\"wp-image-178088\" srcset=\"https:\/\/confidencial.digital\/wp-content\/uploads\/2025\/11\/26.jpg 800w, https:\/\/confidencial.digital\/wp-content\/uploads\/2025\/11\/26-300x188.jpg 300w, https:\/\/confidencial.digital\/wp-content\/uploads\/2025\/11\/26-768x480.jpg 768w, https:\/\/confidencial.digital\/wp-content\/uploads\/2025\/11\/26-480x300.jpg 480w\" sizes=\"(max-width: 800px) 100vw, 800px\" \/><\/figure>\n\n\n\n<h2 class=\"wp-block-heading has-text-align-center\" id=\"h-oscar-enrique-velazquez\">Oscar Enrique Vel\u00e1zquez<\/h2>\n\n\n\n<p class=\"has-text-align-center\">He is 37, a political prisoner from 2018. He went into exile and later returned to Nicaragua.   <em>(No photos of him were found.)<\/em><\/p>\n<\/div><\/div><\/div><\/div>\n<\/div><\/div><\/div><\/div><\/div>\n\n<div class=\"wp-block-essential-blocks-slider root-eb-slider-nsige\"><div class=\"eb-parent-wrapper eb-parent-eb-slider-nsige \"><div class=\"eb-slider-wrapper eb-slider-nsige\" data-blockid=\"eb-slider-nsige\" data-version=\"v4\" data-settings=\"eyJhcnJvd3MiOmZhbHNlLCJhZGFwdGl2ZUhlaWdodCI6ZmFsc2UsImF1dG9wbGF5Ijp0cnVlLCJhdXRvcGxheVNwZWVkIjozMDAwLCJkb3RzIjp0cnVlLCJmYWRlIjpmYWxzZSwiaW5maW5pdGUiOnRydWUsInBhdXNlT25Ib3ZlciI6dHJ1ZSwic2xpZGVzVG9TaG93IjoxLCJzcGVlZCI6NTAwLCJ2ZXJ0aWNhbCI6ZmFsc2UsImN1cnJlbnRTbGlkZSI6MCwicnRsIjpmYWxzZSwicmVzcG9uc2l2ZSI6W3siYnJlYWtwb2ludCI6MTAyNSwic2V0dGluZ3MiOnsic2xpZGVzVG9TaG93IjoxfX0seyJicmVha3BvaW50Ijo3NjcsInNldHRpbmdzIjp7InNsaWRlc1RvU2hvdyI6MX19XX0=\" data-arrownexticon=\"fas fa-arrow-alt-circle-right\" data-arrowprevicon=\"fas fa-arrow-alt-circle-left\" data-lightbox=\"false\"><div class=\"eb-slider-init eb-slider-type-image\"><div class=\"eb-slider-item content-1\" data-src=\"https:\/\/confidencial.digital\/wp-content\/uploads\/2022\/11\/17Masaya.jpg\"><div><img class=\"eb-slider-image\" data-lazy=\"https:\/\/confidencial.digital\/wp-content\/uploads\/2022\/11\/17Masaya.jpg\"><\/div><\/div><div class=\"eb-slider-item content-1\" data-src=\"https:\/\/confidencial.digital\/wp-content\/uploads\/2022\/11\/26946454017_909e737ef7_k.jpg\"><div><img class=\"eb-slider-image\" data-lazy=\"https:\/\/confidencial.digital\/wp-content\/uploads\/2022\/11\/26946454017_909e737ef7_k.jpg\"><\/div><\/div><div class=\"eb-slider-item content-1\" data-src=\"https:\/\/confidencial.digital\/wp-content\/uploads\/2022\/11\/636640364847671646w.jpg\"><div><img class=\"eb-slider-image\" data-lazy=\"https:\/\/confidencial.digital\/wp-content\/uploads\/2022\/11\/636640364847671646w.jpg\"><\/div><\/div><div class=\"eb-slider-item content-1\" data-src=\"https:\/\/confidencial.digital\/wp-content\/uploads\/2022\/11\/636641208501783486w.jpg\"><div><img class=\"eb-slider-image\" data-lazy=\"https:\/\/confidencial.digital\/wp-content\/uploads\/2022\/11\/636641208501783486w.jpg\"><\/div><\/div><\/div><\/div><\/div><\/div>\n\n<h2 class=\"wp-block-heading\" id=\"h-los-presos-politicos-de-masaya\">The Political Prisoners of Masaya<\/h2>\n\n<p>Masaya was another stronghold of the April Rebellion. On August 13, several citizens and opposition members were arbitrarily arrested during a raid.<br\/> <\/p>\n\n<div class=\"wp-block-essential-blocks-row alignfull  root-eb-row-2k118\"><div class=\"eb-parent-wrapper eb-parent-eb-row-2k118 \"><div class=\"eb-row-root-container eb-row-2k118\" data-id=\"eb-row-2k118\"><div class=\"eb-row-wrapper\"><div class=\"eb-row-inner\">\n<div class=\"wp-block-essential-blocks-column  root-eb-column-ef2sq\"><div class=\"eb-parent-wrapper eb-parent-eb-column-ef2sq \"><div class=\"eb-column-wrapper eb-column-ef2sq\"><div class=\"eb-column-inner\">\n<figure class=\"wp-block-image size-full\"><img decoding=\"async\" width=\"800\" height=\"500\" src=\"https:\/\/confidencial.digital\/wp-content\/uploads\/2025\/11\/27.jpg\" alt=\"\" class=\"wp-image-178090\" srcset=\"https:\/\/confidencial.digital\/wp-content\/uploads\/2025\/11\/27.jpg 800w, https:\/\/confidencial.digital\/wp-content\/uploads\/2025\/11\/27-300x188.jpg 300w, https:\/\/confidencial.digital\/wp-content\/uploads\/2025\/11\/27-768x480.jpg 768w, https:\/\/confidencial.digital\/wp-content\/uploads\/2025\/11\/27-480x300.jpg 480w\" sizes=\"(max-width: 800px) 100vw, 800px\" \/><\/figure>\n\n\n\n<h2 class=\"wp-block-heading has-text-align-center\" id=\"h-yolanda-gonzalez-escobar\">Yolanda Gonz\u00e1lez Escobar<\/h2>\n\n\n\n<p class=\"has-text-align-center\">56 years old, an opposition member and victim of police harassment and surveillance. She has had precautionary measures from the IACHR since August 2022.<br\/><\/p>\n<\/div><\/div><\/div><\/div>\n\n\n\n<div class=\"wp-block-essential-blocks-column  root-eb-column-6cjjj\"><div class=\"eb-parent-wrapper eb-parent-eb-column-6cjjj \"><div class=\"eb-column-wrapper eb-column-6cjjj\"><div class=\"eb-column-inner\"><\/div><\/div><\/div><\/div>\n\n\n\n<div class=\"wp-block-essential-blocks-column  root-eb-column-uy9za\"><div class=\"eb-parent-wrapper eb-parent-eb-column-uy9za \"><div class=\"eb-column-wrapper eb-column-uy9za\"><div class=\"eb-column-inner\">\n<figure class=\"wp-block-image size-full\"><img decoding=\"async\" width=\"800\" height=\"500\" src=\"https:\/\/confidencial.digital\/wp-content\/uploads\/2025\/11\/28.jpg\" alt=\"\" class=\"wp-image-178092\" srcset=\"https:\/\/confidencial.digital\/wp-content\/uploads\/2025\/11\/28.jpg 800w, https:\/\/confidencial.digital\/wp-content\/uploads\/2025\/11\/28-300x188.jpg 300w, https:\/\/confidencial.digital\/wp-content\/uploads\/2025\/11\/28-768x480.jpg 768w, https:\/\/confidencial.digital\/wp-content\/uploads\/2025\/11\/28-480x300.jpg 480w\" sizes=\"(max-width: 800px) 100vw, 800px\" \/><\/figure>\n\n\n\n<h2 class=\"wp-block-heading has-text-align-center\" id=\"h-octavio-enrique-caldera\">Octavio Enrique Caldera<\/h2>\n\n\n\n<p class=\"has-text-align-center\">25 years old, an opposition activist, accounting student, and member of the Nicaraguan University Alliance (Alianza Universitaria Nicarag\u00fcense, AUN).<br\/> <\/p>\n<\/div><\/div><\/div><\/div>\n<\/div><\/div><\/div><\/div><\/div>\n\n<div class=\"wp-block-essential-blocks-row alignfull  root-eb-row-8miao\"><div class=\"eb-parent-wrapper eb-parent-eb-row-8miao \"><div class=\"eb-row-root-container eb-row-8miao\" data-id=\"eb-row-8miao\"><div class=\"eb-row-wrapper\"><div class=\"eb-row-inner\">\n<div class=\"wp-block-essential-blocks-column  root-eb-column-8tm88\"><div class=\"eb-parent-wrapper eb-parent-eb-column-8tm88 \"><div class=\"eb-column-wrapper eb-column-8tm88\"><div class=\"eb-column-inner\">\n<figure class=\"wp-block-image size-full\"><img decoding=\"async\" width=\"800\" height=\"500\" src=\"https:\/\/confidencial.digital\/wp-content\/uploads\/2025\/11\/29.jpg\" alt=\"\" class=\"wp-image-178094\" srcset=\"https:\/\/confidencial.digital\/wp-content\/uploads\/2025\/11\/29.jpg 800w, https:\/\/confidencial.digital\/wp-content\/uploads\/2025\/11\/29-300x188.jpg 300w, https:\/\/confidencial.digital\/wp-content\/uploads\/2025\/11\/29-768x480.jpg 768w, https:\/\/confidencial.digital\/wp-content\/uploads\/2025\/11\/29-480x300.jpg 480w\" sizes=\"(max-width: 800px) 100vw, 800px\" \/><\/figure>\n\n\n\n<h2 class=\"wp-block-heading has-text-align-center\" id=\"h-luis-ortiz-calero\">Luis Ortiz Calero<\/h2>\n\n\n\n<p class=\"has-text-align-center\">29 years old, originally from La Concepci\u00f3n, works at an automotive company. He had previously been a political prisoner. <\/p>\n<\/div><\/div><\/div><\/div>\n\n\n\n<div class=\"wp-block-essential-blocks-column  root-eb-column-zd1lv\"><div class=\"eb-parent-wrapper eb-parent-eb-column-zd1lv \"><div class=\"eb-column-wrapper eb-column-zd1lv\"><div class=\"eb-column-inner\"><\/div><\/div><\/div><\/div>\n\n\n\n<div class=\"wp-block-essential-blocks-column  root-eb-column-21rz7\"><div class=\"eb-parent-wrapper eb-parent-eb-column-21rz7 \"><div class=\"eb-column-wrapper eb-column-21rz7\"><div class=\"eb-column-inner\">\n<figure class=\"wp-block-image size-full\"><img decoding=\"async\" width=\"800\" height=\"500\" src=\"https:\/\/confidencial.digital\/wp-content\/uploads\/2025\/11\/26.jpg\" alt=\"\" class=\"wp-image-178088\" srcset=\"https:\/\/confidencial.digital\/wp-content\/uploads\/2025\/11\/26.jpg 800w, https:\/\/confidencial.digital\/wp-content\/uploads\/2025\/11\/26-300x188.jpg 300w, https:\/\/confidencial.digital\/wp-content\/uploads\/2025\/11\/26-768x480.jpg 768w, https:\/\/confidencial.digital\/wp-content\/uploads\/2025\/11\/26-480x300.jpg 480w\" sizes=\"(max-width: 800px) 100vw, 800px\" \/><\/figure>\n\n\n\n<h2 class=\"wp-block-heading has-text-align-center\" id=\"h-larry-martinez-romero\">Larry Mart\u00ednez Romero<\/h2>\n\n\n\n<p class=\"has-text-align-center\">31 years old, a construction worker, participated in the 2018 protests, and had already been a political prisoner. (No photo available.)<br\/>  <\/p>\n<\/div><\/div><\/div><\/div>\n<\/div><\/div><\/div><\/div><\/div>\n\n<p>This is the list of disappeared political prisoners, verified by the Mechanism for the Recognition of Political Prisoners, through families, human rights organizations, and citizen networks. However, there are many more cases that are not yet recorded due to lack of information or fear of reporting. <\/p>\n\n<div class=\"wp-block-essential-blocks-call-to-action root-eb-call-to-action-jpky9\"><div class=\"eb-parent-wrapper eb-parent-eb-call-to-action-jpky9 \"><div class=\"eb-cia-wrapper eb-call-to-action-jpky9\" data-icon=\"dashicons-email-alt\"><div class=\"eb-cia-text-wrapper\"><span class=\"dashicon dashicons dashicons-email-alt eb-cia-icon\"><\/span><h3 class=\"eb-cia-title\">Write to Us Securely<\/h3><p class=\"eb-cia-description\">If you want to share information or get in touch with our journalistic team, you can write to us securely at <a href=\"mailto:info@confidencial.digital\" target=\"_blank\" rel=\"noreferrer noopener\"><strong>info@confidencial.digital<\/strong><\/a><\/p><\/div><div class=\"eb-cia-button-wrapper\"><a href=\"mailto:info@confidencial.digital\" target=\"_blank\" rel=\"noopener\"><div class=\"eb-cia-button is-large\">Send e-mail<\/div><\/a><\/div><\/div><\/div><\/div>\n\n<p><em><strong>Editor\u2019s Note:<\/strong> Several photographs in this article were taken from social media or groups advocating for the freedom of political prisoners. The resolution of many images was enhanced with Artificial Intelligence tools. In some cases, the surroundings of the image were extended, taking care not to alter the features of any individual. <\/em><\/p>\n","protected":false},"excerpt":{"rendered":"<p>Some were arrested at midnight during raids carried out without any court order. Others were lured in with the excuse that authorities just wanted to \u201cask them a few questions.\u201d Several were beaten in front of their families: partners, parents, or young children. Police officers or armed civilians took them away months or even years [&hellip;]<\/p>\n","protected":false},"author":10,"featured_media":178009,"comment_status":"closed","ping_status":"closed","sticky":false,"template":"","format":"standard","meta":{"_acf_changed":false,"_eb_attr":"","_eb_data_table":"","footnotes":""},"categories":[15445,15446],"tags":[],"class_list":["post-178122","post","type-post","status-publish","format-standard","has-post-thumbnail","hentry","category-english","category-nation"],"acf":[],"yoast_head":"<!-- This site is optimized with the Yoast SEO Premium plugin v27.4 (Yoast SEO v27.4) - https:\/\/yoast.com\/product\/yoast-seo-premium-wordpress\/ -->\n<title>Who are the 30 Disappeared Political Prisoners in Nicaragua?<\/title>\n<meta name=\"description\" content=\"This is the full list of political prisoners who have disappeared in Nicaragua. Their families search for them in prisons and hospitals, but receive no answers.\" \/>\n<meta name=\"robots\" content=\"index, follow, max-snippet:-1, max-image-preview:large, max-video-preview:-1\" \/>\n<link rel=\"canonical\" href=\"https:\/\/confidencial.digital\/en\/nation\/where-are-they-more-than-30-political-prisoners-under-forced-disappearance\/\" \/>\n<meta property=\"og:locale\" content=\"en_US\" \/>\n<meta property=\"og:type\" content=\"article\" \/>\n<meta property=\"og:title\" content=\"Where Are They? More Than 30 Political Prisoners Under Forced Disappearance\" \/>\n<meta property=\"og:description\" content=\"This is the full list of political prisoners who have disappeared in Nicaragua. Their families search for them in prisons and hospitals, but receive no answers.\" \/>\n<meta property=\"og:url\" content=\"https:\/\/confidencial.digital\/en\/nation\/where-are-they-more-than-30-political-prisoners-under-forced-disappearance\/\" \/>\n<meta property=\"og:site_name\" content=\"Confidencial\" \/>\n<meta property=\"article:publisher\" content=\"https:\/\/www.facebook.com\/confidencial.com.ni\" \/>\n<meta property=\"article:published_time\" content=\"2025-11-17T06:30:00+00:00\" \/>\n<meta property=\"article:modified_time\" content=\"2025-11-17T15:25:24+00:00\" \/>\n<meta property=\"og:image\" content=\"https:\/\/confidencial.digital\/wp-content\/uploads\/2025\/11\/Fotos-de-presos-politicos-desaparecidos-en-Nicaragua.jpeg\" \/>\n\t<meta property=\"og:image:width\" content=\"1200\" \/>\n\t<meta property=\"og:image:height\" content=\"800\" \/>\n\t<meta property=\"og:image:type\" content=\"image\/jpeg\" \/>\n<meta name=\"author\" content=\"Redacci\u00f3n Confidencial\" \/>\n<meta name=\"twitter:card\" content=\"summary_large_image\" \/>\n<meta name=\"twitter:creator\" content=\"@confidencial_ni\" \/>\n<meta name=\"twitter:site\" content=\"@confidencial_ni\" \/>\n<meta name=\"twitter:label1\" content=\"Written by\" \/>\n\t<meta name=\"twitter:data1\" content=\"Redacci\u00f3n Confidencial\" \/>\n\t<meta name=\"twitter:label2\" content=\"Est. reading time\" \/>\n\t<meta name=\"twitter:data2\" content=\"8 minutes\" \/>\n<script type=\"application\/ld+json\" class=\"yoast-schema-graph\">{\"@context\":\"https:\\\/\\\/schema.org\",\"@graph\":[{\"@type\":\"NewsArticle\",\"@id\":\"https:\\\/\\\/confidencial.digital\\\/en\\\/nation\\\/where-are-they-more-than-30-political-prisoners-under-forced-disappearance\\\/#article\",\"isPartOf\":{\"@id\":\"https:\\\/\\\/confidencial.digital\\\/en\\\/nation\\\/where-are-they-more-than-30-political-prisoners-under-forced-disappearance\\\/\"},\"author\":{\"name\":\"Redacci\u00f3n Confidencial\",\"@id\":\"https:\\\/\\\/confidencial.digital\\\/en\\\/#\\\/schema\\\/person\\\/64733b11255c0e9d6b4e93e81a984809\"},\"headline\":\"Where Are They? More Than 30 Political Prisoners Under Forced Disappearance\",\"datePublished\":\"2025-11-17T06:30:00+00:00\",\"dateModified\":\"2025-11-17T15:25:24+00:00\",\"mainEntityOfPage\":{\"@id\":\"https:\\\/\\\/confidencial.digital\\\/en\\\/nation\\\/where-are-they-more-than-30-political-prisoners-under-forced-disappearance\\\/\"},\"wordCount\":1636,\"publisher\":{\"@id\":\"https:\\\/\\\/confidencial.digital\\\/en\\\/#organization\"},\"image\":{\"@id\":\"https:\\\/\\\/confidencial.digital\\\/en\\\/nation\\\/where-are-they-more-than-30-political-prisoners-under-forced-disappearance\\\/#primaryimage\"},\"thumbnailUrl\":\"https:\\\/\\\/confidencial.digital\\\/wp-content\\\/uploads\\\/2025\\\/11\\\/Fotos-de-presos-politicos-desaparecidos-en-Nicaragua.jpeg\",\"articleSection\":[\"English\",\"Nation\"],\"inLanguage\":\"en-US\",\"copyrightYear\":\"2025\",\"copyrightHolder\":{\"@id\":\"https:\\\/\\\/confidencial.digital\\\/#organization\"}},{\"@type\":\"WebPage\",\"@id\":\"https:\\\/\\\/confidencial.digital\\\/en\\\/nation\\\/where-are-they-more-than-30-political-prisoners-under-forced-disappearance\\\/\",\"url\":\"https:\\\/\\\/confidencial.digital\\\/en\\\/nation\\\/where-are-they-more-than-30-political-prisoners-under-forced-disappearance\\\/\",\"name\":\"Who are the 30 Disappeared Political Prisoners in Nicaragua?\",\"isPartOf\":{\"@id\":\"https:\\\/\\\/confidencial.digital\\\/en\\\/#website\"},\"primaryImageOfPage\":{\"@id\":\"https:\\\/\\\/confidencial.digital\\\/en\\\/nation\\\/where-are-they-more-than-30-political-prisoners-under-forced-disappearance\\\/#primaryimage\"},\"image\":{\"@id\":\"https:\\\/\\\/confidencial.digital\\\/en\\\/nation\\\/where-are-they-more-than-30-political-prisoners-under-forced-disappearance\\\/#primaryimage\"},\"thumbnailUrl\":\"https:\\\/\\\/confidencial.digital\\\/wp-content\\\/uploads\\\/2025\\\/11\\\/Fotos-de-presos-politicos-desaparecidos-en-Nicaragua.jpeg\",\"datePublished\":\"2025-11-17T06:30:00+00:00\",\"dateModified\":\"2025-11-17T15:25:24+00:00\",\"description\":\"This is the full list of political prisoners who have disappeared in Nicaragua. Their families search for them in prisons and hospitals, but receive no answers.\",\"breadcrumb\":{\"@id\":\"https:\\\/\\\/confidencial.digital\\\/en\\\/nation\\\/where-are-they-more-than-30-political-prisoners-under-forced-disappearance\\\/#breadcrumb\"},\"inLanguage\":\"en-US\",\"potentialAction\":[{\"@type\":\"ReadAction\",\"target\":[\"https:\\\/\\\/confidencial.digital\\\/en\\\/nation\\\/where-are-they-more-than-30-political-prisoners-under-forced-disappearance\\\/\"]}]},{\"@type\":\"ImageObject\",\"inLanguage\":\"en-US\",\"@id\":\"https:\\\/\\\/confidencial.digital\\\/en\\\/nation\\\/where-are-they-more-than-30-political-prisoners-under-forced-disappearance\\\/#primaryimage\",\"url\":\"https:\\\/\\\/confidencial.digital\\\/wp-content\\\/uploads\\\/2025\\\/11\\\/Fotos-de-presos-politicos-desaparecidos-en-Nicaragua.jpeg\",\"contentUrl\":\"https:\\\/\\\/confidencial.digital\\\/wp-content\\\/uploads\\\/2025\\\/11\\\/Fotos-de-presos-politicos-desaparecidos-en-Nicaragua.jpeg\",\"width\":1200,\"height\":800,\"caption\":\"Fotos de 28 de los 32 presos pol\u00edticos en condici\u00f3n de desaparici\u00f3n forzada en Nicaragua. \\\/\\\/ Collage: CONFIDENCIAL\"},{\"@type\":\"BreadcrumbList\",\"@id\":\"https:\\\/\\\/confidencial.digital\\\/en\\\/nation\\\/where-are-they-more-than-30-political-prisoners-under-forced-disappearance\\\/#breadcrumb\",\"itemListElement\":[{\"@type\":\"ListItem\",\"position\":1,\"name\":\"Portada\",\"item\":\"https:\\\/\\\/confidencial.digital\\\/en\\\/\"},{\"@type\":\"ListItem\",\"position\":2,\"name\":\"Where Are They? More Than 30 Political Prisoners Under Forced Disappearance\"}]},{\"@type\":\"WebSite\",\"@id\":\"https:\\\/\\\/confidencial.digital\\\/en\\\/#website\",\"url\":\"https:\\\/\\\/confidencial.digital\\\/en\\\/\",\"name\":\"Confidencial Nicaragua\",\"description\":\"Noticias de Nicaragua, informaci\u00f3n, an\u00e1lisis, reportajes, investigaciones, perfiles y entrevistas. Somos Confidencial. Hacemos periodismo independiente.\",\"publisher\":{\"@id\":\"https:\\\/\\\/confidencial.digital\\\/en\\\/#organization\"},\"potentialAction\":[{\"@type\":\"SearchAction\",\"target\":{\"@type\":\"EntryPoint\",\"urlTemplate\":\"https:\\\/\\\/confidencial.digital\\\/en\\\/?s={search_term_string}\"},\"query-input\":{\"@type\":\"PropertyValueSpecification\",\"valueRequired\":true,\"valueName\":\"search_term_string\"}}],\"inLanguage\":\"en-US\"},{\"@type\":\"Organization\",\"@id\":\"https:\\\/\\\/confidencial.digital\\\/en\\\/#organization\",\"name\":\"Confidencial\",\"url\":\"https:\\\/\\\/confidencial.digital\\\/en\\\/\",\"logo\":{\"@type\":\"ImageObject\",\"inLanguage\":\"en-US\",\"@id\":\"https:\\\/\\\/confidencial.digital\\\/en\\\/#\\\/schema\\\/logo\\\/image\\\/\",\"url\":\"https:\\\/\\\/confidencial.digital\\\/wp-content\\\/uploads\\\/2023\\\/09\\\/Confidencial_696x696.jpg\",\"contentUrl\":\"https:\\\/\\\/confidencial.digital\\\/wp-content\\\/uploads\\\/2023\\\/09\\\/Confidencial_696x696.jpg\",\"width\":696,\"height\":696,\"caption\":\"Confidencial\"},\"image\":{\"@id\":\"https:\\\/\\\/confidencial.digital\\\/en\\\/#\\\/schema\\\/logo\\\/image\\\/\"},\"sameAs\":[\"https:\\\/\\\/www.facebook.com\\\/confidencial.com.ni\",\"https:\\\/\\\/x.com\\\/confidencial_ni\",\"https:\\\/\\\/www.youtube.com\\\/user\\\/ConfidencialNica\",\"https:\\\/\\\/www.instagram.com\\\/confidencial_ni\\\/\",\"https:\\\/\\\/www.linkedin.com\\\/company\\\/confidencial-nicaragua\\\/\",\"https:\\\/\\\/open.spotify.com\\\/show\\\/1rNymjqQuqP1CTGqHKdQ24\",\"https:\\\/\\\/bsky.app\\\/profile\\\/confidencialni.bsky.social\",\"https:\\\/\\\/www.threads.com\\\/@confidencial_ni\"],\"description\":\"En Confidencial hacemos periodismo de investigaci\u00f3n y an\u00e1lisis independiente para Nicaragua y su di\u00e1spora en el mundo. Fundado en 1996\",\"email\":\"info@confidencial.digital\",\"foundingDate\":\"1996-06-01\"},{\"@type\":\"Person\",\"@id\":\"https:\\\/\\\/confidencial.digital\\\/en\\\/#\\\/schema\\\/person\\\/64733b11255c0e9d6b4e93e81a984809\",\"name\":\"Redacci\u00f3n Confidencial\",\"image\":{\"@type\":\"ImageObject\",\"inLanguage\":\"en-US\",\"@id\":\"https:\\\/\\\/confidencial.digital\\\/wp-content\\\/uploads\\\/2024\\\/04\\\/redaccion-confidencial_avatar-96x96.png\",\"url\":\"https:\\\/\\\/confidencial.digital\\\/wp-content\\\/uploads\\\/2024\\\/04\\\/redaccion-confidencial_avatar-96x96.png\",\"contentUrl\":\"https:\\\/\\\/confidencial.digital\\\/wp-content\\\/uploads\\\/2024\\\/04\\\/redaccion-confidencial_avatar-96x96.png\",\"caption\":\"Redacci\u00f3n Confidencial\"},\"description\":\"Confidencial es un diario digital nicarag\u00fcense, de formato multimedia, fundado por Carlos F. Chamorro en junio de 1996. Inici\u00f3 como un semanario impreso y hoy es un medio de referencia regional con informaci\u00f3n, an\u00e1lisis, entrevistas, perfiles, reportajes e investigaciones sobre Nicaragua, informando desde el exilio por la persecuci\u00f3n pol\u00edtica de la dictadura de Daniel Ortega y Rosario Murillo.\",\"sameAs\":[\"https:\\\/\\\/x.com\\\/confidencial_ni\"],\"url\":\"https:\\\/\\\/confidencial.digital\\\/en\\\/author\\\/confidencial-digital\\\/\"}]}<\/script>\n<!-- \/ Yoast SEO Premium plugin. -->","yoast_head_json":{"title":"Who are the 30 Disappeared Political Prisoners in Nicaragua?","description":"This is the full list of political prisoners who have disappeared in Nicaragua. Their families search for them in prisons and hospitals, but receive no answers.","robots":{"index":"index","follow":"follow","max-snippet":"max-snippet:-1","max-image-preview":"max-image-preview:large","max-video-preview":"max-video-preview:-1"},"canonical":"https:\/\/confidencial.digital\/en\/nation\/where-are-they-more-than-30-political-prisoners-under-forced-disappearance\/","og_locale":"en_US","og_type":"article","og_title":"Where Are They? More Than 30 Political Prisoners Under Forced Disappearance","og_description":"This is the full list of political prisoners who have disappeared in Nicaragua. Their families search for them in prisons and hospitals, but receive no answers.","og_url":"https:\/\/confidencial.digital\/en\/nation\/where-are-they-more-than-30-political-prisoners-under-forced-disappearance\/","og_site_name":"Confidencial","article_publisher":"https:\/\/www.facebook.com\/confidencial.com.ni","article_published_time":"2025-11-17T06:30:00+00:00","article_modified_time":"2025-11-17T15:25:24+00:00","og_image":[{"width":1200,"height":800,"url":"https:\/\/confidencial.digital\/wp-content\/uploads\/2025\/11\/Fotos-de-presos-politicos-desaparecidos-en-Nicaragua.jpeg","type":"image\/jpeg"}],"author":"Redacci\u00f3n Confidencial","twitter_card":"summary_large_image","twitter_creator":"@confidencial_ni","twitter_site":"@confidencial_ni","twitter_misc":{"Written by":"Redacci\u00f3n Confidencial","Est. reading time":"8 minutes"},"schema":{"@context":"https:\/\/schema.org","@graph":[{"@type":"NewsArticle","@id":"https:\/\/confidencial.digital\/en\/nation\/where-are-they-more-than-30-political-prisoners-under-forced-disappearance\/#article","isPartOf":{"@id":"https:\/\/confidencial.digital\/en\/nation\/where-are-they-more-than-30-political-prisoners-under-forced-disappearance\/"},"author":{"name":"Redacci\u00f3n Confidencial","@id":"https:\/\/confidencial.digital\/en\/#\/schema\/person\/64733b11255c0e9d6b4e93e81a984809"},"headline":"Where Are They? More Than 30 Political Prisoners Under Forced Disappearance","datePublished":"2025-11-17T06:30:00+00:00","dateModified":"2025-11-17T15:25:24+00:00","mainEntityOfPage":{"@id":"https:\/\/confidencial.digital\/en\/nation\/where-are-they-more-than-30-political-prisoners-under-forced-disappearance\/"},"wordCount":1636,"publisher":{"@id":"https:\/\/confidencial.digital\/en\/#organization"},"image":{"@id":"https:\/\/confidencial.digital\/en\/nation\/where-are-they-more-than-30-political-prisoners-under-forced-disappearance\/#primaryimage"},"thumbnailUrl":"https:\/\/confidencial.digital\/wp-content\/uploads\/2025\/11\/Fotos-de-presos-politicos-desaparecidos-en-Nicaragua.jpeg","articleSection":["English","Nation"],"inLanguage":"en-US","copyrightYear":"2025","copyrightHolder":{"@id":"https:\/\/confidencial.digital\/#organization"}},{"@type":"WebPage","@id":"https:\/\/confidencial.digital\/en\/nation\/where-are-they-more-than-30-political-prisoners-under-forced-disappearance\/","url":"https:\/\/confidencial.digital\/en\/nation\/where-are-they-more-than-30-political-prisoners-under-forced-disappearance\/","name":"Who are the 30 Disappeared Political Prisoners in Nicaragua?","isPartOf":{"@id":"https:\/\/confidencial.digital\/en\/#website"},"primaryImageOfPage":{"@id":"https:\/\/confidencial.digital\/en\/nation\/where-are-they-more-than-30-political-prisoners-under-forced-disappearance\/#primaryimage"},"image":{"@id":"https:\/\/confidencial.digital\/en\/nation\/where-are-they-more-than-30-political-prisoners-under-forced-disappearance\/#primaryimage"},"thumbnailUrl":"https:\/\/confidencial.digital\/wp-content\/uploads\/2025\/11\/Fotos-de-presos-politicos-desaparecidos-en-Nicaragua.jpeg","datePublished":"2025-11-17T06:30:00+00:00","dateModified":"2025-11-17T15:25:24+00:00","description":"This is the full list of political prisoners who have disappeared in Nicaragua. Their families search for them in prisons and hospitals, but receive no answers.","breadcrumb":{"@id":"https:\/\/confidencial.digital\/en\/nation\/where-are-they-more-than-30-political-prisoners-under-forced-disappearance\/#breadcrumb"},"inLanguage":"en-US","potentialAction":[{"@type":"ReadAction","target":["https:\/\/confidencial.digital\/en\/nation\/where-are-they-more-than-30-political-prisoners-under-forced-disappearance\/"]}]},{"@type":"ImageObject","inLanguage":"en-US","@id":"https:\/\/confidencial.digital\/en\/nation\/where-are-they-more-than-30-political-prisoners-under-forced-disappearance\/#primaryimage","url":"https:\/\/confidencial.digital\/wp-content\/uploads\/2025\/11\/Fotos-de-presos-politicos-desaparecidos-en-Nicaragua.jpeg","contentUrl":"https:\/\/confidencial.digital\/wp-content\/uploads\/2025\/11\/Fotos-de-presos-politicos-desaparecidos-en-Nicaragua.jpeg","width":1200,"height":800,"caption":"Fotos de 28 de los 32 presos pol\u00edticos en condici\u00f3n de desaparici\u00f3n forzada en Nicaragua. \/\/ Collage: CONFIDENCIAL"},{"@type":"BreadcrumbList","@id":"https:\/\/confidencial.digital\/en\/nation\/where-are-they-more-than-30-political-prisoners-under-forced-disappearance\/#breadcrumb","itemListElement":[{"@type":"ListItem","position":1,"name":"Portada","item":"https:\/\/confidencial.digital\/en\/"},{"@type":"ListItem","position":2,"name":"Where Are They? More Than 30 Political Prisoners Under Forced Disappearance"}]},{"@type":"WebSite","@id":"https:\/\/confidencial.digital\/en\/#website","url":"https:\/\/confidencial.digital\/en\/","name":"Confidencial Nicaragua","description":"Noticias de Nicaragua, informaci\u00f3n, an\u00e1lisis, reportajes, investigaciones, perfiles y entrevistas. Somos Confidencial. Hacemos periodismo independiente.","publisher":{"@id":"https:\/\/confidencial.digital\/en\/#organization"},"potentialAction":[{"@type":"SearchAction","target":{"@type":"EntryPoint","urlTemplate":"https:\/\/confidencial.digital\/en\/?s={search_term_string}"},"query-input":{"@type":"PropertyValueSpecification","valueRequired":true,"valueName":"search_term_string"}}],"inLanguage":"en-US"},{"@type":"Organization","@id":"https:\/\/confidencial.digital\/en\/#organization","name":"Confidencial","url":"https:\/\/confidencial.digital\/en\/","logo":{"@type":"ImageObject","inLanguage":"en-US","@id":"https:\/\/confidencial.digital\/en\/#\/schema\/logo\/image\/","url":"https:\/\/confidencial.digital\/wp-content\/uploads\/2023\/09\/Confidencial_696x696.jpg","contentUrl":"https:\/\/confidencial.digital\/wp-content\/uploads\/2023\/09\/Confidencial_696x696.jpg","width":696,"height":696,"caption":"Confidencial"},"image":{"@id":"https:\/\/confidencial.digital\/en\/#\/schema\/logo\/image\/"},"sameAs":["https:\/\/www.facebook.com\/confidencial.com.ni","https:\/\/x.com\/confidencial_ni","https:\/\/www.youtube.com\/user\/ConfidencialNica","https:\/\/www.instagram.com\/confidencial_ni\/","https:\/\/www.linkedin.com\/company\/confidencial-nicaragua\/","https:\/\/open.spotify.com\/show\/1rNymjqQuqP1CTGqHKdQ24","https:\/\/bsky.app\/profile\/confidencialni.bsky.social","https:\/\/www.threads.com\/@confidencial_ni"],"description":"En Confidencial hacemos periodismo de investigaci\u00f3n y an\u00e1lisis independiente para Nicaragua y su di\u00e1spora en el mundo. Fundado en 1996","email":"info@confidencial.digital","foundingDate":"1996-06-01"},{"@type":"Person","@id":"https:\/\/confidencial.digital\/en\/#\/schema\/person\/64733b11255c0e9d6b4e93e81a984809","name":"Redacci\u00f3n Confidencial","image":{"@type":"ImageObject","inLanguage":"en-US","@id":"https:\/\/confidencial.digital\/wp-content\/uploads\/2024\/04\/redaccion-confidencial_avatar-96x96.png","url":"https:\/\/confidencial.digital\/wp-content\/uploads\/2024\/04\/redaccion-confidencial_avatar-96x96.png","contentUrl":"https:\/\/confidencial.digital\/wp-content\/uploads\/2024\/04\/redaccion-confidencial_avatar-96x96.png","caption":"Redacci\u00f3n Confidencial"},"description":"Confidencial es un diario digital nicarag\u00fcense, de formato multimedia, fundado por Carlos F. Chamorro en junio de 1996. Inici\u00f3 como un semanario impreso y hoy es un medio de referencia regional con informaci\u00f3n, an\u00e1lisis, entrevistas, perfiles, reportajes e investigaciones sobre Nicaragua, informando desde el exilio por la persecuci\u00f3n pol\u00edtica de la dictadura de Daniel Ortega y Rosario Murillo.","sameAs":["https:\/\/x.com\/confidencial_ni"],"url":"https:\/\/confidencial.digital\/en\/author\/confidencial-digital\/"}]}},"_links":{"self":[{"href":"https:\/\/confidencial.digital\/en\/wp-json\/wp\/v2\/posts\/178122","targetHints":{"allow":["GET"]}}],"collection":[{"href":"https:\/\/confidencial.digital\/en\/wp-json\/wp\/v2\/posts"}],"about":[{"href":"https:\/\/confidencial.digital\/en\/wp-json\/wp\/v2\/types\/post"}],"author":[{"embeddable":true,"href":"https:\/\/confidencial.digital\/en\/wp-json\/wp\/v2\/users\/10"}],"replies":[{"embeddable":true,"href":"https:\/\/confidencial.digital\/en\/wp-json\/wp\/v2\/comments?post=178122"}],"version-history":[{"count":1,"href":"https:\/\/confidencial.digital\/en\/wp-json\/wp\/v2\/posts\/178122\/revisions"}],"predecessor-version":[{"id":178123,"href":"https:\/\/confidencial.digital\/en\/wp-json\/wp\/v2\/posts\/178122\/revisions\/178123"}],"wp:featuredmedia":[{"embeddable":true,"href":"https:\/\/confidencial.digital\/en\/wp-json\/wp\/v2\/media\/178009"}],"wp:attachment":[{"href":"https:\/\/confidencial.digital\/en\/wp-json\/wp\/v2\/media?parent=178122"}],"wp:term":[{"taxonomy":"category","embeddable":true,"href":"https:\/\/confidencial.digital\/en\/wp-json\/wp\/v2\/categories?post=178122"},{"taxonomy":"post_tag","embeddable":true,"href":"https:\/\/confidencial.digital\/en\/wp-json\/wp\/v2\/tags?post=178122"}],"curies":[{"name":"wp","href":"https:\/\/api.w.org\/{rel}","templated":true}]}}