{"id":175357,"date":"2025-09-27T15:50:09","date_gmt":"2025-09-27T21:50:09","guid":{"rendered":"https:\/\/confidencial.digital\/sin-categoria\/tried-for-treason-against-the-homeland-unan-leon-vice-rector-and-fsln-political-secretary\/"},"modified":"2025-09-30T17:49:45","modified_gmt":"2025-09-30T23:49:45","slug":"tried-for-treason-against-the-homeland-unan-leon-vice-rector-and-fsln-political-secretary","status":"publish","type":"post","link":"https:\/\/confidencial.digital\/en\/english\/tried-for-treason-against-the-homeland-unan-leon-vice-rector-and-fsln-political-secretary\/","title":{"rendered":"Tried for \u201cTreason Against the Homeland\u201d: UNAN-Le\u00f3n Vice Rector and FSLN Political Secretary"},"content":{"rendered":"\n<p>The regime of Daniel Ortega and Rosario Murillo has formally charged Evertz Antonio Delgadillo Moreno, who served as the Sandinista National Liberation Front\u2019s (FSLN) departmental political secretary in Le\u00f3n, and Fernando Arnoldo Montes Quintanilla, vice rector for Student Life at the National Autonomous University of Nicaragua (UNAN-Le\u00f3n), with \u201ctreason against the homeland.\u201d <\/p>\n\n<p>Delgadillo Moreno, 63, and Montes Quintanilla, 38, were arrested on September 19, 2025, and are being held at the Jorge Navarro Penitentiary Center, known as La Modelo. The regime\u2019s propaganda outlets confirmed that both men had their initial hearings virtually on Friday, September 26, 2025.  <\/p>\n\n<p>\u201cBoth are accused of treason against the homeland, aggravated by participation in criminal and terrorist activities,\u201d read a report published by <a href=\"https:\/\/radiolaprimerisima.com\/juez-ordena-juicio-para-dos-acusados-de-traicion-a-la-patria\/\" target=\"_blank\" rel=\"noreferrer noopener\">the pro-government radio station La Primer\u00edsima.<\/a> <\/p>\n\n<p>The Public Prosecutor\u2019s Office claimed to have presented \u201ctestimonial and documentary evidence\u201d and requested that the case be sent to trial before Managua\u2019s Seventh Criminal Court Judge, Francisco Mairena. <\/p>\n\n<p>\u201cThe Attorney General\u2019s Office stated that the evidence is sufficient to move forward with the case and requested that pretrial detention be upheld,\u201d reported regime media.<br\/> <\/p>\n\n<p>The judge upheld the measure of pretrial detention and set the date for the public oral trial for Tuesday, September 30, 2025.<\/p>\n\n<h2 class=\"wp-block-heading\" id=\"h-con-gran-poder-en-leon\">With Significant Power in Le\u00f3n<br\/><\/h2>\n\n<p>In the case of Evertz Delgadillo Moreno, he was identified as<a href=\"https:\/\/confidencial.digital\/en\/english\/ghren-identifies-54-senior-officials-responsible-for-repression-in-nicaragua\/\" target=\"_blank\" rel=\"noreferrer noopener\"> one of 54 high-ranking Nicaraguan officials <\/a>responsible for serious human rights violations and crimes against humanity in the country, in a report by the UN Human Rights Experts Group on Nicaragua (GHREN), published on April 3, 2025, in Geneva, Switzerland.<\/p>\n\n<p>Delgadillo Moreno served as the FSLN\u2019s political secretary in Le\u00f3n until 2022 and, according to the GHREN report, was one of the \u201crepressive leaders\u201d in that department. However, after being removed from his position, he later resumed the role until September 6, 2025, when Jos\u00e9 Ram\u00f3n Sarria was appointed.<br\/> <\/p>\n\n<p>The GHREN document provides a detailed account of the institutional structures, chains of command, and \u201cstate and individual\u201d responsibilities of each person involved in the repression carried out by the State following the outbreak of the April 2018 insurrection.<br\/><\/p>\n\n<p>On August 18, 2025, Delgadillo Moreno participated in a scholarship ceremony for university students in Le\u00f3n. <\/p>\n\n<p>Regarding Fernando Montes Quintanilla, he was appointed Vice Rector for Student Life at UNAN-Le\u00f3n on March 30, 2022, and had been president of the National University\u2019s University Center (CUUN) when the 2018 protests began. <\/p>\n\n<p><\/p>\n","protected":false},"excerpt":{"rendered":"<p>The regime of Daniel Ortega and Rosario Murillo has formally charged Evertz Antonio Delgadillo Moreno, who served as the Sandinista National Liberation Front\u2019s (FSLN) departmental political secretary in Le\u00f3n, and Fernando Arnoldo Montes Quintanilla, vice rector for Student Life at the National Autonomous University of Nicaragua (UNAN-Le\u00f3n), with \u201ctreason against the homeland.\u201d Delgadillo Moreno, 63, [&hellip;]<\/p>\n","protected":false},"author":10,"featured_media":175257,"comment_status":"closed","ping_status":"closed","sticky":false,"template":"","format":"standard","meta":{"_acf_changed":false,"_eb_attr":"","_eb_data_table":"","footnotes":""},"categories":[15445],"tags":[],"class_list":["post-175357","post","type-post","status-publish","format-standard","has-post-thumbnail","hentry","category-english"],"acf":[],"yoast_head":"<!-- This site is optimized with the Yoast SEO Premium plugin v27.4 (Yoast SEO v27.4) - https:\/\/yoast.com\/product\/yoast-seo-premium-wordpress\/ -->\n<title>Tried for \u201cTreason Against the Homeland\u201d: UNAN-Le\u00f3n Vice Rector and FSLN Political Secretary - Confidencial<\/title>\n<meta name=\"description\" content=\"Evertz Antonio Delgadillo Moreno and Fernando Arnoldo Montes Quintanilla have been held in prison by the regime since September 19, 2025.\" \/>\n<meta name=\"robots\" content=\"index, follow, max-snippet:-1, max-image-preview:large, max-video-preview:-1\" \/>\n<link rel=\"canonical\" href=\"https:\/\/confidencial.digital\/en\/english\/tried-for-treason-against-the-homeland-unan-leon-vice-rector-and-fsln-political-secretary\/\" \/>\n<meta property=\"og:locale\" content=\"en_US\" \/>\n<meta property=\"og:type\" content=\"article\" \/>\n<meta property=\"og:title\" content=\"Tried for \u201cTreason Against the Homeland\u201d: UNAN-Le\u00f3n Vice Rector and FSLN Political Secretary\" \/>\n<meta property=\"og:description\" content=\"Evertz Antonio Delgadillo Moreno and Fernando Arnoldo Montes Quintanilla have been held in prison by the regime since September 19, 2025.\" \/>\n<meta property=\"og:url\" content=\"https:\/\/confidencial.digital\/en\/english\/tried-for-treason-against-the-homeland-unan-leon-vice-rector-and-fsln-political-secretary\/\" \/>\n<meta property=\"og:site_name\" content=\"Confidencial\" \/>\n<meta property=\"article:publisher\" content=\"https:\/\/www.facebook.com\/confidencial.com.ni\" \/>\n<meta property=\"article:published_time\" content=\"2025-09-27T21:50:09+00:00\" \/>\n<meta property=\"article:modified_time\" content=\"2025-09-30T23:49:45+00:00\" \/>\n<meta property=\"og:image\" content=\"https:\/\/confidencial.digital\/wp-content\/uploads\/2025\/09\/Evertz-Delgadillo-y-Fernando-Montes-e1759009317542.jpeg\" \/>\n\t<meta property=\"og:image:width\" content=\"1170\" \/>\n\t<meta property=\"og:image:height\" content=\"1071\" \/>\n\t<meta property=\"og:image:type\" content=\"image\/jpeg\" \/>\n<meta name=\"author\" content=\"Redacci\u00f3n Confidencial\" \/>\n<meta name=\"twitter:card\" content=\"summary_large_image\" \/>\n<meta name=\"twitter:creator\" content=\"@confidencial_ni\" \/>\n<meta name=\"twitter:site\" content=\"@confidencial_ni\" \/>\n<meta name=\"twitter:label1\" content=\"Written by\" \/>\n\t<meta name=\"twitter:data1\" content=\"Redacci\u00f3n Confidencial\" \/>\n\t<meta name=\"twitter:label2\" content=\"Est. reading time\" \/>\n\t<meta name=\"twitter:data2\" content=\"2 minutes\" \/>\n<script type=\"application\/ld+json\" class=\"yoast-schema-graph\">{\"@context\":\"https:\\\/\\\/schema.org\",\"@graph\":[{\"@type\":\"NewsArticle\",\"@id\":\"https:\\\/\\\/confidencial.digital\\\/en\\\/english\\\/tried-for-treason-against-the-homeland-unan-leon-vice-rector-and-fsln-political-secretary\\\/#article\",\"isPartOf\":{\"@id\":\"https:\\\/\\\/confidencial.digital\\\/en\\\/english\\\/tried-for-treason-against-the-homeland-unan-leon-vice-rector-and-fsln-political-secretary\\\/\"},\"author\":{\"name\":\"Redacci\u00f3n Confidencial\",\"@id\":\"https:\\\/\\\/confidencial.digital\\\/en\\\/#\\\/schema\\\/person\\\/64733b11255c0e9d6b4e93e81a984809\"},\"headline\":\"Tried for \u201cTreason Against the Homeland\u201d: UNAN-Le\u00f3n Vice Rector and FSLN Political Secretary\",\"datePublished\":\"2025-09-27T21:50:09+00:00\",\"dateModified\":\"2025-09-30T23:49:45+00:00\",\"mainEntityOfPage\":{\"@id\":\"https:\\\/\\\/confidencial.digital\\\/en\\\/english\\\/tried-for-treason-against-the-homeland-unan-leon-vice-rector-and-fsln-political-secretary\\\/\"},\"wordCount\":404,\"publisher\":{\"@id\":\"https:\\\/\\\/confidencial.digital\\\/en\\\/#organization\"},\"image\":{\"@id\":\"https:\\\/\\\/confidencial.digital\\\/en\\\/english\\\/tried-for-treason-against-the-homeland-unan-leon-vice-rector-and-fsln-political-secretary\\\/#primaryimage\"},\"thumbnailUrl\":\"https:\\\/\\\/confidencial.digital\\\/wp-content\\\/uploads\\\/2025\\\/09\\\/Evertz-Delgadillo-y-Fernando-Montes-e1759009317542.jpeg\",\"articleSection\":[\"English\"],\"inLanguage\":\"en-US\",\"copyrightYear\":\"2025\",\"copyrightHolder\":{\"@id\":\"https:\\\/\\\/confidencial.digital\\\/#organization\"}},{\"@type\":\"WebPage\",\"@id\":\"https:\\\/\\\/confidencial.digital\\\/en\\\/english\\\/tried-for-treason-against-the-homeland-unan-leon-vice-rector-and-fsln-political-secretary\\\/\",\"url\":\"https:\\\/\\\/confidencial.digital\\\/en\\\/english\\\/tried-for-treason-against-the-homeland-unan-leon-vice-rector-and-fsln-political-secretary\\\/\",\"name\":\"Tried for \u201cTreason Against the Homeland\u201d: UNAN-Le\u00f3n Vice Rector and FSLN Political Secretary - Confidencial\",\"isPartOf\":{\"@id\":\"https:\\\/\\\/confidencial.digital\\\/en\\\/#website\"},\"primaryImageOfPage\":{\"@id\":\"https:\\\/\\\/confidencial.digital\\\/en\\\/english\\\/tried-for-treason-against-the-homeland-unan-leon-vice-rector-and-fsln-political-secretary\\\/#primaryimage\"},\"image\":{\"@id\":\"https:\\\/\\\/confidencial.digital\\\/en\\\/english\\\/tried-for-treason-against-the-homeland-unan-leon-vice-rector-and-fsln-political-secretary\\\/#primaryimage\"},\"thumbnailUrl\":\"https:\\\/\\\/confidencial.digital\\\/wp-content\\\/uploads\\\/2025\\\/09\\\/Evertz-Delgadillo-y-Fernando-Montes-e1759009317542.jpeg\",\"datePublished\":\"2025-09-27T21:50:09+00:00\",\"dateModified\":\"2025-09-30T23:49:45+00:00\",\"description\":\"Evertz Antonio Delgadillo Moreno and Fernando Arnoldo Montes Quintanilla have been held in prison by the regime since September 19, 2025.\",\"breadcrumb\":{\"@id\":\"https:\\\/\\\/confidencial.digital\\\/en\\\/english\\\/tried-for-treason-against-the-homeland-unan-leon-vice-rector-and-fsln-political-secretary\\\/#breadcrumb\"},\"inLanguage\":\"en-US\",\"potentialAction\":[{\"@type\":\"ReadAction\",\"target\":[\"https:\\\/\\\/confidencial.digital\\\/en\\\/english\\\/tried-for-treason-against-the-homeland-unan-leon-vice-rector-and-fsln-political-secretary\\\/\"]}]},{\"@type\":\"ImageObject\",\"inLanguage\":\"en-US\",\"@id\":\"https:\\\/\\\/confidencial.digital\\\/en\\\/english\\\/tried-for-treason-against-the-homeland-unan-leon-vice-rector-and-fsln-political-secretary\\\/#primaryimage\",\"url\":\"https:\\\/\\\/confidencial.digital\\\/wp-content\\\/uploads\\\/2025\\\/09\\\/Evertz-Delgadillo-y-Fernando-Montes-e1759009317542.jpeg\",\"contentUrl\":\"https:\\\/\\\/confidencial.digital\\\/wp-content\\\/uploads\\\/2025\\\/09\\\/Evertz-Delgadillo-y-Fernando-Montes-e1759009317542.jpeg\",\"width\":1170,\"height\":1071,\"caption\":\"Fernando Montes (izquierda) y Evertz Delgadillo (derecha), ambos encarcelados y acusados de traici\u00f3n a la patria. Foto: Tomada de redes sociales\"},{\"@type\":\"BreadcrumbList\",\"@id\":\"https:\\\/\\\/confidencial.digital\\\/en\\\/english\\\/tried-for-treason-against-the-homeland-unan-leon-vice-rector-and-fsln-political-secretary\\\/#breadcrumb\",\"itemListElement\":[{\"@type\":\"ListItem\",\"position\":1,\"name\":\"Portada\",\"item\":\"https:\\\/\\\/confidencial.digital\\\/en\\\/\"},{\"@type\":\"ListItem\",\"position\":2,\"name\":\"Tried for \u201cTreason Against the Homeland\u201d: UNAN-Le\u00f3n Vice Rector and FSLN Political Secretary\"}]},{\"@type\":\"WebSite\",\"@id\":\"https:\\\/\\\/confidencial.digital\\\/en\\\/#website\",\"url\":\"https:\\\/\\\/confidencial.digital\\\/en\\\/\",\"name\":\"Confidencial Nicaragua\",\"description\":\"Noticias de Nicaragua, informaci\u00f3n, an\u00e1lisis, reportajes, investigaciones, perfiles y entrevistas. Somos Confidencial. Hacemos periodismo independiente.\",\"publisher\":{\"@id\":\"https:\\\/\\\/confidencial.digital\\\/en\\\/#organization\"},\"potentialAction\":[{\"@type\":\"SearchAction\",\"target\":{\"@type\":\"EntryPoint\",\"urlTemplate\":\"https:\\\/\\\/confidencial.digital\\\/en\\\/?s={search_term_string}\"},\"query-input\":{\"@type\":\"PropertyValueSpecification\",\"valueRequired\":true,\"valueName\":\"search_term_string\"}}],\"inLanguage\":\"en-US\"},{\"@type\":\"Organization\",\"@id\":\"https:\\\/\\\/confidencial.digital\\\/en\\\/#organization\",\"name\":\"Confidencial\",\"url\":\"https:\\\/\\\/confidencial.digital\\\/en\\\/\",\"logo\":{\"@type\":\"ImageObject\",\"inLanguage\":\"en-US\",\"@id\":\"https:\\\/\\\/confidencial.digital\\\/en\\\/#\\\/schema\\\/logo\\\/image\\\/\",\"url\":\"https:\\\/\\\/confidencial.digital\\\/wp-content\\\/uploads\\\/2023\\\/09\\\/Confidencial_696x696.jpg\",\"contentUrl\":\"https:\\\/\\\/confidencial.digital\\\/wp-content\\\/uploads\\\/2023\\\/09\\\/Confidencial_696x696.jpg\",\"width\":696,\"height\":696,\"caption\":\"Confidencial\"},\"image\":{\"@id\":\"https:\\\/\\\/confidencial.digital\\\/en\\\/#\\\/schema\\\/logo\\\/image\\\/\"},\"sameAs\":[\"https:\\\/\\\/www.facebook.com\\\/confidencial.com.ni\",\"https:\\\/\\\/x.com\\\/confidencial_ni\",\"https:\\\/\\\/www.youtube.com\\\/user\\\/ConfidencialNica\",\"https:\\\/\\\/www.instagram.com\\\/confidencial_ni\\\/\",\"https:\\\/\\\/www.linkedin.com\\\/company\\\/confidencial-nicaragua\\\/\",\"https:\\\/\\\/open.spotify.com\\\/show\\\/1rNymjqQuqP1CTGqHKdQ24\",\"https:\\\/\\\/bsky.app\\\/profile\\\/confidencialni.bsky.social\",\"https:\\\/\\\/www.threads.com\\\/@confidencial_ni\"],\"description\":\"En Confidencial hacemos periodismo de investigaci\u00f3n y an\u00e1lisis independiente para Nicaragua y su di\u00e1spora en el mundo. Fundado en 1996\",\"email\":\"info@confidencial.digital\",\"foundingDate\":\"1996-06-01\"},{\"@type\":\"Person\",\"@id\":\"https:\\\/\\\/confidencial.digital\\\/en\\\/#\\\/schema\\\/person\\\/64733b11255c0e9d6b4e93e81a984809\",\"name\":\"Redacci\u00f3n Confidencial\",\"image\":{\"@type\":\"ImageObject\",\"inLanguage\":\"en-US\",\"@id\":\"https:\\\/\\\/confidencial.digital\\\/wp-content\\\/uploads\\\/2024\\\/04\\\/redaccion-confidencial_avatar-96x96.png\",\"url\":\"https:\\\/\\\/confidencial.digital\\\/wp-content\\\/uploads\\\/2024\\\/04\\\/redaccion-confidencial_avatar-96x96.png\",\"contentUrl\":\"https:\\\/\\\/confidencial.digital\\\/wp-content\\\/uploads\\\/2024\\\/04\\\/redaccion-confidencial_avatar-96x96.png\",\"caption\":\"Redacci\u00f3n Confidencial\"},\"description\":\"Confidencial es un diario digital nicarag\u00fcense, de formato multimedia, fundado por Carlos F. Chamorro en junio de 1996. Inici\u00f3 como un semanario impreso y hoy es un medio de referencia regional con informaci\u00f3n, an\u00e1lisis, entrevistas, perfiles, reportajes e investigaciones sobre Nicaragua, informando desde el exilio por la persecuci\u00f3n pol\u00edtica de la dictadura de Daniel Ortega y Rosario Murillo.\",\"sameAs\":[\"https:\\\/\\\/x.com\\\/confidencial_ni\"],\"url\":\"https:\\\/\\\/confidencial.digital\\\/en\\\/author\\\/confidencial-digital\\\/\"}]}<\/script>\n<!-- \/ Yoast SEO Premium plugin. -->","yoast_head_json":{"title":"Tried for \u201cTreason Against the Homeland\u201d: UNAN-Le\u00f3n Vice Rector and FSLN Political Secretary - Confidencial","description":"Evertz Antonio Delgadillo Moreno and Fernando Arnoldo Montes Quintanilla have been held in prison by the regime since September 19, 2025.","robots":{"index":"index","follow":"follow","max-snippet":"max-snippet:-1","max-image-preview":"max-image-preview:large","max-video-preview":"max-video-preview:-1"},"canonical":"https:\/\/confidencial.digital\/en\/english\/tried-for-treason-against-the-homeland-unan-leon-vice-rector-and-fsln-political-secretary\/","og_locale":"en_US","og_type":"article","og_title":"Tried for \u201cTreason Against the Homeland\u201d: UNAN-Le\u00f3n Vice Rector and FSLN Political Secretary","og_description":"Evertz Antonio Delgadillo Moreno and Fernando Arnoldo Montes Quintanilla have been held in prison by the regime since September 19, 2025.","og_url":"https:\/\/confidencial.digital\/en\/english\/tried-for-treason-against-the-homeland-unan-leon-vice-rector-and-fsln-political-secretary\/","og_site_name":"Confidencial","article_publisher":"https:\/\/www.facebook.com\/confidencial.com.ni","article_published_time":"2025-09-27T21:50:09+00:00","article_modified_time":"2025-09-30T23:49:45+00:00","og_image":[{"width":1170,"height":1071,"url":"https:\/\/confidencial.digital\/wp-content\/uploads\/2025\/09\/Evertz-Delgadillo-y-Fernando-Montes-e1759009317542.jpeg","type":"image\/jpeg"}],"author":"Redacci\u00f3n Confidencial","twitter_card":"summary_large_image","twitter_creator":"@confidencial_ni","twitter_site":"@confidencial_ni","twitter_misc":{"Written by":"Redacci\u00f3n Confidencial","Est. reading time":"2 minutes"},"schema":{"@context":"https:\/\/schema.org","@graph":[{"@type":"NewsArticle","@id":"https:\/\/confidencial.digital\/en\/english\/tried-for-treason-against-the-homeland-unan-leon-vice-rector-and-fsln-political-secretary\/#article","isPartOf":{"@id":"https:\/\/confidencial.digital\/en\/english\/tried-for-treason-against-the-homeland-unan-leon-vice-rector-and-fsln-political-secretary\/"},"author":{"name":"Redacci\u00f3n Confidencial","@id":"https:\/\/confidencial.digital\/en\/#\/schema\/person\/64733b11255c0e9d6b4e93e81a984809"},"headline":"Tried for \u201cTreason Against the Homeland\u201d: UNAN-Le\u00f3n Vice Rector and FSLN Political Secretary","datePublished":"2025-09-27T21:50:09+00:00","dateModified":"2025-09-30T23:49:45+00:00","mainEntityOfPage":{"@id":"https:\/\/confidencial.digital\/en\/english\/tried-for-treason-against-the-homeland-unan-leon-vice-rector-and-fsln-political-secretary\/"},"wordCount":404,"publisher":{"@id":"https:\/\/confidencial.digital\/en\/#organization"},"image":{"@id":"https:\/\/confidencial.digital\/en\/english\/tried-for-treason-against-the-homeland-unan-leon-vice-rector-and-fsln-political-secretary\/#primaryimage"},"thumbnailUrl":"https:\/\/confidencial.digital\/wp-content\/uploads\/2025\/09\/Evertz-Delgadillo-y-Fernando-Montes-e1759009317542.jpeg","articleSection":["English"],"inLanguage":"en-US","copyrightYear":"2025","copyrightHolder":{"@id":"https:\/\/confidencial.digital\/#organization"}},{"@type":"WebPage","@id":"https:\/\/confidencial.digital\/en\/english\/tried-for-treason-against-the-homeland-unan-leon-vice-rector-and-fsln-political-secretary\/","url":"https:\/\/confidencial.digital\/en\/english\/tried-for-treason-against-the-homeland-unan-leon-vice-rector-and-fsln-political-secretary\/","name":"Tried for \u201cTreason Against the Homeland\u201d: UNAN-Le\u00f3n Vice Rector and FSLN Political Secretary - Confidencial","isPartOf":{"@id":"https:\/\/confidencial.digital\/en\/#website"},"primaryImageOfPage":{"@id":"https:\/\/confidencial.digital\/en\/english\/tried-for-treason-against-the-homeland-unan-leon-vice-rector-and-fsln-political-secretary\/#primaryimage"},"image":{"@id":"https:\/\/confidencial.digital\/en\/english\/tried-for-treason-against-the-homeland-unan-leon-vice-rector-and-fsln-political-secretary\/#primaryimage"},"thumbnailUrl":"https:\/\/confidencial.digital\/wp-content\/uploads\/2025\/09\/Evertz-Delgadillo-y-Fernando-Montes-e1759009317542.jpeg","datePublished":"2025-09-27T21:50:09+00:00","dateModified":"2025-09-30T23:49:45+00:00","description":"Evertz Antonio Delgadillo Moreno and Fernando Arnoldo Montes Quintanilla have been held in prison by the regime since September 19, 2025.","breadcrumb":{"@id":"https:\/\/confidencial.digital\/en\/english\/tried-for-treason-against-the-homeland-unan-leon-vice-rector-and-fsln-political-secretary\/#breadcrumb"},"inLanguage":"en-US","potentialAction":[{"@type":"ReadAction","target":["https:\/\/confidencial.digital\/en\/english\/tried-for-treason-against-the-homeland-unan-leon-vice-rector-and-fsln-political-secretary\/"]}]},{"@type":"ImageObject","inLanguage":"en-US","@id":"https:\/\/confidencial.digital\/en\/english\/tried-for-treason-against-the-homeland-unan-leon-vice-rector-and-fsln-political-secretary\/#primaryimage","url":"https:\/\/confidencial.digital\/wp-content\/uploads\/2025\/09\/Evertz-Delgadillo-y-Fernando-Montes-e1759009317542.jpeg","contentUrl":"https:\/\/confidencial.digital\/wp-content\/uploads\/2025\/09\/Evertz-Delgadillo-y-Fernando-Montes-e1759009317542.jpeg","width":1170,"height":1071,"caption":"Fernando Montes (izquierda) y Evertz Delgadillo (derecha), ambos encarcelados y acusados de traici\u00f3n a la patria. Foto: Tomada de redes sociales"},{"@type":"BreadcrumbList","@id":"https:\/\/confidencial.digital\/en\/english\/tried-for-treason-against-the-homeland-unan-leon-vice-rector-and-fsln-political-secretary\/#breadcrumb","itemListElement":[{"@type":"ListItem","position":1,"name":"Portada","item":"https:\/\/confidencial.digital\/en\/"},{"@type":"ListItem","position":2,"name":"Tried for \u201cTreason Against the Homeland\u201d: UNAN-Le\u00f3n Vice Rector and FSLN Political Secretary"}]},{"@type":"WebSite","@id":"https:\/\/confidencial.digital\/en\/#website","url":"https:\/\/confidencial.digital\/en\/","name":"Confidencial Nicaragua","description":"Noticias de Nicaragua, informaci\u00f3n, an\u00e1lisis, reportajes, investigaciones, perfiles y entrevistas. Somos Confidencial. Hacemos periodismo independiente.","publisher":{"@id":"https:\/\/confidencial.digital\/en\/#organization"},"potentialAction":[{"@type":"SearchAction","target":{"@type":"EntryPoint","urlTemplate":"https:\/\/confidencial.digital\/en\/?s={search_term_string}"},"query-input":{"@type":"PropertyValueSpecification","valueRequired":true,"valueName":"search_term_string"}}],"inLanguage":"en-US"},{"@type":"Organization","@id":"https:\/\/confidencial.digital\/en\/#organization","name":"Confidencial","url":"https:\/\/confidencial.digital\/en\/","logo":{"@type":"ImageObject","inLanguage":"en-US","@id":"https:\/\/confidencial.digital\/en\/#\/schema\/logo\/image\/","url":"https:\/\/confidencial.digital\/wp-content\/uploads\/2023\/09\/Confidencial_696x696.jpg","contentUrl":"https:\/\/confidencial.digital\/wp-content\/uploads\/2023\/09\/Confidencial_696x696.jpg","width":696,"height":696,"caption":"Confidencial"},"image":{"@id":"https:\/\/confidencial.digital\/en\/#\/schema\/logo\/image\/"},"sameAs":["https:\/\/www.facebook.com\/confidencial.com.ni","https:\/\/x.com\/confidencial_ni","https:\/\/www.youtube.com\/user\/ConfidencialNica","https:\/\/www.instagram.com\/confidencial_ni\/","https:\/\/www.linkedin.com\/company\/confidencial-nicaragua\/","https:\/\/open.spotify.com\/show\/1rNymjqQuqP1CTGqHKdQ24","https:\/\/bsky.app\/profile\/confidencialni.bsky.social","https:\/\/www.threads.com\/@confidencial_ni"],"description":"En Confidencial hacemos periodismo de investigaci\u00f3n y an\u00e1lisis independiente para Nicaragua y su di\u00e1spora en el mundo. Fundado en 1996","email":"info@confidencial.digital","foundingDate":"1996-06-01"},{"@type":"Person","@id":"https:\/\/confidencial.digital\/en\/#\/schema\/person\/64733b11255c0e9d6b4e93e81a984809","name":"Redacci\u00f3n Confidencial","image":{"@type":"ImageObject","inLanguage":"en-US","@id":"https:\/\/confidencial.digital\/wp-content\/uploads\/2024\/04\/redaccion-confidencial_avatar-96x96.png","url":"https:\/\/confidencial.digital\/wp-content\/uploads\/2024\/04\/redaccion-confidencial_avatar-96x96.png","contentUrl":"https:\/\/confidencial.digital\/wp-content\/uploads\/2024\/04\/redaccion-confidencial_avatar-96x96.png","caption":"Redacci\u00f3n Confidencial"},"description":"Confidencial es un diario digital nicarag\u00fcense, de formato multimedia, fundado por Carlos F. Chamorro en junio de 1996. Inici\u00f3 como un semanario impreso y hoy es un medio de referencia regional con informaci\u00f3n, an\u00e1lisis, entrevistas, perfiles, reportajes e investigaciones sobre Nicaragua, informando desde el exilio por la persecuci\u00f3n pol\u00edtica de la dictadura de Daniel Ortega y Rosario Murillo.","sameAs":["https:\/\/x.com\/confidencial_ni"],"url":"https:\/\/confidencial.digital\/en\/author\/confidencial-digital\/"}]}},"_links":{"self":[{"href":"https:\/\/confidencial.digital\/en\/wp-json\/wp\/v2\/posts\/175357","targetHints":{"allow":["GET"]}}],"collection":[{"href":"https:\/\/confidencial.digital\/en\/wp-json\/wp\/v2\/posts"}],"about":[{"href":"https:\/\/confidencial.digital\/en\/wp-json\/wp\/v2\/types\/post"}],"author":[{"embeddable":true,"href":"https:\/\/confidencial.digital\/en\/wp-json\/wp\/v2\/users\/10"}],"replies":[{"embeddable":true,"href":"https:\/\/confidencial.digital\/en\/wp-json\/wp\/v2\/comments?post=175357"}],"version-history":[{"count":1,"href":"https:\/\/confidencial.digital\/en\/wp-json\/wp\/v2\/posts\/175357\/revisions"}],"predecessor-version":[{"id":175358,"href":"https:\/\/confidencial.digital\/en\/wp-json\/wp\/v2\/posts\/175357\/revisions\/175358"}],"wp:featuredmedia":[{"embeddable":true,"href":"https:\/\/confidencial.digital\/en\/wp-json\/wp\/v2\/media\/175257"}],"wp:attachment":[{"href":"https:\/\/confidencial.digital\/en\/wp-json\/wp\/v2\/media?parent=175357"}],"wp:term":[{"taxonomy":"category","embeddable":true,"href":"https:\/\/confidencial.digital\/en\/wp-json\/wp\/v2\/categories?post=175357"},{"taxonomy":"post_tag","embeddable":true,"href":"https:\/\/confidencial.digital\/en\/wp-json\/wp\/v2\/tags?post=175357"}],"curies":[{"name":"wp","href":"https:\/\/api.w.org\/{rel}","templated":true}]}}