{"id":175102,"date":"2025-10-09T15:00:00","date_gmt":"2025-10-09T21:00:00","guid":{"rendered":"https:\/\/confidencial.digital\/sin-categoria\/u-s-deports-more-than-4200-nicaraguans-in-nine-months\/"},"modified":"2025-09-25T01:50:59","modified_gmt":"2025-09-25T07:50:59","slug":"u-s-deports-more-than-4200-nicaraguans-in-nine-months","status":"publish","type":"post","link":"https:\/\/confidencial.digital\/en\/nation\/u-s-deports-more-than-4200-nicaraguans-in-nine-months\/","title":{"rendered":"U.S. deports More Than 4,200 Nicaraguans in Nine Months"},"content":{"rendered":"\n<p>More than 4,000 Nicaraguans, aboard 35 flights, were deported from the United States in the first nine months of 2025, according to information from the U.S. State Department and independent reports analyzed by CONFIDENCIAL.<\/p>\n\n<p>The 35 flights carrying deported Nicaraguans arrived in the country between January 9 and September 13, 2025, according to the organization Human Rights First, which took over monitoring of flights operated by ICE Air, <a href=\"https:\/\/humanrightsfirst.org\/library\/ice-flight-tracking-project-now-officially-housed-at-human-rights-first\/\">conducted by researcher Thomas Cartwright.<\/a><\/p>\n\n<p>On 31 of these flights, about 3,751 Nicaraguans arrived, according to information provided to <strong>CONFIDENCIAL<\/strong> by a State Department official. However, that figure only accounts for flights that landed between January and September 2. <\/p>\n\n<p>Between Tuesday, September 2, and Saturday, September 13, another four flights landed in Managua, according to <em>Human Rights First, <\/em>bringing the total number of Nicaraguans deported to 4,200 in nine months.<\/p>\n\n<div class=\"flourish-embed flourish-pictogram\" data-src=\"visualisation\/24976860\"><script src=\"https:\/\/public.flourish.studio\/resources\/embed.js\"><\/script><noscript><img decoding=\"async\" src=\"https:\/\/public.flourish.studio\/visualisation\/24976860\/thumbnail\" width=\"100%\" alt=\"pictogram visualization\"\/><\/noscript><\/div>\n\n<p>Flights carrying deported Nicaraguans increased substantially under Donald Trump\u2019s new administration. In 2024, during Joe Biden\u2019s presidency, about 3,996 Nicaraguans were deported on 26 flights, according to an <a href=\"https:\/\/www.ice.gov\/statistics\">Immigration and Customs Enforcement (ICE) <\/a>database on returnees. <\/p>\n\n<p>A <strong>CONFIDENCIAL<\/strong> analysis published in August 2025 revealed that, up to that point, <a href=\"https:\/\/confidencial.digital\/migrantes\/hombres-jovenes-y-con-pocos-anos-en-ee-uu-asi-es-el-perfil-de-los-nicas-deportados\/\">most of the deported Nicaraguans were men<\/a> between the ages of 20 and 40 who had migrated to the United States less than five years earlier. The <a href=\"https:\/\/confidencial.digital\/migrantes\/mas-de-3000-nicas-detenidos-en-ee-uu-en-primeros-seis-meses-del-gobierno-de-trump\/\">majority had no criminal record<\/a> but, lacking legal status to reside in the U.S., were deported either individually or in groups of up to 167 people. <\/p>\n\n<div class=\"flourish-embed flourish-pictogram\" data-src=\"visualisation\/24978564\"><script src=\"https:\/\/public.flourish.studio\/resources\/embed.js\"><\/script><noscript><img decoding=\"async\" src=\"https:\/\/public.flourish.studio\/visualisation\/24978564\/thumbnail\" width=\"100%\" alt=\"pictogram visualization\"\/><\/noscript><\/div>\n\n<h2 class=\"wp-block-heading\" id=\"h-once-paradas-en-guantanamo\"><strong>Eleven stopovers in Guant\u00e1namo<\/strong><\/h2>\n\n<p>Of the 35 flights carrying deported Nicaraguans, aerial monitoring identified eleven that departed from Alexandria International Airport in Louisiana, made a stop at the U.S. naval base in Guant\u00e1namo, Cuba, and then continued on to Augusto C. Sandino International Airport in Managua.<\/p>\n\n<p>This flight pattern was recorded on the following arrival dates:<\/p>\n\n<ul class=\"wp-block-list\">\n<li>April 3, 2025<\/li>\n\n\n\n<li>April 16, 2025<\/li>\n\n\n\n<li>April 30, 2025<\/li>\n\n\n\n<li>May 20, 2025<\/li>\n\n\n\n<li>May 22, 2025<\/li>\n\n\n\n<li>May 29, 2025<\/li>\n\n\n\n<li>June 5, 2025<\/li>\n\n\n\n<li>June 12, 2025<\/li>\n\n\n\n<li>June 19, 2025<\/li>\n\n\n\n<li>June 26, 2025<\/li>\n\n\n\n<li>July 10, 2025<\/li>\n<\/ul>\n\n<p>The remaining 21 flights followed the direct Alexandria\u2013Managua route. In addition, two flights departed from Miami and arrived in Managua, while one departed from Houston bound for the Nicaraguan capital.<\/p>\n\n<p>Historically, Nicaragua received two flights per month, arriving on the first and third Thursday of each month. However, the U.S. is now sending flights on other days, including Sundays. <\/p>\n\n<p>In the first half of September, for example, there were two flights on a Tuesday: the 2nd and the 9th; two on a Friday: the 5th and the 12th; and one on Saturday the 13th.<br\/><\/p>\n\n<p>In September 2025, for the first time, three flights arrived in the same week. These were: <\/p>\n\n<ul class=\"wp-block-list\">\n<li>Tuesday, September 9, Alexandria to Managua. Arrival: 1:30 p.m.  <\/li>\n\n\n\n<li><a href=\"https:\/\/www.flightaware.com\/live\/flight\/TYSON41\/history\/20250912\/1516Z\/KAEX\/MNMG\">Friday<\/a>, September 12, Alexandria to Managua. Arrival: 12:58 p.m.<\/li>\n\n\n\n<li>Saturday, September 13, Miami to Managua. Arrival: 8:04 p.m. <\/li>\n<\/ul>\n\n<p>According to the <em>Deportation Data Project<\/em>, in the first half of 2025 U.S. authorities <a href=\"https:\/\/confidencial.digital\/migrantes\/mas-de-3000-nicas-detenidos-en-ee-uu-en-primeros-seis-meses-del-gobierno-de-trump\/\">arrested 3,051 Nicaraguans<\/a>. Of those, 780 had deportation orders.  <\/p>\n\n<h2 class=\"wp-block-heading\" id=\"h-centroamerica-encabeza-vuelos-con-deportados-nbsp\"><strong>Central America tops deportation flights <\/strong><\/h2>\n\n<p>According to a <em>Human Rights First<\/em> report, of the 1,341 deportation flights from the United States between January and August 2025, 55% were to Central America, with Guatemala and Honduras receiving the highest number. <\/p>\n\n<p>In total, 731 deportation flights arrived in the Central American region. Of these: <\/p>\n\n<ul class=\"wp-block-list\">\n<li>309 went to Guatemala<\/li>\n\n\n\n<li>259 to Honduras<\/li>\n\n\n\n<li>119 to El Salvador<\/li>\n\n\n\n<li>30 to Nicaragua<\/li>\n\n\n\n<li>8 to Costa Rica<\/li>\n\n\n\n<li>3 to Panama<\/li>\n\n\n\n<li>3 to Belize<\/li>\n<\/ul>\n\n<p>However, in the last three countries, the flights carried extra-continental migrants who were later sent on to their countries of origin, rather than nationals as in the rest of Central America. <\/p>\n\n<p>The government of Daniel Ortega and Rosario Murillo is the only one in the region that does not provide information on the return of its deported citizens. Nor does it report whether any reintegration program exists.  <\/p>\n\n<div class=\"flourish-embed flourish-table\" data-src=\"visualisation\/24978922\"><script src=\"https:\/\/public.flourish.studio\/resources\/embed.js\"><\/script><noscript><img decoding=\"async\" src=\"https:\/\/public.flourish.studio\/visualisation\/24978922\/thumbnail\" width=\"100%\" alt=\"table visualization\"\/><\/noscript><\/div>\n","protected":false},"excerpt":{"rendered":"<p>More than 4,000 Nicaraguans, aboard 35 flights, were deported from the United States in the first nine months of 2025, according to information from the U.S. State Department and independent reports analyzed by CONFIDENCIAL. The 35 flights carrying deported Nicaraguans arrived in the country between January 9 and September 13, 2025, according to the organization [&hellip;]<\/p>\n","protected":false},"author":10,"featured_media":174596,"comment_status":"closed","ping_status":"closed","sticky":false,"template":"","format":"standard","meta":{"_acf_changed":false,"_eb_attr":"","_eb_data_table":"","footnotes":""},"categories":[15445,15446],"tags":[],"class_list":["post-175102","post","type-post","status-publish","format-standard","has-post-thumbnail","hentry","category-english","category-nation"],"acf":[],"yoast_head":"<!-- This site is optimized with the Yoast SEO Premium plugin v27.4 (Yoast SEO v27.4) - https:\/\/yoast.com\/product\/yoast-seo-premium-wordpress\/ -->\n<title>U.S. sends 35 deportation flights with Nicaraguans in nine months<\/title>\n<meta name=\"description\" content=\"The flights with Nicaraguan deportees arrived in Managua between January 9 and September 13, 2025.\" \/>\n<meta name=\"robots\" content=\"index, follow, max-snippet:-1, max-image-preview:large, max-video-preview:-1\" \/>\n<link rel=\"canonical\" href=\"https:\/\/confidencial.digital\/en\/nation\/u-s-deports-more-than-4200-nicaraguans-in-nine-months\/\" \/>\n<meta property=\"og:locale\" content=\"en_US\" \/>\n<meta property=\"og:type\" content=\"article\" \/>\n<meta property=\"og:title\" content=\"U.S. deports More Than 4,200 Nicaraguans in Nine Months\" \/>\n<meta property=\"og:description\" content=\"The flights with Nicaraguan deportees arrived in Managua between January 9 and September 13, 2025.\" \/>\n<meta property=\"og:url\" content=\"https:\/\/confidencial.digital\/en\/nation\/u-s-deports-more-than-4200-nicaraguans-in-nine-months\/\" \/>\n<meta property=\"og:site_name\" content=\"Confidencial\" \/>\n<meta property=\"article:publisher\" content=\"https:\/\/www.facebook.com\/confidencial.com.ni\" \/>\n<meta property=\"article:published_time\" content=\"2025-10-09T21:00:00+00:00\" \/>\n<meta property=\"og:image\" content=\"https:\/\/confidencial.digital\/wp-content\/uploads\/2025\/09\/ca-times.brightspotcdn.webp\" \/>\n\t<meta property=\"og:image:width\" content=\"1200\" \/>\n\t<meta property=\"og:image:height\" content=\"807\" \/>\n\t<meta property=\"og:image:type\" content=\"image\/webp\" \/>\n<meta name=\"author\" content=\"Redacci\u00f3n Confidencial\" \/>\n<meta name=\"twitter:card\" content=\"summary_large_image\" \/>\n<meta name=\"twitter:creator\" content=\"@confidencial_ni\" \/>\n<meta name=\"twitter:site\" content=\"@confidencial_ni\" \/>\n<meta name=\"twitter:label1\" content=\"Written by\" \/>\n\t<meta name=\"twitter:data1\" content=\"Redacci\u00f3n Confidencial\" \/>\n\t<meta name=\"twitter:label2\" content=\"Est. reading time\" \/>\n\t<meta name=\"twitter:data2\" content=\"3 minutes\" \/>\n<script type=\"application\/ld+json\" class=\"yoast-schema-graph\">{\"@context\":\"https:\\\/\\\/schema.org\",\"@graph\":[{\"@type\":\"NewsArticle\",\"@id\":\"https:\\\/\\\/confidencial.digital\\\/en\\\/nation\\\/u-s-deports-more-than-4200-nicaraguans-in-nine-months\\\/#article\",\"isPartOf\":{\"@id\":\"https:\\\/\\\/confidencial.digital\\\/en\\\/nation\\\/u-s-deports-more-than-4200-nicaraguans-in-nine-months\\\/\"},\"author\":{\"name\":\"Redacci\u00f3n Confidencial\",\"@id\":\"https:\\\/\\\/confidencial.digital\\\/en\\\/#\\\/schema\\\/person\\\/64733b11255c0e9d6b4e93e81a984809\"},\"headline\":\"U.S. deports More Than 4,200 Nicaraguans in Nine Months\",\"datePublished\":\"2025-10-09T21:00:00+00:00\",\"mainEntityOfPage\":{\"@id\":\"https:\\\/\\\/confidencial.digital\\\/en\\\/nation\\\/u-s-deports-more-than-4200-nicaraguans-in-nine-months\\\/\"},\"wordCount\":589,\"publisher\":{\"@id\":\"https:\\\/\\\/confidencial.digital\\\/en\\\/#organization\"},\"image\":{\"@id\":\"https:\\\/\\\/confidencial.digital\\\/en\\\/nation\\\/u-s-deports-more-than-4200-nicaraguans-in-nine-months\\\/#primaryimage\"},\"thumbnailUrl\":\"https:\\\/\\\/confidencial.digital\\\/wp-content\\\/uploads\\\/2025\\\/09\\\/ca-times.brightspotcdn.webp\",\"articleSection\":[\"English\",\"Nation\"],\"inLanguage\":\"en-US\",\"copyrightYear\":\"2025\",\"copyrightHolder\":{\"@id\":\"https:\\\/\\\/confidencial.digital\\\/#organization\"}},{\"@type\":\"WebPage\",\"@id\":\"https:\\\/\\\/confidencial.digital\\\/en\\\/nation\\\/u-s-deports-more-than-4200-nicaraguans-in-nine-months\\\/\",\"url\":\"https:\\\/\\\/confidencial.digital\\\/en\\\/nation\\\/u-s-deports-more-than-4200-nicaraguans-in-nine-months\\\/\",\"name\":\"U.S. sends 35 deportation flights with Nicaraguans in nine months\",\"isPartOf\":{\"@id\":\"https:\\\/\\\/confidencial.digital\\\/en\\\/#website\"},\"primaryImageOfPage\":{\"@id\":\"https:\\\/\\\/confidencial.digital\\\/en\\\/nation\\\/u-s-deports-more-than-4200-nicaraguans-in-nine-months\\\/#primaryimage\"},\"image\":{\"@id\":\"https:\\\/\\\/confidencial.digital\\\/en\\\/nation\\\/u-s-deports-more-than-4200-nicaraguans-in-nine-months\\\/#primaryimage\"},\"thumbnailUrl\":\"https:\\\/\\\/confidencial.digital\\\/wp-content\\\/uploads\\\/2025\\\/09\\\/ca-times.brightspotcdn.webp\",\"datePublished\":\"2025-10-09T21:00:00+00:00\",\"description\":\"The flights with Nicaraguan deportees arrived in Managua between January 9 and September 13, 2025.\",\"breadcrumb\":{\"@id\":\"https:\\\/\\\/confidencial.digital\\\/en\\\/nation\\\/u-s-deports-more-than-4200-nicaraguans-in-nine-months\\\/#breadcrumb\"},\"inLanguage\":\"en-US\",\"potentialAction\":[{\"@type\":\"ReadAction\",\"target\":[\"https:\\\/\\\/confidencial.digital\\\/en\\\/nation\\\/u-s-deports-more-than-4200-nicaraguans-in-nine-months\\\/\"]}]},{\"@type\":\"ImageObject\",\"inLanguage\":\"en-US\",\"@id\":\"https:\\\/\\\/confidencial.digital\\\/en\\\/nation\\\/u-s-deports-more-than-4200-nicaraguans-in-nine-months\\\/#primaryimage\",\"url\":\"https:\\\/\\\/confidencial.digital\\\/wp-content\\\/uploads\\\/2025\\\/09\\\/ca-times.brightspotcdn.webp\",\"contentUrl\":\"https:\\\/\\\/confidencial.digital\\\/wp-content\\\/uploads\\\/2025\\\/09\\\/ca-times.brightspotcdn.webp\",\"width\":1200,\"height\":807,\"caption\":\"Migrantes detenidos por agentes de inmigraci\u00f3n, en Luisiana, el 18 de junio de 2025.\"},{\"@type\":\"BreadcrumbList\",\"@id\":\"https:\\\/\\\/confidencial.digital\\\/en\\\/nation\\\/u-s-deports-more-than-4200-nicaraguans-in-nine-months\\\/#breadcrumb\",\"itemListElement\":[{\"@type\":\"ListItem\",\"position\":1,\"name\":\"Portada\",\"item\":\"https:\\\/\\\/confidencial.digital\\\/en\\\/\"},{\"@type\":\"ListItem\",\"position\":2,\"name\":\"U.S. deports More Than 4,200 Nicaraguans in Nine Months\"}]},{\"@type\":\"WebSite\",\"@id\":\"https:\\\/\\\/confidencial.digital\\\/en\\\/#website\",\"url\":\"https:\\\/\\\/confidencial.digital\\\/en\\\/\",\"name\":\"Confidencial Nicaragua\",\"description\":\"Noticias de Nicaragua, informaci\u00f3n, an\u00e1lisis, reportajes, investigaciones, perfiles y entrevistas. Somos Confidencial. Hacemos periodismo independiente.\",\"publisher\":{\"@id\":\"https:\\\/\\\/confidencial.digital\\\/en\\\/#organization\"},\"potentialAction\":[{\"@type\":\"SearchAction\",\"target\":{\"@type\":\"EntryPoint\",\"urlTemplate\":\"https:\\\/\\\/confidencial.digital\\\/en\\\/?s={search_term_string}\"},\"query-input\":{\"@type\":\"PropertyValueSpecification\",\"valueRequired\":true,\"valueName\":\"search_term_string\"}}],\"inLanguage\":\"en-US\"},{\"@type\":\"Organization\",\"@id\":\"https:\\\/\\\/confidencial.digital\\\/en\\\/#organization\",\"name\":\"Confidencial\",\"url\":\"https:\\\/\\\/confidencial.digital\\\/en\\\/\",\"logo\":{\"@type\":\"ImageObject\",\"inLanguage\":\"en-US\",\"@id\":\"https:\\\/\\\/confidencial.digital\\\/en\\\/#\\\/schema\\\/logo\\\/image\\\/\",\"url\":\"https:\\\/\\\/confidencial.digital\\\/wp-content\\\/uploads\\\/2023\\\/09\\\/Confidencial_696x696.jpg\",\"contentUrl\":\"https:\\\/\\\/confidencial.digital\\\/wp-content\\\/uploads\\\/2023\\\/09\\\/Confidencial_696x696.jpg\",\"width\":696,\"height\":696,\"caption\":\"Confidencial\"},\"image\":{\"@id\":\"https:\\\/\\\/confidencial.digital\\\/en\\\/#\\\/schema\\\/logo\\\/image\\\/\"},\"sameAs\":[\"https:\\\/\\\/www.facebook.com\\\/confidencial.com.ni\",\"https:\\\/\\\/x.com\\\/confidencial_ni\",\"https:\\\/\\\/www.youtube.com\\\/user\\\/ConfidencialNica\",\"https:\\\/\\\/www.instagram.com\\\/confidencial_ni\\\/\",\"https:\\\/\\\/www.linkedin.com\\\/company\\\/confidencial-nicaragua\\\/\",\"https:\\\/\\\/open.spotify.com\\\/show\\\/1rNymjqQuqP1CTGqHKdQ24\",\"https:\\\/\\\/bsky.app\\\/profile\\\/confidencialni.bsky.social\",\"https:\\\/\\\/www.threads.com\\\/@confidencial_ni\"],\"description\":\"En Confidencial hacemos periodismo de investigaci\u00f3n y an\u00e1lisis independiente para Nicaragua y su di\u00e1spora en el mundo. Fundado en 1996\",\"email\":\"info@confidencial.digital\",\"foundingDate\":\"1996-06-01\"},{\"@type\":\"Person\",\"@id\":\"https:\\\/\\\/confidencial.digital\\\/en\\\/#\\\/schema\\\/person\\\/64733b11255c0e9d6b4e93e81a984809\",\"name\":\"Redacci\u00f3n Confidencial\",\"image\":{\"@type\":\"ImageObject\",\"inLanguage\":\"en-US\",\"@id\":\"https:\\\/\\\/confidencial.digital\\\/wp-content\\\/uploads\\\/2024\\\/04\\\/redaccion-confidencial_avatar-96x96.png\",\"url\":\"https:\\\/\\\/confidencial.digital\\\/wp-content\\\/uploads\\\/2024\\\/04\\\/redaccion-confidencial_avatar-96x96.png\",\"contentUrl\":\"https:\\\/\\\/confidencial.digital\\\/wp-content\\\/uploads\\\/2024\\\/04\\\/redaccion-confidencial_avatar-96x96.png\",\"caption\":\"Redacci\u00f3n Confidencial\"},\"description\":\"Confidencial es un diario digital nicarag\u00fcense, de formato multimedia, fundado por Carlos F. Chamorro en junio de 1996. Inici\u00f3 como un semanario impreso y hoy es un medio de referencia regional con informaci\u00f3n, an\u00e1lisis, entrevistas, perfiles, reportajes e investigaciones sobre Nicaragua, informando desde el exilio por la persecuci\u00f3n pol\u00edtica de la dictadura de Daniel Ortega y Rosario Murillo.\",\"sameAs\":[\"https:\\\/\\\/x.com\\\/confidencial_ni\"],\"url\":\"https:\\\/\\\/confidencial.digital\\\/en\\\/author\\\/confidencial-digital\\\/\"}]}<\/script>\n<!-- \/ Yoast SEO Premium plugin. -->","yoast_head_json":{"title":"U.S. sends 35 deportation flights with Nicaraguans in nine months","description":"The flights with Nicaraguan deportees arrived in Managua between January 9 and September 13, 2025.","robots":{"index":"index","follow":"follow","max-snippet":"max-snippet:-1","max-image-preview":"max-image-preview:large","max-video-preview":"max-video-preview:-1"},"canonical":"https:\/\/confidencial.digital\/en\/nation\/u-s-deports-more-than-4200-nicaraguans-in-nine-months\/","og_locale":"en_US","og_type":"article","og_title":"U.S. deports More Than 4,200 Nicaraguans in Nine Months","og_description":"The flights with Nicaraguan deportees arrived in Managua between January 9 and September 13, 2025.","og_url":"https:\/\/confidencial.digital\/en\/nation\/u-s-deports-more-than-4200-nicaraguans-in-nine-months\/","og_site_name":"Confidencial","article_publisher":"https:\/\/www.facebook.com\/confidencial.com.ni","article_published_time":"2025-10-09T21:00:00+00:00","og_image":[{"width":1200,"height":807,"url":"https:\/\/confidencial.digital\/wp-content\/uploads\/2025\/09\/ca-times.brightspotcdn.webp","type":"image\/webp"}],"author":"Redacci\u00f3n Confidencial","twitter_card":"summary_large_image","twitter_creator":"@confidencial_ni","twitter_site":"@confidencial_ni","twitter_misc":{"Written by":"Redacci\u00f3n Confidencial","Est. reading time":"3 minutes"},"schema":{"@context":"https:\/\/schema.org","@graph":[{"@type":"NewsArticle","@id":"https:\/\/confidencial.digital\/en\/nation\/u-s-deports-more-than-4200-nicaraguans-in-nine-months\/#article","isPartOf":{"@id":"https:\/\/confidencial.digital\/en\/nation\/u-s-deports-more-than-4200-nicaraguans-in-nine-months\/"},"author":{"name":"Redacci\u00f3n Confidencial","@id":"https:\/\/confidencial.digital\/en\/#\/schema\/person\/64733b11255c0e9d6b4e93e81a984809"},"headline":"U.S. deports More Than 4,200 Nicaraguans in Nine Months","datePublished":"2025-10-09T21:00:00+00:00","mainEntityOfPage":{"@id":"https:\/\/confidencial.digital\/en\/nation\/u-s-deports-more-than-4200-nicaraguans-in-nine-months\/"},"wordCount":589,"publisher":{"@id":"https:\/\/confidencial.digital\/en\/#organization"},"image":{"@id":"https:\/\/confidencial.digital\/en\/nation\/u-s-deports-more-than-4200-nicaraguans-in-nine-months\/#primaryimage"},"thumbnailUrl":"https:\/\/confidencial.digital\/wp-content\/uploads\/2025\/09\/ca-times.brightspotcdn.webp","articleSection":["English","Nation"],"inLanguage":"en-US","copyrightYear":"2025","copyrightHolder":{"@id":"https:\/\/confidencial.digital\/#organization"}},{"@type":"WebPage","@id":"https:\/\/confidencial.digital\/en\/nation\/u-s-deports-more-than-4200-nicaraguans-in-nine-months\/","url":"https:\/\/confidencial.digital\/en\/nation\/u-s-deports-more-than-4200-nicaraguans-in-nine-months\/","name":"U.S. sends 35 deportation flights with Nicaraguans in nine months","isPartOf":{"@id":"https:\/\/confidencial.digital\/en\/#website"},"primaryImageOfPage":{"@id":"https:\/\/confidencial.digital\/en\/nation\/u-s-deports-more-than-4200-nicaraguans-in-nine-months\/#primaryimage"},"image":{"@id":"https:\/\/confidencial.digital\/en\/nation\/u-s-deports-more-than-4200-nicaraguans-in-nine-months\/#primaryimage"},"thumbnailUrl":"https:\/\/confidencial.digital\/wp-content\/uploads\/2025\/09\/ca-times.brightspotcdn.webp","datePublished":"2025-10-09T21:00:00+00:00","description":"The flights with Nicaraguan deportees arrived in Managua between January 9 and September 13, 2025.","breadcrumb":{"@id":"https:\/\/confidencial.digital\/en\/nation\/u-s-deports-more-than-4200-nicaraguans-in-nine-months\/#breadcrumb"},"inLanguage":"en-US","potentialAction":[{"@type":"ReadAction","target":["https:\/\/confidencial.digital\/en\/nation\/u-s-deports-more-than-4200-nicaraguans-in-nine-months\/"]}]},{"@type":"ImageObject","inLanguage":"en-US","@id":"https:\/\/confidencial.digital\/en\/nation\/u-s-deports-more-than-4200-nicaraguans-in-nine-months\/#primaryimage","url":"https:\/\/confidencial.digital\/wp-content\/uploads\/2025\/09\/ca-times.brightspotcdn.webp","contentUrl":"https:\/\/confidencial.digital\/wp-content\/uploads\/2025\/09\/ca-times.brightspotcdn.webp","width":1200,"height":807,"caption":"Migrantes detenidos por agentes de inmigraci\u00f3n, en Luisiana, el 18 de junio de 2025."},{"@type":"BreadcrumbList","@id":"https:\/\/confidencial.digital\/en\/nation\/u-s-deports-more-than-4200-nicaraguans-in-nine-months\/#breadcrumb","itemListElement":[{"@type":"ListItem","position":1,"name":"Portada","item":"https:\/\/confidencial.digital\/en\/"},{"@type":"ListItem","position":2,"name":"U.S. deports More Than 4,200 Nicaraguans in Nine Months"}]},{"@type":"WebSite","@id":"https:\/\/confidencial.digital\/en\/#website","url":"https:\/\/confidencial.digital\/en\/","name":"Confidencial Nicaragua","description":"Noticias de Nicaragua, informaci\u00f3n, an\u00e1lisis, reportajes, investigaciones, perfiles y entrevistas. Somos Confidencial. Hacemos periodismo independiente.","publisher":{"@id":"https:\/\/confidencial.digital\/en\/#organization"},"potentialAction":[{"@type":"SearchAction","target":{"@type":"EntryPoint","urlTemplate":"https:\/\/confidencial.digital\/en\/?s={search_term_string}"},"query-input":{"@type":"PropertyValueSpecification","valueRequired":true,"valueName":"search_term_string"}}],"inLanguage":"en-US"},{"@type":"Organization","@id":"https:\/\/confidencial.digital\/en\/#organization","name":"Confidencial","url":"https:\/\/confidencial.digital\/en\/","logo":{"@type":"ImageObject","inLanguage":"en-US","@id":"https:\/\/confidencial.digital\/en\/#\/schema\/logo\/image\/","url":"https:\/\/confidencial.digital\/wp-content\/uploads\/2023\/09\/Confidencial_696x696.jpg","contentUrl":"https:\/\/confidencial.digital\/wp-content\/uploads\/2023\/09\/Confidencial_696x696.jpg","width":696,"height":696,"caption":"Confidencial"},"image":{"@id":"https:\/\/confidencial.digital\/en\/#\/schema\/logo\/image\/"},"sameAs":["https:\/\/www.facebook.com\/confidencial.com.ni","https:\/\/x.com\/confidencial_ni","https:\/\/www.youtube.com\/user\/ConfidencialNica","https:\/\/www.instagram.com\/confidencial_ni\/","https:\/\/www.linkedin.com\/company\/confidencial-nicaragua\/","https:\/\/open.spotify.com\/show\/1rNymjqQuqP1CTGqHKdQ24","https:\/\/bsky.app\/profile\/confidencialni.bsky.social","https:\/\/www.threads.com\/@confidencial_ni"],"description":"En Confidencial hacemos periodismo de investigaci\u00f3n y an\u00e1lisis independiente para Nicaragua y su di\u00e1spora en el mundo. Fundado en 1996","email":"info@confidencial.digital","foundingDate":"1996-06-01"},{"@type":"Person","@id":"https:\/\/confidencial.digital\/en\/#\/schema\/person\/64733b11255c0e9d6b4e93e81a984809","name":"Redacci\u00f3n Confidencial","image":{"@type":"ImageObject","inLanguage":"en-US","@id":"https:\/\/confidencial.digital\/wp-content\/uploads\/2024\/04\/redaccion-confidencial_avatar-96x96.png","url":"https:\/\/confidencial.digital\/wp-content\/uploads\/2024\/04\/redaccion-confidencial_avatar-96x96.png","contentUrl":"https:\/\/confidencial.digital\/wp-content\/uploads\/2024\/04\/redaccion-confidencial_avatar-96x96.png","caption":"Redacci\u00f3n Confidencial"},"description":"Confidencial es un diario digital nicarag\u00fcense, de formato multimedia, fundado por Carlos F. Chamorro en junio de 1996. Inici\u00f3 como un semanario impreso y hoy es un medio de referencia regional con informaci\u00f3n, an\u00e1lisis, entrevistas, perfiles, reportajes e investigaciones sobre Nicaragua, informando desde el exilio por la persecuci\u00f3n pol\u00edtica de la dictadura de Daniel Ortega y Rosario Murillo.","sameAs":["https:\/\/x.com\/confidencial_ni"],"url":"https:\/\/confidencial.digital\/en\/author\/confidencial-digital\/"}]}},"_links":{"self":[{"href":"https:\/\/confidencial.digital\/en\/wp-json\/wp\/v2\/posts\/175102","targetHints":{"allow":["GET"]}}],"collection":[{"href":"https:\/\/confidencial.digital\/en\/wp-json\/wp\/v2\/posts"}],"about":[{"href":"https:\/\/confidencial.digital\/en\/wp-json\/wp\/v2\/types\/post"}],"author":[{"embeddable":true,"href":"https:\/\/confidencial.digital\/en\/wp-json\/wp\/v2\/users\/10"}],"replies":[{"embeddable":true,"href":"https:\/\/confidencial.digital\/en\/wp-json\/wp\/v2\/comments?post=175102"}],"version-history":[{"count":1,"href":"https:\/\/confidencial.digital\/en\/wp-json\/wp\/v2\/posts\/175102\/revisions"}],"predecessor-version":[{"id":175103,"href":"https:\/\/confidencial.digital\/en\/wp-json\/wp\/v2\/posts\/175102\/revisions\/175103"}],"wp:featuredmedia":[{"embeddable":true,"href":"https:\/\/confidencial.digital\/en\/wp-json\/wp\/v2\/media\/174596"}],"wp:attachment":[{"href":"https:\/\/confidencial.digital\/en\/wp-json\/wp\/v2\/media?parent=175102"}],"wp:term":[{"taxonomy":"category","embeddable":true,"href":"https:\/\/confidencial.digital\/en\/wp-json\/wp\/v2\/categories?post=175102"},{"taxonomy":"post_tag","embeddable":true,"href":"https:\/\/confidencial.digital\/en\/wp-json\/wp\/v2\/tags?post=175102"}],"curies":[{"name":"wp","href":"https:\/\/api.w.org\/{rel}","templated":true}]}}