{"id":174126,"date":"2025-09-08T01:25:00","date_gmt":"2025-09-08T07:25:00","guid":{"rendered":"https:\/\/confidencial.digital\/sin-categoria\/nicaragua-where-are-the-disappeared-political-prisoners\/"},"modified":"2025-09-09T02:59:17","modified_gmt":"2025-09-09T08:59:17","slug":"nicaragua-where-are-the-disappeared-political-prisoners","status":"publish","type":"post","link":"https:\/\/confidencial.digital\/en\/nation\/nicaragua-where-are-the-disappeared-political-prisoners\/","title":{"rendered":"Nicaragua: Where are the \u201cDisappeared\u201d Political Prisoners?"},"content":{"rendered":"\n<p><em>Victoria <\/em>remembers the weight on her chest and the pain in her stomach when she learned that the police had kidnapped her son. \u201cThe suffering is terrible,\u201d she says. [Detention] was my greatest fear for him.\u201d The dictatorship is holding the young man under \u201cforced disappearance,\u201d a recurring form of punishment by the Ortega-Murillo regime.  <\/p>\n\n<p>The police abducted <em>Victoria\u2019s<\/em> son in one of the raids carried out by the dictatorship so far in 2025. Immediately after he was taken, his mother went to inquire at the police station in her city, but they denied he was there. She then stood for hours under the sun at the El Chipote jail in Managua, only to be told he wasn\u2019t there either.  <\/p>\n\n<p>\u201cThey won\u2019t give me any proof that he\u2019s alive. I know they [government officials] have him, because the whole neighborhood saw when they arrested him, but they deny it when I ask them why they have him in prison,\u201d she laments. <\/p>\n\n<p>No one goes near <em>Victoria\u2019s<\/em> house. When they see her on the street or at the market, some neighbors and friends timidly approach her and ask her about her son. \u201cPeople avoid contacting me because they\u2019re afraid I\u2019m being watched and because they have seen patrol cars near my house,\u201d she confesses.   <\/p>\n\n<p>\u201cI\u2019ve continued to ask about my son and beg them to let me give him some food or pills for the migraines he suffers from, but they tell me they don\u2019t have him and even threaten me if I don\u2019t leave and stop bothering them,\u201d she explains<em>.<\/em><\/p>\n\n<h2 class=\"wp-block-heading\" id=\"h-33-en-desaparicion-forzada-nbsp\">33 detained political prisoners in \u201cforced disappearance\u201d <\/h2>\n\n<p><em>Victoria\u2019s<\/em> anguish is echoed by many families. In Nicaragua, at least 73 people are currently detained for political reasons, of whom 33 remain in a state of \u201cforced disappearance,\u201d according to the August 30, 2025 report by the Mechanism for the Recognition of Political Prisoners. <\/p>\n\n<p>This organization notes that disappearance \u201chas become a systematic practice\u201d of the regime.<\/p>\n\n<p>Although detentions without official notification and even confinement in clandestine prisons began at the start of the 2018 protests, the practice of denying the kidnapping of individuals has intensified since the end of 2023. The uptick in this practice is documented in the report <a href=\"https:\/\/raceandequality.org\/wp-content\/uploads\/2025\/08\/Desapariciones-forzadas-2.pdf\"><em>\u201c\u00bfD\u00f3nde m\u00e1s busco?\u201d: Vidas suspendidas, desapariciones forzadas en Nicaragua y la resistencia de quienes les buscan,\u201d<\/em><\/a> [\u201cWhere Else Do I Look?\u201d: Suspended Lives, Enforced Disappearances in Nicaragua and the Resistance of Those Who Search\u201d] compiled by Raza e Igualdad, the Nicaragua Nunca M\u00e1s Collective, the Legal Defense Unit, IM-Defensoras, and the Autonomous Movement of Women of Nicaragua. <\/p>\n\n<p>Now, the periods of disappearance have gone from a maximum of 90 days to indefinite durations, these five organizations warn.<\/p>\n\n<h2 class=\"wp-block-heading\" id=\"h-quienes-son-los-desaparecidos\">Who are the \u201cdisappeared\u201d?<\/h2>\n\n<p>The 33 political prisoners in a state of forced disappearance are people whose families are \u201csystematically\u201d denied knowledge of their whereabouts, forcing them to go from police stations to prisons and hospitals without receiving any answers. <\/p>\n\n<p>\u201cThe deliberate silence of the State prolongs the uncertainty and anguish,\u201d states the report from the <a href=\"https:\/\/presasypresospoliticosnicaragua.org\/wp-content\/uploads\/2025\/08\/Informe-Mecanismo-Agosto-2025.pdf\">Mechanism for the Recognition of Political Prisoners<\/a>. The following is the most current list of the 33 political prisoners with whereabouts unknown \u2013 considered \u201cdisappeared\u201d. <\/p>\n\n<ol class=\"wp-block-list\">\n<li>Douglas Gamaliel \u00c1lvarez Morales.<\/li>\n\n\n\n<li>Eddie Mois\u00e9s Gonz\u00e1lez Valdivia.<\/li>\n\n\n\n<li>Eveling Carolina Matus Hern\u00e1ndez.<\/li>\n\n\n\n<li>Brooklyn Rivera Bryan.<\/li>\n\n\n\n<li>Lesbia del Socorro Guti\u00e9rrez Poveda.<\/li>\n\n\n\n<li>Carmen Mar\u00eda Sa\u00e9nz Mart\u00ednez.<\/li>\n\n\n\n<li>Fabiola del Carmen Tercero Castro.<\/li>\n\n\n\n<li>Steadman Fagot M\u00fcller.<\/li>\n\n\n\n<li>V\u00edctor Boitano Coleman.<\/li>\n\n\n\n<li> Leo Catalino C\u00e1rcamo Herrera.<\/li>\n\n\n\n<li> Fabio Alberto C\u00e1ceres Larios.<\/li>\n\n\n\n<li> Julio Antonio Quintana Carvajal.<\/li>\n\n\n\n<li> Ang\u00e9lica Patricia Chavarr\u00eda Altamirano.<\/li>\n\n\n\n<li> Jos\u00e9 Alejandro Hurtado D\u00edaz.<\/li>\n\n\n\n<li> \u00c1lvaro Baltodano Monroy.<\/li>\n\n\n\n<li> Rudy Antonio Palacios Vargas.<\/li>\n\n\n\n<li> Armando Jos\u00e9 Berm\u00fadez Mojica.<\/li>\n\n\n\n<li> Olga Mar\u00eda Lara Rojas.<\/li>\n\n\n\n<li> Jessica Mar\u00eda Palacios Vargas.<\/li>\n\n\n\n<li> Pedro Jos\u00e9 L\u00f3pez Calero.<\/li>\n\n\n\n<li> Marcos Adony Cruz Moncada.<\/li>\n\n\n\n<li> Yolanda del Carmen Gonz\u00e1lez Escobar.<\/li>\n\n\n\n<li> Mario Jos\u00e9 Rodr\u00edguez Serrano.<\/li>\n\n\n\n<li> Luis Francisco Ortiz Calero.<\/li>\n\n\n\n<li> Yerri Gustavo Estrada Ruiz.<\/li>\n\n\n\n<li> Marvin Antonio Campos Chavarr\u00eda.<\/li>\n\n\n\n<li> Mar\u00eda Jos\u00e9 Rojas Arburola.<\/li>\n\n\n\n<li> Carlos Ramon Brenes S\u00e1nchez.<\/li>\n\n\n\n<li> Salvadora del Socorro Mart\u00ednez Aburto.<\/li>\n\n\n\n<li> Undisclosed.<\/li>\n\n\n\n<li> Undisclosed.<\/li>\n\n\n\n<li> Undisclosed.<\/li>\n\n\n\n<li> Undisclosed.<\/li>\n<\/ol>\n\n<h2 class=\"wp-block-heading\" id=\"h-no-quieren-que-denunciemos\">\u201cThey don\u2019t want us to speak out\u201d<\/h2>\n\n<p>The study \u201c<em>D\u00f3nde m\u00e1s busco?\u201d<\/em> (Where else do I look?) documents how the dictatorship uses forced disappearance as a \u201cmechanism of punishment and social control\u201d to affect both detainees and their families, who are \u201ccondemned to an endless search, amid official silence.\u201d <\/p>\n\n<p>\u201cEach disappearance leaves lives suspended: those who are erased by the State and those outside, left to sustain life, memory, and resistance,\u201d they emphasize.<\/p>\n\n<p>What makes <em>Dalilah<\/em> feel most powerless is \u201cnot being able to denounce with all my words the cruelty of this dictatorship,\u201d that has kept her sister missing since 2024.<\/p>\n\n<p>\u201cMany of us do not speak out publicly because we are afraid that something will happen to our family member in prison, or because we know that we too could be imprisoned,\u201d she confesses in an interview with <strong>CONFIDENCIAL<\/strong>.  <\/p>\n\n<p>\u201cIt\u2019s clear that they silence us because they don\u2019t want us to speak out, they don\u2019t want anyone to know the conditions in which [the prisoners] are being held (\u2026) it\u2019s a horrendous crime not even allowing us to know how they are,\u201d says <em>Dalilah<\/em>.<\/p>\n\n<h2 class=\"wp-block-heading\" id=\"h-un-patron-general\">A general pattern<\/h2>\n\n<p>Beyond the duration of the forced disappearance, the five organizations note in the report that there is a general pattern characterized by: <\/p>\n\n<ul class=\"wp-block-list\">\n<li>People being detained by police officers or paramilitaries supporting the police.<\/li>\n\n\n\n<li>They are then transferred to police stations and\/or eventually to penitentiary centers.<\/li>\n\n\n\n<li>Their legal proceedings take place without the presence of trusted lawyers, and the judicial files are inaccessible to anyone.<\/li>\n<\/ul>\n\n<p>The document explains that in some cases, the police or prison authorities allow the seeking families to leave personal hygiene products, medicines or food to the undisclosed prisoners. Despite this, \u201cthey won\u2019t confirm that they\u2019re there, nor are they allowed to see them to conclusively corroborate their whereabouts.\u201d <\/p>\n\n<p>\u201cThe only humanitarian action they have towards us is to allow us to leave the some things, but that doesn\u2019t always happen. We also don\u2019t know for sure that they delivered them [to our loved one]. The only thing left us is to have faith,\u201d <em>Dalilah<\/em> affirms.<\/p>\n\n<h2 class=\"wp-block-heading\" id=\"h-mujeres-se-enfrentan-al-silencio-estatal-nbsp\">Women confront the government\u2019s silence <\/h2>\n\n<p>The report denounces the impact of the concealment of prisoner whereabouts on \u201csearchers, mostly women, who face harassment, misinformation, unsustainable economic costs, and severe emotional distress.\u201d <\/p>\n\n<p>\u201cMany are mothers, daughters, or wives who bear the double responsibility of supporting their families and keeping the search alive,\u201d they stress. <\/p>\n\n<p>These organizations have documented \u201cthe agonizing and prolonged journey of searchers in Nicaragua, who face a system marked by impunity and official silence in the face of the forced disappearance of their loved ones.\u201d <\/p>\n\n<p>Some of the searchers are elderly, which exacerbates their vulnerability. \u201cMany of them must travel more than 200 kilometers from rural or remote communities to Managua, the country\u2019s capital, where detentions are often centralized and the main detention centers are located,\u201d the report details.  <\/p>\n\n<h2 class=\"wp-block-heading\" id=\"h-el-calvario-de-estacion-en-estacion\">The ordeal: from station to station<\/h2>\n\n<p>Searchers often face \u201ccruel, inhumane, and degrading treatment\u201d by police and prison system officials.<\/p>\n\n<p>The first form of violence they face, notes the <em>D\u00f3nde busco?<\/em> report, is misinformation. \u201cThey\u2019re told that their family members may be found in such and such a police station, but when they arrive at that office they receive no answer. Instead they\u2019re referred to another station, and later to yet another.\u201d <\/p>\n\n<p>\u201cIt\u2019s a cycle of endless attrition that offers neither certainty nor results. This dynamic not only constitutes psychological violence, but also has a serious impact on the overall health of relatives and their precarious economic situation, as they must allocate resources they do not have to constant traveling,\u201d the report affirms. <\/p>\n\n<p>The document argues that \u201cthe burden is even more devastating in households where the detained person was the main breadwinner, leading to forced impoverishment and deepening the vulnerability of families.\u201d <\/p>\n\n<figure class=\"wp-block-image size-large\"><img decoding=\"async\" width=\"1024\" height=\"576\" src=\"https:\/\/confidencial.digital\/wp-content\/uploads\/2025\/09\/Ilustracion-de-unos-padres-de-preso-politico-1024x576.jpg\" alt=\"\" class=\"wp-image-174055\" srcset=\"https:\/\/confidencial.digital\/wp-content\/uploads\/2025\/09\/Ilustracion-de-unos-padres-de-preso-politico-1024x576.jpg 1024w, https:\/\/confidencial.digital\/wp-content\/uploads\/2025\/09\/Ilustracion-de-unos-padres-de-preso-politico-300x169.jpg 300w, https:\/\/confidencial.digital\/wp-content\/uploads\/2025\/09\/Ilustracion-de-unos-padres-de-preso-politico-768x432.jpg 768w, https:\/\/confidencial.digital\/wp-content\/uploads\/2025\/09\/Ilustracion-de-unos-padres-de-preso-politico-1536x864.jpg 1536w, https:\/\/confidencial.digital\/wp-content\/uploads\/2025\/09\/Ilustracion-de-unos-padres-de-preso-politico-480x270.jpg 480w, https:\/\/confidencial.digital\/wp-content\/uploads\/2025\/09\/Ilustracion-de-unos-padres-de-preso-politico.jpg 1920w\" sizes=\"(max-width: 1024px) 100vw, 1024px\" \/><figcaption class=\"wp-element-caption\">Depiction of parents outside a police station, waiting for news of a son who is a political prisoner. | Illustration: Confidencial <\/figcaption><\/figure>\n\n<h2 class=\"wp-block-heading\" id=\"h-familiares-obligados-al-exilio\">Family members forced into exile<\/h2>\n\n<p>The study conducted by Raza e Igualdad [Race and Equality] and four other organizations highlights<em> <\/em>their documentation of \u201cmultiple incidents of direct harassment against those who seek information,\u201d ranging from \u201cthreats of reprisals if they report, humiliating searches with dogs inside police stations, and body searches that include sexual touching without any justification whatsoever.\u201d <\/p>\n\n<p>With this, the dictatorship \u201calso deliberately seeks to break the will of families and discourage their exercise of the right to truth.\u201d <\/p>\n\n<p>In many cases, faced with \u201cthreats and a climate of terror,\u201d the relatives of disappeared persons are forced to leave Nicaragua.<\/p>\n\n<p>Rosa Ruiz has been searching for her son, Yerri Estrada, for over 20 days. Estrada, a young doctor from Leon, was arrested on August 13, 2025, as he was returning from a medical brigade to the Japan-Nicaragua Friendship Hospital in Granada. <\/p>\n\n<p>\u201cThey admitted they have him, but they won\u2019t tell us where he is, much less allow us to see him or give him food or his essential belongings,\u201d says Rosa. <\/p>\n\n<p>On that same day, August 13, Luis Francisco Ortiz was arrested in Masaya, while having lunch at his home. His whereabouts have also not been disclosed.  <\/p>\n\n<p>\u201cIt\u2019s been tough. They\u2019re killing us psychologically, but they won\u2019t defeat us, because there\u2019s a God who knows that what they\u2019re doing is unjust,\u201d his father, Francisco Ortiz, denounced to <strong>CONFIDENCIAL<\/strong>. <\/p>\n\n<p>Both parents <a href=\"https:\/\/confidencial.digital\/nacion\/no-se-si-mi-hijo-esta-vivo-clama-madre-de-medico-encarcelado\/\">went into exile and from there raise their voices,<\/a> demanding to know whether their children are still alive and in what conditions they are being held. <\/p>\n\n<p>Once in exile, the report describes, families face \u201cnot only the economic hardship resulting from their displacement, but also deep anxiety and frustration due to the lack of knowledge about the physical and health condition of their loved ones.\u201d <\/p>\n\n<p>\u201cThoughts about whether their loved one could be ill, hospitalized, or even dead are common. In most cases, they must rely on relatives who still live in Nicaragua to try to obtain information, even though these relatives live in constant fear that their inquiries could provoke reprisals from the authorities,\u201d the document reiterates. <\/p>\n\n<h2 class=\"wp-block-heading\" id=\"h-los-traumas-de-la-busqueda\">The traumas of searching<\/h2>\n\n<p>The study cites an analysis of the forensic area of the Unidad de Defensa Juridica [Legal Defense Unit]. This study determined that the lack of access to information about their loved ones \u2013 their whereabouts and legal situation \u2013 provokes different mental health disturbances for the family members, including: <\/p>\n\n<ul class=\"wp-block-list\">\n<li>Anxiety.<\/li>\n\n\n\n<li>Depression.<\/li>\n\n\n\n<li>Insomnia. <\/li>\n\n\n\n<li>Hypervigilance. <\/li>\n\n\n\n<li>Post-traumatic stress.<\/li>\n\n\n\n<li>A pathological or prolonged grief that causes persistent pain.<\/li>\n\n\n\n<li>Inability to resume daily life activities.<\/li>\n\n\n\n<li>Feelings of survivor\u2019s guilt or guilt for having moments of happiness.<\/li>\n\n\n\n<li>Isolation and social stigmatization.  <\/li>\n<\/ul>\n\n<h2 class=\"wp-block-heading\" id=\"h-la-censura-del-otro-lado-dentro-de-la-carcel\">On the other side: censorship within the jail<\/h2>\n\n<p>While the families are denied information, the prisoners are also punished to enforce internal censorship. The five organizations have documented the regime\u2019s \u201cpractice of threatening to deny family visits\u201d so that prisoners don\u2019t disclose anything that happens inside the detention centers. <\/p>\n\n<p>Prisoners also \u201cface death threats against their relatives\u201d or are repeatedly told phrases designed to induce depression: \u201cyour family has already abandoned you;\u201d \u201cyour wife is surely already with someone else;\u201d \u201cyou\u2019re never going to get out of here;\u201d \u201cyou\u2019re going to die here;\u201d or \u201cyour children are going to forget you.\u201d <\/p>\n\n<p>In some cases, they also withhold the supplies family members send them \u201cas a method of punishment and torture.\u201d<\/p>\n\n<h2 class=\"wp-block-heading\" id=\"h-la-muerte-de-dos-desaparecidos\">The death of two \u201cdisappeared\u201d persons<\/h2>\n\n<p>The study mentions that the Working Group on Enforced or Involuntary Disappearances (WGEID) and the Committee on Enforced Disappearances have warned that \u201cthere is no acceptable time limit, for an enforced disappearance, no matter how short. Every minute counts when a person is placed outside the protection of the law.\u201d<\/p>\n\n<p>For this reason, they warn of<a href=\"https:\/\/confidencial.digital\/en\/nation\/hurried-guarded-burial-for-political-prisoner-who-died-under-regime-custody\/\"> the death of Mauricio Alonso,<\/a> which occurred 38 days after he was abducted from his home in Jinotepe. <\/p>\n\n<p>His family, who were never informed of the reasons for his detention, were called to receive his body on August 25, 2025. They were then obligated to bury him quickly and without ceremony, under police watch. <\/p>\n\n<p>Four days later, on August 29, the regime also released the <a href=\"https:\/\/confidencial.digital\/en\/english\/second-political-prisoner-to-die-this-week-under-ortega-murillo-regime\/\">body of attorney Carlos Cardenas Zepeda,<\/a> who had been abducted fifteen days before during a raid of those considered dissidents. <\/p>\n\n<p>The dictatorship has remained silent about both cases. The five organizations collaborating in the report had already warned: \u201cwhen the disappearance is prolonged over days or weeks, ever moment in which the person remains outside the shelter of the law exponentially increases their risk of torture and cruel treatment,\u201d or, as in these cases, the loss of life.  <\/p>\n\n<p>The collaborative study concludes that \u201cevery forced disappearance represents an affront to human dignity, an imprescriptible crime against humanity, and a grave and continued violation of fundamental rights.\u201d<\/p>\n","protected":false},"excerpt":{"rendered":"<p>Victoria remembers the weight on her chest and the pain in her stomach when she learned that the police had kidnapped her son. \u201cThe suffering is terrible,\u201d she says. [Detention] was my greatest fear for him.\u201d The dictatorship is holding the young man under \u201cforced disappearance,\u201d a recurring form of punishment by the Ortega-Murillo regime. [&hellip;]<\/p>\n","protected":false},"author":10,"featured_media":174056,"comment_status":"closed","ping_status":"closed","sticky":false,"template":"","format":"standard","meta":{"_acf_changed":false,"_eb_attr":"","_eb_data_table":"","footnotes":""},"categories":[15445,15446],"tags":[],"class_list":["post-174126","post","type-post","status-publish","format-standard","has-post-thumbnail","hentry","category-english","category-nation"],"acf":[],"yoast_head":"<!-- This site is optimized with the Yoast SEO Premium plugin v27.4 (Yoast SEO v27.4) - https:\/\/yoast.com\/product\/yoast-seo-premium-wordpress\/ -->\n<title>The suffering of the families of disappeared political prisoners in Nicaragua<\/title>\n<meta name=\"description\" content=\"The dictatorship keeps 33 political prisoners disappeared in Nicaragua, denying their families any information about them\" \/>\n<meta name=\"robots\" content=\"index, follow, max-snippet:-1, max-image-preview:large, max-video-preview:-1\" \/>\n<link rel=\"canonical\" href=\"https:\/\/confidencial.digital\/en\/nation\/nicaragua-where-are-the-disappeared-political-prisoners\/\" \/>\n<meta property=\"og:locale\" content=\"en_US\" \/>\n<meta property=\"og:type\" content=\"article\" \/>\n<meta property=\"og:title\" content=\"Nicaragua: Where are the \u201cDisappeared\u201d Political Prisoners?\" \/>\n<meta property=\"og:description\" content=\"The dictatorship keeps 33 political prisoners disappeared in Nicaragua, denying their families any information about them\" \/>\n<meta property=\"og:url\" content=\"https:\/\/confidencial.digital\/en\/nation\/nicaragua-where-are-the-disappeared-political-prisoners\/\" \/>\n<meta property=\"og:site_name\" content=\"Confidencial\" \/>\n<meta property=\"article:publisher\" content=\"https:\/\/www.facebook.com\/confidencial.com.ni\" \/>\n<meta property=\"article:published_time\" content=\"2025-09-08T07:25:00+00:00\" \/>\n<meta property=\"article:modified_time\" content=\"2025-09-09T08:59:17+00:00\" \/>\n<meta property=\"og:image\" content=\"https:\/\/confidencial.digital\/wp-content\/uploads\/2025\/09\/Ilustracion-de-una-madre-de-preso-politico.jpg\" \/>\n\t<meta property=\"og:image:width\" content=\"1920\" \/>\n\t<meta property=\"og:image:height\" content=\"1080\" \/>\n\t<meta property=\"og:image:type\" content=\"image\/jpeg\" \/>\n<meta name=\"author\" content=\"Redacci\u00f3n Confidencial\" \/>\n<meta name=\"twitter:card\" content=\"summary_large_image\" \/>\n<meta name=\"twitter:creator\" content=\"@confidencial_ni\" \/>\n<meta name=\"twitter:site\" content=\"@confidencial_ni\" \/>\n<meta name=\"twitter:label1\" content=\"Written by\" \/>\n\t<meta name=\"twitter:data1\" content=\"Redacci\u00f3n Confidencial\" \/>\n\t<meta name=\"twitter:label2\" content=\"Est. reading time\" \/>\n\t<meta name=\"twitter:data2\" content=\"11 minutes\" \/>\n<script type=\"application\/ld+json\" class=\"yoast-schema-graph\">{\"@context\":\"https:\\\/\\\/schema.org\",\"@graph\":[{\"@type\":\"NewsArticle\",\"@id\":\"https:\\\/\\\/confidencial.digital\\\/en\\\/nation\\\/nicaragua-where-are-the-disappeared-political-prisoners\\\/#article\",\"isPartOf\":{\"@id\":\"https:\\\/\\\/confidencial.digital\\\/en\\\/nation\\\/nicaragua-where-are-the-disappeared-political-prisoners\\\/\"},\"author\":{\"name\":\"Redacci\u00f3n Confidencial\",\"@id\":\"https:\\\/\\\/confidencial.digital\\\/en\\\/#\\\/schema\\\/person\\\/64733b11255c0e9d6b4e93e81a984809\"},\"headline\":\"Nicaragua: Where are the \u201cDisappeared\u201d Political Prisoners?\",\"datePublished\":\"2025-09-08T07:25:00+00:00\",\"dateModified\":\"2025-09-09T08:59:17+00:00\",\"mainEntityOfPage\":{\"@id\":\"https:\\\/\\\/confidencial.digital\\\/en\\\/nation\\\/nicaragua-where-are-the-disappeared-political-prisoners\\\/\"},\"wordCount\":2140,\"publisher\":{\"@id\":\"https:\\\/\\\/confidencial.digital\\\/en\\\/#organization\"},\"image\":{\"@id\":\"https:\\\/\\\/confidencial.digital\\\/en\\\/nation\\\/nicaragua-where-are-the-disappeared-political-prisoners\\\/#primaryimage\"},\"thumbnailUrl\":\"https:\\\/\\\/confidencial.digital\\\/wp-content\\\/uploads\\\/2025\\\/09\\\/Ilustracion-de-unos-padres-de-preso-politico.jpg\",\"articleSection\":[\"English\",\"Nation\"],\"inLanguage\":\"en-US\",\"copyrightYear\":\"2025\",\"copyrightHolder\":{\"@id\":\"https:\\\/\\\/confidencial.digital\\\/#organization\"}},{\"@type\":\"WebPage\",\"@id\":\"https:\\\/\\\/confidencial.digital\\\/en\\\/nation\\\/nicaragua-where-are-the-disappeared-political-prisoners\\\/\",\"url\":\"https:\\\/\\\/confidencial.digital\\\/en\\\/nation\\\/nicaragua-where-are-the-disappeared-political-prisoners\\\/\",\"name\":\"The suffering of the families of disappeared political prisoners in Nicaragua\",\"isPartOf\":{\"@id\":\"https:\\\/\\\/confidencial.digital\\\/en\\\/#website\"},\"primaryImageOfPage\":{\"@id\":\"https:\\\/\\\/confidencial.digital\\\/en\\\/nation\\\/nicaragua-where-are-the-disappeared-political-prisoners\\\/#primaryimage\"},\"image\":{\"@id\":\"https:\\\/\\\/confidencial.digital\\\/en\\\/nation\\\/nicaragua-where-are-the-disappeared-political-prisoners\\\/#primaryimage\"},\"thumbnailUrl\":\"https:\\\/\\\/confidencial.digital\\\/wp-content\\\/uploads\\\/2025\\\/09\\\/Ilustracion-de-unos-padres-de-preso-politico.jpg\",\"datePublished\":\"2025-09-08T07:25:00+00:00\",\"dateModified\":\"2025-09-09T08:59:17+00:00\",\"description\":\"The dictatorship keeps 33 political prisoners disappeared in Nicaragua, denying their families any information about them\",\"breadcrumb\":{\"@id\":\"https:\\\/\\\/confidencial.digital\\\/en\\\/nation\\\/nicaragua-where-are-the-disappeared-political-prisoners\\\/#breadcrumb\"},\"inLanguage\":\"en-US\",\"potentialAction\":[{\"@type\":\"ReadAction\",\"target\":[\"https:\\\/\\\/confidencial.digital\\\/en\\\/nation\\\/nicaragua-where-are-the-disappeared-political-prisoners\\\/\"]}]},{\"@type\":\"ImageObject\",\"inLanguage\":\"en-US\",\"@id\":\"https:\\\/\\\/confidencial.digital\\\/en\\\/nation\\\/nicaragua-where-are-the-disappeared-political-prisoners\\\/#primaryimage\",\"url\":\"https:\\\/\\\/confidencial.digital\\\/wp-content\\\/uploads\\\/2025\\\/09\\\/Ilustracion-de-unos-padres-de-preso-politico.jpg\",\"contentUrl\":\"https:\\\/\\\/confidencial.digital\\\/wp-content\\\/uploads\\\/2025\\\/09\\\/Ilustracion-de-unos-padres-de-preso-politico.jpg\",\"width\":1920,\"height\":1080,\"caption\":\"Ilustraci\u00f3n de unos padres a las afueras de una estaci\u00f3n policial, a la espera de noticias de un hijo preso pol\u00edtico. | Ilustraci\u00f3n: Confidencial\"},{\"@type\":\"BreadcrumbList\",\"@id\":\"https:\\\/\\\/confidencial.digital\\\/en\\\/nation\\\/nicaragua-where-are-the-disappeared-political-prisoners\\\/#breadcrumb\",\"itemListElement\":[{\"@type\":\"ListItem\",\"position\":1,\"name\":\"Portada\",\"item\":\"https:\\\/\\\/confidencial.digital\\\/en\\\/\"},{\"@type\":\"ListItem\",\"position\":2,\"name\":\"Nicaragua: Where are the \u201cDisappeared\u201d Political Prisoners?\"}]},{\"@type\":\"WebSite\",\"@id\":\"https:\\\/\\\/confidencial.digital\\\/en\\\/#website\",\"url\":\"https:\\\/\\\/confidencial.digital\\\/en\\\/\",\"name\":\"Confidencial Nicaragua\",\"description\":\"Noticias de Nicaragua, informaci\u00f3n, an\u00e1lisis, reportajes, investigaciones, perfiles y entrevistas. Somos Confidencial. Hacemos periodismo independiente.\",\"publisher\":{\"@id\":\"https:\\\/\\\/confidencial.digital\\\/en\\\/#organization\"},\"potentialAction\":[{\"@type\":\"SearchAction\",\"target\":{\"@type\":\"EntryPoint\",\"urlTemplate\":\"https:\\\/\\\/confidencial.digital\\\/en\\\/?s={search_term_string}\"},\"query-input\":{\"@type\":\"PropertyValueSpecification\",\"valueRequired\":true,\"valueName\":\"search_term_string\"}}],\"inLanguage\":\"en-US\"},{\"@type\":\"Organization\",\"@id\":\"https:\\\/\\\/confidencial.digital\\\/en\\\/#organization\",\"name\":\"Confidencial\",\"url\":\"https:\\\/\\\/confidencial.digital\\\/en\\\/\",\"logo\":{\"@type\":\"ImageObject\",\"inLanguage\":\"en-US\",\"@id\":\"https:\\\/\\\/confidencial.digital\\\/en\\\/#\\\/schema\\\/logo\\\/image\\\/\",\"url\":\"https:\\\/\\\/confidencial.digital\\\/wp-content\\\/uploads\\\/2023\\\/09\\\/Confidencial_696x696.jpg\",\"contentUrl\":\"https:\\\/\\\/confidencial.digital\\\/wp-content\\\/uploads\\\/2023\\\/09\\\/Confidencial_696x696.jpg\",\"width\":696,\"height\":696,\"caption\":\"Confidencial\"},\"image\":{\"@id\":\"https:\\\/\\\/confidencial.digital\\\/en\\\/#\\\/schema\\\/logo\\\/image\\\/\"},\"sameAs\":[\"https:\\\/\\\/www.facebook.com\\\/confidencial.com.ni\",\"https:\\\/\\\/x.com\\\/confidencial_ni\",\"https:\\\/\\\/www.youtube.com\\\/user\\\/ConfidencialNica\",\"https:\\\/\\\/www.instagram.com\\\/confidencial_ni\\\/\",\"https:\\\/\\\/www.linkedin.com\\\/company\\\/confidencial-nicaragua\\\/\",\"https:\\\/\\\/open.spotify.com\\\/show\\\/1rNymjqQuqP1CTGqHKdQ24\",\"https:\\\/\\\/bsky.app\\\/profile\\\/confidencialni.bsky.social\",\"https:\\\/\\\/www.threads.com\\\/@confidencial_ni\"],\"description\":\"En Confidencial hacemos periodismo de investigaci\u00f3n y an\u00e1lisis independiente para Nicaragua y su di\u00e1spora en el mundo. Fundado en 1996\",\"email\":\"info@confidencial.digital\",\"foundingDate\":\"1996-06-01\"},{\"@type\":\"Person\",\"@id\":\"https:\\\/\\\/confidencial.digital\\\/en\\\/#\\\/schema\\\/person\\\/64733b11255c0e9d6b4e93e81a984809\",\"name\":\"Redacci\u00f3n Confidencial\",\"image\":{\"@type\":\"ImageObject\",\"inLanguage\":\"en-US\",\"@id\":\"https:\\\/\\\/confidencial.digital\\\/wp-content\\\/uploads\\\/2024\\\/04\\\/redaccion-confidencial_avatar-96x96.png\",\"url\":\"https:\\\/\\\/confidencial.digital\\\/wp-content\\\/uploads\\\/2024\\\/04\\\/redaccion-confidencial_avatar-96x96.png\",\"contentUrl\":\"https:\\\/\\\/confidencial.digital\\\/wp-content\\\/uploads\\\/2024\\\/04\\\/redaccion-confidencial_avatar-96x96.png\",\"caption\":\"Redacci\u00f3n Confidencial\"},\"description\":\"Confidencial es un diario digital nicarag\u00fcense, de formato multimedia, fundado por Carlos F. Chamorro en junio de 1996. Inici\u00f3 como un semanario impreso y hoy es un medio de referencia regional con informaci\u00f3n, an\u00e1lisis, entrevistas, perfiles, reportajes e investigaciones sobre Nicaragua, informando desde el exilio por la persecuci\u00f3n pol\u00edtica de la dictadura de Daniel Ortega y Rosario Murillo.\",\"sameAs\":[\"https:\\\/\\\/x.com\\\/confidencial_ni\"],\"url\":\"https:\\\/\\\/confidencial.digital\\\/en\\\/author\\\/confidencial-digital\\\/\"}]}<\/script>\n<!-- \/ Yoast SEO Premium plugin. -->","yoast_head_json":{"title":"The suffering of the families of disappeared political prisoners in Nicaragua","description":"The dictatorship keeps 33 political prisoners disappeared in Nicaragua, denying their families any information about them","robots":{"index":"index","follow":"follow","max-snippet":"max-snippet:-1","max-image-preview":"max-image-preview:large","max-video-preview":"max-video-preview:-1"},"canonical":"https:\/\/confidencial.digital\/en\/nation\/nicaragua-where-are-the-disappeared-political-prisoners\/","og_locale":"en_US","og_type":"article","og_title":"Nicaragua: Where are the \u201cDisappeared\u201d Political Prisoners?","og_description":"The dictatorship keeps 33 political prisoners disappeared in Nicaragua, denying their families any information about them","og_url":"https:\/\/confidencial.digital\/en\/nation\/nicaragua-where-are-the-disappeared-political-prisoners\/","og_site_name":"Confidencial","article_publisher":"https:\/\/www.facebook.com\/confidencial.com.ni","article_published_time":"2025-09-08T07:25:00+00:00","article_modified_time":"2025-09-09T08:59:17+00:00","og_image":[{"width":1920,"height":1080,"url":"https:\/\/confidencial.digital\/wp-content\/uploads\/2025\/09\/Ilustracion-de-una-madre-de-preso-politico.jpg","type":"image\/jpeg"}],"author":"Redacci\u00f3n Confidencial","twitter_card":"summary_large_image","twitter_creator":"@confidencial_ni","twitter_site":"@confidencial_ni","twitter_misc":{"Written by":"Redacci\u00f3n Confidencial","Est. reading time":"11 minutes"},"schema":{"@context":"https:\/\/schema.org","@graph":[{"@type":"NewsArticle","@id":"https:\/\/confidencial.digital\/en\/nation\/nicaragua-where-are-the-disappeared-political-prisoners\/#article","isPartOf":{"@id":"https:\/\/confidencial.digital\/en\/nation\/nicaragua-where-are-the-disappeared-political-prisoners\/"},"author":{"name":"Redacci\u00f3n Confidencial","@id":"https:\/\/confidencial.digital\/en\/#\/schema\/person\/64733b11255c0e9d6b4e93e81a984809"},"headline":"Nicaragua: Where are the \u201cDisappeared\u201d Political Prisoners?","datePublished":"2025-09-08T07:25:00+00:00","dateModified":"2025-09-09T08:59:17+00:00","mainEntityOfPage":{"@id":"https:\/\/confidencial.digital\/en\/nation\/nicaragua-where-are-the-disappeared-political-prisoners\/"},"wordCount":2140,"publisher":{"@id":"https:\/\/confidencial.digital\/en\/#organization"},"image":{"@id":"https:\/\/confidencial.digital\/en\/nation\/nicaragua-where-are-the-disappeared-political-prisoners\/#primaryimage"},"thumbnailUrl":"https:\/\/confidencial.digital\/wp-content\/uploads\/2025\/09\/Ilustracion-de-unos-padres-de-preso-politico.jpg","articleSection":["English","Nation"],"inLanguage":"en-US","copyrightYear":"2025","copyrightHolder":{"@id":"https:\/\/confidencial.digital\/#organization"}},{"@type":"WebPage","@id":"https:\/\/confidencial.digital\/en\/nation\/nicaragua-where-are-the-disappeared-political-prisoners\/","url":"https:\/\/confidencial.digital\/en\/nation\/nicaragua-where-are-the-disappeared-political-prisoners\/","name":"The suffering of the families of disappeared political prisoners in Nicaragua","isPartOf":{"@id":"https:\/\/confidencial.digital\/en\/#website"},"primaryImageOfPage":{"@id":"https:\/\/confidencial.digital\/en\/nation\/nicaragua-where-are-the-disappeared-political-prisoners\/#primaryimage"},"image":{"@id":"https:\/\/confidencial.digital\/en\/nation\/nicaragua-where-are-the-disappeared-political-prisoners\/#primaryimage"},"thumbnailUrl":"https:\/\/confidencial.digital\/wp-content\/uploads\/2025\/09\/Ilustracion-de-unos-padres-de-preso-politico.jpg","datePublished":"2025-09-08T07:25:00+00:00","dateModified":"2025-09-09T08:59:17+00:00","description":"The dictatorship keeps 33 political prisoners disappeared in Nicaragua, denying their families any information about them","breadcrumb":{"@id":"https:\/\/confidencial.digital\/en\/nation\/nicaragua-where-are-the-disappeared-political-prisoners\/#breadcrumb"},"inLanguage":"en-US","potentialAction":[{"@type":"ReadAction","target":["https:\/\/confidencial.digital\/en\/nation\/nicaragua-where-are-the-disappeared-political-prisoners\/"]}]},{"@type":"ImageObject","inLanguage":"en-US","@id":"https:\/\/confidencial.digital\/en\/nation\/nicaragua-where-are-the-disappeared-political-prisoners\/#primaryimage","url":"https:\/\/confidencial.digital\/wp-content\/uploads\/2025\/09\/Ilustracion-de-unos-padres-de-preso-politico.jpg","contentUrl":"https:\/\/confidencial.digital\/wp-content\/uploads\/2025\/09\/Ilustracion-de-unos-padres-de-preso-politico.jpg","width":1920,"height":1080,"caption":"Ilustraci\u00f3n de unos padres a las afueras de una estaci\u00f3n policial, a la espera de noticias de un hijo preso pol\u00edtico. | Ilustraci\u00f3n: Confidencial"},{"@type":"BreadcrumbList","@id":"https:\/\/confidencial.digital\/en\/nation\/nicaragua-where-are-the-disappeared-political-prisoners\/#breadcrumb","itemListElement":[{"@type":"ListItem","position":1,"name":"Portada","item":"https:\/\/confidencial.digital\/en\/"},{"@type":"ListItem","position":2,"name":"Nicaragua: Where are the \u201cDisappeared\u201d Political Prisoners?"}]},{"@type":"WebSite","@id":"https:\/\/confidencial.digital\/en\/#website","url":"https:\/\/confidencial.digital\/en\/","name":"Confidencial Nicaragua","description":"Noticias de Nicaragua, informaci\u00f3n, an\u00e1lisis, reportajes, investigaciones, perfiles y entrevistas. Somos Confidencial. Hacemos periodismo independiente.","publisher":{"@id":"https:\/\/confidencial.digital\/en\/#organization"},"potentialAction":[{"@type":"SearchAction","target":{"@type":"EntryPoint","urlTemplate":"https:\/\/confidencial.digital\/en\/?s={search_term_string}"},"query-input":{"@type":"PropertyValueSpecification","valueRequired":true,"valueName":"search_term_string"}}],"inLanguage":"en-US"},{"@type":"Organization","@id":"https:\/\/confidencial.digital\/en\/#organization","name":"Confidencial","url":"https:\/\/confidencial.digital\/en\/","logo":{"@type":"ImageObject","inLanguage":"en-US","@id":"https:\/\/confidencial.digital\/en\/#\/schema\/logo\/image\/","url":"https:\/\/confidencial.digital\/wp-content\/uploads\/2023\/09\/Confidencial_696x696.jpg","contentUrl":"https:\/\/confidencial.digital\/wp-content\/uploads\/2023\/09\/Confidencial_696x696.jpg","width":696,"height":696,"caption":"Confidencial"},"image":{"@id":"https:\/\/confidencial.digital\/en\/#\/schema\/logo\/image\/"},"sameAs":["https:\/\/www.facebook.com\/confidencial.com.ni","https:\/\/x.com\/confidencial_ni","https:\/\/www.youtube.com\/user\/ConfidencialNica","https:\/\/www.instagram.com\/confidencial_ni\/","https:\/\/www.linkedin.com\/company\/confidencial-nicaragua\/","https:\/\/open.spotify.com\/show\/1rNymjqQuqP1CTGqHKdQ24","https:\/\/bsky.app\/profile\/confidencialni.bsky.social","https:\/\/www.threads.com\/@confidencial_ni"],"description":"En Confidencial hacemos periodismo de investigaci\u00f3n y an\u00e1lisis independiente para Nicaragua y su di\u00e1spora en el mundo. Fundado en 1996","email":"info@confidencial.digital","foundingDate":"1996-06-01"},{"@type":"Person","@id":"https:\/\/confidencial.digital\/en\/#\/schema\/person\/64733b11255c0e9d6b4e93e81a984809","name":"Redacci\u00f3n Confidencial","image":{"@type":"ImageObject","inLanguage":"en-US","@id":"https:\/\/confidencial.digital\/wp-content\/uploads\/2024\/04\/redaccion-confidencial_avatar-96x96.png","url":"https:\/\/confidencial.digital\/wp-content\/uploads\/2024\/04\/redaccion-confidencial_avatar-96x96.png","contentUrl":"https:\/\/confidencial.digital\/wp-content\/uploads\/2024\/04\/redaccion-confidencial_avatar-96x96.png","caption":"Redacci\u00f3n Confidencial"},"description":"Confidencial es un diario digital nicarag\u00fcense, de formato multimedia, fundado por Carlos F. Chamorro en junio de 1996. Inici\u00f3 como un semanario impreso y hoy es un medio de referencia regional con informaci\u00f3n, an\u00e1lisis, entrevistas, perfiles, reportajes e investigaciones sobre Nicaragua, informando desde el exilio por la persecuci\u00f3n pol\u00edtica de la dictadura de Daniel Ortega y Rosario Murillo.","sameAs":["https:\/\/x.com\/confidencial_ni"],"url":"https:\/\/confidencial.digital\/en\/author\/confidencial-digital\/"}]}},"_links":{"self":[{"href":"https:\/\/confidencial.digital\/en\/wp-json\/wp\/v2\/posts\/174126","targetHints":{"allow":["GET"]}}],"collection":[{"href":"https:\/\/confidencial.digital\/en\/wp-json\/wp\/v2\/posts"}],"about":[{"href":"https:\/\/confidencial.digital\/en\/wp-json\/wp\/v2\/types\/post"}],"author":[{"embeddable":true,"href":"https:\/\/confidencial.digital\/en\/wp-json\/wp\/v2\/users\/10"}],"replies":[{"embeddable":true,"href":"https:\/\/confidencial.digital\/en\/wp-json\/wp\/v2\/comments?post=174126"}],"version-history":[{"count":1,"href":"https:\/\/confidencial.digital\/en\/wp-json\/wp\/v2\/posts\/174126\/revisions"}],"predecessor-version":[{"id":174127,"href":"https:\/\/confidencial.digital\/en\/wp-json\/wp\/v2\/posts\/174126\/revisions\/174127"}],"wp:featuredmedia":[{"embeddable":true,"href":"https:\/\/confidencial.digital\/en\/wp-json\/wp\/v2\/media\/174056"}],"wp:attachment":[{"href":"https:\/\/confidencial.digital\/en\/wp-json\/wp\/v2\/media?parent=174126"}],"wp:term":[{"taxonomy":"category","embeddable":true,"href":"https:\/\/confidencial.digital\/en\/wp-json\/wp\/v2\/categories?post=174126"},{"taxonomy":"post_tag","embeddable":true,"href":"https:\/\/confidencial.digital\/en\/wp-json\/wp\/v2\/tags?post=174126"}],"curies":[{"name":"wp","href":"https:\/\/api.w.org\/{rel}","templated":true}]}}