{"id":173664,"date":"2025-08-31T00:30:00","date_gmt":"2025-08-31T06:30:00","guid":{"rendered":"https:\/\/confidencial.digital\/sin-categoria\/rosario-murillos-great-political-purge-in-nicaragua\/"},"modified":"2025-09-01T09:04:42","modified_gmt":"2025-09-01T15:04:42","slug":"rosario-murillos-great-political-purge-in-nicaragua","status":"publish","type":"post","link":"https:\/\/confidencial.digital\/en\/policy\/rosario-murillos-great-political-purge-in-nicaragua\/","title":{"rendered":"Rosario Murillo\u2019s \u201cGreat Political Purge\u201d in Nicaragua"},"content":{"rendered":"\n<p>Since Daniel Ortega\u2019s return to power in 2007, Rosario Murillo has overseen a continuous \u201cpolitical decapitation\u201d of figures close to and loyal to Ortega, <strong>consolidating her own influence within the inner circle of power<\/strong>. Murillo\u2019s political purge intensified after she became vice president, and by 2025, upon taking the role of \u201cco-president,\u201d it shows no signs of stopping\u2014appearing more ruthless than ever in a scenario where <a href=\"https:\/\/confidencial.digital\/en\/english\/rosario-murillos-guillotine-can-fall-on-anyone-sandinistas-fear\/\" target=\"_blank\" rel=\"noreferrer noopener\">\u201canyone can fall under Murillo\u2019s guillotine.\u201d<\/a> <\/p>\n\n<figure class=\"wp-block-pullquote\"><blockquote><p>In this purge, historical loyalty counts for nothing, and not even Ortega\u2019s closest allies\u2014or his family\u2014are safe. Murillo\u2019s consolidation of dynastic power, combined with Ortega\u2019s declining health, fuels an authoritarian radicalization based on paranoia and the urgent need to place loyalists to her, rather than to Ortega. <\/p><\/blockquote><\/figure>\n\n<p>At <strong>CONFIDENCIAL<\/strong>, we highlight the most prominent cases of those who have fallen under Murillo\u2019s \u201cguillotine,\u201d affecting high-profile figures in the party, the state, the police, and the military.<\/p>\n\n<figure class=\"wp-block-video\"><video height=\"1080\" style=\"aspect-ratio: 1920 \/ 1080;\" width=\"1920\" autoplay=\"\" loop=\"\" muted=\"\" poster=\"https:\/\/confidencial.digital\/wp-content\/uploads\/2025\/08\/Fotoarte_Purga_Rosario_Murillo_V2.jpg\" preload=\"none\" src=\"https:\/\/confidencial.digital\/wp-content\/uploads\/2025\/08\/Video_Purga_Rosario_Murillo.mp4\" playsinline=\"\"><\/video><figcaption class=\"wp-element-caption\">Illustration: CONFIDENCIAL, inspired by Squid Game, animated with AI assistance.<\/figcaption><\/figure>\n\n<hr class=\"wp-block-separator has-alpha-channel-opacity\"\/>\n\n<h2 class=\"wp-block-heading has-text-align-center\" id=\"h-los-primeros-en-caer\">The First to Fall<\/h2>\n\n<p class=\"has-text-align-center\"><em>Since Daniel Ortega\u2019s return to power in Nicaragua in January 2007, Rosario Murillo initiated the political decapitation of Ortega\u2019s closest and most loyal cadres, replacing them with her own political influence within the inner circle of power.<\/em><\/p>\n\n<h2 class=\"wp-block-heading\" id=\"h-dionisio-nicho-marenco\"><strong>Dionisio \u201cNicho\u201d Marenco<\/strong><\/h2>\n\n<figure class=\"wp-block-image size-full\"><img decoding=\"async\" width=\"1280\" height=\"720\" src=\"https:\/\/confidencial.digital\/wp-content\/uploads\/2025\/08\/Dionisio-Marenco-con-Daniel-Ortega-en-2006.jpg\" alt=\"Dionisio Marenco with Daniel Ortega in 2006\" class=\"wp-image-173473\" srcset=\"https:\/\/confidencial.digital\/wp-content\/uploads\/2025\/08\/Dionisio-Marenco-con-Daniel-Ortega-en-2006.jpg 1280w, https:\/\/confidencial.digital\/wp-content\/uploads\/2025\/08\/Dionisio-Marenco-con-Daniel-Ortega-en-2006-300x169.jpg 300w, https:\/\/confidencial.digital\/wp-content\/uploads\/2025\/08\/Dionisio-Marenco-con-Daniel-Ortega-en-2006-1024x576.jpg 1024w, https:\/\/confidencial.digital\/wp-content\/uploads\/2025\/08\/Dionisio-Marenco-con-Daniel-Ortega-en-2006-768x432.jpg 768w, https:\/\/confidencial.digital\/wp-content\/uploads\/2025\/08\/Dionisio-Marenco-con-Daniel-Ortega-en-2006-480x270.jpg 480w\" sizes=\"(max-width: 1280px) 100vw, 1280px\" \/><figcaption class=\"wp-element-caption\">Daniel Ortega and Dionisio Marenco embrace during an event celebrating the anniversary of the revolution against the Somoza dictatorship, July 19, 2006. \/\/ Photo: La Prensa <\/figcaption><\/figure>\n\n<p>One of the first \u201cdecapitations\u201d was Dionisio \u201cNicho\u201d Marenco, the negotiator of Daniel Ortega\u2019s pact with Arnoldo Alem\u00e1n, about which he said in an August 2008 interview with <em>La Prensa<\/em>: \u201c<em>If it weren\u2019t for that pact, the Sandinista Front would never have won the elections.\u201d<\/em><\/p>\n\n<p>The former mayor of Managua (2004\u20132008) also played a key role in opening economic relations with Hugo Ch\u00e1vez\u2019s Venezuela and managing its multi-million-dollar cooperation, which Ortega and Murillo handled through private channels, becoming, until 2014, the dictatorship\u2019s main source of funding.<\/p>\n\n<figure class=\"wp-block-pullquote\"><blockquote><p>Marenco was abruptly removed from the new regime\u2019s inner circle in early 2007. In November of that year, he publicly clashed with Murillo, who accused him of being a \u201ctraitor\u201d for criticizing the management of the FSLN. <em>\u201cRosario Murillo accused me of being a traitor, and betrayals in the FSLN are like death sentences,\u201d <\/em>Marenco said. <\/p><\/blockquote><\/figure>\n\n<p>At one point he was <a href=\"https:\/\/club.confidencial.digital\/2021\/06\/16\/presidencia-compite-con-alcaldia\/\" target=\"_blank\" rel=\"noreferrer noopener\">considered a potential presidential candidate<\/a>, but he withdrew from public life in 2009 after finishing his term as mayor of Managua. <a href=\"https:\/\/confidencial.digital\/nacion\/fallece-dionisio-nicho-marenco-exalcalde-de-managua\/\" target=\"_blank\" rel=\"noreferrer noopener\">He died at 73<\/a> on May 19, 2020, during the COVID-19 pandemic.<\/p>\n\n<h2 class=\"wp-block-heading\" id=\"h-lenin-cerna-juarez\"><strong>Lenin Cerna<\/strong> Ju\u00e1rez<\/h2>\n\n<figure class=\"wp-block-image size-large\"><img decoding=\"async\" width=\"1024\" height=\"576\" src=\"https:\/\/confidencial.digital\/wp-content\/uploads\/2025\/08\/Lenin-Cerna-en-2018-1024x576.jpg\" alt=\"Lenin Cerna Ju&#xE1;rez\" class=\"wp-image-173475\" srcset=\"https:\/\/confidencial.digital\/wp-content\/uploads\/2025\/08\/Lenin-Cerna-en-2018-1024x576.jpg 1024w, https:\/\/confidencial.digital\/wp-content\/uploads\/2025\/08\/Lenin-Cerna-en-2018-300x169.jpg 300w, https:\/\/confidencial.digital\/wp-content\/uploads\/2025\/08\/Lenin-Cerna-en-2018-768x432.jpg 768w, https:\/\/confidencial.digital\/wp-content\/uploads\/2025\/08\/Lenin-Cerna-en-2018-480x270.jpg 480w, https:\/\/confidencial.digital\/wp-content\/uploads\/2025\/08\/Lenin-Cerna-en-2018.jpg 1280w\" sizes=\"(max-width: 1024px) 100vw, 1024px\" \/><figcaption class=\"wp-element-caption\">Cerna was Daniel Ortega\u2019s cellmate in the 1970s and head of the feared Directorate General of State Security (DGSE) in the 1980s. \/\/ Photo: CCC <\/figcaption><\/figure>\n\n<p>In April 2011, it was the turn of powerful retired Colonel Lenin Cerna, former head of the Directorate General of State Security in the 1980s and FSLN organizational secretary since 1999.<\/p>\n\n<figure class=\"wp-block-pullquote\"><blockquote><p>Cerna was removed from his position and expelled from the FSLN secretariat on Murillo\u2019s orders. He fell out of favor due to his involvement in the so-called<em> \u201cWaltergate,\u201d<\/em> a corruption scandal in the General Directorate of Revenue, which also cost the position of its head, Walter Porras. <\/p><\/blockquote><\/figure>\n\n<p><a href=\"https:\/\/confidencial.digital\/principal\/la-fractura-del-fsln-bajo-la-dictadura-ortega-murillo\/\">Cerna returned to Ortega\u2019s fold after the April Rebellion of 2018<\/a> and, in July 2019, joined an intelligence team serving Ortega, though Murillo had already sidelined him from the circle of influence and power.<\/p>\n\n<p>In late July 2025, several media outlets reported that Cerna had escaped a police raid at his home. However, <a href=\"https:\/\/confidencial.digital\/politica\/lenin-cerna-y-bayardo-arce-actualizacion-en-nicaragua\/\">sources linked to the police denied the \u201cescape\u201d story to <strong>CONFIDENCIAL<\/strong>,<\/a> and the retired colonel was seen driving through Managua on August 10 in a blue Mercedes-Benz, driven by a police officer and escorted by a police vehicle.  <\/p>\n\n<p>One of Cerna\u2019s main lieutenants, retired Colonel<a href=\"https:\/\/confidencial.digital\/en\/english\/police-capture-rodolfo-castillo-payin-no-2-of-lenin-cerna\/\" target=\"_blank\" rel=\"noreferrer noopener\"> Rodolfo Castillo \u201cPay\u00edn,<\/a>\u201d was captured by the police on August 1 during Managua\u2019s equestrian festival and, since Monday, August 25, has been under house arrest with police surveillance, subject to an official investigation by the newly renamed Attorney General\u2019s Office. <\/p>\n\n<hr class=\"wp-block-separator has-alpha-channel-opacity\"\/>\n\n<h2 class=\"wp-block-heading has-text-align-center\" id=\"h-la-purga-se-profundiza\"><strong>The Purge Deepens<\/strong><\/h2>\n\n<p class=\"has-text-align-center\"><em>In 2016, Murillo became Ortega\u2019s vice president, positioning herself in the constitutional line of succession. Five years later, in 2021, both declared themselves re-elected after nullifying political and electoral competition, and Murillo continued the dynastic succession by de facto means. <\/em><\/p>\n\n<h2 class=\"wp-block-heading\" id=\"h-adolfo-marenco-corea\"><strong>Adolfo Marenco<\/strong> Corea<\/h2>\n\n<div class=\"wp-block-essential-blocks-slider root-eb-slider-28v03\"><div class=\"eb-parent-wrapper eb-parent-eb-slider-28v03 \"><div class=\"eb-slider-wrapper eb-slider-28v03\" data-blockid=\"eb-slider-28v03\" data-version=\"v4\" data-settings=\"eyJhcnJvd3MiOmZhbHNlLCJhZGFwdGl2ZUhlaWdodCI6dHJ1ZSwiYXV0b3BsYXkiOnRydWUsImF1dG9wbGF5U3BlZWQiOjMwMDAsImRvdHMiOnRydWUsImZhZGUiOmZhbHNlLCJpbmZpbml0ZSI6dHJ1ZSwicGF1c2VPbkhvdmVyIjp0cnVlLCJzbGlkZXNUb1Nob3ciOjEsInNwZWVkIjo1MDAsInZlcnRpY2FsIjpmYWxzZSwiY3VycmVudFNsaWRlIjowLCJydGwiOmZhbHNlLCJyZXNwb25zaXZlIjpbeyJicmVha3BvaW50IjoxMDI1LCJzZXR0aW5ncyI6eyJzbGlkZXNUb1Nob3ciOjF9fSx7ImJyZWFrcG9pbnQiOjc2Nywic2V0dGluZ3MiOnsic2xpZGVzVG9TaG93IjoxfX1dfQ==\" data-arrownexticon=\"fas fa-arrow-alt-circle-right\" data-arrowprevicon=\"fas fa-arrow-alt-circle-left\" data-lightbox=\"false\"><div class=\"eb-slider-init eb-slider-type-content\"><div class=\"eb-slider-item content-2\" data-src=\"https:\/\/confidencial.digital\/wp-content\/uploads\/2025\/08\/Rosario-Murillo-con-Adolfo-Marenco.jpg\"><div><img class=\"eb-slider-image\" data-lazy=\"https:\/\/confidencial.digital\/wp-content\/uploads\/2025\/08\/Rosario-Murillo-con-Adolfo-Marenco.jpg\"><\/div><div class=\"eb-slider-content align-left\"><p class=\"eb-slider-title\">Rosario Murillo greets Adolfo Marenco at an event in October 2019. General Commissioner Ram\u00f3n Avell\u00e1n looks on. \/\/ Photo: CCC  <\/p><div class=\"eb-slider-button-wrapper\"><\/div><\/div><\/div><div class=\"eb-slider-item content-2\" data-src=\"https:\/\/confidencial.digital\/wp-content\/uploads\/2025\/08\/Daniel-Orega-con-Adolfo-Marenco.jpg\"><div><img class=\"eb-slider-image\" data-lazy=\"https:\/\/confidencial.digital\/wp-content\/uploads\/2025\/08\/Daniel-Orega-con-Adolfo-Marenco.jpg\"><\/div><div class=\"eb-slider-content align-left\"><p class=\"eb-slider-title\">Daniel Ortega after greeting Adolfo Marenco at an event honoring Benjam\u00edn Zeled\u00f3n in October 2019. \/\/ Photo: CCC <\/p><div class=\"eb-slider-button-wrapper\"><\/div><\/div><\/div><\/div><\/div><\/div><\/div>\n\n<p>General Commissioner Adolfo Marenco Corea was dismissed by Ortega as director of research and intelligence for the National Police in November 2022. Two days earlier, Ortega had appointed Zhukov Serrano P\u00e9rez as the new deputy director of the National Police, in charge of espionage, publicly highlighting his studies in Russia. In January 2023, it was confirmed that Marenco<a href=\"https:\/\/confidencial.digital\/nacion\/ortega-encarcela-en-el-chipote-al-exjefe-de-espionaje-de-la-policia-adolfo-marenco\/\"> had been imprisoned in El Chipote<\/a> and later placed under house arrest.  <\/p>\n\n<p>Marenco, deputy director of the police and head of research and intelligence, carried out espionage tasks in service of the dictatorship, considered <a href=\"https:\/\/confidencial.digital\/nacion\/adolfo-marenco-los-ojos-y-oidos-del-estado-policial\/\">\u201cthe eyes and ears of the police state,\u201d<\/a> according to a <strong>CONFIDENCIAL<\/strong> profile published in March 2020. <\/p>\n\n<figure class=\"wp-block-pullquote\"><blockquote><p>The former member of Murillo\u2019s inner circle and of security advisor N\u00e9stor Moncada Lau was the first high-level official to be removed from his post and imprisoned, almost 50 days after the announcement of his dismissal.<\/p><\/blockquote><\/figure>\n\n<p>Marenco was placed under house arrest after falling out of favor, supposedly due to corruption allegations and unauthorized private business dealings involving a faction of the regime\u2019s leadership. Within police circles, two versions circulated regarding his imprisonment: one, that it was to silence him because he intended to flee the country; the other, that he had refused to continue working for the Ortega-Murillo duo, further angering them.   <\/p>\n\n<h2 class=\"wp-block-heading\" id=\"h-omar-halleslevens-acevedo\"><strong>Omar Halleslevens<\/strong> Acevedo<\/h2>\n\n<figure class=\"wp-block-image size-full\"><img decoding=\"async\" width=\"1280\" height=\"720\" src=\"https:\/\/confidencial.digital\/wp-content\/uploads\/2025\/08\/Omar-Halleslevens-con-Daniel-Ortega.jpg\" alt=\"Omar Halleslevens with Daniel Ortega\" class=\"wp-image-173500\" srcset=\"https:\/\/confidencial.digital\/wp-content\/uploads\/2025\/08\/Omar-Halleslevens-con-Daniel-Ortega.jpg 1280w, https:\/\/confidencial.digital\/wp-content\/uploads\/2025\/08\/Omar-Halleslevens-con-Daniel-Ortega-300x169.jpg 300w, https:\/\/confidencial.digital\/wp-content\/uploads\/2025\/08\/Omar-Halleslevens-con-Daniel-Ortega-1024x576.jpg 1024w, https:\/\/confidencial.digital\/wp-content\/uploads\/2025\/08\/Omar-Halleslevens-con-Daniel-Ortega-768x432.jpg 768w, https:\/\/confidencial.digital\/wp-content\/uploads\/2025\/08\/Omar-Halleslevens-con-Daniel-Ortega-480x270.jpg 480w\" sizes=\"(max-width: 1280px) 100vw, 1280px\" \/><figcaption class=\"wp-element-caption\">Omar Halleslevens y Daniel Ortega se saludan, el 4 de octubre de 2019. \/\/ Foto: CCC <\/figcaption><\/figure>\n\n<p>Retired Army General <a href=\"https:\/\/confidencial.digital\/principal\/la-lealtad-rojinegra-de-omar-halleslevens\/\">Omar Halleslevens Acevedo<\/a>, also Ortega\u2019s vice president between 2012 and 2016, was <a href=\"https:\/\/confidencial.digital\/politica\/rosario-murillo-defenestro-a-omar-halleslevens-de-oficinas-de-la-vicepresidencia\/\">removed from his former offices on Murillo\u2019s orders in May 2023.<\/a> In January 2017, when Murillo assumed the vice presidency\u2014after elections with no political competition and following the previous year\u2019s electoral fraud\u2014the former army chief accepted the appointment of \u201cminister delegate for specific affairs,\u201d directly overseeing the Nicaraguan Council of Science and Technology (Conicyt). <\/p>\n\n<p>Despite being replaced as vice president, Halleslevens remained in charge of the Vice Presidency and Conicyt offices between 2017 and 2022, initially overseeing a staff of more than 50 employees.<\/p>\n\n<p>In August 2022, Halleslevens was simultaneously appointed head of the Nicaraguan Commission of Atomic Energy for Peaceful Purposes, as the regime courted Russia and Iran, projecting the image of the leader\u2019s son, Laureano Ortega Murillo, who appeared as the main figure in the agreements. The former military chief simply \u201cdisappeared.\u201d Eventually, Conicyt was abolished after 25 years of existence, in November 2022.  <\/p>\n\n<figure class=\"wp-block-pullquote\"><blockquote><p>Halleslevens\u2019 relationship with the vice president deteriorated to the point that Murillo ordered in December 2022 that no Christmas basket be delivered to the staff of his office, nor bonuses to the lowest-paid employees. In February 2023, Murillo ordered the evacuation of the Vice Presidency offices where Halleslevens was stationed\u2014a building she herself never visited. <\/p><\/blockquote><\/figure>\n\n<p>One account of the final trigger for his ousting links it to Halleslevens\u2019 outreach to retired General Humberto Ortega Saavedra, the dictator\u2019s brother, after the latter met with Daniel Ortega in December 2022.<\/p>\n\n<hr class=\"wp-block-separator has-alpha-channel-opacity\"\/>\n\n<h2 class=\"wp-block-heading has-text-align-center\" id=\"h-la-barrida-en-la-corte\">The Sweep in the Court<\/h2>\n\n<p class=\"has-text-align-center\"><em>What happened in the judiciary in 2023 was a full-scale sweep. The Supreme Court of Justice (CSJ) was <a href=\"https:\/\/confidencial.digital\/politica\/desmantelan-poder-judicial-y-otorgan-control-total-a-nuevo-superconsejo\/\" target=\"_blank\" rel=\"noreferrer noopener\">practically dismantled<\/a>. More than 1,000 officials and public employees\u2014including judges and magistrates who served the dictatorship\u2014were <a href=\"https:\/\/confidencial.digital\/politica\/purga-en-la-csj-viola-la-constitucion-y-leyes-de-nicaragua\/\" target=\"_blank\" rel=\"noreferrer noopener\">dismissed, sometimes via WhatsApp,<\/a> SMS, or email, without severance and in violation of their civil and labor rights. Departments and offices were paralyzed or transferred to the newly renamed <a href=\"https:\/\/confidencial.digital\/nacion\/cronologia-asi-crecio-el-poder-de-la-procuraduria-en-nicaragua\/\" target=\"_blank\" rel=\"noreferrer noopener\">Attorney General\u2019s Office<\/a>, and the <a href=\"https:\/\/confidencial.digital\/nacion\/un-ano-de-barridas-en-el-poder-judicial-trabajadores-temen-mas-despidos\/\">dismissals have not ceased.<\/a>   <\/em><\/p>\n\n<h2 class=\"wp-block-heading\" id=\"h-alba-luz-ramos\"><strong>Alba Luz Ramos<\/strong><\/h2>\n\n<figure class=\"wp-block-image size-full\"><img decoding=\"async\" width=\"1280\" height=\"720\" src=\"https:\/\/confidencial.digital\/wp-content\/uploads\/2025\/08\/Alba-Luz-Ramos-con-Daniel-Ortega.jpg\" alt=\"Alba Luz Ramos with Daniel Ortega\" class=\"wp-image-173504\" srcset=\"https:\/\/confidencial.digital\/wp-content\/uploads\/2025\/08\/Alba-Luz-Ramos-con-Daniel-Ortega.jpg 1280w, https:\/\/confidencial.digital\/wp-content\/uploads\/2025\/08\/Alba-Luz-Ramos-con-Daniel-Ortega-300x169.jpg 300w, https:\/\/confidencial.digital\/wp-content\/uploads\/2025\/08\/Alba-Luz-Ramos-con-Daniel-Ortega-1024x576.jpg 1024w, https:\/\/confidencial.digital\/wp-content\/uploads\/2025\/08\/Alba-Luz-Ramos-con-Daniel-Ortega-768x432.jpg 768w, https:\/\/confidencial.digital\/wp-content\/uploads\/2025\/08\/Alba-Luz-Ramos-con-Daniel-Ortega-480x270.jpg 480w\" sizes=\"(max-width: 1280px) 100vw, 1280px\" \/><figcaption class=\"wp-element-caption\">Alba Luz Ramos and Daniel Ortega greet each other when the magistrate and president of the CSJ still had a place at the central table. \/\/ Photo: CCC <\/figcaption><\/figure>\n\n<p>In October 2023, the Supreme Court \u201cshook.\u201d A group of police led by \u201cadvisory minister\u201d Horacio Rocha<a href=\"https:\/\/confidencial.digital\/politica\/policia-desaloja-de-su-oficina-a-alba-luz-ramos-presidenta-de-la-csj\/\"> removed CSJ President Alba Luz Ramos from her office and sent her home.<\/a> Witnesses reported that she left visibly upset, claiming she was being \u201cviolated.\u201d <\/p>\n\n<figure class=\"wp-block-pullquote\"><blockquote><p>\u201cThe de facto suspension of Dr. Alba Luz Ramos evidences Rosario Murillo\u2019s takeover of the judiciary,\u201d a source linked to the Supreme Court told <strong>CONFIDENCIAL<\/strong> in October 2023.<\/p><\/blockquote><\/figure>\n\n<p>In the following days, the same happened to Magistrate Yadira Centeno, president of the Civil and Family Chamber, and the purge continued with other magistrates and officials in the still-called judiciary, affecting over a thousand public employees.<\/p>\n\n<p>Several of Murillo\u2019s fiefdoms\u2014such as public registries and arbitration and mediation offices\u2014were transferred to the Attorney General\u2019s Office. The purge extended so widely that in January 2025,<a href=\"https:\/\/confidencial.digital\/politica\/purgan-a-magistrado-y-a-jueces-verdugos-de-opositores-en-nicaragua\/\"> judges and magistrates who had acted as enforcers of the dictatorship<\/a>\u2014sentencing political prisoners in sham trials or issuing rulings of denationalization and asset confiscation\u2014were also removed. <\/p>\n\n<p>The ruins seem to matter little to the leadership. Almost two years later, Ortega loyalist magistrate Marvin Aguilar remains only as \u201cacting magistrate president\u201d in a hollowed-out CSJ. <\/p>\n\n<hr class=\"wp-block-separator has-alpha-channel-opacity\"\/>\n\n<h2 class=\"wp-block-heading has-text-align-center\" id=\"h-la-purga-alcanza-a-la-familia\">The Purge Reaches the Family<\/h2>\n\n<div class=\"wp-block-essential-blocks-slider root-eb-slider-4p3jc\"><div class=\"eb-parent-wrapper eb-parent-eb-slider-4p3jc \"><div class=\"eb-slider-wrapper eb-slider-4p3jc\" data-blockid=\"eb-slider-4p3jc\" data-version=\"v4\" data-settings=\"eyJhcnJvd3MiOmZhbHNlLCJhZGFwdGl2ZUhlaWdodCI6dHJ1ZSwiYXV0b3BsYXkiOnRydWUsImF1dG9wbGF5U3BlZWQiOjMwMDAsImRvdHMiOnRydWUsImZhZGUiOmZhbHNlLCJpbmZpbml0ZSI6dHJ1ZSwicGF1c2VPbkhvdmVyIjp0cnVlLCJzbGlkZXNUb1Nob3ciOjEsInNwZWVkIjo1MDAsInZlcnRpY2FsIjpmYWxzZSwiY3VycmVudFNsaWRlIjowLCJydGwiOmZhbHNlLCJyZXNwb25zaXZlIjpbeyJicmVha3BvaW50IjoxMDI1LCJzZXR0aW5ncyI6eyJzbGlkZXNUb1Nob3ciOjF9fSx7ImJyZWFrcG9pbnQiOjc2Nywic2V0dGluZ3MiOnsic2xpZGVzVG9TaG93IjoxfX1dfQ==\" data-arrownexticon=\"fas fa-arrow-alt-circle-right\" data-arrowprevicon=\"fas fa-arrow-alt-circle-left\" data-lightbox=\"false\"><div class=\"eb-slider-init eb-slider-type-image\"><div class=\"eb-slider-item content-1\" data-src=\"https:\/\/confidencial.digital\/wp-content\/uploads\/2025\/08\/Humberto-Ortega-con-la-Direccion-Nacional-del-FSLN.jpg\"><div><img class=\"eb-slider-image\" data-lazy=\"https:\/\/confidencial.digital\/wp-content\/uploads\/2025\/08\/Humberto-Ortega-con-la-Direccion-Nacional-del-FSLN.jpg\"><\/div><\/div><div class=\"eb-slider-item content-1\" data-src=\"https:\/\/confidencial.digital\/wp-content\/uploads\/2025\/08\/Daniel-Ortega-y-Humberto-Ortega.jpg\"><div><img class=\"eb-slider-image\" data-lazy=\"https:\/\/confidencial.digital\/wp-content\/uploads\/2025\/08\/Daniel-Ortega-y-Humberto-Ortega.jpg\"><\/div><\/div><div class=\"eb-slider-item content-1\" data-src=\"https:\/\/confidencial.digital\/wp-content\/uploads\/2025\/08\/Humberto-Ortega-y-Daniel-Ortega.jpg\"><div><img class=\"eb-slider-image\" data-lazy=\"https:\/\/confidencial.digital\/wp-content\/uploads\/2025\/08\/Humberto-Ortega-y-Daniel-Ortega.jpg\"><\/div><\/div><div class=\"eb-slider-item content-1\" data-src=\"https:\/\/confidencial.digital\/wp-content\/uploads\/2025\/08\/Humberto-Ortega-como-jefe-del-EPS.jpg\"><div><img class=\"eb-slider-image\" data-lazy=\"https:\/\/confidencial.digital\/wp-content\/uploads\/2025\/08\/Humberto-Ortega-como-jefe-del-EPS.jpg\"><\/div><\/div><div class=\"eb-slider-item content-1\" data-src=\"https:\/\/confidencial.digital\/wp-content\/uploads\/2025\/08\/Humberto-Ortega.jpg\"><div><img class=\"eb-slider-image\" data-lazy=\"https:\/\/confidencial.digital\/wp-content\/uploads\/2025\/08\/Humberto-Ortega.jpg\"><\/div><\/div><\/div><\/div><\/div><\/div>\n\n<h2 class=\"wp-block-heading\" id=\"h-humberto-ortega-saavedra\"><strong>Humberto Ortega<\/strong> Saavedra<\/h2>\n\n<p><a href=\"https:\/\/confidencial.digital\/politica\/perfil-humberto-ortega-murio-como-reo-politico-de-su-hermano-dictador\/\">Humberto Ortega Saavedra<\/a>, retired army general and brother of the dictator, died in the early hours of September 30, 2024, after being under house arrest since May 19 and in total isolation since June 11, by orders of Ortega and Murillo.<\/p>\n\n<p>On June 9, three weeks after being placed under house arrest, the retired general recorded an<a href=\"https:\/\/confidencial.digital\/politica\/humberto-ortega-en-su-ultimo-audio-soy-prisionero-politico\/\"> audio message<\/a> in a call to <strong>CONFIDENCIAL<\/strong> from a cell phone he had hidden at home, after police confiscated all his communication devices during the May raid. In the full message, preserved by the outlet per his wishes, he declared himself a \u201cpolitical prisoner,\u201d denounced his state of isolation, worsening health, and demanded his freedom. <\/p>\n\n<figure class=\"wp-block-embed is-type-video is-provider-youtube wp-block-embed-youtube wp-embed-aspect-16-9 wp-has-aspect-ratio\"><div class=\"wp-block-embed__wrapper\">\n<iframe title=\"\u201cSoy prisionero pol\u00edtico\u201d: La \u00faltima proclama de Humberto Ortega Saavedra\" width=\"500\" height=\"281\" src=\"https:\/\/www.youtube.com\/embed\/Z2MJ87bIehk?feature=oembed\" frameborder=\"0\" allow=\"accelerometer; autoplay; clipboard-write; encrypted-media; gyroscope; picture-in-picture; web-share\" referrerpolicy=\"strict-origin-when-cross-origin\" allowfullscreen><\/iframe>\n<\/div><\/figure>\n\n<p>Neither the Nicaraguan Army nor Ortega\u2019s dictatorship acknowledged the retired general\u2019s transfer to the Military Hospital, nor provided any information about his condition, until three and a half months later, on September 29, when they issued a statement just ten hours before he died in police and military custody.<\/p>\n\n<p>Throughout his public life, <a href=\"https:\/\/confidencial.digital\/politica\/perfil-humberto-ortega-murio-como-reo-politico-de-su-hermano-dictador\/\" target=\"_blank\" rel=\"noreferrer noopener\">Humberto Ortega always boasted of his cunning<\/a>. He demonstrated it in his guerrilla political activity, military career, and as a millionaire businessman, although he rarely spoke of the last role. He was the first chief of the Sandinista Popular Army in 1979 and of the new Nicaraguan Army in 1994. He was also one of nine commanders of the Sandinista National Directorate, a respected and controversial figure alike.   <\/p>\n\n<p>He assumed the role of political negotiator in times of crisis. From that position, he promoted the first political pact with Arnoldo Alem\u00e1n in 1997, after his brother Daniel\u2019s second electoral defeat, and later attempted\u2014unsuccessfully\u2014to resolve the 2018 social unrest. <\/p>\n\n<figure class=\"wp-block-pullquote\"><blockquote><p>In the twilight of his life, Humberto Ortega openly criticized his brother\u2019s dictatorship, with whom he maintained a tumultuous relationship until his final days. In a May 2024 interview with Argentine outlet Infobae, he questioned his brother\u2019s and sister-in-law\u2019s dynastic plan, a statement that led to his imprisonment as a political prisoner and ultimately to his death. <\/p><\/blockquote><\/figure>\n\n<p>Although he held no position after his brother\u2019s return to power, his imprisonment and death as a political prisoner is the most extreme instance of the dictatorship\u2019s guillotine, extending even to the family.<\/p>\n\n<hr class=\"wp-block-separator has-alpha-channel-opacity\"\/>\n\n<h2 class=\"wp-block-heading has-text-align-center\" id=\"h-las-purgas-de-2024\">The 2024 Purges<\/h2>\n\n<p class=\"has-text-align-center\"><em>In 2024, Rosario Murillo\u2019s purge shocked with its decapitations. It reached the top economic management of the state, \u201cremoving\u201d a trusted official, family members tied to the FSLN\u2019s history, and Ortega\u2019s longtime bodyguard. <\/em><\/p>\n\n<h2 class=\"wp-block-heading\" id=\"h-ivan-acosta-montalvan\"><strong>Iv\u00e1n Acosta<\/strong> Montalv\u00e1n<\/h2>\n\n<figure class=\"wp-block-image size-full\"><img decoding=\"async\" width=\"1280\" height=\"720\" src=\"https:\/\/confidencial.digital\/wp-content\/uploads\/2025\/08\/Ivan-Acosta.jpg\" alt=\"Iv&#xE1;n Acosta\" class=\"wp-image-173518\" srcset=\"https:\/\/confidencial.digital\/wp-content\/uploads\/2025\/08\/Ivan-Acosta.jpg 1280w, https:\/\/confidencial.digital\/wp-content\/uploads\/2025\/08\/Ivan-Acosta-300x169.jpg 300w, https:\/\/confidencial.digital\/wp-content\/uploads\/2025\/08\/Ivan-Acosta-1024x576.jpg 1024w, https:\/\/confidencial.digital\/wp-content\/uploads\/2025\/08\/Ivan-Acosta-768x432.jpg 768w, https:\/\/confidencial.digital\/wp-content\/uploads\/2025\/08\/Ivan-Acosta-480x270.jpg 480w\" sizes=\"(max-width: 1280px) 100vw, 1280px\" \/><figcaption class=\"wp-element-caption\">Iv\u00e1n Acosta Montalv\u00e1n, during a press conference as Minister of Finance and Public Credit. \/\/ Photo: CCC <\/figcaption><\/figure>\n\n<p>In June 2024, the dictatorship confirmed the departure of Iv\u00e1n Acosta Montalv\u00e1n as Minister of Finance and Public Credit. News of his exit emerged more than 24 hours earlier, when three sources connected to the former official confirmed his dismissal to <strong>CONFIDENCIAL<\/strong>, although the regime claims it was a \u201c<a href=\"https:\/\/confidencial.digital\/economia\/ivan-acosta-ministro-de-hacienda-operador-economico-nicaragua\/\">resignation<\/a>.\u201d <\/p>\n\n<figure class=\"wp-block-pullquote\"><blockquote><p>As Minister of Finance since early February 2012, Iv\u00e1n Acosta was one of the regime\u2019s main economic operators and a loyal ally of Murillo.<\/p><\/blockquote><\/figure>\n\n<p>However, on June 18, 2024, agents from the National Police, serving the Directorate of Judicial Assistance, raided his office and residence. At the time, he was not detained by the police and was later seen at a restaurant.<\/p>\n\n<p>A month later, Ortega appointed him \u201cPresidential Advisor to the President of the Republic for International Organizations,\u201d <a href=\"https:\/\/confidencial.digital\/economia\/inventan-cargo-para-ivan-acosta-destituido-ministro-de-hacienda\/\">a position that did not exist <\/a>until June 28, when it was published in the official gazette, La Gaceta.<\/p>\n\n<p>Then, in October, Acosta was <a href=\"https:\/\/confidencial.digital\/economia\/detienen-por-segunda-vez-a-ivan-acosta-exministro-de-hacienda\/\">detained again<\/a> by the police, with no public explanation given for his June removal.<\/p>\n\n<p>His downfall has been linked to the former treasury head, <a href=\"https:\/\/confidencial.digital\/economia\/juan-jose-montoya-extesorero-de-hacienda-en-nicaragua\/\">Juan Jos\u00e9 Montoya,<\/a> who has been in detention since mid-April 2024 on allegations of money laundering and \u201cunauthorized corruption.\u201d Although no formal charges against Montoya have been made public, <a href=\"https:\/\/confidencial.digital\/en\/english\/regime-seizes-six-luxury-properties-from-nicaraguas-former-treasury-secretary\/\">six luxurious properties <\/a>attributed to him were confiscated and redistributed by the regime following his \u201cfall from grace\u201d and imprisonment. <\/p>\n\n<h2 class=\"wp-block-heading\" id=\"h-carlos-fonseca-teran\"><strong>Carlos Fonseca Ter\u00e1n<\/strong><\/h2>\n\n<figure class=\"wp-block-image size-full\"><img decoding=\"async\" width=\"1280\" height=\"720\" src=\"https:\/\/confidencial.digital\/wp-content\/uploads\/2025\/08\/Daniel-Ortega-con-Carlos-Fonseca-Teran.jpg\" alt=\"Carlos Fonseca Ter&#xE1;n\" class=\"wp-image-173520\" srcset=\"https:\/\/confidencial.digital\/wp-content\/uploads\/2025\/08\/Daniel-Ortega-con-Carlos-Fonseca-Teran.jpg 1280w, https:\/\/confidencial.digital\/wp-content\/uploads\/2025\/08\/Daniel-Ortega-con-Carlos-Fonseca-Teran-300x169.jpg 300w, https:\/\/confidencial.digital\/wp-content\/uploads\/2025\/08\/Daniel-Ortega-con-Carlos-Fonseca-Teran-1024x576.jpg 1024w, https:\/\/confidencial.digital\/wp-content\/uploads\/2025\/08\/Daniel-Ortega-con-Carlos-Fonseca-Teran-768x432.jpg 768w, https:\/\/confidencial.digital\/wp-content\/uploads\/2025\/08\/Daniel-Ortega-con-Carlos-Fonseca-Teran-480x270.jpg 480w\" sizes=\"(max-width: 1280px) 100vw, 1280px\" \/><figcaption class=\"wp-element-caption\">Carlos Fonseca Ter\u00e1n with Daniel Ortega during a ceremony marking the 43rd anniversary of the assassination of his father, Carlos Fonseca Amador, founder of the FSLN. \/\/ Photo: CCC <\/figcaption><\/figure>\n\n<p>Carlos Fonseca Ter\u00e1n, son of FSLN founder Carlos Fonseca Amador, a Sandinista militant and staunch defender of the Ortega-Murillo regime, <a href=\"https:\/\/confidencial.digital\/nacion\/detencion-domiciliaria-a-carlos-fonseca-teran-hijo-de-fundador-del-fsln\/\">was arrested at his home in Managua on July 26, 2024<\/a>. Neither the police nor the prosecutor\u2019s office have disclosed the reasons, but several sources linked to the FSLN indicate it was mainly due to his role as coordinator of a WhatsApp group called \u201cLa Comuna.\u201d In that chat, Fonseca held critical conversations about the government with around ten other Sandinistas, though without rejecting Ortega\u2019s leadership.  <\/p>\n\n<p>Fonseca was placed in total isolation: his and his wife Arlen Cuadra\u2019s phones and computers were confiscated. Cuadra, a labor court magistrate, had been dismissed months earlier during one of the Supreme Court purges. Their son, Carlos Manuel Fonseca L\u00f3pez, was also fired from his position at the investment agency ProNicaragua, where he had worked for eight years. <\/p>\n\n<p>The scope of this purge extends beyond Fonseca Ter\u00e1n and includes at least <a href=\"https:\/\/confidencial.digital\/nacion\/carlos-fonseca-teran-y-diez-miembros-de-la-comuna-cumplen-un-mes-presos-y-aislados\/\">a dozen Sandinistas who participated in the WhatsApp group \u201cLa Comuna,\u201d<\/a> including university professors Rigoberto Ramos, Ernesto Paredes, Frank Matus, and Christian Eduardo Berm\u00fadez; lawyer Alejandro Taleno; administrator Gustavo Zapata; and artist Jos\u00e9 Antonio Berm\u00fadez. <\/p>\n\n<figure class=\"wp-block-pullquote\"><blockquote><p>Ter\u00e1n held no official position nor was he a direct operator of the dictatorship, but his detention is significant because of the weight of his surname in FSLN history.<\/p><\/blockquote><\/figure>\n\n<p>Although publicly he remained an unconditional supporter of the regime, his allegedly moderate private criticisms were enough to trigger the repressive machinery of a government that tolerates no dissent\u2014even from its most loyal defenders.<\/p>\n\n<h2 class=\"wp-block-heading\" id=\"h-alberto-acuna-aviles\"><strong>Alberto Acu\u00f1a Avil\u00e9s<\/strong><\/h2>\n\n<figure class=\"wp-block-image size-full\"><img decoding=\"async\" width=\"1280\" height=\"720\" src=\"https:\/\/confidencial.digital\/wp-content\/uploads\/2025\/08\/Alberto-Acuna-con-Daniel-Ortega.jpg\" alt=\"Alberto Acu&#xF1;a\" class=\"wp-image-173522\" srcset=\"https:\/\/confidencial.digital\/wp-content\/uploads\/2025\/08\/Alberto-Acuna-con-Daniel-Ortega.jpg 1280w, https:\/\/confidencial.digital\/wp-content\/uploads\/2025\/08\/Alberto-Acuna-con-Daniel-Ortega-300x169.jpg 300w, https:\/\/confidencial.digital\/wp-content\/uploads\/2025\/08\/Alberto-Acuna-con-Daniel-Ortega-1024x576.jpg 1024w, https:\/\/confidencial.digital\/wp-content\/uploads\/2025\/08\/Alberto-Acuna-con-Daniel-Ortega-768x432.jpg 768w, https:\/\/confidencial.digital\/wp-content\/uploads\/2025\/08\/Alberto-Acuna-con-Daniel-Ortega-480x270.jpg 480w\" sizes=\"(max-width: 1280px) 100vw, 1280px\" \/><figcaption class=\"wp-element-caption\">Daniel Ortega embraces Marcos Alberto Acu\u00f1a during his promotion to general commissioner, September 2014. \/\/ Photo: CCC <\/figcaption><\/figure>\n\n<p>The<a href=\"https:\/\/confidencial.digital\/nacion\/rosario-murillo-destituye-al-jefe-de-escolta-policial-de-daniel-ortega\/\"> dismissal and dishonorable discharge of Ortega\u2019s presidential bodyguard chief,<\/a> General Commissioner Marcos Alberto Acu\u00f1a Avil\u00e9s, was confirmed by the National Police in August 2024, hours after <strong>CONFIDENCIAL<\/strong> reported that Murillo had ordered the measure on July 24.<\/p>\n\n<p>Acu\u00f1a had been part of Ortega\u2019s personal security team since the 1990s and became head of the presidential escort on January 10, 2007. In 2014, Ortega promoted him to general commissioner. <\/p>\n\n<figure class=\"wp-block-pullquote\"><blockquote><p>After serving Ortega\u2019s personal security for more than 25 years, Acu\u00f1a was accused of flagrantly disobeying \u201csuperior orders, endangering citizen safety,\u201d according to the police press release.<\/p><\/blockquote><\/figure>\n\n<p>Sources linked to the National Police revealed that in recent months there were visible \u201ctensions\u201d between Murillo and Acu\u00f1a. They detailed that the order for his removal came after \u201ca discussion\u201d with her over a situation and issue that could not be identified.<\/p>\n\n<hr class=\"wp-block-separator has-alpha-channel-opacity\"\/>\n\n<h2 class=\"wp-block-heading has-text-align-center\" id=\"h-los-verdugos-tambien-caen\">The Executioners Also Fall<\/h2>\n\n<p class=\"has-text-align-center\"><em>A retired general commissioner was \u201crevived\u201d with a clear task: to carry out the regime\u2019s purges. He was so effective that some began calling him the<a href=\"https:\/\/confidencial.digital\/politica\/las-purgas-del-policia-superministro-horacio-rocha\/\"> \u201cAngel of Death,\u201d<\/a> because when he appeared at an official\u2019s office, it was only to make their head roll. Equally \u201cefficient\u201d was the university rector who led the crackdown on students during the 2018 protests, helped close and confiscate nearly 40 universities, and enabled indoctrination in classrooms, earning the title of <a href=\"https:\/\/confidencial.digital\/nacion\/cae-ramona-rodriguez-verdugo-de-la-autonomia-universitaria\/\">\u201cexecutioner of university autonomy.\u201d <\/a>But\u2014when their turn came\u2014neither escaped Rosario Murillo\u2019s purge.   <\/em><\/p>\n\n<h2 class=\"wp-block-heading\" id=\"h-horacio-rocha-lopez\"><strong>Horacio Rocha<\/strong> L\u00f3pez<\/h2>\n\n<figure class=\"wp-block-image size-full\"><img decoding=\"async\" width=\"1280\" height=\"720\" src=\"https:\/\/confidencial.digital\/wp-content\/uploads\/2025\/08\/Horacio-Rocha.jpg\" alt=\"Horacio Rocha with Daniel Ortega\" class=\"wp-image-173526\" srcset=\"https:\/\/confidencial.digital\/wp-content\/uploads\/2025\/08\/Horacio-Rocha.jpg 1280w, https:\/\/confidencial.digital\/wp-content\/uploads\/2025\/08\/Horacio-Rocha-300x169.jpg 300w, https:\/\/confidencial.digital\/wp-content\/uploads\/2025\/08\/Horacio-Rocha-1024x576.jpg 1024w, https:\/\/confidencial.digital\/wp-content\/uploads\/2025\/08\/Horacio-Rocha-768x432.jpg 768w, https:\/\/confidencial.digital\/wp-content\/uploads\/2025\/08\/Horacio-Rocha-480x270.jpg 480w\" sizes=\"(max-width: 1280px) 100vw, 1280px\" \/><figcaption class=\"wp-element-caption\">Horacio Rocha (center) with Daniel Ortega during a police graduation, December 2023. Left: Zhukov Serrano, head of police research and intelligence. \/\/ Photo: CCC  <\/figcaption><\/figure>\n\n<p>Retired General Commissioner Horacio Rocha L\u00f3pez, revived as <a href=\"https:\/\/confidencial.digital\/politica\/las-purgas-del-policia-superministro-horacio-rocha\/\">\u201cPresidential Security Advisor\u201d <\/a>and the main executor of the purges in the state, police, and ruling party between December 2022 and September 2024, was <a href=\"https:\/\/confidencial.digital\/politica\/cae-el-policia-superministro-horacio-rocha-por-ordenes-de-rosario-murillo\/\">removed from his post<\/a> in the third week of January 2025, also on Murillo\u2019s orders.<\/p>\n\n<figure class=\"wp-block-pullquote\"><blockquote><p>\u201cRocha has been removed from all his functions, with no explanation given,\u201d a source linked to the Ministry of the Interior and National Police told <strong>CONFIDENCIAL<\/strong>. Another source linked to the FSLN stated that Rocha\u2019s fall was due to overstepping his authority.  <\/p><\/blockquote><\/figure>\n\n<p>The once-powerful presidential advisor \u201cassumed powers to investigate high-ranking officials and institutions\u201d in the power structure \u201cwithout authorization,\u201d the source explained. Since January 2025, Rocha has been at home, stripped of all functions. <\/p>\n\n<h2 class=\"wp-block-heading\" id=\"h-ramona-rodriguez-perez\"><strong>Ramona Rodr\u00edguez<\/strong> P\u00e9rez<\/h2>\n\n<figure class=\"wp-block-image size-full\"><img decoding=\"async\" width=\"1280\" height=\"720\" src=\"https:\/\/confidencial.digital\/wp-content\/uploads\/2025\/08\/Ramona-Rodriguez.jpg\" alt=\"Ramona Rodr&#xED;guez\" class=\"wp-image-173528\" srcset=\"https:\/\/confidencial.digital\/wp-content\/uploads\/2025\/08\/Ramona-Rodriguez.jpg 1280w, https:\/\/confidencial.digital\/wp-content\/uploads\/2025\/08\/Ramona-Rodriguez-300x169.jpg 300w, https:\/\/confidencial.digital\/wp-content\/uploads\/2025\/08\/Ramona-Rodriguez-1024x576.jpg 1024w, https:\/\/confidencial.digital\/wp-content\/uploads\/2025\/08\/Ramona-Rodriguez-768x432.jpg 768w, https:\/\/confidencial.digital\/wp-content\/uploads\/2025\/08\/Ramona-Rodriguez-480x270.jpg 480w\" sizes=\"(max-width: 1280px) 100vw, 1280px\" \/><figcaption class=\"wp-element-caption\">Ramona Rodr\u00edguez with Rosario Murillo and Daniel Ortega, when she was awarded the Rub\u00e9n Dar\u00edo Order of Cultural Independence, December 2018. \/\/ Photo: CCC <\/figcaption><\/figure>\n\n<p>Ramona Rodr\u00edguez, now former president of the National Council of Universities (CNU), was the main executioner of Nicaraguan universities. She coordinated with the Directorate General for the Control of Non-Profit Organizations to cancel the legal status of 37 private universities and confiscate their properties. She was primarily responsible for the hunt and \u201cacademic death\u201d of more than a hundred students expelled from the National Autonomous University of Nicaragua (UNAN \u2013 Managua), which she oversaw. <\/p>\n\n<figure class=\"wp-block-pullquote\"><blockquote><p>In 2018, she allowed paramilitary groups and police to enter campuses and shoot at students barricaded inside. She was also responsible for dismantling university autonomy, promoting political indoctrination in universities, and violating the labor rights of employees dismissed for protesting against the regime. <\/p><\/blockquote><\/figure>\n\n<p>She was <a href=\"https:\/\/confidencial.digital\/nacion\/cae-ramona-rodriguez-verdugo-de-la-autonomia-universitaria\/\">removed<\/a> as president of the CNU and rector of UNAN \u2013 Managua in May 2025. <a href=\"https:\/\/confidencial.digital\/nacion\/reaparece-ramona-rodriguez-en-nueva-universidad-la-sandino\/\">Days after her dismissal<\/a>, she reappeared publicly to assume a position without real power: taking charge of the National Training Center for Entrepreneurs \u201cLa Sandino,\u201d established in the offices of the Center for Rural and Social Development Promotion, Research, and Training (Cipres), confiscated from FSLN \u201cideologue\u201d Orlando N\u00fa\u00f1ez in March 2025.<\/p>\n\n<hr class=\"wp-block-separator has-alpha-channel-opacity\"\/>\n\n<h2 class=\"wp-block-heading has-text-align-center\" id=\"h-las-purgas-mas-recientes\">The Most Recent Purges<\/h2>\n\n<p class=\"has-text-align-center\"><em>The arrests of long-time political and economic operators of the FSLN, close to Ortega, are seen as moves beyond Murillo\u2019s personal purge. In the words of guerrilla commander, dissident, historian, and exiled political prisoner Dora Mar\u00eda T\u00e9llez, the evidence is clear: <a href=\"https:\/\/confidencial.digital\/en\/policy\/loyalty-no-longer-pays-off-under-the-ortega-murillo-regime\/\" target=\"_blank\" rel=\"noreferrer noopener\">\u201cBeing unconditional to Daniel Ortega, or even Rosario Murillo, no longer pays off; it brings no reward.\u201d<\/a> <\/em><\/p>\n\n<h2 class=\"wp-block-heading\" id=\"h-alvaro-baltodano-cantarero\"><strong>\u00c1lvaro Baltodano Cantarero<\/strong><\/h2>\n\n<figure class=\"wp-block-image size-full\"><img decoding=\"async\" width=\"1280\" height=\"720\" src=\"https:\/\/confidencial.digital\/wp-content\/uploads\/2025\/08\/Alvaro-Baltodano-Cantarero.jpg\" alt=\"&#xC1;lvaro Baltodano Cantarero\" class=\"wp-image-173530\" srcset=\"https:\/\/confidencial.digital\/wp-content\/uploads\/2025\/08\/Alvaro-Baltodano-Cantarero.jpg 1280w, https:\/\/confidencial.digital\/wp-content\/uploads\/2025\/08\/Alvaro-Baltodano-Cantarero-300x169.jpg 300w, https:\/\/confidencial.digital\/wp-content\/uploads\/2025\/08\/Alvaro-Baltodano-Cantarero-1024x576.jpg 1024w, https:\/\/confidencial.digital\/wp-content\/uploads\/2025\/08\/Alvaro-Baltodano-Cantarero-768x432.jpg 768w, https:\/\/confidencial.digital\/wp-content\/uploads\/2025\/08\/Alvaro-Baltodano-Cantarero-480x270.jpg 480w\" sizes=\"(max-width: 1280px) 100vw, 1280px\" \/><figcaption class=\"wp-element-caption\">\u00c1lvaro Baltodano Cantarero with then-Cosep president Jos\u00e9 Ad\u00e1n Aguerri, October 2015. \/\/ Photo: El 19 Digital <\/figcaption><\/figure>\n\n<p>Retired Brigadier General \u00c1lvaro Baltodano Cantarero was arrested in May 2025 and <a href=\"https:\/\/confidencial.digital\/en\/english\/retired-general-alvaro-baltodano-sentenced-to-20-years-in-prison-assets-confiscated\/\">sentenced to 20 years in prison<\/a> for the alleged crime of \u201ctreason against the homeland,\u201d with all his assets ordered confiscated on June 9 in a summary trial via videoconference at La Modelo prison in Managua.<\/p>\n\n<p>On August 14, the renamed Attorney General\u2019s Office also announced the \u201cdefinitive\u201d<a href=\"https:\/\/confidencial.digital\/economia\/confirman-cancelacion-de-planta-geotermica-momotombo-en-nicaragua\/\"> cancellation of the Momotombo Geothermal Plant concession contract, <\/a>citing links to \u201c20 shell companies\u201d under Momotombo Power Company, controlled by Baltodano, his son, businessman \u00c1lvaro Baltodano Monroy (<a href=\"https:\/\/confidencial.digital\/nacion\/policia-captura-a-alvaro-baltodano-monroy-hijo-del-general-alvaro-baltodano\/\">detained in July<\/a>), and three foreign investors.<\/p>\n\n<p>Baltodano was a guerrilla commander of the FSLN and participated in the 1979 Matagalpa insurrection as one of the leaders of the Northern Front. He joined the Sandinista Popular Army in July 1979, holding high military positions during the war against the counter-revolution throughout the 1980s. He retired from the army in April 2000 as a brigadier general.   <\/p>\n\n<figure class=\"wp-block-pullquote\"><blockquote><p>Alongside Lenin Cerna and Dionisio Marenco, Baltodano became one of Ortega\u2019s most trusted political operators, managing opposition affairs between 2000 and 2006. In 2006, he also represented the FSLN in the United Alliance Nicaragua Triumphs, through which Ortega returned to power. <\/p><\/blockquote><\/figure>\n\n<p>After the electoral victory, he was appointed president of the National Free Trade Zones Commission and, between 2009 and 2017, together with presidential economic advisor Bayardo Arce, served as one of Ortega\u2019s liaisons with major private sector business leaders. He also consolidated his influence as president of the Investment and Export Promotion Agency (ProNicaragua). <\/p>\n\n<p>In 2017, he was appointed \u201cPresidential Delegate Minister for Investment Promotion and Foreign Trade Facilitation,\u201d a position from which he was removed in October 2022, withdrawing from public political activity in the FSLN.<\/p>\n\n<h2 class=\"wp-block-heading\" id=\"h-bayardo-arce-castano\"><strong>Bayardo Arce Casta\u00f1o<\/strong><\/h2>\n\n<div class=\"wp-block-essential-blocks-slider root-eb-slider-2jnn5\"><div class=\"eb-parent-wrapper eb-parent-eb-slider-2jnn5 \"><div class=\"eb-slider-wrapper eb-slider-2jnn5\" data-blockid=\"eb-slider-2jnn5\" data-version=\"v4\" data-settings=\"eyJhcnJvd3MiOmZhbHNlLCJhZGFwdGl2ZUhlaWdodCI6dHJ1ZSwiYXV0b3BsYXkiOnRydWUsImF1dG9wbGF5U3BlZWQiOjMwMDAsImRvdHMiOnRydWUsImZhZGUiOmZhbHNlLCJpbmZpbml0ZSI6dHJ1ZSwicGF1c2VPbkhvdmVyIjp0cnVlLCJzbGlkZXNUb1Nob3ciOjEsInNwZWVkIjo1MDAsInZlcnRpY2FsIjpmYWxzZSwiY3VycmVudFNsaWRlIjowLCJydGwiOmZhbHNlLCJyZXNwb25zaXZlIjpbeyJicmVha3BvaW50IjoxMDI1LCJzZXR0aW5ncyI6eyJzbGlkZXNUb1Nob3ciOjF9fSx7ImJyZWFrcG9pbnQiOjc2Nywic2V0dGluZ3MiOnsic2xpZGVzVG9TaG93IjoxfX1dfQ==\" data-arrownexticon=\"fas fa-arrow-alt-circle-right\" data-arrowprevicon=\"fas fa-arrow-alt-circle-left\" data-lightbox=\"false\"><div class=\"eb-slider-init eb-slider-type-image\"><div class=\"eb-slider-item content-1\" data-src=\"https:\/\/confidencial.digital\/wp-content\/uploads\/2025\/08\/Bayardo-Arce-en-los-ochenta.jpg\"><div><img class=\"eb-slider-image\" data-lazy=\"https:\/\/confidencial.digital\/wp-content\/uploads\/2025\/08\/Bayardo-Arce-en-los-ochenta.jpg\"><\/div><\/div><div class=\"eb-slider-item content-1\" data-src=\"https:\/\/confidencial.digital\/wp-content\/uploads\/2025\/08\/Bayardo-Arce-con-Daniel-Ortega-en-un-concreso-sandinista.jpg\"><div><img class=\"eb-slider-image\" data-lazy=\"https:\/\/confidencial.digital\/wp-content\/uploads\/2025\/08\/Bayardo-Arce-con-Daniel-Ortega-en-un-concreso-sandinista.jpg\"><\/div><\/div><div class=\"eb-slider-item content-1\" data-src=\"https:\/\/confidencial.digital\/wp-content\/uploads\/2025\/08\/Bayardo-Arce-con-Rosario-Murillo.jpg\"><div><img class=\"eb-slider-image\" data-lazy=\"https:\/\/confidencial.digital\/wp-content\/uploads\/2025\/08\/Bayardo-Arce-con-Rosario-Murillo.jpg\"><\/div><\/div><div class=\"eb-slider-item content-1\" data-src=\"https:\/\/confidencial.digital\/wp-content\/uploads\/2025\/08\/Bayardo-Arce-en-una-actividad-empresarial.jpg\"><div><img class=\"eb-slider-image\" data-lazy=\"https:\/\/confidencial.digital\/wp-content\/uploads\/2025\/08\/Bayardo-Arce-en-una-actividad-empresarial.jpg\"><\/div><\/div><div class=\"eb-slider-item content-1\" data-src=\"https:\/\/confidencial.digital\/wp-content\/uploads\/2025\/08\/Bayardo-Arce-en-una-reunion-con-empresarios.jpg\"><div><img class=\"eb-slider-image\" data-lazy=\"https:\/\/confidencial.digital\/wp-content\/uploads\/2025\/08\/Bayardo-Arce-en-una-reunion-con-empresarios.jpg\"><\/div><\/div><\/div><\/div><\/div><\/div>\n\n<p>Presidential economic advisor Bayardo Arce Casta\u00f1o, former member of the FSLN National Directorate, was the main operator of the regime\u2019s economic alliances with large private sector capital. He acted as the government\u2019s official counterpart to the Superior Council of Private Enterprise (Cosep), under the \u201c<a href=\"https:\/\/confidencial.digital\/opinion\/modelo-cosep-o-el-regimen-de-ortega\/\">dialogue and consensus model,\u201d<\/a> which broke down in April 2018 when Cosep condemned the repression and massacre of civic protests. <\/p>\n\n<p>A former revolutionary commander, he had always carried political weight within the FSLN, especially among Sandinista businessmen and the judiciary. Loyal to the party and private enterprise, he managed his political capital with caution and pragmatism, avoiding contradictions with Ortega and emphasizing his usefulness to the regime in both the economy and business. <\/p>\n\n<p>However, at midnight on July 30, 2025, Arce was captured in a major police operation during a<a href=\"https:\/\/confidencial.digital\/en\/policy\/co-dictators-threaten-advisor-bayardo-arce-over-transactions-outside-the-state\/\"> raid on his home in southern Villa Fontana<\/a>. The arrest took place five hours after the Attorney General issued a statement saying Arce had failed to respond to two interview requests in an investigation into \u201ctransactions outside the State.\u201d <\/p>\n\n<p>He remains imprisoned in an undisclosed location and has not been formally charged by the Attorney General or the newly renamed Prosecutor\u2019s Office. Ortega has not publicly commented on his detention. <\/p>\n\n<h2 class=\"wp-block-heading\" id=\"h-nestor-moncada-lau\"><strong>N\u00e9stor Moncada Lau<\/strong><\/h2>\n\n<figure class=\"wp-block-image size-large\"><img decoding=\"async\" width=\"1024\" height=\"576\" src=\"https:\/\/confidencial.digital\/wp-content\/uploads\/2025\/08\/Nestor-Moncada-Lau-1-1024x576.jpg\" alt=\"N&#xE9;stor Moncada Lau\" class=\"wp-image-173542\" srcset=\"https:\/\/confidencial.digital\/wp-content\/uploads\/2025\/08\/Nestor-Moncada-Lau-1-1024x576.jpg 1024w, https:\/\/confidencial.digital\/wp-content\/uploads\/2025\/08\/Nestor-Moncada-Lau-1-300x169.jpg 300w, https:\/\/confidencial.digital\/wp-content\/uploads\/2025\/08\/Nestor-Moncada-Lau-1-768x432.jpg 768w, https:\/\/confidencial.digital\/wp-content\/uploads\/2025\/08\/Nestor-Moncada-Lau-1-480x270.jpg 480w, https:\/\/confidencial.digital\/wp-content\/uploads\/2025\/08\/Nestor-Moncada-Lau-1.jpg 1280w\" sizes=\"(max-width: 1024px) 100vw, 1024px\" \/><figcaption class=\"wp-element-caption\">N\u00e9stor Moncada Lau has been the \u201cguardian of El Carmen\u2019s secrets,\u201d operating permanently in the shadows. This is one of the last available photos of him. \/\/ Photo: Archive | CONFIDENCIAL  <\/figcaption><\/figure>\n\n<p>National security advisor to the co-dictators, N\u00e9stor Moncada Lau, one of the main political operators of repression and the police state in Nicaragua since 2018,<a href=\"https:\/\/confidencial.digital\/en\/policy\/nestor-moncada-lau-ortega-and-murillos-security-advisor-imprisoned\/\"> was imprisoned in La Modelo National Penitentiary <\/a>on the morning of Saturday, August 16, 2025, on Murillo\u2019s orders, confirmed <strong>CONFIDENCIAL<\/strong> sources linked to the National Police. <\/p>\n\n<figure class=\"wp-block-pullquote\"><blockquote><p>Moncada Lau, a former State Security officer in the 1980s, assumed full control over security in the FSLN Secretariat after the dismissal of Lenin Cerna and his team, also ordered by Murillo in 2011. He is described as \u201cthe guardian of El Carmen\u2019s secrets.\u201d <\/p><\/blockquote><\/figure>\n\n<p>He was first captured by police at his home in El Rodeo on the night of Thursday, August 14, and taken to the Judicial Assistance Directorate at El Chipote for questioning. He was then returned home on Friday afternoon under police surveillance. However, on the morning of Saturday, August 16, he was again taken into custody and transferred to La Modelo, though he has not officially been charged by the Attorney General or Prosecutor\u2019s Office.  <\/p>\n\n<hr class=\"wp-block-separator has-alpha-channel-opacity\"\/>\n\n<h2 class=\"wp-block-heading has-text-align-center\" id=\"h-hasta-donde-llegara-la-purga-de-rosario-murillo\">How Far Will Rosario Murillo\u2019s Purge Go?<\/h2>\n\n<div class=\"wp-block-essential-blocks-slider root-eb-slider-sp2c9\"><div class=\"eb-parent-wrapper eb-parent-eb-slider-sp2c9 \"><div class=\"eb-slider-wrapper eb-slider-sp2c9\" data-blockid=\"eb-slider-sp2c9\" data-version=\"v4\" data-settings=\"eyJhcnJvd3MiOmZhbHNlLCJhZGFwdGl2ZUhlaWdodCI6dHJ1ZSwiYXV0b3BsYXkiOnRydWUsImF1dG9wbGF5U3BlZWQiOjMwMDAsImRvdHMiOnRydWUsImZhZGUiOmZhbHNlLCJpbmZpbml0ZSI6dHJ1ZSwicGF1c2VPbkhvdmVyIjp0cnVlLCJzbGlkZXNUb1Nob3ciOjEsInNwZWVkIjo1MDAsInZlcnRpY2FsIjpmYWxzZSwiY3VycmVudFNsaWRlIjowLCJydGwiOmZhbHNlLCJyZXNwb25zaXZlIjpbeyJicmVha3BvaW50IjoxMDI1LCJzZXR0aW5ncyI6eyJzbGlkZXNUb1Nob3ciOjF9fSx7ImJyZWFrcG9pbnQiOjc2Nywic2V0dGluZ3MiOnsic2xpZGVzVG9TaG93IjoxfX1dfQ==\" data-arrownexticon=\"fas fa-arrow-alt-circle-right\" data-arrowprevicon=\"fas fa-arrow-alt-circle-left\" data-lightbox=\"false\"><div class=\"eb-slider-init eb-slider-type-content\"><div class=\"eb-slider-item content-2\" data-src=\"https:\/\/confidencial.digital\/wp-content\/uploads\/2025\/08\/Toma-de-posesion-2007.jpg\"><div><img class=\"eb-slider-image\" data-lazy=\"https:\/\/confidencial.digital\/wp-content\/uploads\/2025\/08\/Toma-de-posesion-2007.jpg\"><\/div><div class=\"eb-slider-content align-left\"><p class=\"eb-slider-title\">Rosario Murillo and Daniel Ortega at the 2007 inauguration. Next to Murillo, Lenin Cerna, former head of the DGSE. \/\/ Photo: La Prensa Archive  <\/p><div class=\"eb-slider-button-wrapper\"><\/div><\/div><\/div><div class=\"eb-slider-item content-2\" data-src=\"https:\/\/confidencial.digital\/wp-content\/uploads\/2025\/08\/Toma-de-posesion-2012.jpg\"><div><img class=\"eb-slider-image\" data-lazy=\"https:\/\/confidencial.digital\/wp-content\/uploads\/2025\/08\/Toma-de-posesion-2012.jpg\"><\/div><div class=\"eb-slider-content align-left\"><p class=\"eb-slider-title\">Rosario Murillo and Daniel Ortega at the 2012 inauguration. Ortega was elected on a ticket with former Army chief Omar Halleslevens. \/\/ Photo: CCC  <\/p><div class=\"eb-slider-button-wrapper\"><\/div><\/div><\/div><div class=\"eb-slider-item content-2\" data-src=\"https:\/\/confidencial.digital\/wp-content\/uploads\/2025\/08\/Toma-de-posesion-2017.jpg\"><div><img class=\"eb-slider-image\" data-lazy=\"https:\/\/confidencial.digital\/wp-content\/uploads\/2025\/08\/Toma-de-posesion-2017.jpg\"><\/div><div class=\"eb-slider-content align-left\"><p class=\"eb-slider-title\">Rosario Murillo adjusts Daniel Ortega\u2019s presidential sash at the 2017 inauguration, when she was sworn in as vice president. \/\/ Photo: CCC <\/p><div class=\"eb-slider-button-wrapper\"><\/div><\/div><\/div><div class=\"eb-slider-item content-2\" data-src=\"https:\/\/confidencial.digital\/wp-content\/uploads\/2025\/08\/Toma-de-posesion-2022.jpg\"><div><img class=\"eb-slider-image\" data-lazy=\"https:\/\/confidencial.digital\/wp-content\/uploads\/2025\/08\/Toma-de-posesion-2022.jpg\"><\/div><div class=\"eb-slider-content align-left\"><p class=\"eb-slider-title\">Ortega and Murillo at the 2017 inauguration, when they were sworn in as president and vice president after imprisoning the opposition candidates. \/\/ Photo: CCC <\/p><div class=\"eb-slider-button-wrapper\"><\/div><\/div><\/div><\/div><\/div><\/div><\/div>\n\n<p>The purge of these \u201clast loyalists to Daniel Ortega\u201d also generates \u201cunease and uncertainty\u201d among the so-called \u201chistorical Sandinistas.\u201d The phrase <a href=\"https:\/\/confidencial.digital\/en\/english\/rosario-murillos-guillotine-can-fall-on-anyone-sandinistas-fear\/\">\u201canyone can fall under Rosario Murillo\u2019s guillotine<\/a>\u201d has become a real fear among Sandinistas and public officials. Even as Murillo positions herself to inherit power, the internal unrest caused by her purge raises serious doubts about the political viability of a dynastic succession in Nicaragua.  <\/p>\n\n<div class=\"wp-block-essential-blocks-call-to-action root-eb-call-to-action-fmky5\"><div class=\"eb-parent-wrapper eb-parent-eb-call-to-action-fmky5 \"><div class=\"eb-cia-wrapper eb-call-to-action-fmky5\" data-icon=\"fas fa-envelope\"><div class=\"eb-cia-text-wrapper\"><i class=\"fas fa-envelope eb-cia-icon\" icon=\"fas fa-envelope\"><\/i><h3 class=\"eb-cia-title\"><strong>How Far Will Rosario Murillo\u2019s Purge Go?<\/strong><\/h3><p class=\"eb-cia-description\">Share Your Thoughts<br>Send your comments or feedback on this report securely to: <a href=\"mailto:info@confidencial.digital\">info@confidencial.digital<\/a><\/p><\/div><\/div><\/div><\/div>\n\n<hr class=\"wp-block-separator has-alpha-channel-opacity\"\/>\n\n<p><em>Editor\u2019s note: The illustrations in this report were created by<\/em> <strong>CONFIDENCIAL<\/strong><em>, inspired by the Netflix series Squid Game, and animated with Veo, Google\u2019s AI for video.<\/em><\/p>\n","protected":false},"excerpt":{"rendered":"<p>Since Daniel Ortega\u2019s return to power in 2007, Rosario Murillo has overseen a continuous \u201cpolitical decapitation\u201d of figures close to and loyal to Ortega, consolidating her own influence within the inner circle of power. Murillo\u2019s political purge intensified after she became vice president, and by 2025, upon taking the role of \u201cco-president,\u201d it shows no [&hellip;]<\/p>\n","protected":false},"author":10,"featured_media":173614,"comment_status":"closed","ping_status":"closed","sticky":false,"template":"","format":"standard","meta":{"_acf_changed":false,"_eb_attr":"","_eb_data_table":"","footnotes":""},"categories":[15445,15449],"tags":[],"class_list":["post-173664","post","type-post","status-publish","format-standard","has-post-thumbnail","hentry","category-english","category-policy"],"acf":[],"yoast_head":"<!-- This site is optimized with the Yoast SEO Premium plugin v27.4 (Yoast SEO v27.4) - https:\/\/yoast.com\/product\/yoast-seo-premium-wordpress\/ -->\n<title>Rosario Murillo\u2019s Purge: Who Has \u201cFallen\u201d in Nicaragua?<\/title>\n<meta name=\"description\" content=\"Discover who they are and how they fell in Rosario Murillo\u2019s purge in Nicaragua, targeting Daniel Ortega\u2019s trusted operators.\" \/>\n<meta name=\"robots\" content=\"index, follow, max-snippet:-1, max-image-preview:large, max-video-preview:-1\" \/>\n<link rel=\"canonical\" href=\"https:\/\/confidencial.digital\/en\/policy\/rosario-murillos-great-political-purge-in-nicaragua\/\" \/>\n<meta property=\"og:locale\" content=\"en_US\" \/>\n<meta property=\"og:type\" content=\"article\" \/>\n<meta property=\"og:title\" content=\"Rosario Murillo\u2019s \u201cGreat Political Purge\u201d in Nicaragua\" \/>\n<meta property=\"og:description\" content=\"Discover who they are and how they fell in Rosario Murillo\u2019s purge in Nicaragua, targeting Daniel Ortega\u2019s trusted operators.\" \/>\n<meta property=\"og:url\" content=\"https:\/\/confidencial.digital\/en\/policy\/rosario-murillos-great-political-purge-in-nicaragua\/\" \/>\n<meta property=\"og:site_name\" content=\"Confidencial\" \/>\n<meta property=\"article:publisher\" content=\"https:\/\/www.facebook.com\/confidencial.com.ni\" \/>\n<meta property=\"article:published_time\" content=\"2025-08-31T06:30:00+00:00\" \/>\n<meta property=\"article:modified_time\" content=\"2025-09-01T15:04:42+00:00\" \/>\n<meta property=\"og:image\" content=\"https:\/\/confidencial.digital\/wp-content\/uploads\/2025\/08\/Fotoarte_Purga_Rosario_Murillo-1.jpg\" \/>\n\t<meta property=\"og:image:width\" content=\"1920\" \/>\n\t<meta property=\"og:image:height\" content=\"1080\" \/>\n\t<meta property=\"og:image:type\" content=\"image\/jpeg\" \/>\n<meta name=\"author\" content=\"Redacci\u00f3n Confidencial\" \/>\n<meta name=\"twitter:card\" content=\"summary_large_image\" \/>\n<meta name=\"twitter:creator\" content=\"@confidencial_ni\" \/>\n<meta name=\"twitter:site\" content=\"@confidencial_ni\" \/>\n<meta name=\"twitter:label1\" content=\"Written by\" \/>\n\t<meta name=\"twitter:data1\" content=\"Redacci\u00f3n Confidencial\" \/>\n\t<meta name=\"twitter:label2\" content=\"Est. reading time\" \/>\n\t<meta name=\"twitter:data2\" content=\"20 minutes\" \/>\n<script type=\"application\/ld+json\" class=\"yoast-schema-graph\">{\"@context\":\"https:\\\/\\\/schema.org\",\"@graph\":[{\"@type\":\"NewsArticle\",\"@id\":\"https:\\\/\\\/confidencial.digital\\\/en\\\/policy\\\/rosario-murillos-great-political-purge-in-nicaragua\\\/#article\",\"isPartOf\":{\"@id\":\"https:\\\/\\\/confidencial.digital\\\/en\\\/policy\\\/rosario-murillos-great-political-purge-in-nicaragua\\\/\"},\"author\":{\"name\":\"Redacci\u00f3n Confidencial\",\"@id\":\"https:\\\/\\\/confidencial.digital\\\/en\\\/#\\\/schema\\\/person\\\/64733b11255c0e9d6b4e93e81a984809\"},\"headline\":\"Rosario Murillo\u2019s \u201cGreat Political Purge\u201d in Nicaragua\",\"datePublished\":\"2025-08-31T06:30:00+00:00\",\"dateModified\":\"2025-09-01T15:04:42+00:00\",\"mainEntityOfPage\":{\"@id\":\"https:\\\/\\\/confidencial.digital\\\/en\\\/policy\\\/rosario-murillos-great-political-purge-in-nicaragua\\\/\"},\"wordCount\":4070,\"publisher\":{\"@id\":\"https:\\\/\\\/confidencial.digital\\\/en\\\/#organization\"},\"image\":{\"@id\":\"https:\\\/\\\/confidencial.digital\\\/en\\\/policy\\\/rosario-murillos-great-political-purge-in-nicaragua\\\/#primaryimage\"},\"thumbnailUrl\":\"https:\\\/\\\/confidencial.digital\\\/wp-content\\\/uploads\\\/2025\\\/08\\\/Fotoarte_Purga_Rosario_Murillo-1.jpg\",\"articleSection\":[\"English\",\"Policy\"],\"inLanguage\":\"en-US\",\"copyrightYear\":\"2025\",\"copyrightHolder\":{\"@id\":\"https:\\\/\\\/confidencial.digital\\\/#organization\"}},{\"@type\":\"WebPage\",\"@id\":\"https:\\\/\\\/confidencial.digital\\\/en\\\/policy\\\/rosario-murillos-great-political-purge-in-nicaragua\\\/\",\"url\":\"https:\\\/\\\/confidencial.digital\\\/en\\\/policy\\\/rosario-murillos-great-political-purge-in-nicaragua\\\/\",\"name\":\"Rosario Murillo\u2019s Purge: Who Has \u201cFallen\u201d in Nicaragua?\",\"isPartOf\":{\"@id\":\"https:\\\/\\\/confidencial.digital\\\/en\\\/#website\"},\"primaryImageOfPage\":{\"@id\":\"https:\\\/\\\/confidencial.digital\\\/en\\\/policy\\\/rosario-murillos-great-political-purge-in-nicaragua\\\/#primaryimage\"},\"image\":{\"@id\":\"https:\\\/\\\/confidencial.digital\\\/en\\\/policy\\\/rosario-murillos-great-political-purge-in-nicaragua\\\/#primaryimage\"},\"thumbnailUrl\":\"https:\\\/\\\/confidencial.digital\\\/wp-content\\\/uploads\\\/2025\\\/08\\\/Fotoarte_Purga_Rosario_Murillo-1.jpg\",\"datePublished\":\"2025-08-31T06:30:00+00:00\",\"dateModified\":\"2025-09-01T15:04:42+00:00\",\"description\":\"Discover who they are and how they fell in Rosario Murillo\u2019s purge in Nicaragua, targeting Daniel Ortega\u2019s trusted operators.\",\"breadcrumb\":{\"@id\":\"https:\\\/\\\/confidencial.digital\\\/en\\\/policy\\\/rosario-murillos-great-political-purge-in-nicaragua\\\/#breadcrumb\"},\"inLanguage\":\"en-US\",\"potentialAction\":[{\"@type\":\"ReadAction\",\"target\":[\"https:\\\/\\\/confidencial.digital\\\/en\\\/policy\\\/rosario-murillos-great-political-purge-in-nicaragua\\\/\"]}]},{\"@type\":\"ImageObject\",\"inLanguage\":\"en-US\",\"@id\":\"https:\\\/\\\/confidencial.digital\\\/en\\\/policy\\\/rosario-murillos-great-political-purge-in-nicaragua\\\/#primaryimage\",\"url\":\"https:\\\/\\\/confidencial.digital\\\/wp-content\\\/uploads\\\/2025\\\/08\\\/Fotoarte_Purga_Rosario_Murillo-1.jpg\",\"contentUrl\":\"https:\\\/\\\/confidencial.digital\\\/wp-content\\\/uploads\\\/2025\\\/08\\\/Fotoarte_Purga_Rosario_Murillo-1.jpg\",\"width\":1920,\"height\":1080,\"caption\":\"Bajo la vigilancia de Rosario Murillo, cualquier movimiento en falso basta para ser eliminado, como hace Young-HEE, de la famosa serie de Netflix \u201cEl juego del calamar\u201d. \\\/\\\/ Ilustraci\u00f3n: CONFIDENCIAL, inspirada en Squid Game.\"},{\"@type\":\"BreadcrumbList\",\"@id\":\"https:\\\/\\\/confidencial.digital\\\/en\\\/policy\\\/rosario-murillos-great-political-purge-in-nicaragua\\\/#breadcrumb\",\"itemListElement\":[{\"@type\":\"ListItem\",\"position\":1,\"name\":\"Portada\",\"item\":\"https:\\\/\\\/confidencial.digital\\\/en\\\/\"},{\"@type\":\"ListItem\",\"position\":2,\"name\":\"Rosario Murillo\u2019s \u201cGreat Political Purge\u201d in Nicaragua\"}]},{\"@type\":\"WebSite\",\"@id\":\"https:\\\/\\\/confidencial.digital\\\/en\\\/#website\",\"url\":\"https:\\\/\\\/confidencial.digital\\\/en\\\/\",\"name\":\"Confidencial Nicaragua\",\"description\":\"Noticias de Nicaragua, informaci\u00f3n, an\u00e1lisis, reportajes, investigaciones, perfiles y entrevistas. Somos Confidencial. Hacemos periodismo independiente.\",\"publisher\":{\"@id\":\"https:\\\/\\\/confidencial.digital\\\/en\\\/#organization\"},\"potentialAction\":[{\"@type\":\"SearchAction\",\"target\":{\"@type\":\"EntryPoint\",\"urlTemplate\":\"https:\\\/\\\/confidencial.digital\\\/en\\\/?s={search_term_string}\"},\"query-input\":{\"@type\":\"PropertyValueSpecification\",\"valueRequired\":true,\"valueName\":\"search_term_string\"}}],\"inLanguage\":\"en-US\"},{\"@type\":\"Organization\",\"@id\":\"https:\\\/\\\/confidencial.digital\\\/en\\\/#organization\",\"name\":\"Confidencial\",\"url\":\"https:\\\/\\\/confidencial.digital\\\/en\\\/\",\"logo\":{\"@type\":\"ImageObject\",\"inLanguage\":\"en-US\",\"@id\":\"https:\\\/\\\/confidencial.digital\\\/en\\\/#\\\/schema\\\/logo\\\/image\\\/\",\"url\":\"https:\\\/\\\/confidencial.digital\\\/wp-content\\\/uploads\\\/2023\\\/09\\\/Confidencial_696x696.jpg\",\"contentUrl\":\"https:\\\/\\\/confidencial.digital\\\/wp-content\\\/uploads\\\/2023\\\/09\\\/Confidencial_696x696.jpg\",\"width\":696,\"height\":696,\"caption\":\"Confidencial\"},\"image\":{\"@id\":\"https:\\\/\\\/confidencial.digital\\\/en\\\/#\\\/schema\\\/logo\\\/image\\\/\"},\"sameAs\":[\"https:\\\/\\\/www.facebook.com\\\/confidencial.com.ni\",\"https:\\\/\\\/x.com\\\/confidencial_ni\",\"https:\\\/\\\/www.youtube.com\\\/user\\\/ConfidencialNica\",\"https:\\\/\\\/www.instagram.com\\\/confidencial_ni\\\/\",\"https:\\\/\\\/www.linkedin.com\\\/company\\\/confidencial-nicaragua\\\/\",\"https:\\\/\\\/open.spotify.com\\\/show\\\/1rNymjqQuqP1CTGqHKdQ24\",\"https:\\\/\\\/bsky.app\\\/profile\\\/confidencialni.bsky.social\",\"https:\\\/\\\/www.threads.com\\\/@confidencial_ni\"],\"description\":\"En Confidencial hacemos periodismo de investigaci\u00f3n y an\u00e1lisis independiente para Nicaragua y su di\u00e1spora en el mundo. Fundado en 1996\",\"email\":\"info@confidencial.digital\",\"foundingDate\":\"1996-06-01\"},{\"@type\":\"Person\",\"@id\":\"https:\\\/\\\/confidencial.digital\\\/en\\\/#\\\/schema\\\/person\\\/64733b11255c0e9d6b4e93e81a984809\",\"name\":\"Redacci\u00f3n Confidencial\",\"image\":{\"@type\":\"ImageObject\",\"inLanguage\":\"en-US\",\"@id\":\"https:\\\/\\\/confidencial.digital\\\/wp-content\\\/uploads\\\/2024\\\/04\\\/redaccion-confidencial_avatar-96x96.png\",\"url\":\"https:\\\/\\\/confidencial.digital\\\/wp-content\\\/uploads\\\/2024\\\/04\\\/redaccion-confidencial_avatar-96x96.png\",\"contentUrl\":\"https:\\\/\\\/confidencial.digital\\\/wp-content\\\/uploads\\\/2024\\\/04\\\/redaccion-confidencial_avatar-96x96.png\",\"caption\":\"Redacci\u00f3n Confidencial\"},\"description\":\"Confidencial es un diario digital nicarag\u00fcense, de formato multimedia, fundado por Carlos F. Chamorro en junio de 1996. Inici\u00f3 como un semanario impreso y hoy es un medio de referencia regional con informaci\u00f3n, an\u00e1lisis, entrevistas, perfiles, reportajes e investigaciones sobre Nicaragua, informando desde el exilio por la persecuci\u00f3n pol\u00edtica de la dictadura de Daniel Ortega y Rosario Murillo.\",\"sameAs\":[\"https:\\\/\\\/x.com\\\/confidencial_ni\"],\"url\":\"https:\\\/\\\/confidencial.digital\\\/en\\\/author\\\/confidencial-digital\\\/\"}]}<\/script>\n<!-- \/ Yoast SEO Premium plugin. -->","yoast_head_json":{"title":"Rosario Murillo\u2019s Purge: Who Has \u201cFallen\u201d in Nicaragua?","description":"Discover who they are and how they fell in Rosario Murillo\u2019s purge in Nicaragua, targeting Daniel Ortega\u2019s trusted operators.","robots":{"index":"index","follow":"follow","max-snippet":"max-snippet:-1","max-image-preview":"max-image-preview:large","max-video-preview":"max-video-preview:-1"},"canonical":"https:\/\/confidencial.digital\/en\/policy\/rosario-murillos-great-political-purge-in-nicaragua\/","og_locale":"en_US","og_type":"article","og_title":"Rosario Murillo\u2019s \u201cGreat Political Purge\u201d in Nicaragua","og_description":"Discover who they are and how they fell in Rosario Murillo\u2019s purge in Nicaragua, targeting Daniel Ortega\u2019s trusted operators.","og_url":"https:\/\/confidencial.digital\/en\/policy\/rosario-murillos-great-political-purge-in-nicaragua\/","og_site_name":"Confidencial","article_publisher":"https:\/\/www.facebook.com\/confidencial.com.ni","article_published_time":"2025-08-31T06:30:00+00:00","article_modified_time":"2025-09-01T15:04:42+00:00","og_image":[{"width":1920,"height":1080,"url":"https:\/\/confidencial.digital\/wp-content\/uploads\/2025\/08\/Fotoarte_Purga_Rosario_Murillo-1.jpg","type":"image\/jpeg"}],"author":"Redacci\u00f3n Confidencial","twitter_card":"summary_large_image","twitter_creator":"@confidencial_ni","twitter_site":"@confidencial_ni","twitter_misc":{"Written by":"Redacci\u00f3n Confidencial","Est. reading time":"20 minutes"},"schema":{"@context":"https:\/\/schema.org","@graph":[{"@type":"NewsArticle","@id":"https:\/\/confidencial.digital\/en\/policy\/rosario-murillos-great-political-purge-in-nicaragua\/#article","isPartOf":{"@id":"https:\/\/confidencial.digital\/en\/policy\/rosario-murillos-great-political-purge-in-nicaragua\/"},"author":{"name":"Redacci\u00f3n Confidencial","@id":"https:\/\/confidencial.digital\/en\/#\/schema\/person\/64733b11255c0e9d6b4e93e81a984809"},"headline":"Rosario Murillo\u2019s \u201cGreat Political Purge\u201d in Nicaragua","datePublished":"2025-08-31T06:30:00+00:00","dateModified":"2025-09-01T15:04:42+00:00","mainEntityOfPage":{"@id":"https:\/\/confidencial.digital\/en\/policy\/rosario-murillos-great-political-purge-in-nicaragua\/"},"wordCount":4070,"publisher":{"@id":"https:\/\/confidencial.digital\/en\/#organization"},"image":{"@id":"https:\/\/confidencial.digital\/en\/policy\/rosario-murillos-great-political-purge-in-nicaragua\/#primaryimage"},"thumbnailUrl":"https:\/\/confidencial.digital\/wp-content\/uploads\/2025\/08\/Fotoarte_Purga_Rosario_Murillo-1.jpg","articleSection":["English","Policy"],"inLanguage":"en-US","copyrightYear":"2025","copyrightHolder":{"@id":"https:\/\/confidencial.digital\/#organization"}},{"@type":"WebPage","@id":"https:\/\/confidencial.digital\/en\/policy\/rosario-murillos-great-political-purge-in-nicaragua\/","url":"https:\/\/confidencial.digital\/en\/policy\/rosario-murillos-great-political-purge-in-nicaragua\/","name":"Rosario Murillo\u2019s Purge: Who Has \u201cFallen\u201d in Nicaragua?","isPartOf":{"@id":"https:\/\/confidencial.digital\/en\/#website"},"primaryImageOfPage":{"@id":"https:\/\/confidencial.digital\/en\/policy\/rosario-murillos-great-political-purge-in-nicaragua\/#primaryimage"},"image":{"@id":"https:\/\/confidencial.digital\/en\/policy\/rosario-murillos-great-political-purge-in-nicaragua\/#primaryimage"},"thumbnailUrl":"https:\/\/confidencial.digital\/wp-content\/uploads\/2025\/08\/Fotoarte_Purga_Rosario_Murillo-1.jpg","datePublished":"2025-08-31T06:30:00+00:00","dateModified":"2025-09-01T15:04:42+00:00","description":"Discover who they are and how they fell in Rosario Murillo\u2019s purge in Nicaragua, targeting Daniel Ortega\u2019s trusted operators.","breadcrumb":{"@id":"https:\/\/confidencial.digital\/en\/policy\/rosario-murillos-great-political-purge-in-nicaragua\/#breadcrumb"},"inLanguage":"en-US","potentialAction":[{"@type":"ReadAction","target":["https:\/\/confidencial.digital\/en\/policy\/rosario-murillos-great-political-purge-in-nicaragua\/"]}]},{"@type":"ImageObject","inLanguage":"en-US","@id":"https:\/\/confidencial.digital\/en\/policy\/rosario-murillos-great-political-purge-in-nicaragua\/#primaryimage","url":"https:\/\/confidencial.digital\/wp-content\/uploads\/2025\/08\/Fotoarte_Purga_Rosario_Murillo-1.jpg","contentUrl":"https:\/\/confidencial.digital\/wp-content\/uploads\/2025\/08\/Fotoarte_Purga_Rosario_Murillo-1.jpg","width":1920,"height":1080,"caption":"Bajo la vigilancia de Rosario Murillo, cualquier movimiento en falso basta para ser eliminado, como hace Young-HEE, de la famosa serie de Netflix \u201cEl juego del calamar\u201d. \/\/ Ilustraci\u00f3n: CONFIDENCIAL, inspirada en Squid Game."},{"@type":"BreadcrumbList","@id":"https:\/\/confidencial.digital\/en\/policy\/rosario-murillos-great-political-purge-in-nicaragua\/#breadcrumb","itemListElement":[{"@type":"ListItem","position":1,"name":"Portada","item":"https:\/\/confidencial.digital\/en\/"},{"@type":"ListItem","position":2,"name":"Rosario Murillo\u2019s \u201cGreat Political Purge\u201d in Nicaragua"}]},{"@type":"WebSite","@id":"https:\/\/confidencial.digital\/en\/#website","url":"https:\/\/confidencial.digital\/en\/","name":"Confidencial Nicaragua","description":"Noticias de Nicaragua, informaci\u00f3n, an\u00e1lisis, reportajes, investigaciones, perfiles y entrevistas. Somos Confidencial. Hacemos periodismo independiente.","publisher":{"@id":"https:\/\/confidencial.digital\/en\/#organization"},"potentialAction":[{"@type":"SearchAction","target":{"@type":"EntryPoint","urlTemplate":"https:\/\/confidencial.digital\/en\/?s={search_term_string}"},"query-input":{"@type":"PropertyValueSpecification","valueRequired":true,"valueName":"search_term_string"}}],"inLanguage":"en-US"},{"@type":"Organization","@id":"https:\/\/confidencial.digital\/en\/#organization","name":"Confidencial","url":"https:\/\/confidencial.digital\/en\/","logo":{"@type":"ImageObject","inLanguage":"en-US","@id":"https:\/\/confidencial.digital\/en\/#\/schema\/logo\/image\/","url":"https:\/\/confidencial.digital\/wp-content\/uploads\/2023\/09\/Confidencial_696x696.jpg","contentUrl":"https:\/\/confidencial.digital\/wp-content\/uploads\/2023\/09\/Confidencial_696x696.jpg","width":696,"height":696,"caption":"Confidencial"},"image":{"@id":"https:\/\/confidencial.digital\/en\/#\/schema\/logo\/image\/"},"sameAs":["https:\/\/www.facebook.com\/confidencial.com.ni","https:\/\/x.com\/confidencial_ni","https:\/\/www.youtube.com\/user\/ConfidencialNica","https:\/\/www.instagram.com\/confidencial_ni\/","https:\/\/www.linkedin.com\/company\/confidencial-nicaragua\/","https:\/\/open.spotify.com\/show\/1rNymjqQuqP1CTGqHKdQ24","https:\/\/bsky.app\/profile\/confidencialni.bsky.social","https:\/\/www.threads.com\/@confidencial_ni"],"description":"En Confidencial hacemos periodismo de investigaci\u00f3n y an\u00e1lisis independiente para Nicaragua y su di\u00e1spora en el mundo. Fundado en 1996","email":"info@confidencial.digital","foundingDate":"1996-06-01"},{"@type":"Person","@id":"https:\/\/confidencial.digital\/en\/#\/schema\/person\/64733b11255c0e9d6b4e93e81a984809","name":"Redacci\u00f3n Confidencial","image":{"@type":"ImageObject","inLanguage":"en-US","@id":"https:\/\/confidencial.digital\/wp-content\/uploads\/2024\/04\/redaccion-confidencial_avatar-96x96.png","url":"https:\/\/confidencial.digital\/wp-content\/uploads\/2024\/04\/redaccion-confidencial_avatar-96x96.png","contentUrl":"https:\/\/confidencial.digital\/wp-content\/uploads\/2024\/04\/redaccion-confidencial_avatar-96x96.png","caption":"Redacci\u00f3n Confidencial"},"description":"Confidencial es un diario digital nicarag\u00fcense, de formato multimedia, fundado por Carlos F. Chamorro en junio de 1996. Inici\u00f3 como un semanario impreso y hoy es un medio de referencia regional con informaci\u00f3n, an\u00e1lisis, entrevistas, perfiles, reportajes e investigaciones sobre Nicaragua, informando desde el exilio por la persecuci\u00f3n pol\u00edtica de la dictadura de Daniel Ortega y Rosario Murillo.","sameAs":["https:\/\/x.com\/confidencial_ni"],"url":"https:\/\/confidencial.digital\/en\/author\/confidencial-digital\/"}]}},"_links":{"self":[{"href":"https:\/\/confidencial.digital\/en\/wp-json\/wp\/v2\/posts\/173664","targetHints":{"allow":["GET"]}}],"collection":[{"href":"https:\/\/confidencial.digital\/en\/wp-json\/wp\/v2\/posts"}],"about":[{"href":"https:\/\/confidencial.digital\/en\/wp-json\/wp\/v2\/types\/post"}],"author":[{"embeddable":true,"href":"https:\/\/confidencial.digital\/en\/wp-json\/wp\/v2\/users\/10"}],"replies":[{"embeddable":true,"href":"https:\/\/confidencial.digital\/en\/wp-json\/wp\/v2\/comments?post=173664"}],"version-history":[{"count":1,"href":"https:\/\/confidencial.digital\/en\/wp-json\/wp\/v2\/posts\/173664\/revisions"}],"predecessor-version":[{"id":173665,"href":"https:\/\/confidencial.digital\/en\/wp-json\/wp\/v2\/posts\/173664\/revisions\/173665"}],"wp:featuredmedia":[{"embeddable":true,"href":"https:\/\/confidencial.digital\/en\/wp-json\/wp\/v2\/media\/173614"}],"wp:attachment":[{"href":"https:\/\/confidencial.digital\/en\/wp-json\/wp\/v2\/media?parent=173664"}],"wp:term":[{"taxonomy":"category","embeddable":true,"href":"https:\/\/confidencial.digital\/en\/wp-json\/wp\/v2\/categories?post=173664"},{"taxonomy":"post_tag","embeddable":true,"href":"https:\/\/confidencial.digital\/en\/wp-json\/wp\/v2\/tags?post=173664"}],"curies":[{"name":"wp","href":"https:\/\/api.w.org\/{rel}","templated":true}]}}