{"id":171519,"date":"2025-07-30T00:06:00","date_gmt":"2025-07-30T06:06:00","guid":{"rendered":"https:\/\/confidencial.digital\/sin-categoria\/jinotepe-detainees-still-missing-ortega-regime-hides-their-whereabouts\/"},"modified":"2025-07-31T20:39:44","modified_gmt":"2025-08-01T02:39:44","slug":"jinotepe-detainees-still-missing-ortega-regime-hides-their-whereabouts","status":"publish","type":"post","link":"https:\/\/confidencial.digital\/en\/english\/jinotepe-detainees-still-missing-ortega-regime-hides-their-whereabouts\/","title":{"rendered":"Jinotepe Detainees Still Missing, Ortega Regime Hides Their Whereabouts"},"content":{"rendered":"\n<p>Officials from the Granada Penitentiary System denied that <a href=\"https:\/\/confidencial.digital\/en\/english\/nicaraguan-police-abduct-eight-their-whereabouts-unknown\/\" target=\"_blank\" rel=\"noreferrer noopener\">Pastor Rudy Palacios and seven others<\/a>\u2014most of them his relatives\u2014were being held at the prison, despite media reports claiming they were sent there and charged with \u201ctreason\u201d and \u201cundermining national integrity,\u201d a source close to the family told <strong>CONFIDENCIAL<\/strong>. <\/p>\n\n<p>\u201cFamily members spent the whole day at the penitentiary standing in a long line, but there was no information that they were there. So, for the family, as of today, they remain disappeared,\u201d the source explained. <\/p>\n\n<p>At the prison, officials are terse with information, saying things like \u201cwe don\u2019t know anything\u201d or \u201cwe can\u2019t give any information.\u201d \u201cIt seems they are not authorized to disclose anything about them,\u201d the source added.  <\/p>\n\n<p>On Sunday, July 27, a source informed the outlet <a href=\"https:\/\/100noticias.tv\/politica\/140898-acusan-traicion-patria-pastor-rudy-palacios\/\" target=\"_blank\" rel=\"noreferrer noopener nofollow\">100% Noticias<\/a> that Palacios and his relatives had been taken to \u201cLa Granja,\u201d the common name for the Granada prison. They were also told that all were accused in a rapid trial of the alleged crimes of \u201ctreason\u201d and \u201cundermining national integrity.\u201d  <\/p>\n\n<p>On the night of July 17, 2025, they were arrested in Carazo, without a warrant, in a simultaneous operation:<\/p>\n\n<ul class=\"wp-block-list\">\n<li>Pastor Rudy Palacios Vargas, 54 years old.<\/li>\n\n\n\n<li>J\u00e9ssica Palacios Vargas, 46 years old.<\/li>\n\n\n\n<li>Arely Palacios Vargas, 57 years old.<\/li>\n\n\n\n<li>Pedro Jos\u00e9 L\u00f3pez, J\u00e9ssica&#8217;s husband.<\/li>\n\n\n\n<li>Armando Bermudez, Arely&#8217;s husband.  <\/li>\n\n\n\n<li>Mauricio Alonso Prieto.  <\/li>\n\n\n\n<li>Mauricio Alonso Prieto (son).<\/li>\n\n\n\n<li>Olga Mar\u00eda Lara Rojas, 42 years old.  <\/li>\n<\/ul>\n\n<p>Since then, the family has not been able to confirm their whereabouts. They searched for them in Jinotepe but were told they were not there. In Managua, they looked at the District III police station and the Judicial Aid station, El Chipote, but received no answers.   <\/p>\n\n<p>At District III, they were even told to go to Plaza El Sol to report them as \u201cdisappeared,\u201d despite the fact that police officers were the ones who took them.<\/p>\n\n<h2 class=\"wp-block-heading\" id=\"h-dos-de-los-detenidos-de-carazo-son-sobrevivientes-de-cancer-nbsp\"><strong>Two of the Carazo detainees are cancer survivors  <\/strong><\/h2>\n\n<figure class=\"wp-block-image size-large\"><img decoding=\"async\" width=\"1024\" height=\"576\" src=\"https:\/\/confidencial.digital\/wp-content\/uploads\/2025\/07\/DetenidosCarazo-1024x576.jpg\" alt=\"Arrested in Carazo\" class=\"wp-image-170970\" srcset=\"https:\/\/confidencial.digital\/wp-content\/uploads\/2025\/07\/DetenidosCarazo-1024x576.jpg 1024w, https:\/\/confidencial.digital\/wp-content\/uploads\/2025\/07\/DetenidosCarazo-300x169.jpg 300w, https:\/\/confidencial.digital\/wp-content\/uploads\/2025\/07\/DetenidosCarazo-768x432.jpg 768w, https:\/\/confidencial.digital\/wp-content\/uploads\/2025\/07\/DetenidosCarazo-1536x864.jpg 1536w, https:\/\/confidencial.digital\/wp-content\/uploads\/2025\/07\/DetenidosCarazo-scaled.jpg 2048w, https:\/\/confidencial.digital\/wp-content\/uploads\/2025\/07\/DetenidosCarazo-480x270.jpg 480w\" sizes=\"(max-width: 1024px) 100vw, 1024px\" \/><figcaption class=\"wp-element-caption\">Olga Mar\u00eda Lara Rojas, Rudy Palacios Vargas and J\u00e9ssica Palacios Vargas are three of those arrested in Carazo on July 19, 2025. \/\/ Photos: Courtesy | Collage: CONFIDENCIAL <\/figcaption><\/figure>\n\n<p>Family and friends are extremely worried about the health of Pastor Rudy Palacios and his sister Jessica, both cancer survivors. Jessica underwent surgery last year, and her condition requires regular check-ups.  <\/p>\n\n<p>They have faced this situation amid ongoing police harassment since 2018, which has intensified in recent months with the imposition of \u201chouse arrest\u201d and \u201ccity arrest\u201d measures. <\/p>\n\n<p>\u201cLast year the visits became more frequent; it was no longer just monthly visits\u2014they took him to the police for interrogation. This year they started coming every 15 days, and in the last month it was weekly,\u201d the source said. <\/p>\n\n<p>In July 2018, Pastor Rudy Palacios left the country. He went into exile through the northern border but returned shortly before the pandemic began. He was placed under house arrest and was not allowed to leave his home.   <\/p>\n\n<p>The harsh treatment of him and his family is due to their past ties to the Sandinista Front. His sister Jessica served as a councilor for that party, and Olga Mar\u00eda also held a similar position in the Jinotepe municipal government. In 2021, the pastor\u2014who was then the departmental president of the Democratic Restoration Party (PRD) in Carazo\u2014was detained for several hours on his way to a meeting.  <\/p>\n\n<p>However, neither Armando Berm\u00fadez nor Pedro L\u00f3pez have any known political activity. Sources believe they are <em>collateral damage<\/em> because they live with Arely and Jessica Palacios Vargas, respectively.  <\/p>\n\n<p>After the arrest and disappearance of this family group, all their homes are under surveillance by plainclothes police. Despite fearing further reprisals, family members continue to inquire about them at the prisons.  <\/p>\n\n<p>\u201cUntil we see them, for us they remain disappeared,\u201d the source concluded. <\/p>\n\n<p><\/p>\n","protected":false},"excerpt":{"rendered":"<p>Officials from the Granada Penitentiary System denied that Pastor Rudy Palacios and seven others\u2014most of them his relatives\u2014were being held at the prison, despite media reports claiming they were sent there and charged with \u201ctreason\u201d and \u201cundermining national integrity,\u201d a source close to the family told CONFIDENCIAL. \u201cFamily members spent the whole day at the [&hellip;]<\/p>\n","protected":false},"author":10,"featured_media":171490,"comment_status":"closed","ping_status":"closed","sticky":false,"template":"","format":"standard","meta":{"_acf_changed":false,"_eb_attr":"","_eb_data_table":"","footnotes":""},"categories":[15445],"tags":[],"class_list":["post-171519","post","type-post","status-publish","format-standard","has-post-thumbnail","hentry","category-english"],"acf":[],"yoast_head":"<!-- This site is optimized with the Yoast SEO Premium plugin v27.4 (Yoast SEO v27.4) - https:\/\/yoast.com\/product\/yoast-seo-premium-wordpress\/ -->\n<title>Jinotepe detainees remain &quot;disappeared&quot;.<\/title>\n<meta name=\"description\" content=\"Granada prison officials deny information on pastor Rudy Palacios and his family members, Jinotepe detainees\" \/>\n<meta name=\"robots\" content=\"index, follow, max-snippet:-1, max-image-preview:large, max-video-preview:-1\" \/>\n<link rel=\"canonical\" href=\"https:\/\/confidencial.digital\/en\/english\/jinotepe-detainees-still-missing-ortega-regime-hides-their-whereabouts\/\" \/>\n<meta property=\"og:locale\" content=\"en_US\" \/>\n<meta property=\"og:type\" content=\"article\" \/>\n<meta property=\"og:title\" content=\"Jinotepe Detainees Still Missing, Ortega Regime Hides Their Whereabouts\" \/>\n<meta property=\"og:description\" content=\"Granada prison officials deny information on pastor Rudy Palacios and his family members, Jinotepe detainees\" \/>\n<meta property=\"og:url\" content=\"https:\/\/confidencial.digital\/en\/english\/jinotepe-detainees-still-missing-ortega-regime-hides-their-whereabouts\/\" \/>\n<meta property=\"og:site_name\" content=\"Confidencial\" \/>\n<meta property=\"article:publisher\" content=\"https:\/\/www.facebook.com\/confidencial.com.ni\" \/>\n<meta property=\"article:published_time\" content=\"2025-07-30T06:06:00+00:00\" \/>\n<meta property=\"article:modified_time\" content=\"2025-08-01T02:39:44+00:00\" \/>\n<meta property=\"og:image\" content=\"https:\/\/confidencial.digital\/wp-content\/uploads\/2025\/07\/pastor-rudy.webp\" \/>\n\t<meta property=\"og:image:width\" content=\"1280\" \/>\n\t<meta property=\"og:image:height\" content=\"720\" \/>\n\t<meta property=\"og:image:type\" content=\"image\/webp\" \/>\n<meta name=\"author\" content=\"Redacci\u00f3n Confidencial\" \/>\n<meta name=\"twitter:card\" content=\"summary_large_image\" \/>\n<meta name=\"twitter:creator\" content=\"@confidencial_ni\" \/>\n<meta name=\"twitter:site\" content=\"@confidencial_ni\" \/>\n<meta name=\"twitter:label1\" content=\"Written by\" \/>\n\t<meta name=\"twitter:data1\" content=\"Redacci\u00f3n Confidencial\" \/>\n\t<meta name=\"twitter:label2\" content=\"Est. reading time\" \/>\n\t<meta name=\"twitter:data2\" content=\"3 minutes\" \/>\n<script type=\"application\/ld+json\" class=\"yoast-schema-graph\">{\"@context\":\"https:\\\/\\\/schema.org\",\"@graph\":[{\"@type\":\"NewsArticle\",\"@id\":\"https:\\\/\\\/confidencial.digital\\\/en\\\/english\\\/jinotepe-detainees-still-missing-ortega-regime-hides-their-whereabouts\\\/#article\",\"isPartOf\":{\"@id\":\"https:\\\/\\\/confidencial.digital\\\/en\\\/english\\\/jinotepe-detainees-still-missing-ortega-regime-hides-their-whereabouts\\\/\"},\"author\":{\"name\":\"Redacci\u00f3n Confidencial\",\"@id\":\"https:\\\/\\\/confidencial.digital\\\/en\\\/#\\\/schema\\\/person\\\/64733b11255c0e9d6b4e93e81a984809\"},\"headline\":\"Jinotepe Detainees Still Missing, Ortega Regime Hides Their Whereabouts\",\"datePublished\":\"2025-07-30T06:06:00+00:00\",\"dateModified\":\"2025-08-01T02:39:44+00:00\",\"mainEntityOfPage\":{\"@id\":\"https:\\\/\\\/confidencial.digital\\\/en\\\/english\\\/jinotepe-detainees-still-missing-ortega-regime-hides-their-whereabouts\\\/\"},\"wordCount\":627,\"publisher\":{\"@id\":\"https:\\\/\\\/confidencial.digital\\\/en\\\/#organization\"},\"image\":{\"@id\":\"https:\\\/\\\/confidencial.digital\\\/en\\\/english\\\/jinotepe-detainees-still-missing-ortega-regime-hides-their-whereabouts\\\/#primaryimage\"},\"thumbnailUrl\":\"https:\\\/\\\/confidencial.digital\\\/wp-content\\\/uploads\\\/2025\\\/07\\\/pastor-rudy.webp\",\"articleSection\":[\"English\"],\"inLanguage\":\"en-US\",\"copyrightYear\":\"2025\",\"copyrightHolder\":{\"@id\":\"https:\\\/\\\/confidencial.digital\\\/#organization\"}},{\"@type\":\"WebPage\",\"@id\":\"https:\\\/\\\/confidencial.digital\\\/en\\\/english\\\/jinotepe-detainees-still-missing-ortega-regime-hides-their-whereabouts\\\/\",\"url\":\"https:\\\/\\\/confidencial.digital\\\/en\\\/english\\\/jinotepe-detainees-still-missing-ortega-regime-hides-their-whereabouts\\\/\",\"name\":\"Jinotepe detainees remain \\\"disappeared\\\".\",\"isPartOf\":{\"@id\":\"https:\\\/\\\/confidencial.digital\\\/en\\\/#website\"},\"primaryImageOfPage\":{\"@id\":\"https:\\\/\\\/confidencial.digital\\\/en\\\/english\\\/jinotepe-detainees-still-missing-ortega-regime-hides-their-whereabouts\\\/#primaryimage\"},\"image\":{\"@id\":\"https:\\\/\\\/confidencial.digital\\\/en\\\/english\\\/jinotepe-detainees-still-missing-ortega-regime-hides-their-whereabouts\\\/#primaryimage\"},\"thumbnailUrl\":\"https:\\\/\\\/confidencial.digital\\\/wp-content\\\/uploads\\\/2025\\\/07\\\/pastor-rudy.webp\",\"datePublished\":\"2025-07-30T06:06:00+00:00\",\"dateModified\":\"2025-08-01T02:39:44+00:00\",\"description\":\"Granada prison officials deny information on pastor Rudy Palacios and his family members, Jinotepe detainees\",\"breadcrumb\":{\"@id\":\"https:\\\/\\\/confidencial.digital\\\/en\\\/english\\\/jinotepe-detainees-still-missing-ortega-regime-hides-their-whereabouts\\\/#breadcrumb\"},\"inLanguage\":\"en-US\",\"potentialAction\":[{\"@type\":\"ReadAction\",\"target\":[\"https:\\\/\\\/confidencial.digital\\\/en\\\/english\\\/jinotepe-detainees-still-missing-ortega-regime-hides-their-whereabouts\\\/\"]}]},{\"@type\":\"ImageObject\",\"inLanguage\":\"en-US\",\"@id\":\"https:\\\/\\\/confidencial.digital\\\/en\\\/english\\\/jinotepe-detainees-still-missing-ortega-regime-hides-their-whereabouts\\\/#primaryimage\",\"url\":\"https:\\\/\\\/confidencial.digital\\\/wp-content\\\/uploads\\\/2025\\\/07\\\/pastor-rudy.webp\",\"contentUrl\":\"https:\\\/\\\/confidencial.digital\\\/wp-content\\\/uploads\\\/2025\\\/07\\\/pastor-rudy.webp\",\"width\":1280,\"height\":720,\"caption\":\"Pastor Rudy Palacios durante una\"},{\"@type\":\"BreadcrumbList\",\"@id\":\"https:\\\/\\\/confidencial.digital\\\/en\\\/english\\\/jinotepe-detainees-still-missing-ortega-regime-hides-their-whereabouts\\\/#breadcrumb\",\"itemListElement\":[{\"@type\":\"ListItem\",\"position\":1,\"name\":\"Portada\",\"item\":\"https:\\\/\\\/confidencial.digital\\\/en\\\/\"},{\"@type\":\"ListItem\",\"position\":2,\"name\":\"Jinotepe Detainees Still Missing, Ortega Regime Hides Their Whereabouts\"}]},{\"@type\":\"WebSite\",\"@id\":\"https:\\\/\\\/confidencial.digital\\\/en\\\/#website\",\"url\":\"https:\\\/\\\/confidencial.digital\\\/en\\\/\",\"name\":\"Confidencial Nicaragua\",\"description\":\"Noticias de Nicaragua, informaci\u00f3n, an\u00e1lisis, reportajes, investigaciones, perfiles y entrevistas. Somos Confidencial. Hacemos periodismo independiente.\",\"publisher\":{\"@id\":\"https:\\\/\\\/confidencial.digital\\\/en\\\/#organization\"},\"potentialAction\":[{\"@type\":\"SearchAction\",\"target\":{\"@type\":\"EntryPoint\",\"urlTemplate\":\"https:\\\/\\\/confidencial.digital\\\/en\\\/?s={search_term_string}\"},\"query-input\":{\"@type\":\"PropertyValueSpecification\",\"valueRequired\":true,\"valueName\":\"search_term_string\"}}],\"inLanguage\":\"en-US\"},{\"@type\":\"Organization\",\"@id\":\"https:\\\/\\\/confidencial.digital\\\/en\\\/#organization\",\"name\":\"Confidencial\",\"url\":\"https:\\\/\\\/confidencial.digital\\\/en\\\/\",\"logo\":{\"@type\":\"ImageObject\",\"inLanguage\":\"en-US\",\"@id\":\"https:\\\/\\\/confidencial.digital\\\/en\\\/#\\\/schema\\\/logo\\\/image\\\/\",\"url\":\"https:\\\/\\\/confidencial.digital\\\/wp-content\\\/uploads\\\/2023\\\/09\\\/Confidencial_696x696.jpg\",\"contentUrl\":\"https:\\\/\\\/confidencial.digital\\\/wp-content\\\/uploads\\\/2023\\\/09\\\/Confidencial_696x696.jpg\",\"width\":696,\"height\":696,\"caption\":\"Confidencial\"},\"image\":{\"@id\":\"https:\\\/\\\/confidencial.digital\\\/en\\\/#\\\/schema\\\/logo\\\/image\\\/\"},\"sameAs\":[\"https:\\\/\\\/www.facebook.com\\\/confidencial.com.ni\",\"https:\\\/\\\/x.com\\\/confidencial_ni\",\"https:\\\/\\\/www.youtube.com\\\/user\\\/ConfidencialNica\",\"https:\\\/\\\/www.instagram.com\\\/confidencial_ni\\\/\",\"https:\\\/\\\/www.linkedin.com\\\/company\\\/confidencial-nicaragua\\\/\",\"https:\\\/\\\/open.spotify.com\\\/show\\\/1rNymjqQuqP1CTGqHKdQ24\",\"https:\\\/\\\/bsky.app\\\/profile\\\/confidencialni.bsky.social\",\"https:\\\/\\\/www.threads.com\\\/@confidencial_ni\"],\"description\":\"En Confidencial hacemos periodismo de investigaci\u00f3n y an\u00e1lisis independiente para Nicaragua y su di\u00e1spora en el mundo. Fundado en 1996\",\"email\":\"info@confidencial.digital\",\"foundingDate\":\"1996-06-01\"},{\"@type\":\"Person\",\"@id\":\"https:\\\/\\\/confidencial.digital\\\/en\\\/#\\\/schema\\\/person\\\/64733b11255c0e9d6b4e93e81a984809\",\"name\":\"Redacci\u00f3n Confidencial\",\"image\":{\"@type\":\"ImageObject\",\"inLanguage\":\"en-US\",\"@id\":\"https:\\\/\\\/confidencial.digital\\\/wp-content\\\/uploads\\\/2024\\\/04\\\/redaccion-confidencial_avatar-96x96.png\",\"url\":\"https:\\\/\\\/confidencial.digital\\\/wp-content\\\/uploads\\\/2024\\\/04\\\/redaccion-confidencial_avatar-96x96.png\",\"contentUrl\":\"https:\\\/\\\/confidencial.digital\\\/wp-content\\\/uploads\\\/2024\\\/04\\\/redaccion-confidencial_avatar-96x96.png\",\"caption\":\"Redacci\u00f3n Confidencial\"},\"description\":\"Confidencial es un diario digital nicarag\u00fcense, de formato multimedia, fundado por Carlos F. Chamorro en junio de 1996. Inici\u00f3 como un semanario impreso y hoy es un medio de referencia regional con informaci\u00f3n, an\u00e1lisis, entrevistas, perfiles, reportajes e investigaciones sobre Nicaragua, informando desde el exilio por la persecuci\u00f3n pol\u00edtica de la dictadura de Daniel Ortega y Rosario Murillo.\",\"sameAs\":[\"https:\\\/\\\/x.com\\\/confidencial_ni\"],\"url\":\"https:\\\/\\\/confidencial.digital\\\/en\\\/author\\\/confidencial-digital\\\/\"}]}<\/script>\n<!-- \/ Yoast SEO Premium plugin. -->","yoast_head_json":{"title":"Jinotepe detainees remain \"disappeared\".","description":"Granada prison officials deny information on pastor Rudy Palacios and his family members, Jinotepe detainees","robots":{"index":"index","follow":"follow","max-snippet":"max-snippet:-1","max-image-preview":"max-image-preview:large","max-video-preview":"max-video-preview:-1"},"canonical":"https:\/\/confidencial.digital\/en\/english\/jinotepe-detainees-still-missing-ortega-regime-hides-their-whereabouts\/","og_locale":"en_US","og_type":"article","og_title":"Jinotepe Detainees Still Missing, Ortega Regime Hides Their Whereabouts","og_description":"Granada prison officials deny information on pastor Rudy Palacios and his family members, Jinotepe detainees","og_url":"https:\/\/confidencial.digital\/en\/english\/jinotepe-detainees-still-missing-ortega-regime-hides-their-whereabouts\/","og_site_name":"Confidencial","article_publisher":"https:\/\/www.facebook.com\/confidencial.com.ni","article_published_time":"2025-07-30T06:06:00+00:00","article_modified_time":"2025-08-01T02:39:44+00:00","og_image":[{"width":1280,"height":720,"url":"https:\/\/confidencial.digital\/wp-content\/uploads\/2025\/07\/pastor-rudy.webp","type":"image\/webp"}],"author":"Redacci\u00f3n Confidencial","twitter_card":"summary_large_image","twitter_creator":"@confidencial_ni","twitter_site":"@confidencial_ni","twitter_misc":{"Written by":"Redacci\u00f3n Confidencial","Est. reading time":"3 minutes"},"schema":{"@context":"https:\/\/schema.org","@graph":[{"@type":"NewsArticle","@id":"https:\/\/confidencial.digital\/en\/english\/jinotepe-detainees-still-missing-ortega-regime-hides-their-whereabouts\/#article","isPartOf":{"@id":"https:\/\/confidencial.digital\/en\/english\/jinotepe-detainees-still-missing-ortega-regime-hides-their-whereabouts\/"},"author":{"name":"Redacci\u00f3n Confidencial","@id":"https:\/\/confidencial.digital\/en\/#\/schema\/person\/64733b11255c0e9d6b4e93e81a984809"},"headline":"Jinotepe Detainees Still Missing, Ortega Regime Hides Their Whereabouts","datePublished":"2025-07-30T06:06:00+00:00","dateModified":"2025-08-01T02:39:44+00:00","mainEntityOfPage":{"@id":"https:\/\/confidencial.digital\/en\/english\/jinotepe-detainees-still-missing-ortega-regime-hides-their-whereabouts\/"},"wordCount":627,"publisher":{"@id":"https:\/\/confidencial.digital\/en\/#organization"},"image":{"@id":"https:\/\/confidencial.digital\/en\/english\/jinotepe-detainees-still-missing-ortega-regime-hides-their-whereabouts\/#primaryimage"},"thumbnailUrl":"https:\/\/confidencial.digital\/wp-content\/uploads\/2025\/07\/pastor-rudy.webp","articleSection":["English"],"inLanguage":"en-US","copyrightYear":"2025","copyrightHolder":{"@id":"https:\/\/confidencial.digital\/#organization"}},{"@type":"WebPage","@id":"https:\/\/confidencial.digital\/en\/english\/jinotepe-detainees-still-missing-ortega-regime-hides-their-whereabouts\/","url":"https:\/\/confidencial.digital\/en\/english\/jinotepe-detainees-still-missing-ortega-regime-hides-their-whereabouts\/","name":"Jinotepe detainees remain \"disappeared\".","isPartOf":{"@id":"https:\/\/confidencial.digital\/en\/#website"},"primaryImageOfPage":{"@id":"https:\/\/confidencial.digital\/en\/english\/jinotepe-detainees-still-missing-ortega-regime-hides-their-whereabouts\/#primaryimage"},"image":{"@id":"https:\/\/confidencial.digital\/en\/english\/jinotepe-detainees-still-missing-ortega-regime-hides-their-whereabouts\/#primaryimage"},"thumbnailUrl":"https:\/\/confidencial.digital\/wp-content\/uploads\/2025\/07\/pastor-rudy.webp","datePublished":"2025-07-30T06:06:00+00:00","dateModified":"2025-08-01T02:39:44+00:00","description":"Granada prison officials deny information on pastor Rudy Palacios and his family members, Jinotepe detainees","breadcrumb":{"@id":"https:\/\/confidencial.digital\/en\/english\/jinotepe-detainees-still-missing-ortega-regime-hides-their-whereabouts\/#breadcrumb"},"inLanguage":"en-US","potentialAction":[{"@type":"ReadAction","target":["https:\/\/confidencial.digital\/en\/english\/jinotepe-detainees-still-missing-ortega-regime-hides-their-whereabouts\/"]}]},{"@type":"ImageObject","inLanguage":"en-US","@id":"https:\/\/confidencial.digital\/en\/english\/jinotepe-detainees-still-missing-ortega-regime-hides-their-whereabouts\/#primaryimage","url":"https:\/\/confidencial.digital\/wp-content\/uploads\/2025\/07\/pastor-rudy.webp","contentUrl":"https:\/\/confidencial.digital\/wp-content\/uploads\/2025\/07\/pastor-rudy.webp","width":1280,"height":720,"caption":"Pastor Rudy Palacios durante una"},{"@type":"BreadcrumbList","@id":"https:\/\/confidencial.digital\/en\/english\/jinotepe-detainees-still-missing-ortega-regime-hides-their-whereabouts\/#breadcrumb","itemListElement":[{"@type":"ListItem","position":1,"name":"Portada","item":"https:\/\/confidencial.digital\/en\/"},{"@type":"ListItem","position":2,"name":"Jinotepe Detainees Still Missing, Ortega Regime Hides Their Whereabouts"}]},{"@type":"WebSite","@id":"https:\/\/confidencial.digital\/en\/#website","url":"https:\/\/confidencial.digital\/en\/","name":"Confidencial Nicaragua","description":"Noticias de Nicaragua, informaci\u00f3n, an\u00e1lisis, reportajes, investigaciones, perfiles y entrevistas. Somos Confidencial. Hacemos periodismo independiente.","publisher":{"@id":"https:\/\/confidencial.digital\/en\/#organization"},"potentialAction":[{"@type":"SearchAction","target":{"@type":"EntryPoint","urlTemplate":"https:\/\/confidencial.digital\/en\/?s={search_term_string}"},"query-input":{"@type":"PropertyValueSpecification","valueRequired":true,"valueName":"search_term_string"}}],"inLanguage":"en-US"},{"@type":"Organization","@id":"https:\/\/confidencial.digital\/en\/#organization","name":"Confidencial","url":"https:\/\/confidencial.digital\/en\/","logo":{"@type":"ImageObject","inLanguage":"en-US","@id":"https:\/\/confidencial.digital\/en\/#\/schema\/logo\/image\/","url":"https:\/\/confidencial.digital\/wp-content\/uploads\/2023\/09\/Confidencial_696x696.jpg","contentUrl":"https:\/\/confidencial.digital\/wp-content\/uploads\/2023\/09\/Confidencial_696x696.jpg","width":696,"height":696,"caption":"Confidencial"},"image":{"@id":"https:\/\/confidencial.digital\/en\/#\/schema\/logo\/image\/"},"sameAs":["https:\/\/www.facebook.com\/confidencial.com.ni","https:\/\/x.com\/confidencial_ni","https:\/\/www.youtube.com\/user\/ConfidencialNica","https:\/\/www.instagram.com\/confidencial_ni\/","https:\/\/www.linkedin.com\/company\/confidencial-nicaragua\/","https:\/\/open.spotify.com\/show\/1rNymjqQuqP1CTGqHKdQ24","https:\/\/bsky.app\/profile\/confidencialni.bsky.social","https:\/\/www.threads.com\/@confidencial_ni"],"description":"En Confidencial hacemos periodismo de investigaci\u00f3n y an\u00e1lisis independiente para Nicaragua y su di\u00e1spora en el mundo. Fundado en 1996","email":"info@confidencial.digital","foundingDate":"1996-06-01"},{"@type":"Person","@id":"https:\/\/confidencial.digital\/en\/#\/schema\/person\/64733b11255c0e9d6b4e93e81a984809","name":"Redacci\u00f3n Confidencial","image":{"@type":"ImageObject","inLanguage":"en-US","@id":"https:\/\/confidencial.digital\/wp-content\/uploads\/2024\/04\/redaccion-confidencial_avatar-96x96.png","url":"https:\/\/confidencial.digital\/wp-content\/uploads\/2024\/04\/redaccion-confidencial_avatar-96x96.png","contentUrl":"https:\/\/confidencial.digital\/wp-content\/uploads\/2024\/04\/redaccion-confidencial_avatar-96x96.png","caption":"Redacci\u00f3n Confidencial"},"description":"Confidencial es un diario digital nicarag\u00fcense, de formato multimedia, fundado por Carlos F. Chamorro en junio de 1996. Inici\u00f3 como un semanario impreso y hoy es un medio de referencia regional con informaci\u00f3n, an\u00e1lisis, entrevistas, perfiles, reportajes e investigaciones sobre Nicaragua, informando desde el exilio por la persecuci\u00f3n pol\u00edtica de la dictadura de Daniel Ortega y Rosario Murillo.","sameAs":["https:\/\/x.com\/confidencial_ni"],"url":"https:\/\/confidencial.digital\/en\/author\/confidencial-digital\/"}]}},"_links":{"self":[{"href":"https:\/\/confidencial.digital\/en\/wp-json\/wp\/v2\/posts\/171519","targetHints":{"allow":["GET"]}}],"collection":[{"href":"https:\/\/confidencial.digital\/en\/wp-json\/wp\/v2\/posts"}],"about":[{"href":"https:\/\/confidencial.digital\/en\/wp-json\/wp\/v2\/types\/post"}],"author":[{"embeddable":true,"href":"https:\/\/confidencial.digital\/en\/wp-json\/wp\/v2\/users\/10"}],"replies":[{"embeddable":true,"href":"https:\/\/confidencial.digital\/en\/wp-json\/wp\/v2\/comments?post=171519"}],"version-history":[{"count":1,"href":"https:\/\/confidencial.digital\/en\/wp-json\/wp\/v2\/posts\/171519\/revisions"}],"predecessor-version":[{"id":171520,"href":"https:\/\/confidencial.digital\/en\/wp-json\/wp\/v2\/posts\/171519\/revisions\/171520"}],"wp:featuredmedia":[{"embeddable":true,"href":"https:\/\/confidencial.digital\/en\/wp-json\/wp\/v2\/media\/171490"}],"wp:attachment":[{"href":"https:\/\/confidencial.digital\/en\/wp-json\/wp\/v2\/media?parent=171519"}],"wp:term":[{"taxonomy":"category","embeddable":true,"href":"https:\/\/confidencial.digital\/en\/wp-json\/wp\/v2\/categories?post=171519"},{"taxonomy":"post_tag","embeddable":true,"href":"https:\/\/confidencial.digital\/en\/wp-json\/wp\/v2\/tags?post=171519"}],"curies":[{"name":"wp","href":"https:\/\/api.w.org\/{rel}","templated":true}]}}