{"id":170732,"date":"2025-07-15T00:05:00","date_gmt":"2025-07-15T06:05:00","guid":{"rendered":"https:\/\/confidencial.digital\/sin-categoria\/trump-vs-lula\/"},"modified":"2025-07-17T02:40:21","modified_gmt":"2025-07-17T08:40:21","slug":"trump-vs-lula","status":"publish","type":"post","link":"https:\/\/confidencial.digital\/en\/english\/trump-vs-lula\/","title":{"rendered":"Trump vs. Lula"},"content":{"rendered":"\n<p>Despite the professionalism of Itamaraty (Brazil\u2019s Foreign Ministry) and the traditionally careful diplomacy of Lula da Silva\u2014let us recall his good relations with George W. Bush and Barack Obama\u2014a diplomatic clash has occurred between the United States and Brazil. There has been much speculation and exaggeration about the dispute, with some eager to frame it as a definitive and convenient rupture, but its origin appears to be more tangible and also circumstantial. <\/p>\n\n<p>Donald Trump views Jair Bolsonaro as one of his lieutenants in Latin America. The networks of the new right are stronger than many would like to believe, and since Trump\u2019s first term, they have been focused on bringing leaders like Bolsonaro, Javier Milei, and Jos\u00e9 Antonio Kast to power in Brazil, Argentina, and Chile. This is the long-standing project of the late Olavo de Carvalho and Steve Bannon\u2014one that Marco Rubio and the US State Department have now embraced.  <\/p>\n\n<p>That right-wing movement is deeply committed to ensuring Bolsonaro\u2019s impunity, who, like Trump in the United States, attempted a coup in Brazil to stay in office and block Lula from taking power. Just as they managed Trump\u2019s return to the White House, they want Bolsonaro\u2019s return to the Palacio do Planalto. The ongoing legal case against the Brazilian right-winger and the possibility of his disqualification are the biggest obstacles to that goal.  <\/p>\n\n<p>The antiliberalism of this right stems from a reaction against financial globalization and the liberalization of global trade in recent decades, which they blame\u2014rightly so\u2014for the rise of China and the emergence of a multipolar world order. The diagnosis made by alter-globalist leftists twenty years ago was mistaken: the world did not become more unipolar, but more multipolar in the early 21st century\u2014and the new right hates this. <\/p>\n\n<p>But this right is not only antiliberal; it is also staunchly anticommunist, with the peculiarity that it labels all leftist movements as communist. Lula, Petro, Sheinbaum, and Boric are all \u201ccommunists,\u201d according to Trump and his followers. This homogenization of the left is essential to their rhetoric, functioning as an electoral ploy to rally support from neoliberal or centrist right-wing factions that may not agree with the new protectionist turn toward increased tariffs.  <\/p>\n\n<p>The return to protectionism through global trade tariffs, which fragment regional integration zones\u2014including North America\u2014is real. Hence the deep hostility of Trumpism toward the BRICS, China, and also the European Union. This pressure via tariffs is a tool, not necessarily an end in itself, and can function more as a threat aimed at reinforcing unilateralism.  <\/p>\n\n<p>For that unilateralist objective, Bolsonaro\u2019s impunity and return to the presidency would be ideal. The current pressure is clearly geared toward the upcoming 2026 elections. However, the situation could shift rapidly if, as signs suggest, Lula\u2019s popularity rises as a result of Trump\u2019s attacks, and Trumpism itself loses strength in next year\u2019s US legislative elections.  <\/p>\n\n<p>For now, this year, we will see Trumpism align itself with Milei in Argentina and with Kast in Chile, while the pressure against Lula remains. I pointed that out late last year when Trump won the presidency. From a Latin American perspective, it is, however you look at it, a mistake to think that Trump\u2019s protectionism or isolationism is preferable to the Democrats\u2019 globalism.  <\/p>\n\n<p>The response to Trumpism from the progressive Latin American governments, which will soon meet in Santiago, Chile, if it is to be more effective regionally, should include greater firmness in the face of ALBA authoritarianism. Not through embargoes and isolationism, as Boric maintains, but through documented denunciations of repression and despotism. <\/p>\n\n<p><em>*Article originally published in <a href=\"https:\/\/www.razon.com.mx\/opinion\/2025\/07\/12\/trump-contra-lula\/\" target=\"_blank\" rel=\"noreferrer noopener\">La Raz\u00f3n de M\u00e9xico<\/a>.<\/em><\/p>\n","protected":false},"excerpt":{"rendered":"<p>Despite the professionalism of Itamaraty (Brazil\u2019s Foreign Ministry) and the traditionally careful diplomacy of Lula da Silva\u2014let us recall his good relations with George W. Bush and Barack Obama\u2014a diplomatic clash has occurred between the United States and Brazil. There has been much speculation and exaggeration about the dispute, with some eager to frame it [&hellip;]<\/p>\n","protected":false},"author":203,"featured_media":170603,"comment_status":"closed","ping_status":"closed","sticky":false,"template":"","format":"standard","meta":{"_acf_changed":false,"_eb_attr":"","_eb_data_table":"","footnotes":""},"categories":[15445],"tags":[],"class_list":["post-170732","post","type-post","status-publish","format-standard","has-post-thumbnail","hentry","category-english"],"acf":[],"yoast_head":"<!-- This site is optimized with the Yoast SEO Premium plugin v27.4 (Yoast SEO v27.4) - https:\/\/yoast.com\/product\/yoast-seo-premium-wordpress\/ -->\n<title>Trump vs. Lula - Confidencial<\/title>\n<meta name=\"description\" content=\"This year, we will see Trumpism aligning with Milei in Argentina and Kast in Chile, while the pressure against Lula continues.\" \/>\n<meta name=\"robots\" content=\"index, follow, max-snippet:-1, max-image-preview:large, max-video-preview:-1\" \/>\n<link rel=\"canonical\" href=\"https:\/\/confidencial.digital\/en\/english\/trump-vs-lula\/\" \/>\n<meta property=\"og:locale\" content=\"en_US\" \/>\n<meta property=\"og:type\" content=\"article\" \/>\n<meta property=\"og:title\" content=\"Trump vs. Lula\" \/>\n<meta property=\"og:description\" content=\"This year, we will see Trumpism aligning with Milei in Argentina and Kast in Chile, while the pressure against Lula continues.\" \/>\n<meta property=\"og:url\" content=\"https:\/\/confidencial.digital\/en\/english\/trump-vs-lula\/\" \/>\n<meta property=\"og:site_name\" content=\"Confidencial\" \/>\n<meta property=\"article:publisher\" content=\"https:\/\/www.facebook.com\/confidencial.com.ni\" \/>\n<meta property=\"article:published_time\" content=\"2025-07-15T06:05:00+00:00\" \/>\n<meta property=\"article:modified_time\" content=\"2025-07-17T08:40:21+00:00\" \/>\n<meta property=\"og:image\" content=\"https:\/\/confidencial.digital\/wp-content\/uploads\/2025\/07\/Lula-en-Brics.jpg\" \/>\n\t<meta property=\"og:image:width\" content=\"1920\" \/>\n\t<meta property=\"og:image:height\" content=\"1280\" \/>\n\t<meta property=\"og:image:type\" content=\"image\/jpeg\" \/>\n<meta name=\"author\" content=\"Rafael Rojas\" \/>\n<meta name=\"twitter:card\" content=\"summary_large_image\" \/>\n<meta name=\"twitter:creator\" content=\"@confidencial_ni\" \/>\n<meta name=\"twitter:site\" content=\"@confidencial_ni\" \/>\n<meta name=\"twitter:label1\" content=\"Written by\" \/>\n\t<meta name=\"twitter:data1\" content=\"Rafael Rojas\" \/>\n\t<meta name=\"twitter:label2\" content=\"Est. reading time\" \/>\n\t<meta name=\"twitter:data2\" content=\"3 minutes\" \/>\n<script type=\"application\/ld+json\" class=\"yoast-schema-graph\">{\"@context\":\"https:\\\/\\\/schema.org\",\"@graph\":[{\"@type\":\"NewsArticle\",\"@id\":\"https:\\\/\\\/confidencial.digital\\\/en\\\/english\\\/trump-vs-lula\\\/#article\",\"isPartOf\":{\"@id\":\"https:\\\/\\\/confidencial.digital\\\/en\\\/english\\\/trump-vs-lula\\\/\"},\"author\":{\"name\":\"Rafael Rojas\",\"@id\":\"https:\\\/\\\/confidencial.digital\\\/en\\\/#\\\/schema\\\/person\\\/a8e2d4a5e9b74ad4551709510cfd082f\"},\"headline\":\"Trump vs. Lula\",\"datePublished\":\"2025-07-15T06:05:00+00:00\",\"dateModified\":\"2025-07-17T08:40:21+00:00\",\"mainEntityOfPage\":{\"@id\":\"https:\\\/\\\/confidencial.digital\\\/en\\\/english\\\/trump-vs-lula\\\/\"},\"wordCount\":619,\"publisher\":{\"@id\":\"https:\\\/\\\/confidencial.digital\\\/en\\\/#organization\"},\"image\":{\"@id\":\"https:\\\/\\\/confidencial.digital\\\/en\\\/english\\\/trump-vs-lula\\\/#primaryimage\"},\"thumbnailUrl\":\"https:\\\/\\\/confidencial.digital\\\/wp-content\\\/uploads\\\/2025\\\/07\\\/Lula-en-Brics.jpg\",\"articleSection\":[\"English\"],\"inLanguage\":\"en-US\",\"copyrightYear\":\"2025\",\"copyrightHolder\":{\"@id\":\"https:\\\/\\\/confidencial.digital\\\/#organization\"}},{\"@type\":\"WebPage\",\"@id\":\"https:\\\/\\\/confidencial.digital\\\/en\\\/english\\\/trump-vs-lula\\\/\",\"url\":\"https:\\\/\\\/confidencial.digital\\\/en\\\/english\\\/trump-vs-lula\\\/\",\"name\":\"Trump vs. Lula - Confidencial\",\"isPartOf\":{\"@id\":\"https:\\\/\\\/confidencial.digital\\\/en\\\/#website\"},\"primaryImageOfPage\":{\"@id\":\"https:\\\/\\\/confidencial.digital\\\/en\\\/english\\\/trump-vs-lula\\\/#primaryimage\"},\"image\":{\"@id\":\"https:\\\/\\\/confidencial.digital\\\/en\\\/english\\\/trump-vs-lula\\\/#primaryimage\"},\"thumbnailUrl\":\"https:\\\/\\\/confidencial.digital\\\/wp-content\\\/uploads\\\/2025\\\/07\\\/Lula-en-Brics.jpg\",\"datePublished\":\"2025-07-15T06:05:00+00:00\",\"dateModified\":\"2025-07-17T08:40:21+00:00\",\"description\":\"This year, we will see Trumpism aligning with Milei in Argentina and Kast in Chile, while the pressure against Lula continues.\",\"breadcrumb\":{\"@id\":\"https:\\\/\\\/confidencial.digital\\\/en\\\/english\\\/trump-vs-lula\\\/#breadcrumb\"},\"inLanguage\":\"en-US\",\"potentialAction\":[{\"@type\":\"ReadAction\",\"target\":[\"https:\\\/\\\/confidencial.digital\\\/en\\\/english\\\/trump-vs-lula\\\/\"]}]},{\"@type\":\"ImageObject\",\"inLanguage\":\"en-US\",\"@id\":\"https:\\\/\\\/confidencial.digital\\\/en\\\/english\\\/trump-vs-lula\\\/#primaryimage\",\"url\":\"https:\\\/\\\/confidencial.digital\\\/wp-content\\\/uploads\\\/2025\\\/07\\\/Lula-en-Brics.jpg\",\"contentUrl\":\"https:\\\/\\\/confidencial.digital\\\/wp-content\\\/uploads\\\/2025\\\/07\\\/Lula-en-Brics.jpg\",\"width\":1920,\"height\":1280,\"caption\":\"AME1335. R\u00cdO DE JANEIRO (BRASIL), 07\\\/07\\\/2025.- El presidente de Brasil, Luiz In\u00e1cio Lula da Silva, habla en una rueda de prensa durante la cumbre de los BRICS este lunes, en R\u00edo de Janeiro (Brasil). Lula afirm\u00f3 que los pa\u00edses de los BRICS son soberanos y que no desean tener un \\\"emperador\\\", al ser interrogado sobre la amenaza proferida por su hom\u00f3logo estadounidense, Donald Trump, de imponer aranceles adicionales del 10 % a quien apoye las pol\u00edticas antiestadounidenses de este foro de emergentes. EFE\\\/ Antonio Lacerda\"},{\"@type\":\"BreadcrumbList\",\"@id\":\"https:\\\/\\\/confidencial.digital\\\/en\\\/english\\\/trump-vs-lula\\\/#breadcrumb\",\"itemListElement\":[{\"@type\":\"ListItem\",\"position\":1,\"name\":\"Portada\",\"item\":\"https:\\\/\\\/confidencial.digital\\\/en\\\/\"},{\"@type\":\"ListItem\",\"position\":2,\"name\":\"Trump vs. Lula\"}]},{\"@type\":\"WebSite\",\"@id\":\"https:\\\/\\\/confidencial.digital\\\/en\\\/#website\",\"url\":\"https:\\\/\\\/confidencial.digital\\\/en\\\/\",\"name\":\"Confidencial Nicaragua\",\"description\":\"Noticias de Nicaragua, informaci\u00f3n, an\u00e1lisis, reportajes, investigaciones, perfiles y entrevistas. Somos Confidencial. Hacemos periodismo independiente.\",\"publisher\":{\"@id\":\"https:\\\/\\\/confidencial.digital\\\/en\\\/#organization\"},\"potentialAction\":[{\"@type\":\"SearchAction\",\"target\":{\"@type\":\"EntryPoint\",\"urlTemplate\":\"https:\\\/\\\/confidencial.digital\\\/en\\\/?s={search_term_string}\"},\"query-input\":{\"@type\":\"PropertyValueSpecification\",\"valueRequired\":true,\"valueName\":\"search_term_string\"}}],\"inLanguage\":\"en-US\"},{\"@type\":\"Organization\",\"@id\":\"https:\\\/\\\/confidencial.digital\\\/en\\\/#organization\",\"name\":\"Confidencial\",\"url\":\"https:\\\/\\\/confidencial.digital\\\/en\\\/\",\"logo\":{\"@type\":\"ImageObject\",\"inLanguage\":\"en-US\",\"@id\":\"https:\\\/\\\/confidencial.digital\\\/en\\\/#\\\/schema\\\/logo\\\/image\\\/\",\"url\":\"https:\\\/\\\/confidencial.digital\\\/wp-content\\\/uploads\\\/2023\\\/09\\\/Confidencial_696x696.jpg\",\"contentUrl\":\"https:\\\/\\\/confidencial.digital\\\/wp-content\\\/uploads\\\/2023\\\/09\\\/Confidencial_696x696.jpg\",\"width\":696,\"height\":696,\"caption\":\"Confidencial\"},\"image\":{\"@id\":\"https:\\\/\\\/confidencial.digital\\\/en\\\/#\\\/schema\\\/logo\\\/image\\\/\"},\"sameAs\":[\"https:\\\/\\\/www.facebook.com\\\/confidencial.com.ni\",\"https:\\\/\\\/x.com\\\/confidencial_ni\",\"https:\\\/\\\/www.youtube.com\\\/user\\\/ConfidencialNica\",\"https:\\\/\\\/www.instagram.com\\\/confidencial_ni\\\/\",\"https:\\\/\\\/www.linkedin.com\\\/company\\\/confidencial-nicaragua\\\/\",\"https:\\\/\\\/open.spotify.com\\\/show\\\/1rNymjqQuqP1CTGqHKdQ24\",\"https:\\\/\\\/bsky.app\\\/profile\\\/confidencialni.bsky.social\",\"https:\\\/\\\/www.threads.com\\\/@confidencial_ni\"],\"description\":\"En Confidencial hacemos periodismo de investigaci\u00f3n y an\u00e1lisis independiente para Nicaragua y su di\u00e1spora en el mundo. Fundado en 1996\",\"email\":\"info@confidencial.digital\",\"foundingDate\":\"1996-06-01\"},{\"@type\":\"Person\",\"@id\":\"https:\\\/\\\/confidencial.digital\\\/en\\\/#\\\/schema\\\/person\\\/a8e2d4a5e9b74ad4551709510cfd082f\",\"name\":\"Rafael Rojas\",\"image\":{\"@type\":\"ImageObject\",\"inLanguage\":\"en-US\",\"@id\":\"https:\\\/\\\/www.confidencial.digital\\\/wp-content\\\/uploads\\\/2023\\\/03\\\/rafael-rojas_avatar-96x96.jpg\",\"url\":\"https:\\\/\\\/www.confidencial.digital\\\/wp-content\\\/uploads\\\/2023\\\/03\\\/rafael-rojas_avatar-96x96.jpg\",\"contentUrl\":\"https:\\\/\\\/www.confidencial.digital\\\/wp-content\\\/uploads\\\/2023\\\/03\\\/rafael-rojas_avatar-96x96.jpg\",\"caption\":\"Rafael Rojas\"},\"description\":\"Historiador y ensayista cubano, residente en M\u00e9xico. Es licenciado en Filosof\u00eda y doctor en Historia. Profesor e investigador del Centro de Investigaci\u00f3n y Docencia Econ\u00f3micas (CIDE) de la Ciudad de M\u00e9xico y profesor visitante en las universidades de Princeton, Yale, Columbia y Austin. Es autor de m\u00e1s de veinte libros sobre Am\u00e9rica Latina, M\u00e9xico y Cuba.\",\"url\":\"https:\\\/\\\/confidencial.digital\\\/en\\\/author\\\/rafael-rojas\\\/\"}]}<\/script>\n<!-- \/ Yoast SEO Premium plugin. -->","yoast_head_json":{"title":"Trump vs. Lula - Confidencial","description":"This year, we will see Trumpism aligning with Milei in Argentina and Kast in Chile, while the pressure against Lula continues.","robots":{"index":"index","follow":"follow","max-snippet":"max-snippet:-1","max-image-preview":"max-image-preview:large","max-video-preview":"max-video-preview:-1"},"canonical":"https:\/\/confidencial.digital\/en\/english\/trump-vs-lula\/","og_locale":"en_US","og_type":"article","og_title":"Trump vs. Lula","og_description":"This year, we will see Trumpism aligning with Milei in Argentina and Kast in Chile, while the pressure against Lula continues.","og_url":"https:\/\/confidencial.digital\/en\/english\/trump-vs-lula\/","og_site_name":"Confidencial","article_publisher":"https:\/\/www.facebook.com\/confidencial.com.ni","article_published_time":"2025-07-15T06:05:00+00:00","article_modified_time":"2025-07-17T08:40:21+00:00","og_image":[{"width":1920,"height":1280,"url":"https:\/\/confidencial.digital\/wp-content\/uploads\/2025\/07\/Lula-en-Brics.jpg","type":"image\/jpeg"}],"author":"Rafael Rojas","twitter_card":"summary_large_image","twitter_creator":"@confidencial_ni","twitter_site":"@confidencial_ni","twitter_misc":{"Written by":"Rafael Rojas","Est. reading time":"3 minutes"},"schema":{"@context":"https:\/\/schema.org","@graph":[{"@type":"NewsArticle","@id":"https:\/\/confidencial.digital\/en\/english\/trump-vs-lula\/#article","isPartOf":{"@id":"https:\/\/confidencial.digital\/en\/english\/trump-vs-lula\/"},"author":{"name":"Rafael Rojas","@id":"https:\/\/confidencial.digital\/en\/#\/schema\/person\/a8e2d4a5e9b74ad4551709510cfd082f"},"headline":"Trump vs. Lula","datePublished":"2025-07-15T06:05:00+00:00","dateModified":"2025-07-17T08:40:21+00:00","mainEntityOfPage":{"@id":"https:\/\/confidencial.digital\/en\/english\/trump-vs-lula\/"},"wordCount":619,"publisher":{"@id":"https:\/\/confidencial.digital\/en\/#organization"},"image":{"@id":"https:\/\/confidencial.digital\/en\/english\/trump-vs-lula\/#primaryimage"},"thumbnailUrl":"https:\/\/confidencial.digital\/wp-content\/uploads\/2025\/07\/Lula-en-Brics.jpg","articleSection":["English"],"inLanguage":"en-US","copyrightYear":"2025","copyrightHolder":{"@id":"https:\/\/confidencial.digital\/#organization"}},{"@type":"WebPage","@id":"https:\/\/confidencial.digital\/en\/english\/trump-vs-lula\/","url":"https:\/\/confidencial.digital\/en\/english\/trump-vs-lula\/","name":"Trump vs. Lula - Confidencial","isPartOf":{"@id":"https:\/\/confidencial.digital\/en\/#website"},"primaryImageOfPage":{"@id":"https:\/\/confidencial.digital\/en\/english\/trump-vs-lula\/#primaryimage"},"image":{"@id":"https:\/\/confidencial.digital\/en\/english\/trump-vs-lula\/#primaryimage"},"thumbnailUrl":"https:\/\/confidencial.digital\/wp-content\/uploads\/2025\/07\/Lula-en-Brics.jpg","datePublished":"2025-07-15T06:05:00+00:00","dateModified":"2025-07-17T08:40:21+00:00","description":"This year, we will see Trumpism aligning with Milei in Argentina and Kast in Chile, while the pressure against Lula continues.","breadcrumb":{"@id":"https:\/\/confidencial.digital\/en\/english\/trump-vs-lula\/#breadcrumb"},"inLanguage":"en-US","potentialAction":[{"@type":"ReadAction","target":["https:\/\/confidencial.digital\/en\/english\/trump-vs-lula\/"]}]},{"@type":"ImageObject","inLanguage":"en-US","@id":"https:\/\/confidencial.digital\/en\/english\/trump-vs-lula\/#primaryimage","url":"https:\/\/confidencial.digital\/wp-content\/uploads\/2025\/07\/Lula-en-Brics.jpg","contentUrl":"https:\/\/confidencial.digital\/wp-content\/uploads\/2025\/07\/Lula-en-Brics.jpg","width":1920,"height":1280,"caption":"AME1335. R\u00cdO DE JANEIRO (BRASIL), 07\/07\/2025.- El presidente de Brasil, Luiz In\u00e1cio Lula da Silva, habla en una rueda de prensa durante la cumbre de los BRICS este lunes, en R\u00edo de Janeiro (Brasil). Lula afirm\u00f3 que los pa\u00edses de los BRICS son soberanos y que no desean tener un \"emperador\", al ser interrogado sobre la amenaza proferida por su hom\u00f3logo estadounidense, Donald Trump, de imponer aranceles adicionales del 10 % a quien apoye las pol\u00edticas antiestadounidenses de este foro de emergentes. EFE\/ Antonio Lacerda"},{"@type":"BreadcrumbList","@id":"https:\/\/confidencial.digital\/en\/english\/trump-vs-lula\/#breadcrumb","itemListElement":[{"@type":"ListItem","position":1,"name":"Portada","item":"https:\/\/confidencial.digital\/en\/"},{"@type":"ListItem","position":2,"name":"Trump vs. Lula"}]},{"@type":"WebSite","@id":"https:\/\/confidencial.digital\/en\/#website","url":"https:\/\/confidencial.digital\/en\/","name":"Confidencial Nicaragua","description":"Noticias de Nicaragua, informaci\u00f3n, an\u00e1lisis, reportajes, investigaciones, perfiles y entrevistas. Somos Confidencial. Hacemos periodismo independiente.","publisher":{"@id":"https:\/\/confidencial.digital\/en\/#organization"},"potentialAction":[{"@type":"SearchAction","target":{"@type":"EntryPoint","urlTemplate":"https:\/\/confidencial.digital\/en\/?s={search_term_string}"},"query-input":{"@type":"PropertyValueSpecification","valueRequired":true,"valueName":"search_term_string"}}],"inLanguage":"en-US"},{"@type":"Organization","@id":"https:\/\/confidencial.digital\/en\/#organization","name":"Confidencial","url":"https:\/\/confidencial.digital\/en\/","logo":{"@type":"ImageObject","inLanguage":"en-US","@id":"https:\/\/confidencial.digital\/en\/#\/schema\/logo\/image\/","url":"https:\/\/confidencial.digital\/wp-content\/uploads\/2023\/09\/Confidencial_696x696.jpg","contentUrl":"https:\/\/confidencial.digital\/wp-content\/uploads\/2023\/09\/Confidencial_696x696.jpg","width":696,"height":696,"caption":"Confidencial"},"image":{"@id":"https:\/\/confidencial.digital\/en\/#\/schema\/logo\/image\/"},"sameAs":["https:\/\/www.facebook.com\/confidencial.com.ni","https:\/\/x.com\/confidencial_ni","https:\/\/www.youtube.com\/user\/ConfidencialNica","https:\/\/www.instagram.com\/confidencial_ni\/","https:\/\/www.linkedin.com\/company\/confidencial-nicaragua\/","https:\/\/open.spotify.com\/show\/1rNymjqQuqP1CTGqHKdQ24","https:\/\/bsky.app\/profile\/confidencialni.bsky.social","https:\/\/www.threads.com\/@confidencial_ni"],"description":"En Confidencial hacemos periodismo de investigaci\u00f3n y an\u00e1lisis independiente para Nicaragua y su di\u00e1spora en el mundo. Fundado en 1996","email":"info@confidencial.digital","foundingDate":"1996-06-01"},{"@type":"Person","@id":"https:\/\/confidencial.digital\/en\/#\/schema\/person\/a8e2d4a5e9b74ad4551709510cfd082f","name":"Rafael Rojas","image":{"@type":"ImageObject","inLanguage":"en-US","@id":"https:\/\/www.confidencial.digital\/wp-content\/uploads\/2023\/03\/rafael-rojas_avatar-96x96.jpg","url":"https:\/\/www.confidencial.digital\/wp-content\/uploads\/2023\/03\/rafael-rojas_avatar-96x96.jpg","contentUrl":"https:\/\/www.confidencial.digital\/wp-content\/uploads\/2023\/03\/rafael-rojas_avatar-96x96.jpg","caption":"Rafael Rojas"},"description":"Historiador y ensayista cubano, residente en M\u00e9xico. Es licenciado en Filosof\u00eda y doctor en Historia. Profesor e investigador del Centro de Investigaci\u00f3n y Docencia Econ\u00f3micas (CIDE) de la Ciudad de M\u00e9xico y profesor visitante en las universidades de Princeton, Yale, Columbia y Austin. Es autor de m\u00e1s de veinte libros sobre Am\u00e9rica Latina, M\u00e9xico y Cuba.","url":"https:\/\/confidencial.digital\/en\/author\/rafael-rojas\/"}]}},"_links":{"self":[{"href":"https:\/\/confidencial.digital\/en\/wp-json\/wp\/v2\/posts\/170732","targetHints":{"allow":["GET"]}}],"collection":[{"href":"https:\/\/confidencial.digital\/en\/wp-json\/wp\/v2\/posts"}],"about":[{"href":"https:\/\/confidencial.digital\/en\/wp-json\/wp\/v2\/types\/post"}],"author":[{"embeddable":true,"href":"https:\/\/confidencial.digital\/en\/wp-json\/wp\/v2\/users\/203"}],"replies":[{"embeddable":true,"href":"https:\/\/confidencial.digital\/en\/wp-json\/wp\/v2\/comments?post=170732"}],"version-history":[{"count":1,"href":"https:\/\/confidencial.digital\/en\/wp-json\/wp\/v2\/posts\/170732\/revisions"}],"predecessor-version":[{"id":170733,"href":"https:\/\/confidencial.digital\/en\/wp-json\/wp\/v2\/posts\/170732\/revisions\/170733"}],"wp:featuredmedia":[{"embeddable":true,"href":"https:\/\/confidencial.digital\/en\/wp-json\/wp\/v2\/media\/170603"}],"wp:attachment":[{"href":"https:\/\/confidencial.digital\/en\/wp-json\/wp\/v2\/media?parent=170732"}],"wp:term":[{"taxonomy":"category","embeddable":true,"href":"https:\/\/confidencial.digital\/en\/wp-json\/wp\/v2\/categories?post=170732"},{"taxonomy":"post_tag","embeddable":true,"href":"https:\/\/confidencial.digital\/en\/wp-json\/wp\/v2\/tags?post=170732"}],"curies":[{"name":"wp","href":"https:\/\/api.w.org\/{rel}","templated":true}]}}