{"id":170730,"date":"2025-07-16T10:14:37","date_gmt":"2025-07-16T16:14:37","guid":{"rendered":"https:\/\/confidencial.digital\/sin-categoria\/list-of-political-prisoners-under-ortega-and-murillo-rises-to-54\/"},"modified":"2025-07-18T11:16:18","modified_gmt":"2025-07-18T17:16:18","slug":"list-of-political-prisoners-under-ortega-and-murillo-rises-to-54","status":"publish","type":"post","link":"https:\/\/confidencial.digital\/en\/english\/list-of-political-prisoners-under-ortega-and-murillo-rises-to-54\/","title":{"rendered":"List of Political Prisoners Under Ortega and Murillo Rises to 54"},"content":{"rendered":"\n<p>At least 54 opposition members and critics of the Nicaraguan government, led by the married couple and \u201cco-presidents\u201d Daniel Ortega and Rosario Murillo, remain imprisoned in the country, including 18 senior citizens, denounced the Mechanism for the Recognition of Political Prisoners (Mecanismo para el Reconocimiento de Personas Presas Pol\u00edticas).<\/p>\n\n<p>\u201cIn Nicaragua, 54 people currently make up the official list of those detained for political reasons, 15 of whom remain disappeared due to the systematic practice of enforced disappearance,\u201d the Mechanism stated in a report, whose data is endorsed by the Inter-American Commission on Human Rights (IACHR).<\/p>\n\n<p>\u201cThis number reflects the escalation of repression under the Ortega-Murillo regime, which has intensified arbitrary detentions and isolation of detainees, turning disappearances into a strategy of control and repression,\u201d it asserted.<\/p>\n\n<p>Of the 54 people imprisoned for political reasons, seven are women and 47 are men (including 10 who were detained before the 2018 crisis), the organization noted.<\/p>\n\n<p>Furthermore, of that total, 35 have been convicted of crimes deemed \u201ctreason against the homeland\u201d in judicial proceedings \u201clacking minimum guarantees of due process,\u201d while 19 are awaiting trial, according to the report.<\/p>\n\n<p>The organization also warned that among the 54 detainees, 15 are considered \u201cdisappeared due to concealment of their whereabouts and denial of visits.\u201d<\/p>\n\n<p>The <a href=\"https:\/\/confidencial.digital\/en\/english\/nicaraguas-14-missing-political-prisoners\/\" target=\"_blank\" rel=\"noreferrer noopener\">updated list <\/a>includes former Sandinista revolutionary commander <a href=\"https:\/\/confidencial.digital\/reporte-ciudadano\/mas-de-600-personalidades-firman-peticion-por-la-libertad-de-henry-ruiz\/\" target=\"_blank\" rel=\"noreferrer noopener\">Henry Ruiz<\/a>, who has been under house confinement by the Nicaraguan police since March 8, 2025, as well as former Ortega advisor and retired general <a href=\"https:\/\/confidencial.digital\/en\/english\/police-arrest-retired-general-alvaro-baltodano-in-matagalpa-say-local-farmers\/\" target=\"_blank\" rel=\"noreferrer noopener\">Alvaro Baltodano.<\/a><\/p>\n\n<p>Ruiz, one of the nine Sandinista commanders of the National Directorate who held power during the first phase of the Sandinista government (1979\u20131990), is also the oldest person deprived of liberty, at 81 years old.<\/p>\n\n<p>Others on the list include Indigenous leaders Brooklyn Rivera Bryan, Steadman Fagoth M\u00fcller, and Nancy Elizabeth Henr\u00edquez.<\/p>\n\n<p>Also listed are retired military officers Victor Boitano and Eddie Moises Gonz\u00e1lez Valdivia, and journalists Fabiola Tercero and Leo Cercamo, among others.<\/p>\n\n<p>The Mechanism, which is made up of human rights organizations, families of current and former political prisoners, lawyers, documentation initiatives, and networks of territorial and digital activists, has warned that the actual number of detainees may be higher, as some families refrain from reporting cases out of fear.<\/p>\n","protected":false},"excerpt":{"rendered":"<p>At least 54 opposition members and critics of the Nicaraguan government, led by the married couple and \u201cco-presidents\u201d Daniel Ortega and Rosario Murillo, remain imprisoned in the country, including 18 senior citizens, denounced the Mechanism for the Recognition of Political Prisoners (Mecanismo para el Reconocimiento de Personas Presas Pol\u00edticas). \u201cIn Nicaragua, 54 people currently make [&hellip;]<\/p>\n","protected":false},"author":12,"featured_media":135429,"comment_status":"closed","ping_status":"closed","sticky":false,"template":"","format":"standard","meta":{"_acf_changed":false,"_eb_attr":"","_eb_data_table":"","footnotes":""},"categories":[15445],"tags":[],"class_list":["post-170730","post","type-post","status-publish","format-standard","has-post-thumbnail","hentry","category-english"],"acf":[],"yoast_head":"<!-- This site is optimized with the Yoast SEO Premium plugin v27.4 (Yoast SEO v27.4) - https:\/\/yoast.com\/product\/yoast-seo-premium-wordpress\/ -->\n<title>List of Political Prisoners Under Ortega and Murillo Rises to 54 - Confidencial<\/title>\n<meta name=\"description\" content=\"Mechanism records that there are 15 people who are &quot;missing due to concealment of whereabouts and denial of visits&quot;\" \/>\n<meta name=\"robots\" content=\"index, follow, max-snippet:-1, max-image-preview:large, max-video-preview:-1\" \/>\n<link rel=\"canonical\" href=\"https:\/\/confidencial.digital\/en\/english\/list-of-political-prisoners-under-ortega-and-murillo-rises-to-54\/\" \/>\n<meta property=\"og:locale\" content=\"en_US\" \/>\n<meta property=\"og:type\" content=\"article\" \/>\n<meta property=\"og:title\" content=\"List of Political Prisoners Under Ortega and Murillo Rises to 54\" \/>\n<meta property=\"og:description\" content=\"Mechanism records that there are 15 people who are &quot;missing due to concealment of whereabouts and denial of visits&quot;\" \/>\n<meta property=\"og:url\" content=\"https:\/\/confidencial.digital\/en\/english\/list-of-political-prisoners-under-ortega-and-murillo-rises-to-54\/\" \/>\n<meta property=\"og:site_name\" content=\"Confidencial\" \/>\n<meta property=\"article:publisher\" content=\"https:\/\/www.facebook.com\/confidencial.com.ni\" \/>\n<meta property=\"article:published_time\" content=\"2025-07-16T16:14:37+00:00\" \/>\n<meta property=\"article:modified_time\" content=\"2025-07-18T17:16:18+00:00\" \/>\n<meta property=\"og:image\" content=\"https:\/\/confidencial.digital\/wp-content\/uploads\/2022\/11\/43151993745_48de2e1b59_b.jpg\" \/>\n\t<meta property=\"og:image:width\" content=\"1024\" \/>\n\t<meta property=\"og:image:height\" content=\"684\" \/>\n\t<meta property=\"og:image:type\" content=\"image\/jpeg\" \/>\n<meta name=\"author\" content=\"Agencia EFE\" \/>\n<meta name=\"twitter:card\" content=\"summary_large_image\" \/>\n<meta name=\"twitter:creator\" content=\"@efenoticias\" \/>\n<meta name=\"twitter:site\" content=\"@confidencial_ni\" \/>\n<meta name=\"twitter:label1\" content=\"Written by\" \/>\n\t<meta name=\"twitter:data1\" content=\"Agencia EFE\" \/>\n\t<meta name=\"twitter:label2\" content=\"Est. reading time\" \/>\n\t<meta name=\"twitter:data2\" content=\"2 minutes\" \/>\n<script type=\"application\/ld+json\" class=\"yoast-schema-graph\">{\"@context\":\"https:\\\/\\\/schema.org\",\"@graph\":[{\"@type\":\"NewsArticle\",\"@id\":\"https:\\\/\\\/confidencial.digital\\\/en\\\/english\\\/list-of-political-prisoners-under-ortega-and-murillo-rises-to-54\\\/#article\",\"isPartOf\":{\"@id\":\"https:\\\/\\\/confidencial.digital\\\/en\\\/english\\\/list-of-political-prisoners-under-ortega-and-murillo-rises-to-54\\\/\"},\"author\":{\"name\":\"Agencia EFE\",\"@id\":\"https:\\\/\\\/confidencial.digital\\\/en\\\/#\\\/schema\\\/person\\\/02642e81a534005c3df18e99da2044dd\"},\"headline\":\"List of Political Prisoners Under Ortega and Murillo Rises to 54\",\"datePublished\":\"2025-07-16T16:14:37+00:00\",\"dateModified\":\"2025-07-18T17:16:18+00:00\",\"mainEntityOfPage\":{\"@id\":\"https:\\\/\\\/confidencial.digital\\\/en\\\/english\\\/list-of-political-prisoners-under-ortega-and-murillo-rises-to-54\\\/\"},\"wordCount\":365,\"publisher\":{\"@id\":\"https:\\\/\\\/confidencial.digital\\\/en\\\/#organization\"},\"image\":{\"@id\":\"https:\\\/\\\/confidencial.digital\\\/en\\\/english\\\/list-of-political-prisoners-under-ortega-and-murillo-rises-to-54\\\/#primaryimage\"},\"thumbnailUrl\":\"https:\\\/\\\/confidencial.digital\\\/wp-content\\\/uploads\\\/2022\\\/11\\\/43151993745_48de2e1b59_b.jpg\",\"articleSection\":[\"English\"],\"inLanguage\":\"en-US\",\"copyrightYear\":\"2025\",\"copyrightHolder\":{\"@id\":\"https:\\\/\\\/confidencial.digital\\\/#organization\"}},{\"@type\":\"WebPage\",\"@id\":\"https:\\\/\\\/confidencial.digital\\\/en\\\/english\\\/list-of-political-prisoners-under-ortega-and-murillo-rises-to-54\\\/\",\"url\":\"https:\\\/\\\/confidencial.digital\\\/en\\\/english\\\/list-of-political-prisoners-under-ortega-and-murillo-rises-to-54\\\/\",\"name\":\"List of Political Prisoners Under Ortega and Murillo Rises to 54 - Confidencial\",\"isPartOf\":{\"@id\":\"https:\\\/\\\/confidencial.digital\\\/en\\\/#website\"},\"primaryImageOfPage\":{\"@id\":\"https:\\\/\\\/confidencial.digital\\\/en\\\/english\\\/list-of-political-prisoners-under-ortega-and-murillo-rises-to-54\\\/#primaryimage\"},\"image\":{\"@id\":\"https:\\\/\\\/confidencial.digital\\\/en\\\/english\\\/list-of-political-prisoners-under-ortega-and-murillo-rises-to-54\\\/#primaryimage\"},\"thumbnailUrl\":\"https:\\\/\\\/confidencial.digital\\\/wp-content\\\/uploads\\\/2022\\\/11\\\/43151993745_48de2e1b59_b.jpg\",\"datePublished\":\"2025-07-16T16:14:37+00:00\",\"dateModified\":\"2025-07-18T17:16:18+00:00\",\"description\":\"Mechanism records that there are 15 people who are \\\"missing due to concealment of whereabouts and denial of visits\\\"\",\"breadcrumb\":{\"@id\":\"https:\\\/\\\/confidencial.digital\\\/en\\\/english\\\/list-of-political-prisoners-under-ortega-and-murillo-rises-to-54\\\/#breadcrumb\"},\"inLanguage\":\"en-US\",\"potentialAction\":[{\"@type\":\"ReadAction\",\"target\":[\"https:\\\/\\\/confidencial.digital\\\/en\\\/english\\\/list-of-political-prisoners-under-ortega-and-murillo-rises-to-54\\\/\"]}]},{\"@type\":\"ImageObject\",\"inLanguage\":\"en-US\",\"@id\":\"https:\\\/\\\/confidencial.digital\\\/en\\\/english\\\/list-of-political-prisoners-under-ortega-and-murillo-rises-to-54\\\/#primaryimage\",\"url\":\"https:\\\/\\\/confidencial.digital\\\/wp-content\\\/uploads\\\/2022\\\/11\\\/43151993745_48de2e1b59_b.jpg\",\"contentUrl\":\"https:\\\/\\\/confidencial.digital\\\/wp-content\\\/uploads\\\/2022\\\/11\\\/43151993745_48de2e1b59_b.jpg\",\"width\":1024,\"height\":684,\"caption\":\"Foto: Archivo | Confidencial\"},{\"@type\":\"BreadcrumbList\",\"@id\":\"https:\\\/\\\/confidencial.digital\\\/en\\\/english\\\/list-of-political-prisoners-under-ortega-and-murillo-rises-to-54\\\/#breadcrumb\",\"itemListElement\":[{\"@type\":\"ListItem\",\"position\":1,\"name\":\"Portada\",\"item\":\"https:\\\/\\\/confidencial.digital\\\/en\\\/\"},{\"@type\":\"ListItem\",\"position\":2,\"name\":\"List of Political Prisoners Under Ortega and Murillo Rises to 54\"}]},{\"@type\":\"WebSite\",\"@id\":\"https:\\\/\\\/confidencial.digital\\\/en\\\/#website\",\"url\":\"https:\\\/\\\/confidencial.digital\\\/en\\\/\",\"name\":\"Confidencial Nicaragua\",\"description\":\"Noticias de Nicaragua, informaci\u00f3n, an\u00e1lisis, reportajes, investigaciones, perfiles y entrevistas. Somos Confidencial. Hacemos periodismo independiente.\",\"publisher\":{\"@id\":\"https:\\\/\\\/confidencial.digital\\\/en\\\/#organization\"},\"potentialAction\":[{\"@type\":\"SearchAction\",\"target\":{\"@type\":\"EntryPoint\",\"urlTemplate\":\"https:\\\/\\\/confidencial.digital\\\/en\\\/?s={search_term_string}\"},\"query-input\":{\"@type\":\"PropertyValueSpecification\",\"valueRequired\":true,\"valueName\":\"search_term_string\"}}],\"inLanguage\":\"en-US\"},{\"@type\":\"Organization\",\"@id\":\"https:\\\/\\\/confidencial.digital\\\/en\\\/#organization\",\"name\":\"Confidencial\",\"url\":\"https:\\\/\\\/confidencial.digital\\\/en\\\/\",\"logo\":{\"@type\":\"ImageObject\",\"inLanguage\":\"en-US\",\"@id\":\"https:\\\/\\\/confidencial.digital\\\/en\\\/#\\\/schema\\\/logo\\\/image\\\/\",\"url\":\"https:\\\/\\\/confidencial.digital\\\/wp-content\\\/uploads\\\/2023\\\/09\\\/Confidencial_696x696.jpg\",\"contentUrl\":\"https:\\\/\\\/confidencial.digital\\\/wp-content\\\/uploads\\\/2023\\\/09\\\/Confidencial_696x696.jpg\",\"width\":696,\"height\":696,\"caption\":\"Confidencial\"},\"image\":{\"@id\":\"https:\\\/\\\/confidencial.digital\\\/en\\\/#\\\/schema\\\/logo\\\/image\\\/\"},\"sameAs\":[\"https:\\\/\\\/www.facebook.com\\\/confidencial.com.ni\",\"https:\\\/\\\/x.com\\\/confidencial_ni\",\"https:\\\/\\\/www.youtube.com\\\/user\\\/ConfidencialNica\",\"https:\\\/\\\/www.instagram.com\\\/confidencial_ni\\\/\",\"https:\\\/\\\/www.linkedin.com\\\/company\\\/confidencial-nicaragua\\\/\",\"https:\\\/\\\/open.spotify.com\\\/show\\\/1rNymjqQuqP1CTGqHKdQ24\",\"https:\\\/\\\/bsky.app\\\/profile\\\/confidencialni.bsky.social\",\"https:\\\/\\\/www.threads.com\\\/@confidencial_ni\"],\"description\":\"En Confidencial hacemos periodismo de investigaci\u00f3n y an\u00e1lisis independiente para Nicaragua y su di\u00e1spora en el mundo. Fundado en 1996\",\"email\":\"info@confidencial.digital\",\"foundingDate\":\"1996-06-01\"},{\"@type\":\"Person\",\"@id\":\"https:\\\/\\\/confidencial.digital\\\/en\\\/#\\\/schema\\\/person\\\/02642e81a534005c3df18e99da2044dd\",\"name\":\"Agencia EFE\",\"image\":{\"@type\":\"ImageObject\",\"inLanguage\":\"en-US\",\"@id\":\"https:\\\/\\\/www.confidencial.digital\\\/wp-content\\\/uploads\\\/2023\\\/03\\\/efe_avatar-96x96.jpg\",\"url\":\"https:\\\/\\\/www.confidencial.digital\\\/wp-content\\\/uploads\\\/2023\\\/03\\\/efe_avatar-96x96.jpg\",\"contentUrl\":\"https:\\\/\\\/www.confidencial.digital\\\/wp-content\\\/uploads\\\/2023\\\/03\\\/efe_avatar-96x96.jpg\",\"caption\":\"Agencia EFE\"},\"description\":\"Agencia de noticias internacional con sede en Madrid, Espa\u00f1a. Fundada en Burgos durante la guerra civil espa\u00f1ola en enero de 1939.\",\"sameAs\":[\"https:\\\/\\\/efe.com\\\/\",\"https:\\\/\\\/x.com\\\/efenoticias\"],\"url\":\"https:\\\/\\\/confidencial.digital\\\/en\\\/author\\\/efe\\\/\"}]}<\/script>\n<!-- \/ Yoast SEO Premium plugin. -->","yoast_head_json":{"title":"List of Political Prisoners Under Ortega and Murillo Rises to 54 - Confidencial","description":"Mechanism records that there are 15 people who are \"missing due to concealment of whereabouts and denial of visits\"","robots":{"index":"index","follow":"follow","max-snippet":"max-snippet:-1","max-image-preview":"max-image-preview:large","max-video-preview":"max-video-preview:-1"},"canonical":"https:\/\/confidencial.digital\/en\/english\/list-of-political-prisoners-under-ortega-and-murillo-rises-to-54\/","og_locale":"en_US","og_type":"article","og_title":"List of Political Prisoners Under Ortega and Murillo Rises to 54","og_description":"Mechanism records that there are 15 people who are \"missing due to concealment of whereabouts and denial of visits\"","og_url":"https:\/\/confidencial.digital\/en\/english\/list-of-political-prisoners-under-ortega-and-murillo-rises-to-54\/","og_site_name":"Confidencial","article_publisher":"https:\/\/www.facebook.com\/confidencial.com.ni","article_published_time":"2025-07-16T16:14:37+00:00","article_modified_time":"2025-07-18T17:16:18+00:00","og_image":[{"width":1024,"height":684,"url":"https:\/\/confidencial.digital\/wp-content\/uploads\/2022\/11\/43151993745_48de2e1b59_b.jpg","type":"image\/jpeg"}],"author":"Agencia EFE","twitter_card":"summary_large_image","twitter_creator":"@efenoticias","twitter_site":"@confidencial_ni","twitter_misc":{"Written by":"Agencia EFE","Est. reading time":"2 minutes"},"schema":{"@context":"https:\/\/schema.org","@graph":[{"@type":"NewsArticle","@id":"https:\/\/confidencial.digital\/en\/english\/list-of-political-prisoners-under-ortega-and-murillo-rises-to-54\/#article","isPartOf":{"@id":"https:\/\/confidencial.digital\/en\/english\/list-of-political-prisoners-under-ortega-and-murillo-rises-to-54\/"},"author":{"name":"Agencia EFE","@id":"https:\/\/confidencial.digital\/en\/#\/schema\/person\/02642e81a534005c3df18e99da2044dd"},"headline":"List of Political Prisoners Under Ortega and Murillo Rises to 54","datePublished":"2025-07-16T16:14:37+00:00","dateModified":"2025-07-18T17:16:18+00:00","mainEntityOfPage":{"@id":"https:\/\/confidencial.digital\/en\/english\/list-of-political-prisoners-under-ortega-and-murillo-rises-to-54\/"},"wordCount":365,"publisher":{"@id":"https:\/\/confidencial.digital\/en\/#organization"},"image":{"@id":"https:\/\/confidencial.digital\/en\/english\/list-of-political-prisoners-under-ortega-and-murillo-rises-to-54\/#primaryimage"},"thumbnailUrl":"https:\/\/confidencial.digital\/wp-content\/uploads\/2022\/11\/43151993745_48de2e1b59_b.jpg","articleSection":["English"],"inLanguage":"en-US","copyrightYear":"2025","copyrightHolder":{"@id":"https:\/\/confidencial.digital\/#organization"}},{"@type":"WebPage","@id":"https:\/\/confidencial.digital\/en\/english\/list-of-political-prisoners-under-ortega-and-murillo-rises-to-54\/","url":"https:\/\/confidencial.digital\/en\/english\/list-of-political-prisoners-under-ortega-and-murillo-rises-to-54\/","name":"List of Political Prisoners Under Ortega and Murillo Rises to 54 - Confidencial","isPartOf":{"@id":"https:\/\/confidencial.digital\/en\/#website"},"primaryImageOfPage":{"@id":"https:\/\/confidencial.digital\/en\/english\/list-of-political-prisoners-under-ortega-and-murillo-rises-to-54\/#primaryimage"},"image":{"@id":"https:\/\/confidencial.digital\/en\/english\/list-of-political-prisoners-under-ortega-and-murillo-rises-to-54\/#primaryimage"},"thumbnailUrl":"https:\/\/confidencial.digital\/wp-content\/uploads\/2022\/11\/43151993745_48de2e1b59_b.jpg","datePublished":"2025-07-16T16:14:37+00:00","dateModified":"2025-07-18T17:16:18+00:00","description":"Mechanism records that there are 15 people who are \"missing due to concealment of whereabouts and denial of visits\"","breadcrumb":{"@id":"https:\/\/confidencial.digital\/en\/english\/list-of-political-prisoners-under-ortega-and-murillo-rises-to-54\/#breadcrumb"},"inLanguage":"en-US","potentialAction":[{"@type":"ReadAction","target":["https:\/\/confidencial.digital\/en\/english\/list-of-political-prisoners-under-ortega-and-murillo-rises-to-54\/"]}]},{"@type":"ImageObject","inLanguage":"en-US","@id":"https:\/\/confidencial.digital\/en\/english\/list-of-political-prisoners-under-ortega-and-murillo-rises-to-54\/#primaryimage","url":"https:\/\/confidencial.digital\/wp-content\/uploads\/2022\/11\/43151993745_48de2e1b59_b.jpg","contentUrl":"https:\/\/confidencial.digital\/wp-content\/uploads\/2022\/11\/43151993745_48de2e1b59_b.jpg","width":1024,"height":684,"caption":"Foto: Archivo | Confidencial"},{"@type":"BreadcrumbList","@id":"https:\/\/confidencial.digital\/en\/english\/list-of-political-prisoners-under-ortega-and-murillo-rises-to-54\/#breadcrumb","itemListElement":[{"@type":"ListItem","position":1,"name":"Portada","item":"https:\/\/confidencial.digital\/en\/"},{"@type":"ListItem","position":2,"name":"List of Political Prisoners Under Ortega and Murillo Rises to 54"}]},{"@type":"WebSite","@id":"https:\/\/confidencial.digital\/en\/#website","url":"https:\/\/confidencial.digital\/en\/","name":"Confidencial Nicaragua","description":"Noticias de Nicaragua, informaci\u00f3n, an\u00e1lisis, reportajes, investigaciones, perfiles y entrevistas. Somos Confidencial. Hacemos periodismo independiente.","publisher":{"@id":"https:\/\/confidencial.digital\/en\/#organization"},"potentialAction":[{"@type":"SearchAction","target":{"@type":"EntryPoint","urlTemplate":"https:\/\/confidencial.digital\/en\/?s={search_term_string}"},"query-input":{"@type":"PropertyValueSpecification","valueRequired":true,"valueName":"search_term_string"}}],"inLanguage":"en-US"},{"@type":"Organization","@id":"https:\/\/confidencial.digital\/en\/#organization","name":"Confidencial","url":"https:\/\/confidencial.digital\/en\/","logo":{"@type":"ImageObject","inLanguage":"en-US","@id":"https:\/\/confidencial.digital\/en\/#\/schema\/logo\/image\/","url":"https:\/\/confidencial.digital\/wp-content\/uploads\/2023\/09\/Confidencial_696x696.jpg","contentUrl":"https:\/\/confidencial.digital\/wp-content\/uploads\/2023\/09\/Confidencial_696x696.jpg","width":696,"height":696,"caption":"Confidencial"},"image":{"@id":"https:\/\/confidencial.digital\/en\/#\/schema\/logo\/image\/"},"sameAs":["https:\/\/www.facebook.com\/confidencial.com.ni","https:\/\/x.com\/confidencial_ni","https:\/\/www.youtube.com\/user\/ConfidencialNica","https:\/\/www.instagram.com\/confidencial_ni\/","https:\/\/www.linkedin.com\/company\/confidencial-nicaragua\/","https:\/\/open.spotify.com\/show\/1rNymjqQuqP1CTGqHKdQ24","https:\/\/bsky.app\/profile\/confidencialni.bsky.social","https:\/\/www.threads.com\/@confidencial_ni"],"description":"En Confidencial hacemos periodismo de investigaci\u00f3n y an\u00e1lisis independiente para Nicaragua y su di\u00e1spora en el mundo. Fundado en 1996","email":"info@confidencial.digital","foundingDate":"1996-06-01"},{"@type":"Person","@id":"https:\/\/confidencial.digital\/en\/#\/schema\/person\/02642e81a534005c3df18e99da2044dd","name":"Agencia EFE","image":{"@type":"ImageObject","inLanguage":"en-US","@id":"https:\/\/www.confidencial.digital\/wp-content\/uploads\/2023\/03\/efe_avatar-96x96.jpg","url":"https:\/\/www.confidencial.digital\/wp-content\/uploads\/2023\/03\/efe_avatar-96x96.jpg","contentUrl":"https:\/\/www.confidencial.digital\/wp-content\/uploads\/2023\/03\/efe_avatar-96x96.jpg","caption":"Agencia EFE"},"description":"Agencia de noticias internacional con sede en Madrid, Espa\u00f1a. Fundada en Burgos durante la guerra civil espa\u00f1ola en enero de 1939.","sameAs":["https:\/\/efe.com\/","https:\/\/x.com\/efenoticias"],"url":"https:\/\/confidencial.digital\/en\/author\/efe\/"}]}},"_links":{"self":[{"href":"https:\/\/confidencial.digital\/en\/wp-json\/wp\/v2\/posts\/170730","targetHints":{"allow":["GET"]}}],"collection":[{"href":"https:\/\/confidencial.digital\/en\/wp-json\/wp\/v2\/posts"}],"about":[{"href":"https:\/\/confidencial.digital\/en\/wp-json\/wp\/v2\/types\/post"}],"author":[{"embeddable":true,"href":"https:\/\/confidencial.digital\/en\/wp-json\/wp\/v2\/users\/12"}],"replies":[{"embeddable":true,"href":"https:\/\/confidencial.digital\/en\/wp-json\/wp\/v2\/comments?post=170730"}],"version-history":[{"count":1,"href":"https:\/\/confidencial.digital\/en\/wp-json\/wp\/v2\/posts\/170730\/revisions"}],"predecessor-version":[{"id":170731,"href":"https:\/\/confidencial.digital\/en\/wp-json\/wp\/v2\/posts\/170730\/revisions\/170731"}],"wp:featuredmedia":[{"embeddable":true,"href":"https:\/\/confidencial.digital\/en\/wp-json\/wp\/v2\/media\/135429"}],"wp:attachment":[{"href":"https:\/\/confidencial.digital\/en\/wp-json\/wp\/v2\/media?parent=170730"}],"wp:term":[{"taxonomy":"category","embeddable":true,"href":"https:\/\/confidencial.digital\/en\/wp-json\/wp\/v2\/categories?post=170730"},{"taxonomy":"post_tag","embeddable":true,"href":"https:\/\/confidencial.digital\/en\/wp-json\/wp\/v2\/tags?post=170730"}],"curies":[{"name":"wp","href":"https:\/\/api.w.org\/{rel}","templated":true}]}}