{"id":170577,"date":"2025-07-13T01:10:00","date_gmt":"2025-07-13T07:10:00","guid":{"rendered":"https:\/\/confidencial.digital\/sin-categoria\/we-will-not-tire-of-fighting-for-justice-and-freedom-in-nicaragua\/"},"modified":"2025-07-14T00:36:15","modified_gmt":"2025-07-14T06:36:15","slug":"we-will-not-tire-of-fighting-for-justice-and-freedom-in-nicaragua","status":"publish","type":"post","link":"https:\/\/confidencial.digital\/en\/english\/we-will-not-tire-of-fighting-for-justice-and-freedom-in-nicaragua\/","title":{"rendered":"We Will Not Tire of Fighting for Justice and Freedom in Nicaragua"},"content":{"rendered":"\n<p>Good evening. It is an honor to receive <a href=\"https:\/\/confidencial.digital\/nacion\/obispo-silvio-baez-recibe-premio-y-denuncia-nicaragua-es-una-gran-prision\/\">the prestigious <em>Pacem in Terris<\/em> award<\/a> tonight, and I would like to express my sincere gratitude for this significant recognition. This award is not primarily a personal honor, but a recognition of the tireless struggle of many courageous and dignified Nicaraguans who have worked\u2014and continue to work\u2014for peace, freedom, and the defense of human rights in our country.  <\/p>\n\n<p>I sincerely thank those who made this recognition possible: the Diocese of Davenport, particularly its Bishop, my brother, Dennis Gerard Walsh, and all the members of the<em> Pacem in Terris<\/em> award committee. Thank you all for your solidarity with those who believe that the world can be transformed through compassion, hope, and commitment to peace and justice, beyond borders and cultural differences. <\/p>\n\n<p>This award bears the name of the historic encyclical<em> Pacem in Terris<\/em> by Pope John XXIII, which is a universal call to understanding among people and nations, based on truth, justice, love, and freedom. It is a message that resonates today with more urgency than ever in Nicaragua and in many countries where violence, repression, imprisonment, and forced exile persist. <\/p>\n\n<p>The <em>Pacem in Terris <\/em>award serves as a reminder that social peace cannot be defined simply as &#8220;the mere absence of violence achieved by the imposition of one sector over others&#8221; (Evangelii Gaudium, 219). Peace is built every day through listening, authentic dialogue, and the ability to build bridges, even when they seem impossible. Similarly, peace is fostered through social equity, inclusion of the poor, respect for human rights, and the courage to denounce injustice.  <\/p>\n\n<p>This evening, I accept this recognition on behalf of the Catholic Church of Nicaragua, for its faithfulness to the Gospel of Jesus and its constant commitment to serving the people of God. The Nicaraguan Church, even amid adversities, has stood by those who suffer the most: the poor, the exiled, and those who have been victims of injustice, making it visible with its presence and testimony that God&#8217;s love does not abandon anyone. Like Jesus, the Church in my country has been like the Good Samaritan in the parable \u2014a community that has bent down to listen and accompany those who suffer, to heal the wounds of those who bleed, and to communicate the hope of the Risen Christ to those who feel discouraged and downcast.  <\/p>\n\n<p>Working for peace in Nicaragua over the past few years has been a difficult challenge. In Nicaragua, voices calling for justice and freedom have been silenced, slandered, persecuted, and violated by a dictatorial regime that tries to impose acceptance of a false normality, making the international community used to coexisting with another dictatorship in Latin America. The regime has even tried to silence and discredit the Church, but the Church&#8217;s commitment to freedom, peace, and justice remains because it is rooted and grounded in Jesus Christ, the Prince of Peace. It doesn\u2019t come from an ideology or a political program; rather, it stems from a deep spiritual experience inspired by the mysterious dynamics of Christ&#8217;s love, &#8220;who, though he was rich, became poor to enrich us with his poverty&#8221; (2 Corinthians 8:9).   <\/p>\n\n<p>In my case, from the day Jesus touched my heart, transformed my existence, and called me to follow him, I have dedicated my life to proclaiming the Gospel of peace. I am convinced that only through the word of Jesus can we build just and peaceful societies. As a bishop of the Catholic Church, I strive to live each day as a disciple of Jesus and dedicate myself as a pastor of God&#8217;s people. The saving power of Jesus sustains me every day and drives me, even amid shadows, to walk in the light of the gospel of Christ meditated and contemplated in the silence of prayer. It is in prayer and union with Christ that I find the strength and wisdom to be His witness amidst the darkness that envelops my beloved country.    <\/p>\n\n<p>Today, as I receive this award, I am also honored to represent the many brave men and women of Nicaragua who, despite persecution, repression, and exile, continue to fight for a future of freedom and justice for our people. Their faces, their stories of suffering and hope, enrich and inspire my episcopal ministry. I accept this award on behalf of those who have lost their lives fighting for the country&#8217;s freedom, those who have lost their freedom for denouncing injustices, those who have suffered and continue to resist; those who, even in prison or exile, amid great adversities, have not stopped dreaming of a Nicaragua where the dignity of every person is sacred, where difference is celebrated, and justice prevails over fear.  <\/p>\n\n<p>The challenges we face in Nicaragua at this moment are far from over. The dictatorial regime that has taken hold in my country continues to cling to power, brutally crushing all dissent, denying our people the most basic dignity, and turning the entire country into a vast prison. But with God\u2019s grace, the spiritual support of the universal Church, and the adequate pressure from the international community, we will not tire of continuing to dream and fight peacefully for justice and freedom in Nicaragua. Every gesture of international solidarity, every embrace received from afar, strengthens our hope that peace is possible and that human rights must be defended without exception as the foundation for genuine human coexistence.   <\/p>\n\n<p>In my pastoral work, I have learned that no effort is small or struggle useless when it comes to defending people\u2019s lives and dignity. The unwavering desire for freedom, the radical choice for peaceful solutions, and the respect for human life remain the light that illuminates the hearts, steps, and projects of Nicaraguans who dream of a free Nicaragua. <\/p>\n\n<p>In conclusion, I would like to reiterate my sincere gratitude for this recognition. I also appreciate your solidarity and prayers for Nicaragua. Today, as I accept this award, I reaffirm my commitment to continue working with God\u2019s grace for a world where no human being is denied their fundamental rights and for the ideal, so necessary and urgent, of peace on earth.  <\/p>\n\n<p>Thank you all very much. May God bless you. <\/p>\n","protected":false},"excerpt":{"rendered":"<p>Good evening. It is an honor to receive the prestigious Pacem in Terris award tonight, and I would like to express my sincere gratitude for this significant recognition. This award is not primarily a personal honor, but a recognition of the tireless struggle of many courageous and dignified Nicaraguans who have worked\u2014and continue to work\u2014for [&hellip;]<\/p>\n","protected":false},"author":447,"featured_media":170413,"comment_status":"closed","ping_status":"closed","sticky":false,"template":"","format":"standard","meta":{"_acf_changed":false,"_eb_attr":"","_eb_data_table":"","footnotes":""},"categories":[15445],"tags":[],"class_list":["post-170577","post","type-post","status-publish","format-standard","has-post-thumbnail","hentry","category-english"],"acf":[],"yoast_head":"<!-- This site is optimized with the Yoast SEO Premium plugin v27.4 (Yoast SEO v27.4) - https:\/\/yoast.com\/product\/yoast-seo-premium-wordpress\/ -->\n<title>We will not tire of fighting for justice and freedom in Nicaragua.<\/title>\n<meta name=\"description\" content=\"Remarks by the Auxiliary Bishop of Managua, Monsignor Silvio Jos\u00e9 B\u00e1ez, upon receiving the Pacem in Terris Award in Iowa, United States.\" \/>\n<meta name=\"robots\" content=\"index, follow, max-snippet:-1, max-image-preview:large, max-video-preview:-1\" \/>\n<link rel=\"canonical\" href=\"https:\/\/confidencial.digital\/en\/english\/we-will-not-tire-of-fighting-for-justice-and-freedom-in-nicaragua\/\" \/>\n<meta property=\"og:locale\" content=\"en_US\" \/>\n<meta property=\"og:type\" content=\"article\" \/>\n<meta property=\"og:title\" content=\"We Will Not Tire of Fighting for Justice and Freedom in Nicaragua\" \/>\n<meta property=\"og:description\" content=\"Remarks by the Auxiliary Bishop of Managua, Monsignor Silvio Jos\u00e9 B\u00e1ez, upon receiving the Pacem in Terris Award in Iowa, United States.\" \/>\n<meta property=\"og:url\" content=\"https:\/\/confidencial.digital\/en\/english\/we-will-not-tire-of-fighting-for-justice-and-freedom-in-nicaragua\/\" \/>\n<meta property=\"og:site_name\" content=\"Confidencial\" \/>\n<meta property=\"article:publisher\" content=\"https:\/\/www.facebook.com\/confidencial.com.ni\" \/>\n<meta property=\"article:published_time\" content=\"2025-07-13T07:10:00+00:00\" \/>\n<meta property=\"article:modified_time\" content=\"2025-07-14T06:36:15+00:00\" \/>\n<meta property=\"og:image\" content=\"https:\/\/confidencial.digital\/wp-content\/uploads\/2025\/07\/Silvio-Baez-recibe-premio-pacem-in-Terris.jpg\" \/>\n\t<meta property=\"og:image:width\" content=\"1024\" \/>\n\t<meta property=\"og:image:height\" content=\"614\" \/>\n\t<meta property=\"og:image:type\" content=\"image\/jpeg\" \/>\n<meta name=\"author\" content=\"Mons. Silvio B\u00e1ez\" \/>\n<meta name=\"twitter:card\" content=\"summary_large_image\" \/>\n<meta name=\"twitter:creator\" content=\"@confidencial_ni\" \/>\n<meta name=\"twitter:site\" content=\"@confidencial_ni\" \/>\n<meta name=\"twitter:label1\" content=\"Written by\" \/>\n\t<meta name=\"twitter:data1\" content=\"Mons. Silvio B\u00e1ez\" \/>\n\t<meta name=\"twitter:label2\" content=\"Est. reading time\" \/>\n\t<meta name=\"twitter:data2\" content=\"5 minutes\" \/>\n<script type=\"application\/ld+json\" class=\"yoast-schema-graph\">{\"@context\":\"https:\\\/\\\/schema.org\",\"@graph\":[{\"@type\":\"NewsArticle\",\"@id\":\"https:\\\/\\\/confidencial.digital\\\/en\\\/english\\\/we-will-not-tire-of-fighting-for-justice-and-freedom-in-nicaragua\\\/#article\",\"isPartOf\":{\"@id\":\"https:\\\/\\\/confidencial.digital\\\/en\\\/english\\\/we-will-not-tire-of-fighting-for-justice-and-freedom-in-nicaragua\\\/\"},\"author\":{\"name\":\"Mons. Silvio B\u00e1ez\",\"@id\":\"https:\\\/\\\/confidencial.digital\\\/en\\\/#\\\/schema\\\/person\\\/b74c01ad15c3061e12b1c35a005266c2\"},\"headline\":\"We Will Not Tire of Fighting for Justice and Freedom in Nicaragua\",\"datePublished\":\"2025-07-13T07:10:00+00:00\",\"dateModified\":\"2025-07-14T06:36:15+00:00\",\"mainEntityOfPage\":{\"@id\":\"https:\\\/\\\/confidencial.digital\\\/en\\\/english\\\/we-will-not-tire-of-fighting-for-justice-and-freedom-in-nicaragua\\\/\"},\"wordCount\":1039,\"publisher\":{\"@id\":\"https:\\\/\\\/confidencial.digital\\\/en\\\/#organization\"},\"image\":{\"@id\":\"https:\\\/\\\/confidencial.digital\\\/en\\\/english\\\/we-will-not-tire-of-fighting-for-justice-and-freedom-in-nicaragua\\\/#primaryimage\"},\"thumbnailUrl\":\"https:\\\/\\\/confidencial.digital\\\/wp-content\\\/uploads\\\/2025\\\/07\\\/Silvio-Baez-recibe-premio-pacem-in-Terris.jpg\",\"articleSection\":[\"English\"],\"inLanguage\":\"en-US\",\"copyrightYear\":\"2025\",\"copyrightHolder\":{\"@id\":\"https:\\\/\\\/confidencial.digital\\\/#organization\"}},{\"@type\":\"WebPage\",\"@id\":\"https:\\\/\\\/confidencial.digital\\\/en\\\/english\\\/we-will-not-tire-of-fighting-for-justice-and-freedom-in-nicaragua\\\/\",\"url\":\"https:\\\/\\\/confidencial.digital\\\/en\\\/english\\\/we-will-not-tire-of-fighting-for-justice-and-freedom-in-nicaragua\\\/\",\"name\":\"We will not tire of fighting for justice and freedom in Nicaragua.\",\"isPartOf\":{\"@id\":\"https:\\\/\\\/confidencial.digital\\\/en\\\/#website\"},\"primaryImageOfPage\":{\"@id\":\"https:\\\/\\\/confidencial.digital\\\/en\\\/english\\\/we-will-not-tire-of-fighting-for-justice-and-freedom-in-nicaragua\\\/#primaryimage\"},\"image\":{\"@id\":\"https:\\\/\\\/confidencial.digital\\\/en\\\/english\\\/we-will-not-tire-of-fighting-for-justice-and-freedom-in-nicaragua\\\/#primaryimage\"},\"thumbnailUrl\":\"https:\\\/\\\/confidencial.digital\\\/wp-content\\\/uploads\\\/2025\\\/07\\\/Silvio-Baez-recibe-premio-pacem-in-Terris.jpg\",\"datePublished\":\"2025-07-13T07:10:00+00:00\",\"dateModified\":\"2025-07-14T06:36:15+00:00\",\"description\":\"Remarks by the Auxiliary Bishop of Managua, Monsignor Silvio Jos\u00e9 B\u00e1ez, upon receiving the Pacem in Terris Award in Iowa, United States.\",\"breadcrumb\":{\"@id\":\"https:\\\/\\\/confidencial.digital\\\/en\\\/english\\\/we-will-not-tire-of-fighting-for-justice-and-freedom-in-nicaragua\\\/#breadcrumb\"},\"inLanguage\":\"en-US\",\"potentialAction\":[{\"@type\":\"ReadAction\",\"target\":[\"https:\\\/\\\/confidencial.digital\\\/en\\\/english\\\/we-will-not-tire-of-fighting-for-justice-and-freedom-in-nicaragua\\\/\"]}]},{\"@type\":\"ImageObject\",\"inLanguage\":\"en-US\",\"@id\":\"https:\\\/\\\/confidencial.digital\\\/en\\\/english\\\/we-will-not-tire-of-fighting-for-justice-and-freedom-in-nicaragua\\\/#primaryimage\",\"url\":\"https:\\\/\\\/confidencial.digital\\\/wp-content\\\/uploads\\\/2025\\\/07\\\/Silvio-Baez-recibe-premio-pacem-in-Terris.jpg\",\"contentUrl\":\"https:\\\/\\\/confidencial.digital\\\/wp-content\\\/uploads\\\/2025\\\/07\\\/Silvio-Baez-recibe-premio-pacem-in-Terris.jpg\",\"width\":1024,\"height\":614,\"caption\":\"El obispo de la Di\u00f3cesis de Davenport, Monse\u00f1or Dennis Gerard Walsh (izq.), entrega el \u201cPremio Pacem in Terris\u201d al obispo auxiliar de Managua, monse\u00f1or Silvio Jos\u00e9 B\u00e1ez, el 9 de julio de 2025. \\\/\\\/ Foto: Mosaico CSI\"},{\"@type\":\"BreadcrumbList\",\"@id\":\"https:\\\/\\\/confidencial.digital\\\/en\\\/english\\\/we-will-not-tire-of-fighting-for-justice-and-freedom-in-nicaragua\\\/#breadcrumb\",\"itemListElement\":[{\"@type\":\"ListItem\",\"position\":1,\"name\":\"Portada\",\"item\":\"https:\\\/\\\/confidencial.digital\\\/en\\\/\"},{\"@type\":\"ListItem\",\"position\":2,\"name\":\"We Will Not Tire of Fighting for Justice and Freedom in Nicaragua\"}]},{\"@type\":\"WebSite\",\"@id\":\"https:\\\/\\\/confidencial.digital\\\/en\\\/#website\",\"url\":\"https:\\\/\\\/confidencial.digital\\\/en\\\/\",\"name\":\"Confidencial Nicaragua\",\"description\":\"Noticias de Nicaragua, informaci\u00f3n, an\u00e1lisis, reportajes, investigaciones, perfiles y entrevistas. Somos Confidencial. Hacemos periodismo independiente.\",\"publisher\":{\"@id\":\"https:\\\/\\\/confidencial.digital\\\/en\\\/#organization\"},\"potentialAction\":[{\"@type\":\"SearchAction\",\"target\":{\"@type\":\"EntryPoint\",\"urlTemplate\":\"https:\\\/\\\/confidencial.digital\\\/en\\\/?s={search_term_string}\"},\"query-input\":{\"@type\":\"PropertyValueSpecification\",\"valueRequired\":true,\"valueName\":\"search_term_string\"}}],\"inLanguage\":\"en-US\"},{\"@type\":\"Organization\",\"@id\":\"https:\\\/\\\/confidencial.digital\\\/en\\\/#organization\",\"name\":\"Confidencial\",\"url\":\"https:\\\/\\\/confidencial.digital\\\/en\\\/\",\"logo\":{\"@type\":\"ImageObject\",\"inLanguage\":\"en-US\",\"@id\":\"https:\\\/\\\/confidencial.digital\\\/en\\\/#\\\/schema\\\/logo\\\/image\\\/\",\"url\":\"https:\\\/\\\/confidencial.digital\\\/wp-content\\\/uploads\\\/2023\\\/09\\\/Confidencial_696x696.jpg\",\"contentUrl\":\"https:\\\/\\\/confidencial.digital\\\/wp-content\\\/uploads\\\/2023\\\/09\\\/Confidencial_696x696.jpg\",\"width\":696,\"height\":696,\"caption\":\"Confidencial\"},\"image\":{\"@id\":\"https:\\\/\\\/confidencial.digital\\\/en\\\/#\\\/schema\\\/logo\\\/image\\\/\"},\"sameAs\":[\"https:\\\/\\\/www.facebook.com\\\/confidencial.com.ni\",\"https:\\\/\\\/x.com\\\/confidencial_ni\",\"https:\\\/\\\/www.youtube.com\\\/user\\\/ConfidencialNica\",\"https:\\\/\\\/www.instagram.com\\\/confidencial_ni\\\/\",\"https:\\\/\\\/www.linkedin.com\\\/company\\\/confidencial-nicaragua\\\/\",\"https:\\\/\\\/open.spotify.com\\\/show\\\/1rNymjqQuqP1CTGqHKdQ24\",\"https:\\\/\\\/bsky.app\\\/profile\\\/confidencialni.bsky.social\",\"https:\\\/\\\/www.threads.com\\\/@confidencial_ni\"],\"description\":\"En Confidencial hacemos periodismo de investigaci\u00f3n y an\u00e1lisis independiente para Nicaragua y su di\u00e1spora en el mundo. Fundado en 1996\",\"email\":\"info@confidencial.digital\",\"foundingDate\":\"1996-06-01\"},{\"@type\":\"Person\",\"@id\":\"https:\\\/\\\/confidencial.digital\\\/en\\\/#\\\/schema\\\/person\\\/b74c01ad15c3061e12b1c35a005266c2\",\"name\":\"Mons. Silvio B\u00e1ez\",\"image\":{\"@type\":\"ImageObject\",\"inLanguage\":\"en-US\",\"@id\":\"https:\\\/\\\/confidencial.digital\\\/wp-content\\\/uploads\\\/2023\\\/08\\\/mons.-silvio-baez_avatar-96x96.jpg\",\"url\":\"https:\\\/\\\/confidencial.digital\\\/wp-content\\\/uploads\\\/2023\\\/08\\\/mons.-silvio-baez_avatar-96x96.jpg\",\"contentUrl\":\"https:\\\/\\\/confidencial.digital\\\/wp-content\\\/uploads\\\/2023\\\/08\\\/mons.-silvio-baez_avatar-96x96.jpg\",\"caption\":\"Mons. Silvio B\u00e1ez\"},\"description\":\"Masaya, Nicaragua, 1958. Obispo cat\u00f3lico nicarag\u00fcense, pertenece a la Orden de los Carmelitas Descalzos. Es obispo auxiliar de la Arquidi\u00f3cesis de Managua, exiliado desde abril de 2019, por petici\u00f3n del papa Francisco, debido a amenazas de muerte. Fue desnacionalizado por la dictadura orteguista en 2023.\",\"url\":\"https:\\\/\\\/confidencial.digital\\\/en\\\/author\\\/mons-silvio-baez\\\/\"}]}<\/script>\n<!-- \/ Yoast SEO Premium plugin. -->","yoast_head_json":{"title":"We will not tire of fighting for justice and freedom in Nicaragua.","description":"Remarks by the Auxiliary Bishop of Managua, Monsignor Silvio Jos\u00e9 B\u00e1ez, upon receiving the Pacem in Terris Award in Iowa, United States.","robots":{"index":"index","follow":"follow","max-snippet":"max-snippet:-1","max-image-preview":"max-image-preview:large","max-video-preview":"max-video-preview:-1"},"canonical":"https:\/\/confidencial.digital\/en\/english\/we-will-not-tire-of-fighting-for-justice-and-freedom-in-nicaragua\/","og_locale":"en_US","og_type":"article","og_title":"We Will Not Tire of Fighting for Justice and Freedom in Nicaragua","og_description":"Remarks by the Auxiliary Bishop of Managua, Monsignor Silvio Jos\u00e9 B\u00e1ez, upon receiving the Pacem in Terris Award in Iowa, United States.","og_url":"https:\/\/confidencial.digital\/en\/english\/we-will-not-tire-of-fighting-for-justice-and-freedom-in-nicaragua\/","og_site_name":"Confidencial","article_publisher":"https:\/\/www.facebook.com\/confidencial.com.ni","article_published_time":"2025-07-13T07:10:00+00:00","article_modified_time":"2025-07-14T06:36:15+00:00","og_image":[{"width":1024,"height":614,"url":"https:\/\/confidencial.digital\/wp-content\/uploads\/2025\/07\/Silvio-Baez-recibe-premio-pacem-in-Terris.jpg","type":"image\/jpeg"}],"author":"Mons. Silvio B\u00e1ez","twitter_card":"summary_large_image","twitter_creator":"@confidencial_ni","twitter_site":"@confidencial_ni","twitter_misc":{"Written by":"Mons. Silvio B\u00e1ez","Est. reading time":"5 minutes"},"schema":{"@context":"https:\/\/schema.org","@graph":[{"@type":"NewsArticle","@id":"https:\/\/confidencial.digital\/en\/english\/we-will-not-tire-of-fighting-for-justice-and-freedom-in-nicaragua\/#article","isPartOf":{"@id":"https:\/\/confidencial.digital\/en\/english\/we-will-not-tire-of-fighting-for-justice-and-freedom-in-nicaragua\/"},"author":{"name":"Mons. Silvio B\u00e1ez","@id":"https:\/\/confidencial.digital\/en\/#\/schema\/person\/b74c01ad15c3061e12b1c35a005266c2"},"headline":"We Will Not Tire of Fighting for Justice and Freedom in Nicaragua","datePublished":"2025-07-13T07:10:00+00:00","dateModified":"2025-07-14T06:36:15+00:00","mainEntityOfPage":{"@id":"https:\/\/confidencial.digital\/en\/english\/we-will-not-tire-of-fighting-for-justice-and-freedom-in-nicaragua\/"},"wordCount":1039,"publisher":{"@id":"https:\/\/confidencial.digital\/en\/#organization"},"image":{"@id":"https:\/\/confidencial.digital\/en\/english\/we-will-not-tire-of-fighting-for-justice-and-freedom-in-nicaragua\/#primaryimage"},"thumbnailUrl":"https:\/\/confidencial.digital\/wp-content\/uploads\/2025\/07\/Silvio-Baez-recibe-premio-pacem-in-Terris.jpg","articleSection":["English"],"inLanguage":"en-US","copyrightYear":"2025","copyrightHolder":{"@id":"https:\/\/confidencial.digital\/#organization"}},{"@type":"WebPage","@id":"https:\/\/confidencial.digital\/en\/english\/we-will-not-tire-of-fighting-for-justice-and-freedom-in-nicaragua\/","url":"https:\/\/confidencial.digital\/en\/english\/we-will-not-tire-of-fighting-for-justice-and-freedom-in-nicaragua\/","name":"We will not tire of fighting for justice and freedom in Nicaragua.","isPartOf":{"@id":"https:\/\/confidencial.digital\/en\/#website"},"primaryImageOfPage":{"@id":"https:\/\/confidencial.digital\/en\/english\/we-will-not-tire-of-fighting-for-justice-and-freedom-in-nicaragua\/#primaryimage"},"image":{"@id":"https:\/\/confidencial.digital\/en\/english\/we-will-not-tire-of-fighting-for-justice-and-freedom-in-nicaragua\/#primaryimage"},"thumbnailUrl":"https:\/\/confidencial.digital\/wp-content\/uploads\/2025\/07\/Silvio-Baez-recibe-premio-pacem-in-Terris.jpg","datePublished":"2025-07-13T07:10:00+00:00","dateModified":"2025-07-14T06:36:15+00:00","description":"Remarks by the Auxiliary Bishop of Managua, Monsignor Silvio Jos\u00e9 B\u00e1ez, upon receiving the Pacem in Terris Award in Iowa, United States.","breadcrumb":{"@id":"https:\/\/confidencial.digital\/en\/english\/we-will-not-tire-of-fighting-for-justice-and-freedom-in-nicaragua\/#breadcrumb"},"inLanguage":"en-US","potentialAction":[{"@type":"ReadAction","target":["https:\/\/confidencial.digital\/en\/english\/we-will-not-tire-of-fighting-for-justice-and-freedom-in-nicaragua\/"]}]},{"@type":"ImageObject","inLanguage":"en-US","@id":"https:\/\/confidencial.digital\/en\/english\/we-will-not-tire-of-fighting-for-justice-and-freedom-in-nicaragua\/#primaryimage","url":"https:\/\/confidencial.digital\/wp-content\/uploads\/2025\/07\/Silvio-Baez-recibe-premio-pacem-in-Terris.jpg","contentUrl":"https:\/\/confidencial.digital\/wp-content\/uploads\/2025\/07\/Silvio-Baez-recibe-premio-pacem-in-Terris.jpg","width":1024,"height":614,"caption":"El obispo de la Di\u00f3cesis de Davenport, Monse\u00f1or Dennis Gerard Walsh (izq.), entrega el \u201cPremio Pacem in Terris\u201d al obispo auxiliar de Managua, monse\u00f1or Silvio Jos\u00e9 B\u00e1ez, el 9 de julio de 2025. \/\/ Foto: Mosaico CSI"},{"@type":"BreadcrumbList","@id":"https:\/\/confidencial.digital\/en\/english\/we-will-not-tire-of-fighting-for-justice-and-freedom-in-nicaragua\/#breadcrumb","itemListElement":[{"@type":"ListItem","position":1,"name":"Portada","item":"https:\/\/confidencial.digital\/en\/"},{"@type":"ListItem","position":2,"name":"We Will Not Tire of Fighting for Justice and Freedom in Nicaragua"}]},{"@type":"WebSite","@id":"https:\/\/confidencial.digital\/en\/#website","url":"https:\/\/confidencial.digital\/en\/","name":"Confidencial Nicaragua","description":"Noticias de Nicaragua, informaci\u00f3n, an\u00e1lisis, reportajes, investigaciones, perfiles y entrevistas. Somos Confidencial. Hacemos periodismo independiente.","publisher":{"@id":"https:\/\/confidencial.digital\/en\/#organization"},"potentialAction":[{"@type":"SearchAction","target":{"@type":"EntryPoint","urlTemplate":"https:\/\/confidencial.digital\/en\/?s={search_term_string}"},"query-input":{"@type":"PropertyValueSpecification","valueRequired":true,"valueName":"search_term_string"}}],"inLanguage":"en-US"},{"@type":"Organization","@id":"https:\/\/confidencial.digital\/en\/#organization","name":"Confidencial","url":"https:\/\/confidencial.digital\/en\/","logo":{"@type":"ImageObject","inLanguage":"en-US","@id":"https:\/\/confidencial.digital\/en\/#\/schema\/logo\/image\/","url":"https:\/\/confidencial.digital\/wp-content\/uploads\/2023\/09\/Confidencial_696x696.jpg","contentUrl":"https:\/\/confidencial.digital\/wp-content\/uploads\/2023\/09\/Confidencial_696x696.jpg","width":696,"height":696,"caption":"Confidencial"},"image":{"@id":"https:\/\/confidencial.digital\/en\/#\/schema\/logo\/image\/"},"sameAs":["https:\/\/www.facebook.com\/confidencial.com.ni","https:\/\/x.com\/confidencial_ni","https:\/\/www.youtube.com\/user\/ConfidencialNica","https:\/\/www.instagram.com\/confidencial_ni\/","https:\/\/www.linkedin.com\/company\/confidencial-nicaragua\/","https:\/\/open.spotify.com\/show\/1rNymjqQuqP1CTGqHKdQ24","https:\/\/bsky.app\/profile\/confidencialni.bsky.social","https:\/\/www.threads.com\/@confidencial_ni"],"description":"En Confidencial hacemos periodismo de investigaci\u00f3n y an\u00e1lisis independiente para Nicaragua y su di\u00e1spora en el mundo. Fundado en 1996","email":"info@confidencial.digital","foundingDate":"1996-06-01"},{"@type":"Person","@id":"https:\/\/confidencial.digital\/en\/#\/schema\/person\/b74c01ad15c3061e12b1c35a005266c2","name":"Mons. Silvio B\u00e1ez","image":{"@type":"ImageObject","inLanguage":"en-US","@id":"https:\/\/confidencial.digital\/wp-content\/uploads\/2023\/08\/mons.-silvio-baez_avatar-96x96.jpg","url":"https:\/\/confidencial.digital\/wp-content\/uploads\/2023\/08\/mons.-silvio-baez_avatar-96x96.jpg","contentUrl":"https:\/\/confidencial.digital\/wp-content\/uploads\/2023\/08\/mons.-silvio-baez_avatar-96x96.jpg","caption":"Mons. Silvio B\u00e1ez"},"description":"Masaya, Nicaragua, 1958. Obispo cat\u00f3lico nicarag\u00fcense, pertenece a la Orden de los Carmelitas Descalzos. Es obispo auxiliar de la Arquidi\u00f3cesis de Managua, exiliado desde abril de 2019, por petici\u00f3n del papa Francisco, debido a amenazas de muerte. Fue desnacionalizado por la dictadura orteguista en 2023.","url":"https:\/\/confidencial.digital\/en\/author\/mons-silvio-baez\/"}]}},"_links":{"self":[{"href":"https:\/\/confidencial.digital\/en\/wp-json\/wp\/v2\/posts\/170577","targetHints":{"allow":["GET"]}}],"collection":[{"href":"https:\/\/confidencial.digital\/en\/wp-json\/wp\/v2\/posts"}],"about":[{"href":"https:\/\/confidencial.digital\/en\/wp-json\/wp\/v2\/types\/post"}],"author":[{"embeddable":true,"href":"https:\/\/confidencial.digital\/en\/wp-json\/wp\/v2\/users\/447"}],"replies":[{"embeddable":true,"href":"https:\/\/confidencial.digital\/en\/wp-json\/wp\/v2\/comments?post=170577"}],"version-history":[{"count":1,"href":"https:\/\/confidencial.digital\/en\/wp-json\/wp\/v2\/posts\/170577\/revisions"}],"predecessor-version":[{"id":170578,"href":"https:\/\/confidencial.digital\/en\/wp-json\/wp\/v2\/posts\/170577\/revisions\/170578"}],"wp:featuredmedia":[{"embeddable":true,"href":"https:\/\/confidencial.digital\/en\/wp-json\/wp\/v2\/media\/170413"}],"wp:attachment":[{"href":"https:\/\/confidencial.digital\/en\/wp-json\/wp\/v2\/media?parent=170577"}],"wp:term":[{"taxonomy":"category","embeddable":true,"href":"https:\/\/confidencial.digital\/en\/wp-json\/wp\/v2\/categories?post=170577"},{"taxonomy":"post_tag","embeddable":true,"href":"https:\/\/confidencial.digital\/en\/wp-json\/wp\/v2\/tags?post=170577"}],"curies":[{"name":"wp","href":"https:\/\/api.w.org\/{rel}","templated":true}]}}