{"id":170573,"date":"2025-07-12T01:15:00","date_gmt":"2025-07-12T07:15:00","guid":{"rendered":"https:\/\/confidencial.digital\/sin-categoria\/less-venezuelan-oil-worse-for-the-cuban-regime\/"},"modified":"2025-07-14T00:00:40","modified_gmt":"2025-07-14T06:00:40","slug":"less-venezuelan-oil-worse-for-the-cuban-regime","status":"publish","type":"post","link":"https:\/\/confidencial.digital\/en\/english\/less-venezuelan-oil-worse-for-the-cuban-regime\/","title":{"rendered":"Less Venezuelan Oil, Worse for the Cuban Regime"},"content":{"rendered":"\n<p>A quarter of a century ago, the signing of an oil agreement between <a href=\"https:\/\/www.dw.com\/es\/la-habana\/t-37096095\">Havana<\/a> and Caracas underpinned the survival of the Cuban model. After the end of the <a href=\"https:\/\/www.dw.com\/es\/la-inc%C3%B3moda-situaci%C3%B3n-de-cuba-al-estrechar-lazos-con-rusia\/a-63804098\">Soviet subsidy<\/a>, Hugo Chavez filled the vacuum left by the Kremlin and became the greatest patron of Castroism. <\/p>\n\n<p>However, that hefty support, of some 55,000 barrels of crude oil per day (bpd), has been dwindling over time. In June 2025, only 8,000 bpd arrived on the island. With that historic low, nervousness is spreading through the regime\u2019s upper echelons.  <\/p>\n\n<p>If 25 years ago, the guarantee of having oil from <a href=\"https:\/\/www.dw.com\/es\/venezuela\/t-17410652\">Venezuela<\/a> slowed down the timid economic reforms undertaken by Fidel Castro, the current decline in the arrival of tankers from the South American country now directly threatens the system\u2019s survival.<\/p>\n\n<p>At a time of extreme economic fragility for the administration of Miguel D\u00edaz-Canel and with a summer that has already begun with occasional popular protests, the lack of fuel is even undermining the repressive apparatus\u2019s ability to respond.<\/p>\n\n<p>There\u2019s not just a gasoline shortage affecting the movement of shock troops against protesters\u2014like those in neighborhoods such as Guanabacoa in Havana who have recently staged pot-banging demonstrations over long blackouts. Political propaganda is also suffering from the lack of oil. <\/p>\n\n<p>State media have drastically reduced their on-the-ground coverage; the spokespeople for the Plaza de la Revoluci\u00f3n, despite their privileges, are also suffering from the effects of power outages on telecommunications. Even the police are struggling to deploy patrols across Cuba.<\/p>\n\n<h2 class=\"wp-block-heading\" id=\"h-el-regimen-se-vuelve-mas-fragil\">The Regime Becomes More Fragile<\/h2>\n\n<p>A government forced to maintain an inefficient and sprawling network of ministries, institutions, and official entities becomes very fragile when it lacks the resources to sustain the systems of subsidies and clientelism that keep it afloat. The oil deficit affects not only its capacity to generate electricity, but also its ability to wage the ideological battle. <\/p>\n\n<p>Even the once-impressive cyber combat force that harassed independent journalists and activists on social media has been hit hard by the decline in Venezuelan shipments.<\/p>\n\n<p>Little remains of that swarm of clarias\u2014as they are popularly called, referring to an invasive catfish species that devours everything in its path through Cuban rivers. Trained to repeat slogans and overwhelm forums debating island issues, the digital militiamen have faded from sight in step with the depletion of the country\u2019s crude oil reserves. <\/p>\n\n<p>No matter how many perks they receive, the fuel crisis is hitting them hard. With telecommunications antennas shut down, official media servers offline, and air conditioning units in ministry offices no longer working, that army of virtual fighters has been significantly diminished. <\/p>\n\n<p>On the Malec\u00f3n wall, Havana residents gather at sunset to escape the heat, scanning the horizon for any sign of light. It might be a ship loaded with fuel coming to ease their daily hardships. The same gesture\u2014only more desperate\u2014is repeated from the windows of the offices and residences of Cuba\u2019s ruling elite.  <\/p>\n\n<p>*<em>This article was originally published in <a href=\"https:\/\/www.dw.com\/es\/menos-petr%C3%B3leo-venezolano-m%C3%A1s-angustia-para-el-r%C3%A9gimen-cubano\/a-73200383\">Deutsche Welle (DW)<\/a><\/em>.<\/p>\n","protected":false},"excerpt":{"rendered":"<p>A quarter of a century ago, the signing of an oil agreement between Havana and Caracas underpinned the survival of the Cuban model. After the end of the Soviet subsidy, Hugo Chavez filled the vacuum left by the Kremlin and became the greatest patron of Castroism. However, that hefty support, of some 55,000 barrels of [&hellip;]<\/p>\n","protected":false},"author":198,"featured_media":170503,"comment_status":"closed","ping_status":"closed","sticky":false,"template":"","format":"standard","meta":{"_acf_changed":false,"_eb_attr":"","_eb_data_table":"","footnotes":""},"categories":[15445],"tags":[],"class_list":["post-170573","post","type-post","status-publish","format-standard","has-post-thumbnail","hentry","category-english"],"acf":[],"yoast_head":"<!-- This site is optimized with the Yoast SEO Premium plugin v27.4 (Yoast SEO v27.4) - https:\/\/yoast.com\/product\/yoast-seo-premium-wordpress\/ -->\n<title>The less Venezuelan oil, the worse for the Cuban regime<\/title>\n<meta name=\"description\" content=\"The current decrease of Venezuelan oil tankers directly threatens the existence of the regime in Cuba.\" \/>\n<meta name=\"robots\" content=\"index, follow, max-snippet:-1, max-image-preview:large, max-video-preview:-1\" \/>\n<link rel=\"canonical\" href=\"https:\/\/confidencial.digital\/en\/english\/less-venezuelan-oil-worse-for-the-cuban-regime\/\" \/>\n<meta property=\"og:locale\" content=\"en_US\" \/>\n<meta property=\"og:type\" content=\"article\" \/>\n<meta property=\"og:title\" content=\"Less Venezuelan Oil, Worse for the Cuban Regime\" \/>\n<meta property=\"og:description\" content=\"The current decrease of Venezuelan oil tankers directly threatens the existence of the regime in Cuba.\" \/>\n<meta property=\"og:url\" content=\"https:\/\/confidencial.digital\/en\/english\/less-venezuelan-oil-worse-for-the-cuban-regime\/\" \/>\n<meta property=\"og:site_name\" content=\"Confidencial\" \/>\n<meta property=\"article:publisher\" content=\"https:\/\/www.facebook.com\/confidencial.com.ni\" \/>\n<meta property=\"article:published_time\" content=\"2025-07-12T07:15:00+00:00\" \/>\n<meta property=\"article:modified_time\" content=\"2025-07-14T06:00:40+00:00\" \/>\n<meta property=\"og:image\" content=\"https:\/\/confidencial.digital\/wp-content\/uploads\/2025\/07\/Vehiculos-en-Cuba.jpg\" \/>\n\t<meta property=\"og:image:width\" content=\"1200\" \/>\n\t<meta property=\"og:image:height\" content=\"796\" \/>\n\t<meta property=\"og:image:type\" content=\"image\/jpeg\" \/>\n<meta name=\"author\" content=\"Yoani S\u00e1nchez\" \/>\n<meta name=\"twitter:card\" content=\"summary_large_image\" \/>\n<meta name=\"twitter:creator\" content=\"@yoanisanchez\" \/>\n<meta name=\"twitter:site\" content=\"@confidencial_ni\" \/>\n<meta name=\"twitter:label1\" content=\"Written by\" \/>\n\t<meta name=\"twitter:data1\" content=\"Yoani S\u00e1nchez\" \/>\n\t<meta name=\"twitter:label2\" content=\"Est. reading time\" \/>\n\t<meta name=\"twitter:data2\" content=\"2 minutes\" \/>\n<script type=\"application\/ld+json\" class=\"yoast-schema-graph\">{\"@context\":\"https:\\\/\\\/schema.org\",\"@graph\":[{\"@type\":\"NewsArticle\",\"@id\":\"https:\\\/\\\/confidencial.digital\\\/en\\\/english\\\/less-venezuelan-oil-worse-for-the-cuban-regime\\\/#article\",\"isPartOf\":{\"@id\":\"https:\\\/\\\/confidencial.digital\\\/en\\\/english\\\/less-venezuelan-oil-worse-for-the-cuban-regime\\\/\"},\"author\":{\"name\":\"Yoani S\u00e1nchez\",\"@id\":\"https:\\\/\\\/confidencial.digital\\\/en\\\/#\\\/schema\\\/person\\\/fd9bf006459b9815b8efde53fd61643c\"},\"headline\":\"Less Venezuelan Oil, Worse for the Cuban Regime\",\"datePublished\":\"2025-07-12T07:15:00+00:00\",\"dateModified\":\"2025-07-14T06:00:40+00:00\",\"mainEntityOfPage\":{\"@id\":\"https:\\\/\\\/confidencial.digital\\\/en\\\/english\\\/less-venezuelan-oil-worse-for-the-cuban-regime\\\/\"},\"wordCount\":507,\"publisher\":{\"@id\":\"https:\\\/\\\/confidencial.digital\\\/en\\\/#organization\"},\"image\":{\"@id\":\"https:\\\/\\\/confidencial.digital\\\/en\\\/english\\\/less-venezuelan-oil-worse-for-the-cuban-regime\\\/#primaryimage\"},\"thumbnailUrl\":\"https:\\\/\\\/confidencial.digital\\\/wp-content\\\/uploads\\\/2025\\\/07\\\/Vehiculos-en-Cuba.jpg\",\"articleSection\":[\"English\"],\"inLanguage\":\"en-US\",\"copyrightYear\":\"2025\",\"copyrightHolder\":{\"@id\":\"https:\\\/\\\/confidencial.digital\\\/#organization\"}},{\"@type\":\"WebPage\",\"@id\":\"https:\\\/\\\/confidencial.digital\\\/en\\\/english\\\/less-venezuelan-oil-worse-for-the-cuban-regime\\\/\",\"url\":\"https:\\\/\\\/confidencial.digital\\\/en\\\/english\\\/less-venezuelan-oil-worse-for-the-cuban-regime\\\/\",\"name\":\"The less Venezuelan oil, the worse for the Cuban regime\",\"isPartOf\":{\"@id\":\"https:\\\/\\\/confidencial.digital\\\/en\\\/#website\"},\"primaryImageOfPage\":{\"@id\":\"https:\\\/\\\/confidencial.digital\\\/en\\\/english\\\/less-venezuelan-oil-worse-for-the-cuban-regime\\\/#primaryimage\"},\"image\":{\"@id\":\"https:\\\/\\\/confidencial.digital\\\/en\\\/english\\\/less-venezuelan-oil-worse-for-the-cuban-regime\\\/#primaryimage\"},\"thumbnailUrl\":\"https:\\\/\\\/confidencial.digital\\\/wp-content\\\/uploads\\\/2025\\\/07\\\/Vehiculos-en-Cuba.jpg\",\"datePublished\":\"2025-07-12T07:15:00+00:00\",\"dateModified\":\"2025-07-14T06:00:40+00:00\",\"description\":\"The current decrease of Venezuelan oil tankers directly threatens the existence of the regime in Cuba.\",\"breadcrumb\":{\"@id\":\"https:\\\/\\\/confidencial.digital\\\/en\\\/english\\\/less-venezuelan-oil-worse-for-the-cuban-regime\\\/#breadcrumb\"},\"inLanguage\":\"en-US\",\"potentialAction\":[{\"@type\":\"ReadAction\",\"target\":[\"https:\\\/\\\/confidencial.digital\\\/en\\\/english\\\/less-venezuelan-oil-worse-for-the-cuban-regime\\\/\"]}]},{\"@type\":\"ImageObject\",\"inLanguage\":\"en-US\",\"@id\":\"https:\\\/\\\/confidencial.digital\\\/en\\\/english\\\/less-venezuelan-oil-worse-for-the-cuban-regime\\\/#primaryimage\",\"url\":\"https:\\\/\\\/confidencial.digital\\\/wp-content\\\/uploads\\\/2025\\\/07\\\/Vehiculos-en-Cuba.jpg\",\"contentUrl\":\"https:\\\/\\\/confidencial.digital\\\/wp-content\\\/uploads\\\/2025\\\/07\\\/Vehiculos-en-Cuba.jpg\",\"width\":1200,\"height\":796,\"caption\":\"Imagen de unos veh\u00edculos que transitan por una calle en La Habana, Cuba, el 9 de julio de 2025. Foto: EFE\\\/Ernesto Mastrascusa\"},{\"@type\":\"BreadcrumbList\",\"@id\":\"https:\\\/\\\/confidencial.digital\\\/en\\\/english\\\/less-venezuelan-oil-worse-for-the-cuban-regime\\\/#breadcrumb\",\"itemListElement\":[{\"@type\":\"ListItem\",\"position\":1,\"name\":\"Portada\",\"item\":\"https:\\\/\\\/confidencial.digital\\\/en\\\/\"},{\"@type\":\"ListItem\",\"position\":2,\"name\":\"Less Venezuelan Oil, Worse for the Cuban Regime\"}]},{\"@type\":\"WebSite\",\"@id\":\"https:\\\/\\\/confidencial.digital\\\/en\\\/#website\",\"url\":\"https:\\\/\\\/confidencial.digital\\\/en\\\/\",\"name\":\"Confidencial Nicaragua\",\"description\":\"Noticias de Nicaragua, informaci\u00f3n, an\u00e1lisis, reportajes, investigaciones, perfiles y entrevistas. Somos Confidencial. Hacemos periodismo independiente.\",\"publisher\":{\"@id\":\"https:\\\/\\\/confidencial.digital\\\/en\\\/#organization\"},\"potentialAction\":[{\"@type\":\"SearchAction\",\"target\":{\"@type\":\"EntryPoint\",\"urlTemplate\":\"https:\\\/\\\/confidencial.digital\\\/en\\\/?s={search_term_string}\"},\"query-input\":{\"@type\":\"PropertyValueSpecification\",\"valueRequired\":true,\"valueName\":\"search_term_string\"}}],\"inLanguage\":\"en-US\"},{\"@type\":\"Organization\",\"@id\":\"https:\\\/\\\/confidencial.digital\\\/en\\\/#organization\",\"name\":\"Confidencial\",\"url\":\"https:\\\/\\\/confidencial.digital\\\/en\\\/\",\"logo\":{\"@type\":\"ImageObject\",\"inLanguage\":\"en-US\",\"@id\":\"https:\\\/\\\/confidencial.digital\\\/en\\\/#\\\/schema\\\/logo\\\/image\\\/\",\"url\":\"https:\\\/\\\/confidencial.digital\\\/wp-content\\\/uploads\\\/2023\\\/09\\\/Confidencial_696x696.jpg\",\"contentUrl\":\"https:\\\/\\\/confidencial.digital\\\/wp-content\\\/uploads\\\/2023\\\/09\\\/Confidencial_696x696.jpg\",\"width\":696,\"height\":696,\"caption\":\"Confidencial\"},\"image\":{\"@id\":\"https:\\\/\\\/confidencial.digital\\\/en\\\/#\\\/schema\\\/logo\\\/image\\\/\"},\"sameAs\":[\"https:\\\/\\\/www.facebook.com\\\/confidencial.com.ni\",\"https:\\\/\\\/x.com\\\/confidencial_ni\",\"https:\\\/\\\/www.youtube.com\\\/user\\\/ConfidencialNica\",\"https:\\\/\\\/www.instagram.com\\\/confidencial_ni\\\/\",\"https:\\\/\\\/www.linkedin.com\\\/company\\\/confidencial-nicaragua\\\/\",\"https:\\\/\\\/open.spotify.com\\\/show\\\/1rNymjqQuqP1CTGqHKdQ24\",\"https:\\\/\\\/bsky.app\\\/profile\\\/confidencialni.bsky.social\",\"https:\\\/\\\/www.threads.com\\\/@confidencial_ni\"],\"description\":\"En Confidencial hacemos periodismo de investigaci\u00f3n y an\u00e1lisis independiente para Nicaragua y su di\u00e1spora en el mundo. Fundado en 1996\",\"email\":\"info@confidencial.digital\",\"foundingDate\":\"1996-06-01\"},{\"@type\":\"Person\",\"@id\":\"https:\\\/\\\/confidencial.digital\\\/en\\\/#\\\/schema\\\/person\\\/fd9bf006459b9815b8efde53fd61643c\",\"name\":\"Yoani S\u00e1nchez\",\"image\":{\"@type\":\"ImageObject\",\"inLanguage\":\"en-US\",\"@id\":\"https:\\\/\\\/confidencial.digital\\\/wp-content\\\/uploads\\\/2024\\\/10\\\/yoani-sanchez_avatar-96x96.jpg\",\"url\":\"https:\\\/\\\/confidencial.digital\\\/wp-content\\\/uploads\\\/2024\\\/10\\\/yoani-sanchez_avatar-96x96.jpg\",\"contentUrl\":\"https:\\\/\\\/confidencial.digital\\\/wp-content\\\/uploads\\\/2024\\\/10\\\/yoani-sanchez_avatar-96x96.jpg\",\"caption\":\"Yoani S\u00e1nchez\"},\"description\":\"Fil\u00f3loga y periodista cubana, apasionada por la tecnolog\u00eda. Es conocida por su blog Generaci\u00f3n Y, en el cual hace una descripci\u00f3n cr\u00edtica de su pa\u00eds. Su blog es un s\u00edmbolo de libertad de expresi\u00f3n y del uso de la red como vitrina para narrar las realidades de la isla.\",\"sameAs\":[\"https:\\\/\\\/x.com\\\/yoanisanchez\"],\"url\":\"https:\\\/\\\/confidencial.digital\\\/en\\\/author\\\/yoani-sanchez\\\/\"}]}<\/script>\n<!-- \/ Yoast SEO Premium plugin. -->","yoast_head_json":{"title":"The less Venezuelan oil, the worse for the Cuban regime","description":"The current decrease of Venezuelan oil tankers directly threatens the existence of the regime in Cuba.","robots":{"index":"index","follow":"follow","max-snippet":"max-snippet:-1","max-image-preview":"max-image-preview:large","max-video-preview":"max-video-preview:-1"},"canonical":"https:\/\/confidencial.digital\/en\/english\/less-venezuelan-oil-worse-for-the-cuban-regime\/","og_locale":"en_US","og_type":"article","og_title":"Less Venezuelan Oil, Worse for the Cuban Regime","og_description":"The current decrease of Venezuelan oil tankers directly threatens the existence of the regime in Cuba.","og_url":"https:\/\/confidencial.digital\/en\/english\/less-venezuelan-oil-worse-for-the-cuban-regime\/","og_site_name":"Confidencial","article_publisher":"https:\/\/www.facebook.com\/confidencial.com.ni","article_published_time":"2025-07-12T07:15:00+00:00","article_modified_time":"2025-07-14T06:00:40+00:00","og_image":[{"width":1200,"height":796,"url":"https:\/\/confidencial.digital\/wp-content\/uploads\/2025\/07\/Vehiculos-en-Cuba.jpg","type":"image\/jpeg"}],"author":"Yoani S\u00e1nchez","twitter_card":"summary_large_image","twitter_creator":"@yoanisanchez","twitter_site":"@confidencial_ni","twitter_misc":{"Written by":"Yoani S\u00e1nchez","Est. reading time":"2 minutes"},"schema":{"@context":"https:\/\/schema.org","@graph":[{"@type":"NewsArticle","@id":"https:\/\/confidencial.digital\/en\/english\/less-venezuelan-oil-worse-for-the-cuban-regime\/#article","isPartOf":{"@id":"https:\/\/confidencial.digital\/en\/english\/less-venezuelan-oil-worse-for-the-cuban-regime\/"},"author":{"name":"Yoani S\u00e1nchez","@id":"https:\/\/confidencial.digital\/en\/#\/schema\/person\/fd9bf006459b9815b8efde53fd61643c"},"headline":"Less Venezuelan Oil, Worse for the Cuban Regime","datePublished":"2025-07-12T07:15:00+00:00","dateModified":"2025-07-14T06:00:40+00:00","mainEntityOfPage":{"@id":"https:\/\/confidencial.digital\/en\/english\/less-venezuelan-oil-worse-for-the-cuban-regime\/"},"wordCount":507,"publisher":{"@id":"https:\/\/confidencial.digital\/en\/#organization"},"image":{"@id":"https:\/\/confidencial.digital\/en\/english\/less-venezuelan-oil-worse-for-the-cuban-regime\/#primaryimage"},"thumbnailUrl":"https:\/\/confidencial.digital\/wp-content\/uploads\/2025\/07\/Vehiculos-en-Cuba.jpg","articleSection":["English"],"inLanguage":"en-US","copyrightYear":"2025","copyrightHolder":{"@id":"https:\/\/confidencial.digital\/#organization"}},{"@type":"WebPage","@id":"https:\/\/confidencial.digital\/en\/english\/less-venezuelan-oil-worse-for-the-cuban-regime\/","url":"https:\/\/confidencial.digital\/en\/english\/less-venezuelan-oil-worse-for-the-cuban-regime\/","name":"The less Venezuelan oil, the worse for the Cuban regime","isPartOf":{"@id":"https:\/\/confidencial.digital\/en\/#website"},"primaryImageOfPage":{"@id":"https:\/\/confidencial.digital\/en\/english\/less-venezuelan-oil-worse-for-the-cuban-regime\/#primaryimage"},"image":{"@id":"https:\/\/confidencial.digital\/en\/english\/less-venezuelan-oil-worse-for-the-cuban-regime\/#primaryimage"},"thumbnailUrl":"https:\/\/confidencial.digital\/wp-content\/uploads\/2025\/07\/Vehiculos-en-Cuba.jpg","datePublished":"2025-07-12T07:15:00+00:00","dateModified":"2025-07-14T06:00:40+00:00","description":"The current decrease of Venezuelan oil tankers directly threatens the existence of the regime in Cuba.","breadcrumb":{"@id":"https:\/\/confidencial.digital\/en\/english\/less-venezuelan-oil-worse-for-the-cuban-regime\/#breadcrumb"},"inLanguage":"en-US","potentialAction":[{"@type":"ReadAction","target":["https:\/\/confidencial.digital\/en\/english\/less-venezuelan-oil-worse-for-the-cuban-regime\/"]}]},{"@type":"ImageObject","inLanguage":"en-US","@id":"https:\/\/confidencial.digital\/en\/english\/less-venezuelan-oil-worse-for-the-cuban-regime\/#primaryimage","url":"https:\/\/confidencial.digital\/wp-content\/uploads\/2025\/07\/Vehiculos-en-Cuba.jpg","contentUrl":"https:\/\/confidencial.digital\/wp-content\/uploads\/2025\/07\/Vehiculos-en-Cuba.jpg","width":1200,"height":796,"caption":"Imagen de unos veh\u00edculos que transitan por una calle en La Habana, Cuba, el 9 de julio de 2025. Foto: EFE\/Ernesto Mastrascusa"},{"@type":"BreadcrumbList","@id":"https:\/\/confidencial.digital\/en\/english\/less-venezuelan-oil-worse-for-the-cuban-regime\/#breadcrumb","itemListElement":[{"@type":"ListItem","position":1,"name":"Portada","item":"https:\/\/confidencial.digital\/en\/"},{"@type":"ListItem","position":2,"name":"Less Venezuelan Oil, Worse for the Cuban Regime"}]},{"@type":"WebSite","@id":"https:\/\/confidencial.digital\/en\/#website","url":"https:\/\/confidencial.digital\/en\/","name":"Confidencial Nicaragua","description":"Noticias de Nicaragua, informaci\u00f3n, an\u00e1lisis, reportajes, investigaciones, perfiles y entrevistas. Somos Confidencial. Hacemos periodismo independiente.","publisher":{"@id":"https:\/\/confidencial.digital\/en\/#organization"},"potentialAction":[{"@type":"SearchAction","target":{"@type":"EntryPoint","urlTemplate":"https:\/\/confidencial.digital\/en\/?s={search_term_string}"},"query-input":{"@type":"PropertyValueSpecification","valueRequired":true,"valueName":"search_term_string"}}],"inLanguage":"en-US"},{"@type":"Organization","@id":"https:\/\/confidencial.digital\/en\/#organization","name":"Confidencial","url":"https:\/\/confidencial.digital\/en\/","logo":{"@type":"ImageObject","inLanguage":"en-US","@id":"https:\/\/confidencial.digital\/en\/#\/schema\/logo\/image\/","url":"https:\/\/confidencial.digital\/wp-content\/uploads\/2023\/09\/Confidencial_696x696.jpg","contentUrl":"https:\/\/confidencial.digital\/wp-content\/uploads\/2023\/09\/Confidencial_696x696.jpg","width":696,"height":696,"caption":"Confidencial"},"image":{"@id":"https:\/\/confidencial.digital\/en\/#\/schema\/logo\/image\/"},"sameAs":["https:\/\/www.facebook.com\/confidencial.com.ni","https:\/\/x.com\/confidencial_ni","https:\/\/www.youtube.com\/user\/ConfidencialNica","https:\/\/www.instagram.com\/confidencial_ni\/","https:\/\/www.linkedin.com\/company\/confidencial-nicaragua\/","https:\/\/open.spotify.com\/show\/1rNymjqQuqP1CTGqHKdQ24","https:\/\/bsky.app\/profile\/confidencialni.bsky.social","https:\/\/www.threads.com\/@confidencial_ni"],"description":"En Confidencial hacemos periodismo de investigaci\u00f3n y an\u00e1lisis independiente para Nicaragua y su di\u00e1spora en el mundo. Fundado en 1996","email":"info@confidencial.digital","foundingDate":"1996-06-01"},{"@type":"Person","@id":"https:\/\/confidencial.digital\/en\/#\/schema\/person\/fd9bf006459b9815b8efde53fd61643c","name":"Yoani S\u00e1nchez","image":{"@type":"ImageObject","inLanguage":"en-US","@id":"https:\/\/confidencial.digital\/wp-content\/uploads\/2024\/10\/yoani-sanchez_avatar-96x96.jpg","url":"https:\/\/confidencial.digital\/wp-content\/uploads\/2024\/10\/yoani-sanchez_avatar-96x96.jpg","contentUrl":"https:\/\/confidencial.digital\/wp-content\/uploads\/2024\/10\/yoani-sanchez_avatar-96x96.jpg","caption":"Yoani S\u00e1nchez"},"description":"Fil\u00f3loga y periodista cubana, apasionada por la tecnolog\u00eda. Es conocida por su blog Generaci\u00f3n Y, en el cual hace una descripci\u00f3n cr\u00edtica de su pa\u00eds. Su blog es un s\u00edmbolo de libertad de expresi\u00f3n y del uso de la red como vitrina para narrar las realidades de la isla.","sameAs":["https:\/\/x.com\/yoanisanchez"],"url":"https:\/\/confidencial.digital\/en\/author\/yoani-sanchez\/"}]}},"_links":{"self":[{"href":"https:\/\/confidencial.digital\/en\/wp-json\/wp\/v2\/posts\/170573","targetHints":{"allow":["GET"]}}],"collection":[{"href":"https:\/\/confidencial.digital\/en\/wp-json\/wp\/v2\/posts"}],"about":[{"href":"https:\/\/confidencial.digital\/en\/wp-json\/wp\/v2\/types\/post"}],"author":[{"embeddable":true,"href":"https:\/\/confidencial.digital\/en\/wp-json\/wp\/v2\/users\/198"}],"replies":[{"embeddable":true,"href":"https:\/\/confidencial.digital\/en\/wp-json\/wp\/v2\/comments?post=170573"}],"version-history":[{"count":1,"href":"https:\/\/confidencial.digital\/en\/wp-json\/wp\/v2\/posts\/170573\/revisions"}],"predecessor-version":[{"id":170574,"href":"https:\/\/confidencial.digital\/en\/wp-json\/wp\/v2\/posts\/170573\/revisions\/170574"}],"wp:featuredmedia":[{"embeddable":true,"href":"https:\/\/confidencial.digital\/en\/wp-json\/wp\/v2\/media\/170503"}],"wp:attachment":[{"href":"https:\/\/confidencial.digital\/en\/wp-json\/wp\/v2\/media?parent=170573"}],"wp:term":[{"taxonomy":"category","embeddable":true,"href":"https:\/\/confidencial.digital\/en\/wp-json\/wp\/v2\/categories?post=170573"},{"taxonomy":"post_tag","embeddable":true,"href":"https:\/\/confidencial.digital\/en\/wp-json\/wp\/v2\/tags?post=170573"}],"curies":[{"name":"wp","href":"https:\/\/api.w.org\/{rel}","templated":true}]}}