{"id":170420,"date":"2025-07-08T01:10:00","date_gmt":"2025-07-08T07:10:00","guid":{"rendered":"https:\/\/confidencial.digital\/sin-categoria\/beyond-gdp-measuring-what-really-matters\/"},"modified":"2025-07-10T10:30:02","modified_gmt":"2025-07-10T16:30:02","slug":"beyond-gdp-measuring-what-really-matters","status":"publish","type":"post","link":"https:\/\/confidencial.digital\/en\/english\/beyond-gdp-measuring-what-really-matters\/","title":{"rendered":"Beyond GDP: Measuring What Really Matters"},"content":{"rendered":"\n<p>In 1968, Robert F. Kennedy gave one of the most powerful speeches ever made about the meaning of progress. On that occasion, he denounced the inadequacy of gross domestic product (GDP) as a measure of development. He stated that GNP \u201cmeasures everything in short, except that which makes life worthwhile, and doesn\u2019t account for things like children\u2019s health, education quality, beauty, wisdom, or compassion.\u201d He emphasized that while the United States had significant economic growth, it lacked in other areas crucial to a fulfilling life.  <\/p>\n\n<p>Today, the world increasingly recognizes that it is time for change. In the midst of systemic crises -climate, social, technological- it is urgent to redefine what we mean by progress and how we measure it. It is no longer enough to quantify economic growth. We need indicators that speak to us of well-being, sustainability, justice and the real capacity to live a dignified life.   <\/p>\n\n<p>In this context, the <em>\u201cBeyond GDP Global Alliance\u201d,<\/em> led by Spain, the OECD, UNCTAD, and the Ibero-American General Secretariat (SEGIB), and presented in Seville as part of the Fourth International Conference on Financing for Development, emerges as a bold and necessary response. With this alliance, we aim to collectively build a new framework that redefines what we mean by development\u2014one that reflects not just how much and how we produce, but also how we live and where we want to go as humanity. <\/p>\n\n<p>Within the Ibero-American community, we have long been emphasizing the urgency of this transformation. Back at the Andorra Summit in 2021, we called on the international community to adopt a more comprehensive set of parameters to guide the path toward sustainable development. That vision has since gained traction and was recently reaffirmed by Spain\u2019s Secretary of State for International Cooperation, Eva Granados, at the United Nations on behalf of all of Ibero-America, during the preparatory sessions for this Fourth Conference.  <\/p>\n\n<p>The alliance will promote three major transformations: what we understand by development and how we measure it; the criteria for allocating international cooperation, including Official Development Assistance (ODA), which must take middle-income countries into account; and the creation of instruments to support countries in transitioning towards a more sustainable, fair, and inclusive model.<\/p>\n\n<p>Leaving GDP behind is not only a technical imperative, but also a political and ethical one. If we maintain international cooperation based solely on economic averages, we will continue to reproduce the very inequalities we claim to fight. Measuring correctly is the foundation for making sound decisions. That\u2019s why what is at stake here is much more than a methodological change, it\u2019s our collective ability to imagine and build a better world.  <\/p>\n\n<p>It\u2019s time to heed the warnings of the past and take decisive action in the present. Let\u2019s start by measuring what really matters. <\/p>\n\n<p><em>*This article was originally published in <a href=\"https:\/\/www.eluniversal.com.mx\/opinion\/andres-allamand\/mas-alla-del-pib-medir-lo-que-realmente-importa\/\">El Universal de M\u00e9xico<\/a>.<\/em><\/p>\n","protected":false},"excerpt":{"rendered":"<p>In 1968, Robert F. Kennedy gave one of the most powerful speeches ever made about the meaning of progress. On that occasion, he denounced the inadequacy of gross domestic product (GDP) as a measure of development. He stated that GNP \u201cmeasures everything in short, except that which makes life worthwhile, and doesn\u2019t account for things [&hellip;]<\/p>\n","protected":false},"author":1422,"featured_media":170295,"comment_status":"closed","ping_status":"closed","sticky":false,"template":"","format":"standard","meta":{"_acf_changed":false,"_eb_attr":"","_eb_data_table":"","footnotes":""},"categories":[15445],"tags":[],"class_list":["post-170420","post","type-post","status-publish","format-standard","has-post-thumbnail","hentry","category-english"],"acf":[],"yoast_head":"<!-- This site is optimized with the Yoast SEO Premium plugin v27.4 (Yoast SEO v27.4) - https:\/\/yoast.com\/product\/yoast-seo-premium-wordpress\/ -->\n<title>Beyond GDP: Measuring what really matters<\/title>\n<meta name=\"description\" content=\"We need indicators that speak to us of well-being, sustainability, justice and real capabilities to live a dignified life.\" \/>\n<meta name=\"robots\" content=\"index, follow, max-snippet:-1, max-image-preview:large, max-video-preview:-1\" \/>\n<link rel=\"canonical\" href=\"https:\/\/confidencial.digital\/en\/english\/beyond-gdp-measuring-what-really-matters\/\" \/>\n<meta property=\"og:locale\" content=\"en_US\" \/>\n<meta property=\"og:type\" content=\"article\" \/>\n<meta property=\"og:title\" content=\"Beyond GDP: Measuring What Really Matters\" \/>\n<meta property=\"og:description\" content=\"We need indicators that speak to us of well-being, sustainability, justice and real capabilities to live a dignified life.\" \/>\n<meta property=\"og:url\" content=\"https:\/\/confidencial.digital\/en\/english\/beyond-gdp-measuring-what-really-matters\/\" \/>\n<meta property=\"og:site_name\" content=\"Confidencial\" \/>\n<meta property=\"article:publisher\" content=\"https:\/\/www.facebook.com\/confidencial.com.ni\" \/>\n<meta property=\"article:published_time\" content=\"2025-07-08T07:10:00+00:00\" \/>\n<meta property=\"article:modified_time\" content=\"2025-07-10T16:30:02+00:00\" \/>\n<meta property=\"og:image\" content=\"https:\/\/confidencial.digital\/wp-content\/uploads\/2025\/07\/Conferencia-de-Desarrollo-de-la-ONU-en-Sevilla.jpg\" \/>\n\t<meta property=\"og:image:width\" content=\"1100\" \/>\n\t<meta property=\"og:image:height\" content=\"733\" \/>\n\t<meta property=\"og:image:type\" content=\"image\/jpeg\" \/>\n<meta name=\"author\" content=\"Andr\u00e9s Allamand\" \/>\n<meta name=\"twitter:card\" content=\"summary_large_image\" \/>\n<meta name=\"twitter:creator\" content=\"@confidencial_ni\" \/>\n<meta name=\"twitter:site\" content=\"@confidencial_ni\" \/>\n<meta name=\"twitter:label1\" content=\"Written by\" \/>\n\t<meta name=\"twitter:data1\" content=\"Andr\u00e9s Allamand\" \/>\n\t<meta name=\"twitter:label2\" content=\"Est. reading time\" \/>\n\t<meta name=\"twitter:data2\" content=\"2 minutes\" \/>\n<script type=\"application\/ld+json\" class=\"yoast-schema-graph\">{\"@context\":\"https:\\\/\\\/schema.org\",\"@graph\":[{\"@type\":\"NewsArticle\",\"@id\":\"https:\\\/\\\/confidencial.digital\\\/en\\\/english\\\/beyond-gdp-measuring-what-really-matters\\\/#article\",\"isPartOf\":{\"@id\":\"https:\\\/\\\/confidencial.digital\\\/en\\\/english\\\/beyond-gdp-measuring-what-really-matters\\\/\"},\"author\":{\"name\":\"Andr\u00e9s Allamand\",\"@id\":\"https:\\\/\\\/confidencial.digital\\\/en\\\/#\\\/schema\\\/person\\\/11982761c9eef6b74ef5fd6605708480\"},\"headline\":\"Beyond GDP: Measuring What Really Matters\",\"datePublished\":\"2025-07-08T07:10:00+00:00\",\"dateModified\":\"2025-07-10T16:30:02+00:00\",\"mainEntityOfPage\":{\"@id\":\"https:\\\/\\\/confidencial.digital\\\/en\\\/english\\\/beyond-gdp-measuring-what-really-matters\\\/\"},\"wordCount\":483,\"publisher\":{\"@id\":\"https:\\\/\\\/confidencial.digital\\\/en\\\/#organization\"},\"image\":{\"@id\":\"https:\\\/\\\/confidencial.digital\\\/en\\\/english\\\/beyond-gdp-measuring-what-really-matters\\\/#primaryimage\"},\"thumbnailUrl\":\"https:\\\/\\\/confidencial.digital\\\/wp-content\\\/uploads\\\/2025\\\/07\\\/Conferencia-de-Desarrollo-de-la-ONU-en-Sevilla.jpg\",\"articleSection\":[\"English\"],\"inLanguage\":\"en-US\",\"copyrightYear\":\"2025\",\"copyrightHolder\":{\"@id\":\"https:\\\/\\\/confidencial.digital\\\/#organization\"}},{\"@type\":\"WebPage\",\"@id\":\"https:\\\/\\\/confidencial.digital\\\/en\\\/english\\\/beyond-gdp-measuring-what-really-matters\\\/\",\"url\":\"https:\\\/\\\/confidencial.digital\\\/en\\\/english\\\/beyond-gdp-measuring-what-really-matters\\\/\",\"name\":\"Beyond GDP: Measuring what really matters\",\"isPartOf\":{\"@id\":\"https:\\\/\\\/confidencial.digital\\\/en\\\/#website\"},\"primaryImageOfPage\":{\"@id\":\"https:\\\/\\\/confidencial.digital\\\/en\\\/english\\\/beyond-gdp-measuring-what-really-matters\\\/#primaryimage\"},\"image\":{\"@id\":\"https:\\\/\\\/confidencial.digital\\\/en\\\/english\\\/beyond-gdp-measuring-what-really-matters\\\/#primaryimage\"},\"thumbnailUrl\":\"https:\\\/\\\/confidencial.digital\\\/wp-content\\\/uploads\\\/2025\\\/07\\\/Conferencia-de-Desarrollo-de-la-ONU-en-Sevilla.jpg\",\"datePublished\":\"2025-07-08T07:10:00+00:00\",\"dateModified\":\"2025-07-10T16:30:02+00:00\",\"description\":\"We need indicators that speak to us of well-being, sustainability, justice and real capabilities to live a dignified life.\",\"breadcrumb\":{\"@id\":\"https:\\\/\\\/confidencial.digital\\\/en\\\/english\\\/beyond-gdp-measuring-what-really-matters\\\/#breadcrumb\"},\"inLanguage\":\"en-US\",\"potentialAction\":[{\"@type\":\"ReadAction\",\"target\":[\"https:\\\/\\\/confidencial.digital\\\/en\\\/english\\\/beyond-gdp-measuring-what-really-matters\\\/\"]}]},{\"@type\":\"ImageObject\",\"inLanguage\":\"en-US\",\"@id\":\"https:\\\/\\\/confidencial.digital\\\/en\\\/english\\\/beyond-gdp-measuring-what-really-matters\\\/#primaryimage\",\"url\":\"https:\\\/\\\/confidencial.digital\\\/wp-content\\\/uploads\\\/2025\\\/07\\\/Conferencia-de-Desarrollo-de-la-ONU-en-Sevilla.jpg\",\"contentUrl\":\"https:\\\/\\\/confidencial.digital\\\/wp-content\\\/uploads\\\/2025\\\/07\\\/Conferencia-de-Desarrollo-de-la-ONU-en-Sevilla.jpg\",\"width\":1100,\"height\":733,\"caption\":\"Vista de una de las sesiones de la Conferencia de Desarrollo de la ONU en Sevilla, el 3 de julio de 2025. \\\/\\\/ Foto: EFE\\\/Moncloa\\\/Borja Puig De La Bellacasa\"},{\"@type\":\"BreadcrumbList\",\"@id\":\"https:\\\/\\\/confidencial.digital\\\/en\\\/english\\\/beyond-gdp-measuring-what-really-matters\\\/#breadcrumb\",\"itemListElement\":[{\"@type\":\"ListItem\",\"position\":1,\"name\":\"Portada\",\"item\":\"https:\\\/\\\/confidencial.digital\\\/en\\\/\"},{\"@type\":\"ListItem\",\"position\":2,\"name\":\"Beyond GDP: Measuring What Really Matters\"}]},{\"@type\":\"WebSite\",\"@id\":\"https:\\\/\\\/confidencial.digital\\\/en\\\/#website\",\"url\":\"https:\\\/\\\/confidencial.digital\\\/en\\\/\",\"name\":\"Confidencial Nicaragua\",\"description\":\"Noticias de Nicaragua, informaci\u00f3n, an\u00e1lisis, reportajes, investigaciones, perfiles y entrevistas. Somos Confidencial. Hacemos periodismo independiente.\",\"publisher\":{\"@id\":\"https:\\\/\\\/confidencial.digital\\\/en\\\/#organization\"},\"potentialAction\":[{\"@type\":\"SearchAction\",\"target\":{\"@type\":\"EntryPoint\",\"urlTemplate\":\"https:\\\/\\\/confidencial.digital\\\/en\\\/?s={search_term_string}\"},\"query-input\":{\"@type\":\"PropertyValueSpecification\",\"valueRequired\":true,\"valueName\":\"search_term_string\"}}],\"inLanguage\":\"en-US\"},{\"@type\":\"Organization\",\"@id\":\"https:\\\/\\\/confidencial.digital\\\/en\\\/#organization\",\"name\":\"Confidencial\",\"url\":\"https:\\\/\\\/confidencial.digital\\\/en\\\/\",\"logo\":{\"@type\":\"ImageObject\",\"inLanguage\":\"en-US\",\"@id\":\"https:\\\/\\\/confidencial.digital\\\/en\\\/#\\\/schema\\\/logo\\\/image\\\/\",\"url\":\"https:\\\/\\\/confidencial.digital\\\/wp-content\\\/uploads\\\/2023\\\/09\\\/Confidencial_696x696.jpg\",\"contentUrl\":\"https:\\\/\\\/confidencial.digital\\\/wp-content\\\/uploads\\\/2023\\\/09\\\/Confidencial_696x696.jpg\",\"width\":696,\"height\":696,\"caption\":\"Confidencial\"},\"image\":{\"@id\":\"https:\\\/\\\/confidencial.digital\\\/en\\\/#\\\/schema\\\/logo\\\/image\\\/\"},\"sameAs\":[\"https:\\\/\\\/www.facebook.com\\\/confidencial.com.ni\",\"https:\\\/\\\/x.com\\\/confidencial_ni\",\"https:\\\/\\\/www.youtube.com\\\/user\\\/ConfidencialNica\",\"https:\\\/\\\/www.instagram.com\\\/confidencial_ni\\\/\",\"https:\\\/\\\/www.linkedin.com\\\/company\\\/confidencial-nicaragua\\\/\",\"https:\\\/\\\/open.spotify.com\\\/show\\\/1rNymjqQuqP1CTGqHKdQ24\",\"https:\\\/\\\/bsky.app\\\/profile\\\/confidencialni.bsky.social\",\"https:\\\/\\\/www.threads.com\\\/@confidencial_ni\"],\"description\":\"En Confidencial hacemos periodismo de investigaci\u00f3n y an\u00e1lisis independiente para Nicaragua y su di\u00e1spora en el mundo. Fundado en 1996\",\"email\":\"info@confidencial.digital\",\"foundingDate\":\"1996-06-01\"},{\"@type\":\"Person\",\"@id\":\"https:\\\/\\\/confidencial.digital\\\/en\\\/#\\\/schema\\\/person\\\/11982761c9eef6b74ef5fd6605708480\",\"name\":\"Andr\u00e9s Allamand\",\"image\":{\"@type\":\"ImageObject\",\"inLanguage\":\"en-US\",\"@id\":\"https:\\\/\\\/confidencial.digital\\\/wp-content\\\/uploads\\\/2025\\\/07\\\/andres-allamand_avatar-96x96.jpg\",\"url\":\"https:\\\/\\\/confidencial.digital\\\/wp-content\\\/uploads\\\/2025\\\/07\\\/andres-allamand_avatar-96x96.jpg\",\"contentUrl\":\"https:\\\/\\\/confidencial.digital\\\/wp-content\\\/uploads\\\/2025\\\/07\\\/andres-allamand_avatar-96x96.jpg\",\"caption\":\"Andr\u00e9s Allamand\"},\"description\":\"Abogado y pol\u00edtico chileno. Titular de la Secretar\u00eda General Iberoamericana (Segib) desde 2022.\",\"url\":\"https:\\\/\\\/confidencial.digital\\\/en\\\/author\\\/alla\\\/\"}]}<\/script>\n<!-- \/ Yoast SEO Premium plugin. -->","yoast_head_json":{"title":"Beyond GDP: Measuring what really matters","description":"We need indicators that speak to us of well-being, sustainability, justice and real capabilities to live a dignified life.","robots":{"index":"index","follow":"follow","max-snippet":"max-snippet:-1","max-image-preview":"max-image-preview:large","max-video-preview":"max-video-preview:-1"},"canonical":"https:\/\/confidencial.digital\/en\/english\/beyond-gdp-measuring-what-really-matters\/","og_locale":"en_US","og_type":"article","og_title":"Beyond GDP: Measuring What Really Matters","og_description":"We need indicators that speak to us of well-being, sustainability, justice and real capabilities to live a dignified life.","og_url":"https:\/\/confidencial.digital\/en\/english\/beyond-gdp-measuring-what-really-matters\/","og_site_name":"Confidencial","article_publisher":"https:\/\/www.facebook.com\/confidencial.com.ni","article_published_time":"2025-07-08T07:10:00+00:00","article_modified_time":"2025-07-10T16:30:02+00:00","og_image":[{"width":1100,"height":733,"url":"https:\/\/confidencial.digital\/wp-content\/uploads\/2025\/07\/Conferencia-de-Desarrollo-de-la-ONU-en-Sevilla.jpg","type":"image\/jpeg"}],"author":"Andr\u00e9s Allamand","twitter_card":"summary_large_image","twitter_creator":"@confidencial_ni","twitter_site":"@confidencial_ni","twitter_misc":{"Written by":"Andr\u00e9s Allamand","Est. reading time":"2 minutes"},"schema":{"@context":"https:\/\/schema.org","@graph":[{"@type":"NewsArticle","@id":"https:\/\/confidencial.digital\/en\/english\/beyond-gdp-measuring-what-really-matters\/#article","isPartOf":{"@id":"https:\/\/confidencial.digital\/en\/english\/beyond-gdp-measuring-what-really-matters\/"},"author":{"name":"Andr\u00e9s Allamand","@id":"https:\/\/confidencial.digital\/en\/#\/schema\/person\/11982761c9eef6b74ef5fd6605708480"},"headline":"Beyond GDP: Measuring What Really Matters","datePublished":"2025-07-08T07:10:00+00:00","dateModified":"2025-07-10T16:30:02+00:00","mainEntityOfPage":{"@id":"https:\/\/confidencial.digital\/en\/english\/beyond-gdp-measuring-what-really-matters\/"},"wordCount":483,"publisher":{"@id":"https:\/\/confidencial.digital\/en\/#organization"},"image":{"@id":"https:\/\/confidencial.digital\/en\/english\/beyond-gdp-measuring-what-really-matters\/#primaryimage"},"thumbnailUrl":"https:\/\/confidencial.digital\/wp-content\/uploads\/2025\/07\/Conferencia-de-Desarrollo-de-la-ONU-en-Sevilla.jpg","articleSection":["English"],"inLanguage":"en-US","copyrightYear":"2025","copyrightHolder":{"@id":"https:\/\/confidencial.digital\/#organization"}},{"@type":"WebPage","@id":"https:\/\/confidencial.digital\/en\/english\/beyond-gdp-measuring-what-really-matters\/","url":"https:\/\/confidencial.digital\/en\/english\/beyond-gdp-measuring-what-really-matters\/","name":"Beyond GDP: Measuring what really matters","isPartOf":{"@id":"https:\/\/confidencial.digital\/en\/#website"},"primaryImageOfPage":{"@id":"https:\/\/confidencial.digital\/en\/english\/beyond-gdp-measuring-what-really-matters\/#primaryimage"},"image":{"@id":"https:\/\/confidencial.digital\/en\/english\/beyond-gdp-measuring-what-really-matters\/#primaryimage"},"thumbnailUrl":"https:\/\/confidencial.digital\/wp-content\/uploads\/2025\/07\/Conferencia-de-Desarrollo-de-la-ONU-en-Sevilla.jpg","datePublished":"2025-07-08T07:10:00+00:00","dateModified":"2025-07-10T16:30:02+00:00","description":"We need indicators that speak to us of well-being, sustainability, justice and real capabilities to live a dignified life.","breadcrumb":{"@id":"https:\/\/confidencial.digital\/en\/english\/beyond-gdp-measuring-what-really-matters\/#breadcrumb"},"inLanguage":"en-US","potentialAction":[{"@type":"ReadAction","target":["https:\/\/confidencial.digital\/en\/english\/beyond-gdp-measuring-what-really-matters\/"]}]},{"@type":"ImageObject","inLanguage":"en-US","@id":"https:\/\/confidencial.digital\/en\/english\/beyond-gdp-measuring-what-really-matters\/#primaryimage","url":"https:\/\/confidencial.digital\/wp-content\/uploads\/2025\/07\/Conferencia-de-Desarrollo-de-la-ONU-en-Sevilla.jpg","contentUrl":"https:\/\/confidencial.digital\/wp-content\/uploads\/2025\/07\/Conferencia-de-Desarrollo-de-la-ONU-en-Sevilla.jpg","width":1100,"height":733,"caption":"Vista de una de las sesiones de la Conferencia de Desarrollo de la ONU en Sevilla, el 3 de julio de 2025. \/\/ Foto: EFE\/Moncloa\/Borja Puig De La Bellacasa"},{"@type":"BreadcrumbList","@id":"https:\/\/confidencial.digital\/en\/english\/beyond-gdp-measuring-what-really-matters\/#breadcrumb","itemListElement":[{"@type":"ListItem","position":1,"name":"Portada","item":"https:\/\/confidencial.digital\/en\/"},{"@type":"ListItem","position":2,"name":"Beyond GDP: Measuring What Really Matters"}]},{"@type":"WebSite","@id":"https:\/\/confidencial.digital\/en\/#website","url":"https:\/\/confidencial.digital\/en\/","name":"Confidencial Nicaragua","description":"Noticias de Nicaragua, informaci\u00f3n, an\u00e1lisis, reportajes, investigaciones, perfiles y entrevistas. Somos Confidencial. Hacemos periodismo independiente.","publisher":{"@id":"https:\/\/confidencial.digital\/en\/#organization"},"potentialAction":[{"@type":"SearchAction","target":{"@type":"EntryPoint","urlTemplate":"https:\/\/confidencial.digital\/en\/?s={search_term_string}"},"query-input":{"@type":"PropertyValueSpecification","valueRequired":true,"valueName":"search_term_string"}}],"inLanguage":"en-US"},{"@type":"Organization","@id":"https:\/\/confidencial.digital\/en\/#organization","name":"Confidencial","url":"https:\/\/confidencial.digital\/en\/","logo":{"@type":"ImageObject","inLanguage":"en-US","@id":"https:\/\/confidencial.digital\/en\/#\/schema\/logo\/image\/","url":"https:\/\/confidencial.digital\/wp-content\/uploads\/2023\/09\/Confidencial_696x696.jpg","contentUrl":"https:\/\/confidencial.digital\/wp-content\/uploads\/2023\/09\/Confidencial_696x696.jpg","width":696,"height":696,"caption":"Confidencial"},"image":{"@id":"https:\/\/confidencial.digital\/en\/#\/schema\/logo\/image\/"},"sameAs":["https:\/\/www.facebook.com\/confidencial.com.ni","https:\/\/x.com\/confidencial_ni","https:\/\/www.youtube.com\/user\/ConfidencialNica","https:\/\/www.instagram.com\/confidencial_ni\/","https:\/\/www.linkedin.com\/company\/confidencial-nicaragua\/","https:\/\/open.spotify.com\/show\/1rNymjqQuqP1CTGqHKdQ24","https:\/\/bsky.app\/profile\/confidencialni.bsky.social","https:\/\/www.threads.com\/@confidencial_ni"],"description":"En Confidencial hacemos periodismo de investigaci\u00f3n y an\u00e1lisis independiente para Nicaragua y su di\u00e1spora en el mundo. Fundado en 1996","email":"info@confidencial.digital","foundingDate":"1996-06-01"},{"@type":"Person","@id":"https:\/\/confidencial.digital\/en\/#\/schema\/person\/11982761c9eef6b74ef5fd6605708480","name":"Andr\u00e9s Allamand","image":{"@type":"ImageObject","inLanguage":"en-US","@id":"https:\/\/confidencial.digital\/wp-content\/uploads\/2025\/07\/andres-allamand_avatar-96x96.jpg","url":"https:\/\/confidencial.digital\/wp-content\/uploads\/2025\/07\/andres-allamand_avatar-96x96.jpg","contentUrl":"https:\/\/confidencial.digital\/wp-content\/uploads\/2025\/07\/andres-allamand_avatar-96x96.jpg","caption":"Andr\u00e9s Allamand"},"description":"Abogado y pol\u00edtico chileno. Titular de la Secretar\u00eda General Iberoamericana (Segib) desde 2022.","url":"https:\/\/confidencial.digital\/en\/author\/alla\/"}]}},"_links":{"self":[{"href":"https:\/\/confidencial.digital\/en\/wp-json\/wp\/v2\/posts\/170420","targetHints":{"allow":["GET"]}}],"collection":[{"href":"https:\/\/confidencial.digital\/en\/wp-json\/wp\/v2\/posts"}],"about":[{"href":"https:\/\/confidencial.digital\/en\/wp-json\/wp\/v2\/types\/post"}],"author":[{"embeddable":true,"href":"https:\/\/confidencial.digital\/en\/wp-json\/wp\/v2\/users\/1422"}],"replies":[{"embeddable":true,"href":"https:\/\/confidencial.digital\/en\/wp-json\/wp\/v2\/comments?post=170420"}],"version-history":[{"count":1,"href":"https:\/\/confidencial.digital\/en\/wp-json\/wp\/v2\/posts\/170420\/revisions"}],"predecessor-version":[{"id":170421,"href":"https:\/\/confidencial.digital\/en\/wp-json\/wp\/v2\/posts\/170420\/revisions\/170421"}],"wp:featuredmedia":[{"embeddable":true,"href":"https:\/\/confidencial.digital\/en\/wp-json\/wp\/v2\/media\/170295"}],"wp:attachment":[{"href":"https:\/\/confidencial.digital\/en\/wp-json\/wp\/v2\/media?parent=170420"}],"wp:term":[{"taxonomy":"category","embeddable":true,"href":"https:\/\/confidencial.digital\/en\/wp-json\/wp\/v2\/categories?post=170420"},{"taxonomy":"post_tag","embeddable":true,"href":"https:\/\/confidencial.digital\/en\/wp-json\/wp\/v2\/tags?post=170420"}],"curies":[{"name":"wp","href":"https:\/\/api.w.org\/{rel}","templated":true}]}}