{"id":169912,"date":"2025-07-02T00:04:00","date_gmt":"2025-07-02T06:04:00","guid":{"rendered":"https:\/\/confidencial.digital\/sin-categoria\/ortegas-transnational-assassinations-demand-a-regional-response\/"},"modified":"2025-07-02T01:00:27","modified_gmt":"2025-07-02T07:00:27","slug":"ortegas-transnational-assassinations-demand-a-regional-response","status":"publish","type":"post","link":"https:\/\/confidencial.digital\/en\/english\/ortegas-transnational-assassinations-demand-a-regional-response\/","title":{"rendered":"Ortega\u2019s Transnational Assassinations Demand a Regional Response"},"content":{"rendered":"\n<p>On the morning of June 19, Roberto Samcam was <a href=\"https:\/\/confidencial.digital\/en\/nation\/retired-nicaraguan-army-major-roberto-samcam-shot-to-death-in-costa-rica\/\" target=\"_blank\" rel=\"noreferrer noopener\">shot eight times at point-blank range by an assassin<\/a> posing as a delivery courier at his condominium in San Jose, Costa Rica. Samcam was a retired Nicaraguan army officer who, after fleeing a wave of violent repression that killed over 300 opposition protesters in 2018, had become a prominent critic of the government of President Daniel Ortega. In early 2023, Ortega illegally stripped Samcam of his Nicaraguan citizenship. Despite numerous threats against his life, Samcam chose to remain in Costa Rica, living among the Nicaraguan exile community there, rather than in Spain, where he had been granted citizenship.   <\/p>\n\n<p>The director of Costa Rica\u2019s Judicial Investigation Agency, Randall Zuniga Lopez, has already stated that the evidence shows that the attack against Samcam was definitely premeditated. According to reporting by <em>Confidencial<\/em>\u2014a Nicaraguan investigative media outlet that operates in exile and has done some of the best reporting on the incident\u2014Zuniga Lopez added that it is <a href=\"https:\/\/confidencial.digital\/nacion\/oij-no-descarta-la-existencia-de-celulas-orteguistas-en-costa-rica\/\" target=\"_blank\" rel=\"noreferrer noopener\">possible the Ortega regime is operating clandestine sleeper cells<\/a> in neighboring countries to harass and attack critics who live in exile. <\/p>\n\n<p>An assassination on foreign soil is rare enough in Latin America to be shocking, but it is not without precedent. In 1976, the regime of then-Chilean dictator Augusto Pinochet killed Orlando Letelier, a dissident former diplomat, with a car bomb in Washington. More recently, in 2023, the regime of Venezuelan President Nicolas Maduro is alleged to have <a href=\"https:\/\/confidencial.digital\/opinion\/la-dictadura-venezolana-y-la-humillacion-de-chile-y-estados-unidos\/\" target=\"_blank\" rel=\"noreferrer noopener\">hired hitmen to kidnap and kill Ronald Ojeda<\/a>, a former Venezuelan military officer and government critic, in Santiago, Chile, where he was living in exile.  <\/p>\n\n<p>Those high-profile killings reshaped hemispheric politics and demonstrated the depravity of the dictatorships that conducted the assassinations. But they were also one-off events. <\/p>\n\n<p>What makes the current Nicaraguan regime different is that it has now been engaged in a multiyear pattern of attacks against political opponents in exile, many of whom live in Costa Rica. Among the over 150,000 Nicaraguan refugees who live in the country are a number of prominent dissidents who Ortega claims have been stripped of their Nicaraguan citizenship, though that violates Section 15 of the United Nations Universal Declaration of Human Rights. <\/p>\n\n<p>Student leader Joao Maldonado has been attacked twice in Costa Rica, in 2021 and 2024, with the second attack leaving him briefly in a coma and his wife paralyzed.<\/p>\n\n<p>In 2022, the body of Rodolfo Rojas Cordero, a former Sandinista activist who turned against Ortega, was found murdered in Honduras near the Nicaraguan border. His family says he was likely kidnapped and then murdered. <\/p>\n\n<p>In 2023, assassins killed former Nicaraguan political prisoner Erick Antonio Castillo near Costa Rica\u2019s northern border with Nicaragua, after Castillo continued to speak out against the torture he endured while in prison.<\/p>\n\n<p>In late 2024, Jaime Luis Ortega Chavarria was shot and killed in the Costa Rican town of Upala where he was living as a political refugee. After his death, it emerged that Chavarria had been a member of the anti-Sandinista Contras back in the 1980s, suggesting that the Ortega regime is now even targeting enemies from the distant past in remote towns outside of Nicaragua\u2019s borders. <\/p>\n\n<p>Each one of those killings was horrifying in its own way, but the intent behind them was not only to kill an individual critic of the Ortega government. They were also meant to spread fear among the thousands of other exiles to make them think twice before speaking out against the regime and its abuses. Combined, the attacks also suggest that the Nicaraguan government has built an infrastructure outside of its borders to track down and attack its political opponents.  <\/p>\n\n<p>Further, in partnering with criminal gangs in Costa Rica to conduct some of these attacks, Nicaragua\u2019s government is now linked to one of the key domestic security threats facing the Costa Rican government and its population. In other words, Ortega has turned his brutal extraterritorial crackdown against critics of his regime into a form of interstate violence that also targets Nicaragua\u2019s neighbors and trade partners. <\/p>\n\n<p>The Samcam assassination has attracted more attention than the previous attacks, as the circumstances of the attack point to a clearly targeted political assassination, with less room for Ortega\u2019s defenders to try to plant doubt about it being linked to other forms of crime. Costa Rica\u2019s prosecutors have already announced that no ongoing investigations of Samcam existed, preemptively removing any connection to organized crime as a potential line of attack for the Ortega regime to smear Samcam. Key officials, including <a href=\"https:\/\/confidencial.digital\/en\/english\/laura-chinchilla-samcams-murder-in-costa-rica-shocking-because-of-the-impunity\/\" target=\"_blank\" rel=\"noreferrer noopener\">former Costa Rican President Laura Chinchilla<\/a>, are speaking out. Costa Rica\u2019s Congress has voted to demand a thorough investigation.   <\/p>\n\n<p>All of this puts pressure on current President Rodrigo Chaves, who has yet to condemn the assassination, to respond. In reality, it\u2019s a complicated issue for him. Costa Rica does not have a military, so its ability to counter what amounts to an interstate threat like this is somewhat limited, and any escalation of the dispute brings risks to the Costa Rican population. While the country\u2019s police and other nonmilitary security forces and institutions are quite strong and capable of handling investigations and prosecutions of homicides, they have struggled to handle the rising violence caused by the transnational cartels that have begun to operate in Costa Rica. Furthermore, Chaves has his own political problems at the moment: As part of a corruption investigation into his government, prosecutors have asked for his immunity to be removed, with an eye to potentially prosecuting him.    <\/p>\n\n<p>The international response has been to condemn Samcam\u2019s assassination, but we\u2019re unlikely to see any action to back up those strong words. Nicaragua is far from the top of the agenda, whether globally or in the Western Hemisphere. Moreover, the U.S., Canada, the European Union and many of Nicaragua\u2019s neighbors have already imposed sanctions and trade restrictions to punish the Ortega regime for its abuses and repression. But those measures have failed to change the Nicaraguan government\u2019s behavior.   <\/p>\n\n<p>The most important short-term action those countries can now take to support Costa Rica is to mount a regional response to what has become a regional threat. Nicaragua\u2019s neighbors should cooperate to investigate and prosecute this murder as well as to find and shut down any other Ortega-linked criminal cells that threaten to harass and kill people outside of Nicaragua. The administration of U.S. President Donald Trump should direct its intelligence agencies to share any information they can to expose the threat and disrupt future plots.  <\/p>\n\n<p>The risk is that the international community may feel like one assassination does not justify such a robust reaction. But Samcam\u2019s killing is not just one event. Rather, it is the highest-profile incident so far, with more attacks likely in the near future. Without a stronger response, Ortega will assassinate more Nicaraguan politicians and regime critics outside of Nicaragua\u2019s borders. And that\u2019s a threat not just to the Nicaraguan exile community but to regional stability.    <\/p>\n\n<p><strong><em>*Article originally published in <a href=\"https:\/\/www.worldpoliticsreview.com\/nicaragua-ortega-transnational-repression\/\" target=\"_blank\" rel=\"noreferrer noopener\">World Politics Review<\/a>.<\/em><\/strong><\/p>\n","protected":false},"excerpt":{"rendered":"<p>On the morning of June 19, Roberto Samcam was shot eight times at point-blank range by an assassin posing as a delivery courier at his condominium in San Jose, Costa Rica. Samcam was a retired Nicaraguan army officer who, after fleeing a wave of violent repression that killed over 300 opposition protesters in 2018, had [&hellip;]<\/p>\n","protected":false},"author":1418,"featured_media":169053,"comment_status":"closed","ping_status":"closed","sticky":false,"template":"","format":"standard","meta":{"_acf_changed":false,"_eb_attr":"","_eb_data_table":"","footnotes":""},"categories":[15445],"tags":[],"class_list":["post-169912","post","type-post","status-publish","format-standard","has-post-thumbnail","hentry","category-english"],"acf":[],"yoast_head":"<!-- This site is optimized with the Yoast SEO Premium plugin v27.4 (Yoast SEO v27.4) - https:\/\/yoast.com\/product\/yoast-seo-premium-wordpress\/ -->\n<title>Ortega&#039;s transnational assassinations demand a regional response<\/title>\n<meta name=\"description\" content=\"Ortega has turned his persecution of critics into a form of interstate violence that also targets neighboring countries.\" \/>\n<meta name=\"robots\" content=\"index, follow, max-snippet:-1, max-image-preview:large, max-video-preview:-1\" \/>\n<link rel=\"canonical\" href=\"https:\/\/confidencial.digital\/en\/english\/ortegas-transnational-assassinations-demand-a-regional-response\/\" \/>\n<meta property=\"og:locale\" content=\"en_US\" \/>\n<meta property=\"og:type\" content=\"article\" \/>\n<meta property=\"og:title\" content=\"Ortega\u2019s Transnational Assassinations Demand a Regional Response\" \/>\n<meta property=\"og:description\" content=\"Ortega has turned his persecution of critics into a form of interstate violence that also targets neighboring countries.\" \/>\n<meta property=\"og:url\" content=\"https:\/\/confidencial.digital\/en\/english\/ortegas-transnational-assassinations-demand-a-regional-response\/\" \/>\n<meta property=\"og:site_name\" content=\"Confidencial\" \/>\n<meta property=\"article:publisher\" content=\"https:\/\/www.facebook.com\/confidencial.com.ni\" \/>\n<meta property=\"article:published_time\" content=\"2025-07-02T06:04:00+00:00\" \/>\n<meta property=\"article:modified_time\" content=\"2025-07-02T07:00:27+00:00\" \/>\n<meta property=\"og:image\" content=\"https:\/\/confidencial.digital\/wp-content\/uploads\/2025\/06\/MisaSamcam.jpg\" \/>\n\t<meta property=\"og:image:width\" content=\"1920\" \/>\n\t<meta property=\"og:image:height\" content=\"1080\" \/>\n\t<meta property=\"og:image:type\" content=\"image\/jpeg\" \/>\n<meta name=\"author\" content=\"James Bosworth\" \/>\n<meta name=\"twitter:card\" content=\"summary_large_image\" \/>\n<meta name=\"twitter:creator\" content=\"@confidencial_ni\" \/>\n<meta name=\"twitter:site\" content=\"@confidencial_ni\" \/>\n<meta name=\"twitter:label1\" content=\"Written by\" \/>\n\t<meta name=\"twitter:data1\" content=\"James Bosworth\" \/>\n\t<meta name=\"twitter:label2\" content=\"Est. reading time\" \/>\n\t<meta name=\"twitter:data2\" content=\"6 minutes\" \/>\n<script type=\"application\/ld+json\" class=\"yoast-schema-graph\">{\"@context\":\"https:\\\/\\\/schema.org\",\"@graph\":[{\"@type\":\"NewsArticle\",\"@id\":\"https:\\\/\\\/confidencial.digital\\\/en\\\/english\\\/ortegas-transnational-assassinations-demand-a-regional-response\\\/#article\",\"isPartOf\":{\"@id\":\"https:\\\/\\\/confidencial.digital\\\/en\\\/english\\\/ortegas-transnational-assassinations-demand-a-regional-response\\\/\"},\"author\":{\"name\":\"James Bosworth\",\"@id\":\"https:\\\/\\\/confidencial.digital\\\/en\\\/#\\\/schema\\\/person\\\/c75a9b520b0cfc12b00dc733c82bbce7\"},\"headline\":\"Ortega\u2019s Transnational Assassinations Demand a Regional Response\",\"datePublished\":\"2025-07-02T06:04:00+00:00\",\"dateModified\":\"2025-07-02T07:00:27+00:00\",\"mainEntityOfPage\":{\"@id\":\"https:\\\/\\\/confidencial.digital\\\/en\\\/english\\\/ortegas-transnational-assassinations-demand-a-regional-response\\\/\"},\"wordCount\":1172,\"publisher\":{\"@id\":\"https:\\\/\\\/confidencial.digital\\\/en\\\/#organization\"},\"image\":{\"@id\":\"https:\\\/\\\/confidencial.digital\\\/en\\\/english\\\/ortegas-transnational-assassinations-demand-a-regional-response\\\/#primaryimage\"},\"thumbnailUrl\":\"https:\\\/\\\/confidencial.digital\\\/wp-content\\\/uploads\\\/2025\\\/06\\\/MisaSamcam.jpg\",\"articleSection\":[\"English\"],\"inLanguage\":\"en-US\",\"copyrightYear\":\"2025\",\"copyrightHolder\":{\"@id\":\"https:\\\/\\\/confidencial.digital\\\/#organization\"}},{\"@type\":\"WebPage\",\"@id\":\"https:\\\/\\\/confidencial.digital\\\/en\\\/english\\\/ortegas-transnational-assassinations-demand-a-regional-response\\\/\",\"url\":\"https:\\\/\\\/confidencial.digital\\\/en\\\/english\\\/ortegas-transnational-assassinations-demand-a-regional-response\\\/\",\"name\":\"Ortega's transnational assassinations demand a regional response\",\"isPartOf\":{\"@id\":\"https:\\\/\\\/confidencial.digital\\\/en\\\/#website\"},\"primaryImageOfPage\":{\"@id\":\"https:\\\/\\\/confidencial.digital\\\/en\\\/english\\\/ortegas-transnational-assassinations-demand-a-regional-response\\\/#primaryimage\"},\"image\":{\"@id\":\"https:\\\/\\\/confidencial.digital\\\/en\\\/english\\\/ortegas-transnational-assassinations-demand-a-regional-response\\\/#primaryimage\"},\"thumbnailUrl\":\"https:\\\/\\\/confidencial.digital\\\/wp-content\\\/uploads\\\/2025\\\/06\\\/MisaSamcam.jpg\",\"datePublished\":\"2025-07-02T06:04:00+00:00\",\"dateModified\":\"2025-07-02T07:00:27+00:00\",\"description\":\"Ortega has turned his persecution of critics into a form of interstate violence that also targets neighboring countries.\",\"breadcrumb\":{\"@id\":\"https:\\\/\\\/confidencial.digital\\\/en\\\/english\\\/ortegas-transnational-assassinations-demand-a-regional-response\\\/#breadcrumb\"},\"inLanguage\":\"en-US\",\"potentialAction\":[{\"@type\":\"ReadAction\",\"target\":[\"https:\\\/\\\/confidencial.digital\\\/en\\\/english\\\/ortegas-transnational-assassinations-demand-a-regional-response\\\/\"]}]},{\"@type\":\"ImageObject\",\"inLanguage\":\"en-US\",\"@id\":\"https:\\\/\\\/confidencial.digital\\\/en\\\/english\\\/ortegas-transnational-assassinations-demand-a-regional-response\\\/#primaryimage\",\"url\":\"https:\\\/\\\/confidencial.digital\\\/wp-content\\\/uploads\\\/2025\\\/06\\\/MisaSamcam.jpg\",\"contentUrl\":\"https:\\\/\\\/confidencial.digital\\\/wp-content\\\/uploads\\\/2025\\\/06\\\/MisaSamcam.jpg\",\"width\":1920,\"height\":1080,\"caption\":\"Misa de cuerpo presente por el descanso de Roberto Samcam, en la iglesia de las \u00c1nimas, de San Jos\u00e9, Costa Rica, el 22 de junio de 2025. \\\/\\\/ Foto: CONFIDENCIAL\"},{\"@type\":\"BreadcrumbList\",\"@id\":\"https:\\\/\\\/confidencial.digital\\\/en\\\/english\\\/ortegas-transnational-assassinations-demand-a-regional-response\\\/#breadcrumb\",\"itemListElement\":[{\"@type\":\"ListItem\",\"position\":1,\"name\":\"Portada\",\"item\":\"https:\\\/\\\/confidencial.digital\\\/en\\\/\"},{\"@type\":\"ListItem\",\"position\":2,\"name\":\"Ortega\u2019s Transnational Assassinations Demand a Regional Response\"}]},{\"@type\":\"WebSite\",\"@id\":\"https:\\\/\\\/confidencial.digital\\\/en\\\/#website\",\"url\":\"https:\\\/\\\/confidencial.digital\\\/en\\\/\",\"name\":\"Confidencial Nicaragua\",\"description\":\"Noticias de Nicaragua, informaci\u00f3n, an\u00e1lisis, reportajes, investigaciones, perfiles y entrevistas. Somos Confidencial. Hacemos periodismo independiente.\",\"publisher\":{\"@id\":\"https:\\\/\\\/confidencial.digital\\\/en\\\/#organization\"},\"potentialAction\":[{\"@type\":\"SearchAction\",\"target\":{\"@type\":\"EntryPoint\",\"urlTemplate\":\"https:\\\/\\\/confidencial.digital\\\/en\\\/?s={search_term_string}\"},\"query-input\":{\"@type\":\"PropertyValueSpecification\",\"valueRequired\":true,\"valueName\":\"search_term_string\"}}],\"inLanguage\":\"en-US\"},{\"@type\":\"Organization\",\"@id\":\"https:\\\/\\\/confidencial.digital\\\/en\\\/#organization\",\"name\":\"Confidencial\",\"url\":\"https:\\\/\\\/confidencial.digital\\\/en\\\/\",\"logo\":{\"@type\":\"ImageObject\",\"inLanguage\":\"en-US\",\"@id\":\"https:\\\/\\\/confidencial.digital\\\/en\\\/#\\\/schema\\\/logo\\\/image\\\/\",\"url\":\"https:\\\/\\\/confidencial.digital\\\/wp-content\\\/uploads\\\/2023\\\/09\\\/Confidencial_696x696.jpg\",\"contentUrl\":\"https:\\\/\\\/confidencial.digital\\\/wp-content\\\/uploads\\\/2023\\\/09\\\/Confidencial_696x696.jpg\",\"width\":696,\"height\":696,\"caption\":\"Confidencial\"},\"image\":{\"@id\":\"https:\\\/\\\/confidencial.digital\\\/en\\\/#\\\/schema\\\/logo\\\/image\\\/\"},\"sameAs\":[\"https:\\\/\\\/www.facebook.com\\\/confidencial.com.ni\",\"https:\\\/\\\/x.com\\\/confidencial_ni\",\"https:\\\/\\\/www.youtube.com\\\/user\\\/ConfidencialNica\",\"https:\\\/\\\/www.instagram.com\\\/confidencial_ni\\\/\",\"https:\\\/\\\/www.linkedin.com\\\/company\\\/confidencial-nicaragua\\\/\",\"https:\\\/\\\/open.spotify.com\\\/show\\\/1rNymjqQuqP1CTGqHKdQ24\",\"https:\\\/\\\/bsky.app\\\/profile\\\/confidencialni.bsky.social\",\"https:\\\/\\\/www.threads.com\\\/@confidencial_ni\"],\"description\":\"En Confidencial hacemos periodismo de investigaci\u00f3n y an\u00e1lisis independiente para Nicaragua y su di\u00e1spora en el mundo. Fundado en 1996\",\"email\":\"info@confidencial.digital\",\"foundingDate\":\"1996-06-01\"},{\"@type\":\"Person\",\"@id\":\"https:\\\/\\\/confidencial.digital\\\/en\\\/#\\\/schema\\\/person\\\/c75a9b520b0cfc12b00dc733c82bbce7\",\"name\":\"James Bosworth\",\"image\":{\"@type\":\"ImageObject\",\"inLanguage\":\"en-US\",\"@id\":\"https:\\\/\\\/confidencial.digital\\\/wp-content\\\/uploads\\\/2025\\\/07\\\/james-bosworth_avatar-96x96.jpg\",\"url\":\"https:\\\/\\\/confidencial.digital\\\/wp-content\\\/uploads\\\/2025\\\/07\\\/james-bosworth_avatar-96x96.jpg\",\"contentUrl\":\"https:\\\/\\\/confidencial.digital\\\/wp-content\\\/uploads\\\/2025\\\/07\\\/james-bosworth_avatar-96x96.jpg\",\"caption\":\"James Bosworth\"},\"description\":\"Fundador de Hxagon, una consultora especializada en an\u00e1lisis de riesgo pol\u00edtico e investigaciones a medida en mercados emergentes y fronterizos. Tambi\u00e9n es investigador global del Programa para Am\u00e9rica Latina del Wilson Center. Cuenta con dos d\u00e9cadas de experiencia analizando pol\u00edtica, econom\u00eda y seguridad en Am\u00e9rica Latina y el Caribe.\",\"url\":\"https:\\\/\\\/confidencial.digital\\\/en\\\/author\\\/jamesboswo\\\/\"}]}<\/script>\n<!-- \/ Yoast SEO Premium plugin. -->","yoast_head_json":{"title":"Ortega's transnational assassinations demand a regional response","description":"Ortega has turned his persecution of critics into a form of interstate violence that also targets neighboring countries.","robots":{"index":"index","follow":"follow","max-snippet":"max-snippet:-1","max-image-preview":"max-image-preview:large","max-video-preview":"max-video-preview:-1"},"canonical":"https:\/\/confidencial.digital\/en\/english\/ortegas-transnational-assassinations-demand-a-regional-response\/","og_locale":"en_US","og_type":"article","og_title":"Ortega\u2019s Transnational Assassinations Demand a Regional Response","og_description":"Ortega has turned his persecution of critics into a form of interstate violence that also targets neighboring countries.","og_url":"https:\/\/confidencial.digital\/en\/english\/ortegas-transnational-assassinations-demand-a-regional-response\/","og_site_name":"Confidencial","article_publisher":"https:\/\/www.facebook.com\/confidencial.com.ni","article_published_time":"2025-07-02T06:04:00+00:00","article_modified_time":"2025-07-02T07:00:27+00:00","og_image":[{"width":1920,"height":1080,"url":"https:\/\/confidencial.digital\/wp-content\/uploads\/2025\/06\/MisaSamcam.jpg","type":"image\/jpeg"}],"author":"James Bosworth","twitter_card":"summary_large_image","twitter_creator":"@confidencial_ni","twitter_site":"@confidencial_ni","twitter_misc":{"Written by":"James Bosworth","Est. reading time":"6 minutes"},"schema":{"@context":"https:\/\/schema.org","@graph":[{"@type":"NewsArticle","@id":"https:\/\/confidencial.digital\/en\/english\/ortegas-transnational-assassinations-demand-a-regional-response\/#article","isPartOf":{"@id":"https:\/\/confidencial.digital\/en\/english\/ortegas-transnational-assassinations-demand-a-regional-response\/"},"author":{"name":"James Bosworth","@id":"https:\/\/confidencial.digital\/en\/#\/schema\/person\/c75a9b520b0cfc12b00dc733c82bbce7"},"headline":"Ortega\u2019s Transnational Assassinations Demand a Regional Response","datePublished":"2025-07-02T06:04:00+00:00","dateModified":"2025-07-02T07:00:27+00:00","mainEntityOfPage":{"@id":"https:\/\/confidencial.digital\/en\/english\/ortegas-transnational-assassinations-demand-a-regional-response\/"},"wordCount":1172,"publisher":{"@id":"https:\/\/confidencial.digital\/en\/#organization"},"image":{"@id":"https:\/\/confidencial.digital\/en\/english\/ortegas-transnational-assassinations-demand-a-regional-response\/#primaryimage"},"thumbnailUrl":"https:\/\/confidencial.digital\/wp-content\/uploads\/2025\/06\/MisaSamcam.jpg","articleSection":["English"],"inLanguage":"en-US","copyrightYear":"2025","copyrightHolder":{"@id":"https:\/\/confidencial.digital\/#organization"}},{"@type":"WebPage","@id":"https:\/\/confidencial.digital\/en\/english\/ortegas-transnational-assassinations-demand-a-regional-response\/","url":"https:\/\/confidencial.digital\/en\/english\/ortegas-transnational-assassinations-demand-a-regional-response\/","name":"Ortega's transnational assassinations demand a regional response","isPartOf":{"@id":"https:\/\/confidencial.digital\/en\/#website"},"primaryImageOfPage":{"@id":"https:\/\/confidencial.digital\/en\/english\/ortegas-transnational-assassinations-demand-a-regional-response\/#primaryimage"},"image":{"@id":"https:\/\/confidencial.digital\/en\/english\/ortegas-transnational-assassinations-demand-a-regional-response\/#primaryimage"},"thumbnailUrl":"https:\/\/confidencial.digital\/wp-content\/uploads\/2025\/06\/MisaSamcam.jpg","datePublished":"2025-07-02T06:04:00+00:00","dateModified":"2025-07-02T07:00:27+00:00","description":"Ortega has turned his persecution of critics into a form of interstate violence that also targets neighboring countries.","breadcrumb":{"@id":"https:\/\/confidencial.digital\/en\/english\/ortegas-transnational-assassinations-demand-a-regional-response\/#breadcrumb"},"inLanguage":"en-US","potentialAction":[{"@type":"ReadAction","target":["https:\/\/confidencial.digital\/en\/english\/ortegas-transnational-assassinations-demand-a-regional-response\/"]}]},{"@type":"ImageObject","inLanguage":"en-US","@id":"https:\/\/confidencial.digital\/en\/english\/ortegas-transnational-assassinations-demand-a-regional-response\/#primaryimage","url":"https:\/\/confidencial.digital\/wp-content\/uploads\/2025\/06\/MisaSamcam.jpg","contentUrl":"https:\/\/confidencial.digital\/wp-content\/uploads\/2025\/06\/MisaSamcam.jpg","width":1920,"height":1080,"caption":"Misa de cuerpo presente por el descanso de Roberto Samcam, en la iglesia de las \u00c1nimas, de San Jos\u00e9, Costa Rica, el 22 de junio de 2025. \/\/ Foto: CONFIDENCIAL"},{"@type":"BreadcrumbList","@id":"https:\/\/confidencial.digital\/en\/english\/ortegas-transnational-assassinations-demand-a-regional-response\/#breadcrumb","itemListElement":[{"@type":"ListItem","position":1,"name":"Portada","item":"https:\/\/confidencial.digital\/en\/"},{"@type":"ListItem","position":2,"name":"Ortega\u2019s Transnational Assassinations Demand a Regional Response"}]},{"@type":"WebSite","@id":"https:\/\/confidencial.digital\/en\/#website","url":"https:\/\/confidencial.digital\/en\/","name":"Confidencial Nicaragua","description":"Noticias de Nicaragua, informaci\u00f3n, an\u00e1lisis, reportajes, investigaciones, perfiles y entrevistas. Somos Confidencial. Hacemos periodismo independiente.","publisher":{"@id":"https:\/\/confidencial.digital\/en\/#organization"},"potentialAction":[{"@type":"SearchAction","target":{"@type":"EntryPoint","urlTemplate":"https:\/\/confidencial.digital\/en\/?s={search_term_string}"},"query-input":{"@type":"PropertyValueSpecification","valueRequired":true,"valueName":"search_term_string"}}],"inLanguage":"en-US"},{"@type":"Organization","@id":"https:\/\/confidencial.digital\/en\/#organization","name":"Confidencial","url":"https:\/\/confidencial.digital\/en\/","logo":{"@type":"ImageObject","inLanguage":"en-US","@id":"https:\/\/confidencial.digital\/en\/#\/schema\/logo\/image\/","url":"https:\/\/confidencial.digital\/wp-content\/uploads\/2023\/09\/Confidencial_696x696.jpg","contentUrl":"https:\/\/confidencial.digital\/wp-content\/uploads\/2023\/09\/Confidencial_696x696.jpg","width":696,"height":696,"caption":"Confidencial"},"image":{"@id":"https:\/\/confidencial.digital\/en\/#\/schema\/logo\/image\/"},"sameAs":["https:\/\/www.facebook.com\/confidencial.com.ni","https:\/\/x.com\/confidencial_ni","https:\/\/www.youtube.com\/user\/ConfidencialNica","https:\/\/www.instagram.com\/confidencial_ni\/","https:\/\/www.linkedin.com\/company\/confidencial-nicaragua\/","https:\/\/open.spotify.com\/show\/1rNymjqQuqP1CTGqHKdQ24","https:\/\/bsky.app\/profile\/confidencialni.bsky.social","https:\/\/www.threads.com\/@confidencial_ni"],"description":"En Confidencial hacemos periodismo de investigaci\u00f3n y an\u00e1lisis independiente para Nicaragua y su di\u00e1spora en el mundo. Fundado en 1996","email":"info@confidencial.digital","foundingDate":"1996-06-01"},{"@type":"Person","@id":"https:\/\/confidencial.digital\/en\/#\/schema\/person\/c75a9b520b0cfc12b00dc733c82bbce7","name":"James Bosworth","image":{"@type":"ImageObject","inLanguage":"en-US","@id":"https:\/\/confidencial.digital\/wp-content\/uploads\/2025\/07\/james-bosworth_avatar-96x96.jpg","url":"https:\/\/confidencial.digital\/wp-content\/uploads\/2025\/07\/james-bosworth_avatar-96x96.jpg","contentUrl":"https:\/\/confidencial.digital\/wp-content\/uploads\/2025\/07\/james-bosworth_avatar-96x96.jpg","caption":"James Bosworth"},"description":"Fundador de Hxagon, una consultora especializada en an\u00e1lisis de riesgo pol\u00edtico e investigaciones a medida en mercados emergentes y fronterizos. Tambi\u00e9n es investigador global del Programa para Am\u00e9rica Latina del Wilson Center. Cuenta con dos d\u00e9cadas de experiencia analizando pol\u00edtica, econom\u00eda y seguridad en Am\u00e9rica Latina y el Caribe.","url":"https:\/\/confidencial.digital\/en\/author\/jamesboswo\/"}]}},"_links":{"self":[{"href":"https:\/\/confidencial.digital\/en\/wp-json\/wp\/v2\/posts\/169912","targetHints":{"allow":["GET"]}}],"collection":[{"href":"https:\/\/confidencial.digital\/en\/wp-json\/wp\/v2\/posts"}],"about":[{"href":"https:\/\/confidencial.digital\/en\/wp-json\/wp\/v2\/types\/post"}],"author":[{"embeddable":true,"href":"https:\/\/confidencial.digital\/en\/wp-json\/wp\/v2\/users\/1418"}],"replies":[{"embeddable":true,"href":"https:\/\/confidencial.digital\/en\/wp-json\/wp\/v2\/comments?post=169912"}],"version-history":[{"count":1,"href":"https:\/\/confidencial.digital\/en\/wp-json\/wp\/v2\/posts\/169912\/revisions"}],"predecessor-version":[{"id":169913,"href":"https:\/\/confidencial.digital\/en\/wp-json\/wp\/v2\/posts\/169912\/revisions\/169913"}],"wp:featuredmedia":[{"embeddable":true,"href":"https:\/\/confidencial.digital\/en\/wp-json\/wp\/v2\/media\/169053"}],"wp:attachment":[{"href":"https:\/\/confidencial.digital\/en\/wp-json\/wp\/v2\/media?parent=169912"}],"wp:term":[{"taxonomy":"category","embeddable":true,"href":"https:\/\/confidencial.digital\/en\/wp-json\/wp\/v2\/categories?post=169912"},{"taxonomy":"post_tag","embeddable":true,"href":"https:\/\/confidencial.digital\/en\/wp-json\/wp\/v2\/tags?post=169912"}],"curies":[{"name":"wp","href":"https:\/\/api.w.org\/{rel}","templated":true}]}}