{"id":169172,"date":"2025-06-17T01:25:00","date_gmt":"2025-06-17T07:25:00","guid":{"rendered":"https:\/\/confidencial.digital\/sin-categoria\/where-are-the-doctors-nicaragua-among-countries-with-the-fewest-medical-personnel\/"},"modified":"2025-06-24T04:42:31","modified_gmt":"2025-06-24T10:42:31","slug":"where-are-the-doctors-nicaragua-among-countries-with-the-fewest-medical-personnel","status":"publish","type":"post","link":"https:\/\/confidencial.digital\/en\/english\/where-are-the-doctors-nicaragua-among-countries-with-the-fewest-medical-personnel\/","title":{"rendered":"Where Are the Doctors? Nicaragua Among Countries With the Fewest Medical Personnel"},"content":{"rendered":"\n<p>Nicaragua ranks among the three countries in the Americas with the lowest number of medical personnel\u2014including doctors, nurses, and midwives\u2014available to meet the healthcare needs of its population. According to the World Health Organization\u2019s (WHO) standard benchmark,  <strong>at least 44.5 health workers are needed per 10,000 people. Nicaragua barely reaches half that target. <\/strong> What factors contribute to this low average, which results in fewer consultations or poor-quality care\u2014despite the government\u2019s promise of free healthcare?<\/p>\n\n<p><em>Rub\u00e9n<\/em>, a doctor in southern Nicaragua, says that firings, summons and threats, surveillance, the shutdown of medical organizations, and lack of hiring are part of the daily reality for doctors in the country.<\/p>\n\n<p>\u201cIt is a reality that anyone who goes to a health center or hospital in Nicaragua can see \u2014 <strong>there are not enough of us to attend to patients, <\/strong>and that is evident,\u201d he stresses.<br\/><br\/><\/p>\n\n<p>This has been the case \u201cfor years,\u201d says the doctor, who has worked for the Ministry of Health (MINSA) for over a decade. But he believes that since 2018, \u201chostility and pressure have intensified.\u201d <\/p>\n\n<p>\u201cThere have been many dismissals of staff who protested or helped demonstrators seen as opposition supporters, and many others have resigned out of exhaustion. The reality is that <strong>we\u2019re always understaffed<\/strong>, even if we manage to get things done,\u201d he says<em>.<\/em><\/p>\n<div class=\"root-eb-post-grid-2lcro wp-block-essential-blocks-post-grid\">\n    <div class=\"eb-parent-wrapper eb-parent-eb-post-grid-2lcro \">\n        <div class=\"eb-post-grid-2lcro style-2  eb-post-grid-wrapper\"\n            data-id=\"eb-post-grid-2lcro\"\n            data-querydata=\"{&quot;source&quot;:&quot;post&quot;,&quot;sourceIndex&quot;:0,&quot;rest_base&quot;:&quot;posts&quot;,&quot;rest_namespace&quot;:&quot;wp\\\/v2&quot;,&quot;author&quot;:&quot;&quot;,&quot;taxonomies&quot;:[],&quot;per_page&quot;:&quot;3&quot;,&quot;offset&quot;:&quot;0&quot;,&quot;orderby&quot;:&quot;date&quot;,&quot;order&quot;:&quot;desc&quot;,&quot;include&quot;:&quot;[{\\&quot;value\\&quot;:16291,\\&quot;label\\&quot;:\\&quot;M\\u00e9dicos callan o se exilian ante las amenazas de Rosario Murillo\\&quot;},{\\&quot;value\\&quot;:14602,\\&quot;label\\&quot;:\\&quot;\\u201cDa miedo contagiarse, pero solo por decirlo te pueden correr\\u201d\\&quot;},{\\&quot;value\\&quot;:56096,\\&quot;label\\&quot;:\\&quot;Pandemia y censura: Minsa mand\\u00f3 a callar a los m\\u00e9dicos que alertaron sobre covid-19\\&quot;}]&quot;,&quot;exclude&quot;:&quot;&quot;,&quot;exclude_current&quot;:false}\"\n            data-attributes=\"{&quot;thumbnailSize&quot;:&quot;&quot;,&quot;loadMoreOptions&quot;:{&quot;enableMorePosts&quot;:false,&quot;loadMoreType&quot;:&quot;1&quot;,&quot;loadMoreButtonTxt&quot;:&quot;Load More&quot;,&quot;alignment&quot;:&quot;center&quot;,&quot;prevTxt&quot;:&quot;&lt;&quot;,&quot;nextTxt&quot;:&quot;&gt;&quot;,&quot;totalPosts&quot;:0},&quot;showSearch&quot;:false,&quot;showTaxonomyFilter&quot;:false,&quot;enableAjaxSearch&quot;:false,&quot;addIcon&quot;:false,&quot;iconPosition&quot;:&quot;left&quot;,&quot;icon&quot;:&quot;fas fa-chevron-right&quot;,&quot;preset&quot;:&quot;style-2&quot;,&quot;defaultFilter&quot;:&quot;all&quot;,&quot;version&quot;:&quot;v2&quot;,&quot;showBlockContent&quot;:true,&quot;showFallbackImg&quot;:false,&quot;fallbackImgUrl&quot;:&quot;&quot;,&quot;showThumbnail&quot;:true,&quot;showTitle&quot;:true,&quot;titleLength&quot;:&quot;&quot;,&quot;titleTag&quot;:&quot;h2&quot;,&quot;showContent&quot;:false,&quot;contentLength&quot;:20,&quot;expansionIndicator&quot;:&quot;...&quot;,&quot;showReadMore&quot;:false,&quot;readmoreText&quot;:&quot;Read More&quot;,&quot;showMeta&quot;:false,&quot;headerMeta&quot;:&quot;[{\\&quot;value\\&quot;:\\&quot;date\\&quot;,\\&quot;label\\&quot;:\\&quot;Published Date\\&quot;}]&quot;,&quot;footerMeta&quot;:&quot;[{\\&quot;value\\&quot;:\\&quot;avatar\\&quot;,\\&quot;label\\&quot;:\\&quot;Author Avatar\\&quot;},{\\&quot;value\\&quot;:\\&quot;author\\&quot;,\\&quot;label\\&quot;:\\&quot;Author Name\\&quot;}]&quot;,&quot;authorPrefix&quot;:&quot;by&quot;,&quot;datePrefix&quot;:&quot;on&quot;,&quot;showFeaturedPost&quot;:false,&quot;featuredPostId&quot;:&quot;&quot;,&quot;showFeaturedPostTitle&quot;:true,&quot;showFeaturedPostContent&quot;:false,&quot;showFeaturedPostMeta&quot;:true,&quot;showFeaturedHeaderMeta&quot;:true,&quot;showFeaturedFooterMeta&quot;:true,&quot;featuredMetaItems&quot;:&quot;{}&quot;,&quot;featuredExcerptLength&quot;:10}\">\n\n            \n\n            <p>\n    No Posts Found<\/p>\n        <\/div>\n    <\/div>\n<\/div>\n\n<h2 class=\"wp-block-heading\" id=\"h-nicaragua-estancada-en-contrataciones\">Nicaragua Stagnant in Health Worker Hiring<\/h2>\n\n<p>At the end of April 2025, the Pan American Health Organization (PAHO) published a report titled <a href=\"https:\/\/iris.paho.org\/bitstream\/handle\/10665.2\/64275\/9789275329702_spa.pdf?sequence=4&amp;isAllowed=y\" target=\"_blank\" rel=\"noreferrer noopener\"><em>\u201cThe Health Workforce in the Americas: Data and Regional Indicators.\u201d<\/em><\/a> The study examines data from 39 countries and territories that make up PAHO, focusing on eight key health occupations: medicine, nursing, midwifery, dentistry, pharmacy, physiotherapy, psychology, and community health work. <\/p>\n\n<p>Researchers analyzed the most recent data available for each country between 2017 and 2021 and warned that \u201cwithout immediate intervention,\u201d the Americas could face a shortage of between 600,000 and 2 million healthcare workers by 2030.<\/p>\n\n<p>\u201cHealth workers are the backbone of our health systems. Without them, it\u2019s simply not possible to talk about access or universal coverage,\u201d said <a href=\"https:\/\/www.paho.org\/es\/noticias\/30-4-2025-nuevo-informe-ops-revela-que-14-paises-americas-enfrentan-escasez-trabajadores\" target=\"_blank\" rel=\"noreferrer noopener\">PAHO Director Jarbas Barbosa when presenting the study.<\/a><\/p>\n\n<p>\u201cThis report gives us concrete data to guide investment in training, retention, and decent working conditions\u2014ensuring that healthcare reaches everyone,\u201d Barbosa added.<\/p>\n\n<p>But Nicaragua\u2019s situation has not changed since the period covered in the study\u2014at least not in the public sector. Between January 2015 and March 2025, the average number of health workers in the country rose by only 2,021 people, according to official figures from the <a href=\"https:\/\/www.bcn.gob.ni\/sites\/default\/files\/estadisticas\/sector_real\/mercado_laboral\/3-2.htm\" target=\"_blank\" rel=\"noreferrer noopener\">Central Bank of Nicaragua (BCN)<\/a>, analyzed by <strong>CONFIDENCIAL<\/strong>.  <\/p>\n\n<p>In 2015, the average annual number of public-sector health workers was 18,446. By the first quarter of 2025, that figure had only grown to 20,467.<\/p>\n\n<p>The analysis of official statistics also shows that although the number of health workers has increased since 2015, there were years\u2014such as 2020 and 2023\u2014when the annual average actually dropped compared to the previous year. The downward trend returned in the first quarter of 2025. <\/p>\n<div class=\"wp-block-image\">\n<figure class=\"aligncenter size-full\"><img decoding=\"async\" width=\"1162\" height=\"2048\" src=\"https:\/\/confidencial.digital\/wp-content\/uploads\/2025\/06\/Grafico_Doctores-scaled.png\" alt=\"Nicaragua medical personnel\" class=\"wp-image-167874\" srcset=\"https:\/\/confidencial.digital\/wp-content\/uploads\/2025\/06\/Grafico_Doctores-scaled.png 1162w, https:\/\/confidencial.digital\/wp-content\/uploads\/2025\/06\/Grafico_Doctores-170x300.png 170w, https:\/\/confidencial.digital\/wp-content\/uploads\/2025\/06\/Grafico_Doctores-581x1024.png 581w, https:\/\/confidencial.digital\/wp-content\/uploads\/2025\/06\/Grafico_Doctores-768x1353.png 768w, https:\/\/confidencial.digital\/wp-content\/uploads\/2025\/06\/Grafico_Doctores-872x1536.png 872w\" sizes=\"(max-width: 1162px) 100vw, 1162px\" \/><\/figure>\n<\/div>\n<h2 class=\"wp-block-heading\" id=\"h-sector-de-salud-con-mucho-por-mejorar\">Health sector with much room for improvement<\/h2>\n\n<p>Only two countries rank below Nicaragua in the average number of healthcare workers: Honduras and Haiti.<\/p>\n\n<p>The study reports that the regional average in the Americas is 66.57 health workers per 10,000 people, but researchers point out significant disparities across the region.<\/p>\n\n<p>On one end of the spectrum, countries like Cuba, the United States, and Canada nearly quadruple the WHO benchmark. On the other, Bolivia, St. Kitts and Nevis, Jamaica, Belize, Guatemala, Venezuela, Saint Lucia, Colombia, the Dominican Republic, Peru, and Suriname round out the list of countries with the lowest number of medical personnel.  <\/p>\n<div class=\"wp-block-image\">\n<figure class=\"aligncenter size-full\"><img decoding=\"async\" width=\"777\" height=\"502\" src=\"https:\/\/confidencial.digital\/wp-content\/uploads\/2025\/06\/grafico-OPS-personal-medico.png\" alt=\"PAHO medical personnel  \" class=\"wp-image-167876\" srcset=\"https:\/\/confidencial.digital\/wp-content\/uploads\/2025\/06\/grafico-OPS-personal-medico.png 777w, https:\/\/confidencial.digital\/wp-content\/uploads\/2025\/06\/grafico-OPS-personal-medico-300x194.png 300w, https:\/\/confidencial.digital\/wp-content\/uploads\/2025\/06\/grafico-OPS-personal-medico-768x496.png 768w\" sizes=\"(max-width: 777px) 100vw, 777px\" \/><figcaption class=\"wp-element-caption\">Chart taken from PAHO<\/figcaption><\/figure>\n<\/div>\n<p>The PAHO report warns that without strategic investments in training, regulation, working conditions, and equitable distribution of healthcare workers, it will be impossible to build health systems that are \u201ctruly universal, equitable, and resilient.\u201d<\/p>\n\n<p>\u201cThe challenge isn\u2019t just having more healthcare professionals,\u201d PAHO Director Jarbas Barbosa stressed, \u201cbut making sure they are where they\u2019re needed most and have the right skills to meet the population\u2019s needs.\u201d<\/p>\n\n<p>The report notes that the COVID-19 pandemic exposed major global weaknesses in the healthcare sector, including staffing shortages, difficulty retaining personnel, unequal distribution, and insufficient investment in training\u2014issues that hinder the development of resilient health systems capable of responding to emergencies.<\/p>\n\n<p>The pandemic also revealed a widespread \u201clack of data for proper health workforce planning\u201d in many countries in the region.<\/p>\n\n<p>For instance, the report points out that in Nicaragua, Dominica, the Bahamas, the Dominican Republic, Grenada, Bolivia, Colombia, Costa Rica, Cuba, Ecuador, El Salvador, and Guatemala, there is no data available on midwifery personnel.<\/p>\n\n<h2 class=\"wp-block-heading\" id=\"h-trabajadores-de-salud-en-nicaragua-estamos-vigilados\">Healthcare Workers in Nicaragua: \u201cWe&#8217;re Under Surveillance\u201d.<\/h2>\n\n<p><em>Byron<\/em> has worked at the Ministry of Health (MINSA) for over two decades and says he\u2019s considered quitting several times. \u201cI don\u2019t do it because I don\u2019t have any other job options\u2014and I\u2019d leave with practically nothing now that <a href=\"https:\/\/confidencial.digital\/nacion\/dictadura-castiga-renuncia-de-trabajadores-del-estado-recortando-pago-de-liquidacion\/\" target=\"_blank\" rel=\"noreferrer noopener\">they\u2019ve cut back severance pay for public employees,<\/a>\u201d he says. <\/p>\n\n<p>In November 2023, the Nicaraguan government passed a law drastically reducing severance packages for public sector workers who resign. Under the new law, only employees with at least three consecutive years of service are eligible\u2014unlike the previous law, which granted compensation starting from the first year. Now, those with 3 to 10 years of service receive only one month\u2019s salary; 10 to 15 years: two months; 15 to 20 years: three months; and only those with more than 20 years get five months\u2019 salary.  <\/p>\n\n<p><em>Byron<\/em> also explains that since 2018 and especially after the COVID-19 pandemic, healthcare workers in Nicaragua have had to keep quiet about public administration and working conditions. \u201cWe keep our mouths shut so we don\u2019t say a single word of criticism against the government,\u201d he explains. <\/p>\n\n<p>\u201cI\u2019ve seen many colleagues get fired\u2014just for making a minor complaint, for pointing out a lack of medicine, or even because they were suspected of talking to independent journalists,\u201d he adds.<\/p>\n\n<p>He says medical personnel are constantly being cycled through: \u201cThey fire people, hire new ones, and then fire again\u2014but the overall numbers stay more or less the same.\u201d<\/p>\n\n<p>For <em>Byron<\/em>, switching to the private sector isn\u2019t a viable option either. \u201cIt\u2019s not growing much, and those who quit usually end up doing something completely different,\u201d he says.<\/p>\n\n<h2 class=\"wp-block-heading\" id=\"h-bajos-salarios-y-a-sumision-partidaria\">\u201cLow wages and enforced political loyalty.\u201d<\/h2>\n\n<p>Ana Quir\u00f3s, a public health specialist who was exiled from Nicaragua in 2018 for participating in the April Rebellion protests, has continued her work in Costa Rica, focusing on the Nicaraguan migrant and exile community. She says that in Nicaragua, hiring practices and the current medical workforce are shaped by \u201clow wages and enforced political loyalty.\u201d  <\/p>\n\n<p>\u201cHealth professionals are subjected to arbitrary decisions\u2014from being forced to participate in rallies they have no interest in, to being ordered to stop treating patients based on their political leanings,\u201d explains Quir\u00f3s. <\/p>\n\n<p>Public employees have <a href=\"https:\/\/confidencial.digital\/nacion\/las-violaciones-a-los-derechos-y-dignidad-de-los-empleados-publicos-en-nicaragua\/\" target=\"_blank\" rel=\"noreferrer noopener\">denounced that they consider themselves \u201chostages\u201d of<\/a> the regime of Daniel Ortega and Rosario Murillo, which has radicalized political surveillance and party control against state workers.<\/p>\n\n<div class=\"wp-block-essential-blocks-testimonial root-eb-testimonial-f046z\"><div class=\"eb-parent-wrapper eb-parent-eb-testimonial-f046z \"><div class=\"eb-testimonial-wrapper eb-testimonial-f046z layout-preset-1\" data-id=\"eb-testimonial-f046z\"><div class=\"eb-testimonial-container\"><div class=\"eb-avatar-container avatar-inline \"><div class=\"image-container\"><div class=\"eb-avatar-style\"><\/div><\/div><div class=\"eb-userinfo-container\"><p class=\"eb-testimonial-username\">Ana Quiros<\/p><p class=\"eb-testimonial-company\">Public Health Expert<\/p><\/div><\/div><div class=\"eb-description-container\"><div class=\"eb-testimonial-quote-style\"><svg xmlns=\"http:\/\/www.w3.org\/2000\/svg\" width=\"123.961\" height=\"123.961\" x=\"0\" y=\"0\" enable-background=\"new 0 0 123.961 123.961\" version=\"1.1\" viewbox=\"0 0 123.961 123.961\" xml:space=\"preserve\"><path d=\"M49.8 29.032c3.1-1.3 4.4-5 3-8l-4.9-10.3c-1.4-2.899-4.8-4.2-7.8-2.899-8.5 3.6-15.8 8.3-21.6 14C11.4 28.532 6.6 36.232 4 44.732c-2.6 8.601-4 20.3-4 35.2v30.7c0 3.3 2.7 6 6 6h39.3c3.3 0 6-2.7 6-6v-39.3c0-3.301-2.7-6-6-6H26.5c.2-10.101 2.6-18.2 7-24.301 3.6-4.898 9-8.898 16.3-11.999zM120.4 29.032c3.1-1.3 4.399-5 3-8l-4.9-10.199c-1.4-2.9-4.8-4.2-7.8-2.9-8.4 3.6-15.601 8.3-21.5 13.9-7.101 6.8-12 14.5-14.601 23-2.6 8.399-3.899 20.1-3.899 35.1v30.7c0 3.3 2.7 6 6 6H116c3.3 0 6-2.7 6-6v-39.3c0-3.301-2.7-6-6-6H97.1c.2-10.101 2.601-18.2 7-24.301 3.6-4.899 9-8.899 16.3-12z\"><\/path><\/svg><\/div><p class=\"eb-testimonial-description\">\u201cThere\u2019s a brain drain of health professionals to other countries, because many would rather leave Nicaragua\u2014even if it means working in unrelated jobs\u2014than stay under the limitations imposed on the public health sector.\u201d<\/p><\/div><\/div><\/div><\/div><\/div>\n\n<p>Some of the pressures health workers face include being forced to participate in marches, mandatory financial contributions to the ruling party, coerced and monitored voting in elections, self-censorship, political indoctrination, and even restrictions on leaving the country. <\/p>\n\n<p>Quir\u00f3s believes that Nicaragua\u2019s public health system suffers from \u201ca serious problem of political-party dependence,\u201d which has led to many professionals being \u201cfired, sidelined, or punished for speaking their minds\u2014or forced into silence on a regular basis.\u201d <\/p>\n<div class=\"root-eb-post-grid-phi5y wp-block-essential-blocks-post-grid\">\n    <div class=\"eb-parent-wrapper eb-parent-eb-post-grid-phi5y \">\n        <div class=\"eb-post-grid-phi5y style-2  eb-post-grid-wrapper\"\n            data-id=\"eb-post-grid-phi5y\"\n            data-querydata=\"{&quot;source&quot;:&quot;post&quot;,&quot;sourceIndex&quot;:0,&quot;rest_base&quot;:&quot;posts&quot;,&quot;rest_namespace&quot;:&quot;wp\\\/v2&quot;,&quot;author&quot;:&quot;&quot;,&quot;taxonomies&quot;:[],&quot;per_page&quot;:&quot;3&quot;,&quot;offset&quot;:&quot;0&quot;,&quot;orderby&quot;:&quot;date&quot;,&quot;order&quot;:&quot;desc&quot;,&quot;include&quot;:&quot;[{\\&quot;value\\&quot;:85602,\\&quot;label\\&quot;:\\&quot;De empleados a rehenes: Diez violaciones a los derechos de los trabajadores del Estado\\&quot;},{\\&quot;value\\&quot;:85639,\\&quot;label\\&quot;:\\&quot;Trabajadores p\\u00fablicos: \\u201cNos controlan todo lo que decimos en redes sociales\\u201d\\&quot;},{\\&quot;value\\&quot;:121220,\\&quot;label\\&quot;:\\&quot;Obligan a empleados p\\u00fablicos a declarar todo su patrimonio ante la Contralor\\u00eda\\&quot;}]&quot;,&quot;exclude&quot;:&quot;&quot;,&quot;exclude_current&quot;:false}\"\n            data-attributes=\"{&quot;thumbnailSize&quot;:&quot;&quot;,&quot;loadMoreOptions&quot;:{&quot;enableMorePosts&quot;:false,&quot;loadMoreType&quot;:&quot;1&quot;,&quot;loadMoreButtonTxt&quot;:&quot;Load More&quot;,&quot;alignment&quot;:&quot;center&quot;,&quot;prevTxt&quot;:&quot;&lt;&quot;,&quot;nextTxt&quot;:&quot;&gt;&quot;,&quot;totalPosts&quot;:0},&quot;showSearch&quot;:false,&quot;showTaxonomyFilter&quot;:false,&quot;enableAjaxSearch&quot;:false,&quot;addIcon&quot;:false,&quot;iconPosition&quot;:&quot;left&quot;,&quot;icon&quot;:&quot;fas fa-chevron-right&quot;,&quot;preset&quot;:&quot;style-2&quot;,&quot;defaultFilter&quot;:&quot;all&quot;,&quot;version&quot;:&quot;v2&quot;,&quot;showBlockContent&quot;:true,&quot;showFallbackImg&quot;:false,&quot;fallbackImgUrl&quot;:&quot;&quot;,&quot;showThumbnail&quot;:true,&quot;showTitle&quot;:true,&quot;titleLength&quot;:&quot;&quot;,&quot;titleTag&quot;:&quot;h2&quot;,&quot;showContent&quot;:false,&quot;contentLength&quot;:20,&quot;expansionIndicator&quot;:&quot;...&quot;,&quot;showReadMore&quot;:false,&quot;readmoreText&quot;:&quot;Read More&quot;,&quot;showMeta&quot;:false,&quot;headerMeta&quot;:&quot;[{\\&quot;value\\&quot;:\\&quot;date\\&quot;,\\&quot;label\\&quot;:\\&quot;Published Date\\&quot;}]&quot;,&quot;footerMeta&quot;:&quot;[{\\&quot;value\\&quot;:\\&quot;avatar\\&quot;,\\&quot;label\\&quot;:\\&quot;Author Avatar\\&quot;},{\\&quot;value\\&quot;:\\&quot;author\\&quot;,\\&quot;label\\&quot;:\\&quot;Author Name\\&quot;}]&quot;,&quot;authorPrefix&quot;:&quot;by&quot;,&quot;datePrefix&quot;:&quot;on&quot;,&quot;showFeaturedPost&quot;:false,&quot;featuredPostId&quot;:&quot;&quot;,&quot;showFeaturedPostTitle&quot;:true,&quot;showFeaturedPostContent&quot;:false,&quot;showFeaturedPostMeta&quot;:true,&quot;showFeaturedHeaderMeta&quot;:true,&quot;showFeaturedFooterMeta&quot;:true,&quot;featuredMetaItems&quot;:&quot;{}&quot;,&quot;featuredExcerptLength&quot;:10}\">\n\n            \n\n            <p>\n    No Posts Found<\/p>\n        <\/div>\n    <\/div>\n<\/div>\n\n<h2 class=\"wp-block-heading\" id=\"h-la-fuga-de-trabajadores-nbsp\">The Exodus of Health Workers <\/h2>\n\n<p>According to Ana Quir\u00f3s, Nicaragua has never reached the number of healthcare workers recommended by the WHO, for several reasons: on one hand, the country\u2019s training programs aren\u2019t sufficient to meet demand; on the other, there\u2019s no effective hiring policy. <\/p>\n\n<p>The public health specialist warns that this has led to a \u201cbrain drain\u201d in the health sector\u2014especially in nursing, which she describes as \u201ca key pillar of the healthcare system.\u201d <\/p>\n\n<p>\u201cNurses have a lot of opportunities to find work abroad,\u201d she explains. \u201cEven if it\u2019s not directly in healthcare, they can often find jobs caring for children, the elderly, or people with disabilities\u2014roles that are in high demand in many countries.\u201d <\/p>\n\n<p><em>Rub\u00e9n<\/em>, who has worked as a doctor in several cities across Nicaragua, admits that the availability of medical staff depends heavily on location.<\/p>\n\n<p>\u201cThere are places where doctors and medicines are scarce, and the care available is extremely basic,\u201d he says. <\/p>\n\n<p>\u201cThere\u2019s a big gap between the concentration of health personnel in Managua and major cities versus rural areas. Many people have to travel long distances to get specialized care,\u201d <em>Rub\u00e9n<\/em> adds.<\/p>\n\n<p>The core problem, Quir\u00f3s says, is that the country isn\u2019t training enough new professionals\u2014and the situation has worsened due to \u201cthe dismissal of a large number of medical school instructors,\u201d which means no major improvements can be expected in the coming years. <\/p>\n\n<p><em>Rub\u00e9n<\/em> also points out that the shutdown of medical organizations that used to \u201csupport the ongoing training and professional development of specialists\u201d is a serious issue that, in his view, \u201chasn\u2019t been treated as the problem it is.\u201d<\/p>\n\n<p>A data analysis by <strong>CONFIDENCIAL<\/strong>, based on the cancellation of legal status for NGOs, estimates that around 218 health-related organizations have been shut down between 2018 and early 2025. <\/p>\n\n<h2 class=\"wp-block-heading\" id=\"h-despedidos-por-pensar-diferente\">Fired for Thinking Differently<\/h2>\n\n<p>In Nicaragua, it\u2019s estimated that at least <a href=\"https:\/\/confidencial.digital\/nacion\/ortega-vuelve-a-presupuestar-pago-incumplido-de-indemnizaciones-a-medicos-despedidos\/\" target=\"_blank\" rel=\"noreferrer noopener\">686 doctors were dismissed by the Ministry of Health<\/a> (Minsa), primarily for protesting in 2018 and for speaking out scientifically or protesting the government\u2019s poor handling of the COVID-19 health crisis.<\/p>\n\n<p>The Nicaraguan Medical Unit, made up of dismissed doctors, warned that many were fired for providing medical care to those injured during the 2018 civil protests, which were violently repressed by police and paramilitary forces sent by the dictatorship.<\/p>\n\n<p>The Ministry of Health has also been singled out by national and international human rights bodies as an actor in \u201cserious human rights violations\u201d by limiting medical care to victims of state repression during the 2018 protests. This failure resulted in the deaths of many demonstrators due to lack of medical attention. One of the most well-known cases was the death of teenager \u00c1lvaro Conrado in April 2018.  <\/p>\n\n<p>As a result of this wave of repression, hundreds of doctors went into exile, while others unsuccessfully sought to be reinstated.<\/p>\n\n<p>The Inter-American Commission on Human Rights (IACHR) documented that between April and September 2018, at least 300 doctors were fired from public hospitals in Managua, Le\u00f3n, Masaya, and Estel\u00ed.<\/p>\n\n<p>Two years later, in 2020, when the pandemic hit, Minsa fired staff from several hospitals\u2014including Manolo Morales, Bertha Calder\u00f3n, and Antonio Lenin Fonseca\u2014without justification.<\/p>\n\n<p>Among those dismissed were medical specialists who had decades of experience in the public sector and who, during the pandemic, gave interviews or <a href=\"https:\/\/www.confidencial.digital\/reporte-ciudadano\/mas-de-540-medicos-exigen-al-gobierno-acciones-ante-covid-19\/\" target=\"_blank\" rel=\"noreferrer noopener\">signed public statements demanding personal protective equipment.<\/a><\/p>\n\n<p>Many dismissed public workers have reported that, years later, they still <a href=\"https:\/\/confidencial.digital\/nacion\/exfuncionarios-publicos-reclaman-pago-de-liquidaciones-es-un-robo-descarado\/\" target=\"_blank\" rel=\"noreferrer noopener\">have not received their severance payments<\/a> following resignation or unexplained dismissal.<\/p>\n\n<h2 class=\"wp-block-heading\" id=\"h-muerte-de-personal-medico-por-negligencia-nbsp\">Death of Medical Personnel Due to Negligence <\/h2>\n\n<p>Just four days before the Ministry of Health (Minsa) reported the first case of COVID-19 in March 2020, the dictatorship forced public workers to participate in the <a href=\"https:\/\/confidencial.digital\/nacion\/diez-momentos-que-marcan-los-dos-anos-de-la-pandemia-de-covid-19-en-nicaragua\/\" target=\"_blank\" rel=\"noreferrer noopener\">\u201cLove in Times of COVID-19\u201d<\/a> march, putting their health at risk while the rest of the world was starting quarantines to prevent the virus\u2019s spread. The regime also prohibited preventive measures such as wearing masks or face shields, arguing that these could cause panic among the population. <\/p>\n\n<p>Due to the regime\u2019s negligent attitude, Nicaragua became one of the countries in the Americas with the highest number of medical personnel deaths from COVID-19, with over 200 fatalities, <a href=\"https:\/\/confidencial.digital\/nacion\/nicaragua-el-pais-de-america-donde-mas-muere-el-personal-de-salud-por-covid-19\/\" target=\"_blank\" rel=\"noreferrer noopener\">revealed in a report by <strong>CONFIDENCIAL<\/strong><\/a>. <\/p>\n<div class=\"root-eb-post-grid-wdyn2 wp-block-essential-blocks-post-grid\">\n    <div class=\"eb-parent-wrapper eb-parent-eb-post-grid-wdyn2 \">\n        <div class=\"eb-post-grid-wdyn2 style-2  eb-post-grid-wrapper\"\n            data-id=\"eb-post-grid-wdyn2\"\n            data-querydata=\"{&quot;source&quot;:&quot;post&quot;,&quot;sourceIndex&quot;:0,&quot;rest_base&quot;:&quot;posts&quot;,&quot;rest_namespace&quot;:&quot;wp\\\/v2&quot;,&quot;author&quot;:&quot;&quot;,&quot;taxonomies&quot;:[],&quot;per_page&quot;:&quot;3&quot;,&quot;offset&quot;:&quot;0&quot;,&quot;orderby&quot;:&quot;date&quot;,&quot;order&quot;:&quot;desc&quot;,&quot;include&quot;:&quot;[{\\&quot;value\\&quot;:25085,\\&quot;label\\&quot;:\\&quot;Las erradas matem\\u00e1ticas del Minsa sobre la covid-19\\&quot;},{\\&quot;value\\&quot;:27172,\\&quot;label\\&quot;:\\&quot;Diarios de m\\u00e9dicos ante covid-19: H\\u00e9roes de bata blanca\\&quot;},{\\&quot;value\\&quot;:12995,\\&quot;label\\&quot;:\\&quot;H\\u00e9roes an\\u00f3nimos: el luto por los sanitarios fallecidos por covid-19\\&quot;}]&quot;,&quot;exclude&quot;:&quot;&quot;,&quot;exclude_current&quot;:false}\"\n            data-attributes=\"{&quot;thumbnailSize&quot;:&quot;&quot;,&quot;loadMoreOptions&quot;:{&quot;enableMorePosts&quot;:false,&quot;loadMoreType&quot;:&quot;1&quot;,&quot;loadMoreButtonTxt&quot;:&quot;Load More&quot;,&quot;alignment&quot;:&quot;center&quot;,&quot;prevTxt&quot;:&quot;&lt;&quot;,&quot;nextTxt&quot;:&quot;&gt;&quot;,&quot;totalPosts&quot;:0},&quot;showSearch&quot;:false,&quot;showTaxonomyFilter&quot;:false,&quot;enableAjaxSearch&quot;:false,&quot;addIcon&quot;:false,&quot;iconPosition&quot;:&quot;left&quot;,&quot;icon&quot;:&quot;fas fa-chevron-right&quot;,&quot;preset&quot;:&quot;style-2&quot;,&quot;defaultFilter&quot;:&quot;all&quot;,&quot;version&quot;:&quot;v2&quot;,&quot;showBlockContent&quot;:true,&quot;showFallbackImg&quot;:false,&quot;fallbackImgUrl&quot;:&quot;&quot;,&quot;showThumbnail&quot;:true,&quot;showTitle&quot;:true,&quot;titleLength&quot;:&quot;&quot;,&quot;titleTag&quot;:&quot;h2&quot;,&quot;showContent&quot;:false,&quot;contentLength&quot;:20,&quot;expansionIndicator&quot;:&quot;...&quot;,&quot;showReadMore&quot;:false,&quot;readmoreText&quot;:&quot;Read More&quot;,&quot;showMeta&quot;:false,&quot;headerMeta&quot;:&quot;[{\\&quot;value\\&quot;:\\&quot;date\\&quot;,\\&quot;label\\&quot;:\\&quot;Published Date\\&quot;}]&quot;,&quot;footerMeta&quot;:&quot;[{\\&quot;value\\&quot;:\\&quot;avatar\\&quot;,\\&quot;label\\&quot;:\\&quot;Author Avatar\\&quot;},{\\&quot;value\\&quot;:\\&quot;author\\&quot;,\\&quot;label\\&quot;:\\&quot;Author Name\\&quot;}]&quot;,&quot;authorPrefix&quot;:&quot;by&quot;,&quot;datePrefix&quot;:&quot;on&quot;,&quot;showFeaturedPost&quot;:false,&quot;featuredPostId&quot;:&quot;&quot;,&quot;showFeaturedPostTitle&quot;:true,&quot;showFeaturedPostContent&quot;:false,&quot;showFeaturedPostMeta&quot;:true,&quot;showFeaturedHeaderMeta&quot;:true,&quot;showFeaturedFooterMeta&quot;:true,&quot;featuredMetaItems&quot;:&quot;{}&quot;,&quot;featuredExcerptLength&quot;:10}\">\n\n            \n\n            <p>\n    No Posts Found<\/p>\n        <\/div>\n    <\/div>\n<\/div>\n\n<p>Nicaragua was one of the countries that did not follow the WHO\u2019s recommendation to vaccinate frontline health workers within the first 100 days of 2021. Vaccination for this sector started later and was not initially widespread.  <\/p>\n\n<p>Private practitioners working in clinics or private offices who treated patients with COVID-19 symptoms were also not prioritized.<\/p>\n\n<p>Throughout the pandemic, healthcare workers reported not receiving adequate protective equipment and being overworked. Many were dismissed or threatened for raising concerns. Today, no one dares to complain about the difficult conditions under which they continue to work.  <\/p>\n","protected":false},"excerpt":{"rendered":"<p>Nicaragua ranks among the three countries in the Americas with the lowest number of medical personnel\u2014including doctors, nurses, and midwives\u2014available to meet the healthcare needs of its population. According to the World Health Organization\u2019s (WHO) standard benchmark, at least 44.5 health workers are needed per 10,000 people. Nicaragua barely reaches half that target. What factors [&hellip;]<\/p>\n","protected":false},"author":10,"featured_media":167873,"comment_status":"closed","ping_status":"closed","sticky":false,"template":"","format":"standard","meta":{"_acf_changed":false,"_eb_attr":"","_eb_data_table":"","footnotes":""},"categories":[15445],"tags":[],"class_list":["post-169172","post","type-post","status-publish","format-standard","has-post-thumbnail","hentry","category-english"],"acf":[],"yoast_head":"<!-- This site is optimized with the Yoast SEO Premium plugin v27.4 (Yoast SEO v27.4) - https:\/\/yoast.com\/product\/yoast-seo-premium-wordpress\/ -->\n<title>Where are the doctors? In Nicaragua there is a lack of medical personnel<\/title>\n<meta name=\"description\" content=\"\u201cThere are layoffs, resignations\u201d, \u201cthere are always few of us\u201d, say doctors. Nicaragua is one of the countries with the least number of medical personnel.\" \/>\n<meta name=\"robots\" content=\"index, follow, max-snippet:-1, max-image-preview:large, max-video-preview:-1\" \/>\n<link rel=\"canonical\" href=\"https:\/\/confidencial.digital\/en\/english\/where-are-the-doctors-nicaragua-among-countries-with-the-fewest-medical-personnel\/\" \/>\n<meta property=\"og:locale\" content=\"en_US\" \/>\n<meta property=\"og:type\" content=\"article\" \/>\n<meta property=\"og:title\" content=\"Where Are the Doctors? Nicaragua Among Countries With the Fewest Medical Personnel\" \/>\n<meta property=\"og:description\" content=\"\u201cThere are layoffs, resignations\u201d, \u201cthere are always few of us\u201d, say doctors. Nicaragua is one of the countries with the least number of medical personnel.\" \/>\n<meta property=\"og:url\" content=\"https:\/\/confidencial.digital\/en\/english\/where-are-the-doctors-nicaragua-among-countries-with-the-fewest-medical-personnel\/\" \/>\n<meta property=\"og:site_name\" content=\"Confidencial\" \/>\n<meta property=\"article:publisher\" content=\"https:\/\/www.facebook.com\/confidencial.com.ni\" \/>\n<meta property=\"article:published_time\" content=\"2025-06-17T07:25:00+00:00\" \/>\n<meta property=\"article:modified_time\" content=\"2025-06-24T10:42:31+00:00\" \/>\n<meta property=\"og:image\" content=\"https:\/\/confidencial.digital\/wp-content\/uploads\/2025\/06\/Ilustracion_Doctores.jpg\" \/>\n\t<meta property=\"og:image:width\" content=\"1920\" \/>\n\t<meta property=\"og:image:height\" content=\"1080\" \/>\n\t<meta property=\"og:image:type\" content=\"image\/jpeg\" \/>\n<meta name=\"author\" content=\"Redacci\u00f3n Confidencial\" \/>\n<meta name=\"twitter:card\" content=\"summary_large_image\" \/>\n<meta name=\"twitter:creator\" content=\"@confidencial_ni\" \/>\n<meta name=\"twitter:site\" content=\"@confidencial_ni\" \/>\n<meta name=\"twitter:label1\" content=\"Written by\" \/>\n\t<meta name=\"twitter:data1\" content=\"Redacci\u00f3n Confidencial\" \/>\n\t<meta name=\"twitter:label2\" content=\"Est. reading time\" \/>\n\t<meta name=\"twitter:data2\" content=\"10 minutes\" \/>\n<script type=\"application\/ld+json\" class=\"yoast-schema-graph\">{\"@context\":\"https:\\\/\\\/schema.org\",\"@graph\":[{\"@type\":\"NewsArticle\",\"@id\":\"https:\\\/\\\/confidencial.digital\\\/en\\\/english\\\/where-are-the-doctors-nicaragua-among-countries-with-the-fewest-medical-personnel\\\/#article\",\"isPartOf\":{\"@id\":\"https:\\\/\\\/confidencial.digital\\\/en\\\/english\\\/where-are-the-doctors-nicaragua-among-countries-with-the-fewest-medical-personnel\\\/\"},\"author\":{\"name\":\"Redacci\u00f3n Confidencial\",\"@id\":\"https:\\\/\\\/confidencial.digital\\\/en\\\/#\\\/schema\\\/person\\\/64733b11255c0e9d6b4e93e81a984809\"},\"headline\":\"Where Are the Doctors? Nicaragua Among Countries With the Fewest Medical Personnel\",\"datePublished\":\"2025-06-17T07:25:00+00:00\",\"dateModified\":\"2025-06-24T10:42:31+00:00\",\"mainEntityOfPage\":{\"@id\":\"https:\\\/\\\/confidencial.digital\\\/en\\\/english\\\/where-are-the-doctors-nicaragua-among-countries-with-the-fewest-medical-personnel\\\/\"},\"wordCount\":2074,\"publisher\":{\"@id\":\"https:\\\/\\\/confidencial.digital\\\/en\\\/#organization\"},\"image\":{\"@id\":\"https:\\\/\\\/confidencial.digital\\\/en\\\/english\\\/where-are-the-doctors-nicaragua-among-countries-with-the-fewest-medical-personnel\\\/#primaryimage\"},\"thumbnailUrl\":\"https:\\\/\\\/confidencial.digital\\\/wp-content\\\/uploads\\\/2025\\\/06\\\/Ilustracion_Doctores.jpg\",\"articleSection\":[\"English\"],\"inLanguage\":\"en-US\",\"copyrightYear\":\"2025\",\"copyrightHolder\":{\"@id\":\"https:\\\/\\\/confidencial.digital\\\/#organization\"}},{\"@type\":\"WebPage\",\"@id\":\"https:\\\/\\\/confidencial.digital\\\/en\\\/english\\\/where-are-the-doctors-nicaragua-among-countries-with-the-fewest-medical-personnel\\\/\",\"url\":\"https:\\\/\\\/confidencial.digital\\\/en\\\/english\\\/where-are-the-doctors-nicaragua-among-countries-with-the-fewest-medical-personnel\\\/\",\"name\":\"Where are the doctors? In Nicaragua there is a lack of medical personnel\",\"isPartOf\":{\"@id\":\"https:\\\/\\\/confidencial.digital\\\/en\\\/#website\"},\"primaryImageOfPage\":{\"@id\":\"https:\\\/\\\/confidencial.digital\\\/en\\\/english\\\/where-are-the-doctors-nicaragua-among-countries-with-the-fewest-medical-personnel\\\/#primaryimage\"},\"image\":{\"@id\":\"https:\\\/\\\/confidencial.digital\\\/en\\\/english\\\/where-are-the-doctors-nicaragua-among-countries-with-the-fewest-medical-personnel\\\/#primaryimage\"},\"thumbnailUrl\":\"https:\\\/\\\/confidencial.digital\\\/wp-content\\\/uploads\\\/2025\\\/06\\\/Ilustracion_Doctores.jpg\",\"datePublished\":\"2025-06-17T07:25:00+00:00\",\"dateModified\":\"2025-06-24T10:42:31+00:00\",\"description\":\"\u201cThere are layoffs, resignations\u201d, \u201cthere are always few of us\u201d, say doctors. Nicaragua is one of the countries with the least number of medical personnel.\",\"breadcrumb\":{\"@id\":\"https:\\\/\\\/confidencial.digital\\\/en\\\/english\\\/where-are-the-doctors-nicaragua-among-countries-with-the-fewest-medical-personnel\\\/#breadcrumb\"},\"inLanguage\":\"en-US\",\"potentialAction\":[{\"@type\":\"ReadAction\",\"target\":[\"https:\\\/\\\/confidencial.digital\\\/en\\\/english\\\/where-are-the-doctors-nicaragua-among-countries-with-the-fewest-medical-personnel\\\/\"]}]},{\"@type\":\"ImageObject\",\"inLanguage\":\"en-US\",\"@id\":\"https:\\\/\\\/confidencial.digital\\\/en\\\/english\\\/where-are-the-doctors-nicaragua-among-countries-with-the-fewest-medical-personnel\\\/#primaryimage\",\"url\":\"https:\\\/\\\/confidencial.digital\\\/wp-content\\\/uploads\\\/2025\\\/06\\\/Ilustracion_Doctores.jpg\",\"contentUrl\":\"https:\\\/\\\/confidencial.digital\\\/wp-content\\\/uploads\\\/2025\\\/06\\\/Ilustracion_Doctores.jpg\",\"width\":1920,\"height\":1080,\"caption\":\"Ilustraci\u00f3n: CONFIDENCIAL\"},{\"@type\":\"BreadcrumbList\",\"@id\":\"https:\\\/\\\/confidencial.digital\\\/en\\\/english\\\/where-are-the-doctors-nicaragua-among-countries-with-the-fewest-medical-personnel\\\/#breadcrumb\",\"itemListElement\":[{\"@type\":\"ListItem\",\"position\":1,\"name\":\"Portada\",\"item\":\"https:\\\/\\\/confidencial.digital\\\/en\\\/\"},{\"@type\":\"ListItem\",\"position\":2,\"name\":\"Where Are the Doctors? Nicaragua Among Countries With the Fewest Medical Personnel\"}]},{\"@type\":\"WebSite\",\"@id\":\"https:\\\/\\\/confidencial.digital\\\/en\\\/#website\",\"url\":\"https:\\\/\\\/confidencial.digital\\\/en\\\/\",\"name\":\"Confidencial Nicaragua\",\"description\":\"Noticias de Nicaragua, informaci\u00f3n, an\u00e1lisis, reportajes, investigaciones, perfiles y entrevistas. Somos Confidencial. Hacemos periodismo independiente.\",\"publisher\":{\"@id\":\"https:\\\/\\\/confidencial.digital\\\/en\\\/#organization\"},\"potentialAction\":[{\"@type\":\"SearchAction\",\"target\":{\"@type\":\"EntryPoint\",\"urlTemplate\":\"https:\\\/\\\/confidencial.digital\\\/en\\\/?s={search_term_string}\"},\"query-input\":{\"@type\":\"PropertyValueSpecification\",\"valueRequired\":true,\"valueName\":\"search_term_string\"}}],\"inLanguage\":\"en-US\"},{\"@type\":\"Organization\",\"@id\":\"https:\\\/\\\/confidencial.digital\\\/en\\\/#organization\",\"name\":\"Confidencial\",\"url\":\"https:\\\/\\\/confidencial.digital\\\/en\\\/\",\"logo\":{\"@type\":\"ImageObject\",\"inLanguage\":\"en-US\",\"@id\":\"https:\\\/\\\/confidencial.digital\\\/en\\\/#\\\/schema\\\/logo\\\/image\\\/\",\"url\":\"https:\\\/\\\/confidencial.digital\\\/wp-content\\\/uploads\\\/2023\\\/09\\\/Confidencial_696x696.jpg\",\"contentUrl\":\"https:\\\/\\\/confidencial.digital\\\/wp-content\\\/uploads\\\/2023\\\/09\\\/Confidencial_696x696.jpg\",\"width\":696,\"height\":696,\"caption\":\"Confidencial\"},\"image\":{\"@id\":\"https:\\\/\\\/confidencial.digital\\\/en\\\/#\\\/schema\\\/logo\\\/image\\\/\"},\"sameAs\":[\"https:\\\/\\\/www.facebook.com\\\/confidencial.com.ni\",\"https:\\\/\\\/x.com\\\/confidencial_ni\",\"https:\\\/\\\/www.youtube.com\\\/user\\\/ConfidencialNica\",\"https:\\\/\\\/www.instagram.com\\\/confidencial_ni\\\/\",\"https:\\\/\\\/www.linkedin.com\\\/company\\\/confidencial-nicaragua\\\/\",\"https:\\\/\\\/open.spotify.com\\\/show\\\/1rNymjqQuqP1CTGqHKdQ24\",\"https:\\\/\\\/bsky.app\\\/profile\\\/confidencialni.bsky.social\",\"https:\\\/\\\/www.threads.com\\\/@confidencial_ni\"],\"description\":\"En Confidencial hacemos periodismo de investigaci\u00f3n y an\u00e1lisis independiente para Nicaragua y su di\u00e1spora en el mundo. Fundado en 1996\",\"email\":\"info@confidencial.digital\",\"foundingDate\":\"1996-06-01\"},{\"@type\":\"Person\",\"@id\":\"https:\\\/\\\/confidencial.digital\\\/en\\\/#\\\/schema\\\/person\\\/64733b11255c0e9d6b4e93e81a984809\",\"name\":\"Redacci\u00f3n Confidencial\",\"image\":{\"@type\":\"ImageObject\",\"inLanguage\":\"en-US\",\"@id\":\"https:\\\/\\\/confidencial.digital\\\/wp-content\\\/uploads\\\/2024\\\/04\\\/redaccion-confidencial_avatar-96x96.png\",\"url\":\"https:\\\/\\\/confidencial.digital\\\/wp-content\\\/uploads\\\/2024\\\/04\\\/redaccion-confidencial_avatar-96x96.png\",\"contentUrl\":\"https:\\\/\\\/confidencial.digital\\\/wp-content\\\/uploads\\\/2024\\\/04\\\/redaccion-confidencial_avatar-96x96.png\",\"caption\":\"Redacci\u00f3n Confidencial\"},\"description\":\"Confidencial es un diario digital nicarag\u00fcense, de formato multimedia, fundado por Carlos F. Chamorro en junio de 1996. Inici\u00f3 como un semanario impreso y hoy es un medio de referencia regional con informaci\u00f3n, an\u00e1lisis, entrevistas, perfiles, reportajes e investigaciones sobre Nicaragua, informando desde el exilio por la persecuci\u00f3n pol\u00edtica de la dictadura de Daniel Ortega y Rosario Murillo.\",\"sameAs\":[\"https:\\\/\\\/x.com\\\/confidencial_ni\"],\"url\":\"https:\\\/\\\/confidencial.digital\\\/en\\\/author\\\/confidencial-digital\\\/\"}]}<\/script>\n<!-- \/ Yoast SEO Premium plugin. -->","yoast_head_json":{"title":"Where are the doctors? In Nicaragua there is a lack of medical personnel","description":"\u201cThere are layoffs, resignations\u201d, \u201cthere are always few of us\u201d, say doctors. Nicaragua is one of the countries with the least number of medical personnel.","robots":{"index":"index","follow":"follow","max-snippet":"max-snippet:-1","max-image-preview":"max-image-preview:large","max-video-preview":"max-video-preview:-1"},"canonical":"https:\/\/confidencial.digital\/en\/english\/where-are-the-doctors-nicaragua-among-countries-with-the-fewest-medical-personnel\/","og_locale":"en_US","og_type":"article","og_title":"Where Are the Doctors? Nicaragua Among Countries With the Fewest Medical Personnel","og_description":"\u201cThere are layoffs, resignations\u201d, \u201cthere are always few of us\u201d, say doctors. Nicaragua is one of the countries with the least number of medical personnel.","og_url":"https:\/\/confidencial.digital\/en\/english\/where-are-the-doctors-nicaragua-among-countries-with-the-fewest-medical-personnel\/","og_site_name":"Confidencial","article_publisher":"https:\/\/www.facebook.com\/confidencial.com.ni","article_published_time":"2025-06-17T07:25:00+00:00","article_modified_time":"2025-06-24T10:42:31+00:00","og_image":[{"width":1920,"height":1080,"url":"https:\/\/confidencial.digital\/wp-content\/uploads\/2025\/06\/Ilustracion_Doctores.jpg","type":"image\/jpeg"}],"author":"Redacci\u00f3n Confidencial","twitter_card":"summary_large_image","twitter_creator":"@confidencial_ni","twitter_site":"@confidencial_ni","twitter_misc":{"Written by":"Redacci\u00f3n Confidencial","Est. reading time":"10 minutes"},"schema":{"@context":"https:\/\/schema.org","@graph":[{"@type":"NewsArticle","@id":"https:\/\/confidencial.digital\/en\/english\/where-are-the-doctors-nicaragua-among-countries-with-the-fewest-medical-personnel\/#article","isPartOf":{"@id":"https:\/\/confidencial.digital\/en\/english\/where-are-the-doctors-nicaragua-among-countries-with-the-fewest-medical-personnel\/"},"author":{"name":"Redacci\u00f3n Confidencial","@id":"https:\/\/confidencial.digital\/en\/#\/schema\/person\/64733b11255c0e9d6b4e93e81a984809"},"headline":"Where Are the Doctors? Nicaragua Among Countries With the Fewest Medical Personnel","datePublished":"2025-06-17T07:25:00+00:00","dateModified":"2025-06-24T10:42:31+00:00","mainEntityOfPage":{"@id":"https:\/\/confidencial.digital\/en\/english\/where-are-the-doctors-nicaragua-among-countries-with-the-fewest-medical-personnel\/"},"wordCount":2074,"publisher":{"@id":"https:\/\/confidencial.digital\/en\/#organization"},"image":{"@id":"https:\/\/confidencial.digital\/en\/english\/where-are-the-doctors-nicaragua-among-countries-with-the-fewest-medical-personnel\/#primaryimage"},"thumbnailUrl":"https:\/\/confidencial.digital\/wp-content\/uploads\/2025\/06\/Ilustracion_Doctores.jpg","articleSection":["English"],"inLanguage":"en-US","copyrightYear":"2025","copyrightHolder":{"@id":"https:\/\/confidencial.digital\/#organization"}},{"@type":"WebPage","@id":"https:\/\/confidencial.digital\/en\/english\/where-are-the-doctors-nicaragua-among-countries-with-the-fewest-medical-personnel\/","url":"https:\/\/confidencial.digital\/en\/english\/where-are-the-doctors-nicaragua-among-countries-with-the-fewest-medical-personnel\/","name":"Where are the doctors? In Nicaragua there is a lack of medical personnel","isPartOf":{"@id":"https:\/\/confidencial.digital\/en\/#website"},"primaryImageOfPage":{"@id":"https:\/\/confidencial.digital\/en\/english\/where-are-the-doctors-nicaragua-among-countries-with-the-fewest-medical-personnel\/#primaryimage"},"image":{"@id":"https:\/\/confidencial.digital\/en\/english\/where-are-the-doctors-nicaragua-among-countries-with-the-fewest-medical-personnel\/#primaryimage"},"thumbnailUrl":"https:\/\/confidencial.digital\/wp-content\/uploads\/2025\/06\/Ilustracion_Doctores.jpg","datePublished":"2025-06-17T07:25:00+00:00","dateModified":"2025-06-24T10:42:31+00:00","description":"\u201cThere are layoffs, resignations\u201d, \u201cthere are always few of us\u201d, say doctors. Nicaragua is one of the countries with the least number of medical personnel.","breadcrumb":{"@id":"https:\/\/confidencial.digital\/en\/english\/where-are-the-doctors-nicaragua-among-countries-with-the-fewest-medical-personnel\/#breadcrumb"},"inLanguage":"en-US","potentialAction":[{"@type":"ReadAction","target":["https:\/\/confidencial.digital\/en\/english\/where-are-the-doctors-nicaragua-among-countries-with-the-fewest-medical-personnel\/"]}]},{"@type":"ImageObject","inLanguage":"en-US","@id":"https:\/\/confidencial.digital\/en\/english\/where-are-the-doctors-nicaragua-among-countries-with-the-fewest-medical-personnel\/#primaryimage","url":"https:\/\/confidencial.digital\/wp-content\/uploads\/2025\/06\/Ilustracion_Doctores.jpg","contentUrl":"https:\/\/confidencial.digital\/wp-content\/uploads\/2025\/06\/Ilustracion_Doctores.jpg","width":1920,"height":1080,"caption":"Ilustraci\u00f3n: CONFIDENCIAL"},{"@type":"BreadcrumbList","@id":"https:\/\/confidencial.digital\/en\/english\/where-are-the-doctors-nicaragua-among-countries-with-the-fewest-medical-personnel\/#breadcrumb","itemListElement":[{"@type":"ListItem","position":1,"name":"Portada","item":"https:\/\/confidencial.digital\/en\/"},{"@type":"ListItem","position":2,"name":"Where Are the Doctors? Nicaragua Among Countries With the Fewest Medical Personnel"}]},{"@type":"WebSite","@id":"https:\/\/confidencial.digital\/en\/#website","url":"https:\/\/confidencial.digital\/en\/","name":"Confidencial Nicaragua","description":"Noticias de Nicaragua, informaci\u00f3n, an\u00e1lisis, reportajes, investigaciones, perfiles y entrevistas. Somos Confidencial. Hacemos periodismo independiente.","publisher":{"@id":"https:\/\/confidencial.digital\/en\/#organization"},"potentialAction":[{"@type":"SearchAction","target":{"@type":"EntryPoint","urlTemplate":"https:\/\/confidencial.digital\/en\/?s={search_term_string}"},"query-input":{"@type":"PropertyValueSpecification","valueRequired":true,"valueName":"search_term_string"}}],"inLanguage":"en-US"},{"@type":"Organization","@id":"https:\/\/confidencial.digital\/en\/#organization","name":"Confidencial","url":"https:\/\/confidencial.digital\/en\/","logo":{"@type":"ImageObject","inLanguage":"en-US","@id":"https:\/\/confidencial.digital\/en\/#\/schema\/logo\/image\/","url":"https:\/\/confidencial.digital\/wp-content\/uploads\/2023\/09\/Confidencial_696x696.jpg","contentUrl":"https:\/\/confidencial.digital\/wp-content\/uploads\/2023\/09\/Confidencial_696x696.jpg","width":696,"height":696,"caption":"Confidencial"},"image":{"@id":"https:\/\/confidencial.digital\/en\/#\/schema\/logo\/image\/"},"sameAs":["https:\/\/www.facebook.com\/confidencial.com.ni","https:\/\/x.com\/confidencial_ni","https:\/\/www.youtube.com\/user\/ConfidencialNica","https:\/\/www.instagram.com\/confidencial_ni\/","https:\/\/www.linkedin.com\/company\/confidencial-nicaragua\/","https:\/\/open.spotify.com\/show\/1rNymjqQuqP1CTGqHKdQ24","https:\/\/bsky.app\/profile\/confidencialni.bsky.social","https:\/\/www.threads.com\/@confidencial_ni"],"description":"En Confidencial hacemos periodismo de investigaci\u00f3n y an\u00e1lisis independiente para Nicaragua y su di\u00e1spora en el mundo. Fundado en 1996","email":"info@confidencial.digital","foundingDate":"1996-06-01"},{"@type":"Person","@id":"https:\/\/confidencial.digital\/en\/#\/schema\/person\/64733b11255c0e9d6b4e93e81a984809","name":"Redacci\u00f3n Confidencial","image":{"@type":"ImageObject","inLanguage":"en-US","@id":"https:\/\/confidencial.digital\/wp-content\/uploads\/2024\/04\/redaccion-confidencial_avatar-96x96.png","url":"https:\/\/confidencial.digital\/wp-content\/uploads\/2024\/04\/redaccion-confidencial_avatar-96x96.png","contentUrl":"https:\/\/confidencial.digital\/wp-content\/uploads\/2024\/04\/redaccion-confidencial_avatar-96x96.png","caption":"Redacci\u00f3n Confidencial"},"description":"Confidencial es un diario digital nicarag\u00fcense, de formato multimedia, fundado por Carlos F. Chamorro en junio de 1996. Inici\u00f3 como un semanario impreso y hoy es un medio de referencia regional con informaci\u00f3n, an\u00e1lisis, entrevistas, perfiles, reportajes e investigaciones sobre Nicaragua, informando desde el exilio por la persecuci\u00f3n pol\u00edtica de la dictadura de Daniel Ortega y Rosario Murillo.","sameAs":["https:\/\/x.com\/confidencial_ni"],"url":"https:\/\/confidencial.digital\/en\/author\/confidencial-digital\/"}]}},"_links":{"self":[{"href":"https:\/\/confidencial.digital\/en\/wp-json\/wp\/v2\/posts\/169172","targetHints":{"allow":["GET"]}}],"collection":[{"href":"https:\/\/confidencial.digital\/en\/wp-json\/wp\/v2\/posts"}],"about":[{"href":"https:\/\/confidencial.digital\/en\/wp-json\/wp\/v2\/types\/post"}],"author":[{"embeddable":true,"href":"https:\/\/confidencial.digital\/en\/wp-json\/wp\/v2\/users\/10"}],"replies":[{"embeddable":true,"href":"https:\/\/confidencial.digital\/en\/wp-json\/wp\/v2\/comments?post=169172"}],"version-history":[{"count":1,"href":"https:\/\/confidencial.digital\/en\/wp-json\/wp\/v2\/posts\/169172\/revisions"}],"predecessor-version":[{"id":169173,"href":"https:\/\/confidencial.digital\/en\/wp-json\/wp\/v2\/posts\/169172\/revisions\/169173"}],"wp:featuredmedia":[{"embeddable":true,"href":"https:\/\/confidencial.digital\/en\/wp-json\/wp\/v2\/media\/167873"}],"wp:attachment":[{"href":"https:\/\/confidencial.digital\/en\/wp-json\/wp\/v2\/media?parent=169172"}],"wp:term":[{"taxonomy":"category","embeddable":true,"href":"https:\/\/confidencial.digital\/en\/wp-json\/wp\/v2\/categories?post=169172"},{"taxonomy":"post_tag","embeddable":true,"href":"https:\/\/confidencial.digital\/en\/wp-json\/wp\/v2\/tags?post=169172"}],"curies":[{"name":"wp","href":"https:\/\/api.w.org\/{rel}","templated":true}]}}