{"id":166644,"date":"2025-05-13T14:52:47","date_gmt":"2025-05-13T20:52:47","guid":{"rendered":"https:\/\/confidencial.digital\/sin-categoria\/jose-pepe-mujica-the-iconic-former-president-of-uruguay-dies-at-age-89\/"},"modified":"2025-05-14T17:49:06","modified_gmt":"2025-05-14T23:49:06","slug":"jose-pepe-mujica-the-iconic-former-president-of-uruguay-dies-at-age-89","status":"publish","type":"post","link":"https:\/\/confidencial.digital\/en\/english\/jose-pepe-mujica-the-iconic-former-president-of-uruguay-dies-at-age-89\/","title":{"rendered":"Jos\u00e9 \u201cPepe\u201d Mujica, Uruguay\u2019s Iconic Former President, Dies at 89"},"content":{"rendered":"\n<p>Jos\u00e9 \u201cPepe\u201d Mujica, the charismatic and austere former president of Uruguay, died at the age of 89 at his modest farm in Rincon del Cerro, on the outskirts of Montevideo. The news has caused a wave of mourning in Uruguay and throughout Latin America, where Mujica was admired for his unique lifestyle, critical thinking, and commitment to social justice. <\/p>\n\n<p>\u201cWith deep sorrow, we announce that our comrade Pepe Mujica has passed away. President, activist, leader, and guide. We will miss you dearly, beloved old man. Thank you for everything you gave us and for your deep love for your people,\u201d wrote the current president of the South American country, Yamand\u00fa Orsi, on social media on Tuesday, May 13, 2025.<\/p>\n\n<p>His political party, the leftist Frente Amplio, also posted: \u201cPepe was not just a leader. He was a way of understanding the world. We are left with his voice, his example, his stubborn hope. Farewell, comrade.\u201d<\/p>\n\n<p>Meanwhile, various political leaders in Uruguay and around the world also paid tribute to Jose \u201cPepe\u201d Mujica on social media.<\/p>\n\n<p>On April 29, 2024, Mujica announced in a press conference that he had a tumor in his esophagus. \u201cI need to inform you that last Friday I went to the Casmu (medical center) for a check-up, during which a tumor in my esophagus was discovered. It\u2019s obviously a serious issue and doubly complicated in my case, because I\u2019ve suffered from an autoimmune disease for more than 20 years,\u201d the former president said that day. <\/p>\n\n<p>Shortly afterward, he confirmed that the tumor was malignant and would require radiotherapy, which was carried out in Montevideo.<\/p>\n\n<h2 class=\"wp-block-heading\" id=\"h-cancer-se-le-extendio-al-higado\">Cancer Spread to His Liver<\/h2>\n\n<p>On December 27, the former president underwent a successful surgical procedure in which a <em>stent<\/em> was placed in his esophagus.<\/p>\n\n<p>\u201cWe did it today because the situation required it at this point. This will allow him to continue eating by mouth,\u201d said his personal physician, Raquel Pannone, after the procedure.<\/p>\n\n<p>Months earlier, Mujica had undergone a gastrostomy to aid with feeding.<\/p>\n\n<p>In January 2025, Mujica revealed in an interview with local weekly B\u00fasqueda that the cancer originally found in his esophagus had spread to his liver.<\/p>\n\n<p>During the early months of 2025, the former president took part in a few public events, including a tribute from the Frente Amplio and a gathering organized by the Partido Colorado to celebrate the 40th anniversary of the return of democracy.<\/p>\n\n<h2 class=\"wp-block-heading\" id=\"h-militancia-politica-de-jose-pepe-mujica\">Jos\u00e9 \u201cPepe\u201d Mujica\u2019s Political Activism<\/h2>\n\n<p>Born on May 20, 1935, in Montevideo, Jose Alberto Mujica Cordano\u2019s youth was marked by political activism. In the 1960s, he joined the Tupamaros National Liberation Movement, a leftist guerrilla group, which later led to more than a decade in prison, including long periods of solitary confinement. This experience deeply shaped his worldview and subsequent political path.  <\/p>\n\n<p>After democracy was restored in Uruguay in 1985, Mujica helped found the Movimiento de Participaci\u00f3n Popular, within the leftist Frente Amplio coalition. He rose through Uruguay\u2019s political ranks, serving as both a representative and senator before being elected president in 2009. <\/p>\n\n<p>His presidency, which lasted until 2015, was marked by progressive policies on issues such as same-sex marriage, cannabis legalization, and his personal austerity\u2014donating most of his salary to charity. His simple lifestyle, his old Volkswagen Beetle, and his humble farm residence made him a global icon, earning him the nickname \u201cthe world\u2019s poorest president.\u201d <\/p>\n\n<p><em>*With information from EFE.<\/em><\/p>\n","protected":false},"excerpt":{"rendered":"<p>Jos\u00e9 \u201cPepe\u201d Mujica, the charismatic and austere former president of Uruguay, died at the age of 89 at his modest farm in Rincon del Cerro, on the outskirts of Montevideo. The news has caused a wave of mourning in Uruguay and throughout Latin America, where Mujica was admired for his unique lifestyle, critical thinking, and [&hellip;]<\/p>\n","protected":false},"author":10,"featured_media":166581,"comment_status":"closed","ping_status":"closed","sticky":false,"template":"","format":"standard","meta":{"_acf_changed":false,"_eb_attr":"","_eb_data_table":"","footnotes":""},"categories":[15445],"tags":[],"class_list":["post-166644","post","type-post","status-publish","format-standard","has-post-thumbnail","hentry","category-english"],"acf":[],"yoast_head":"<!-- This site is optimized with the Yoast SEO Premium plugin v27.4 (Yoast SEO v27.4) - https:\/\/yoast.com\/product\/yoast-seo-premium-wordpress\/ -->\n<title>Jos\u00e9 &quot;Pepe&quot; Mujica, Uruguay&#039;s iconic former president, dies<\/title>\n<meta name=\"description\" content=\"Pepe&quot; Mujica, &quot;the world&#039;s poorest president&quot;, who legalized cannabis and approved equal marriage in Uruguay, dies\" \/>\n<meta name=\"robots\" content=\"index, follow, max-snippet:-1, max-image-preview:large, max-video-preview:-1\" \/>\n<link rel=\"canonical\" href=\"https:\/\/confidencial.digital\/en\/english\/jose-pepe-mujica-the-iconic-former-president-of-uruguay-dies-at-age-89\/\" \/>\n<meta property=\"og:locale\" content=\"en_US\" \/>\n<meta property=\"og:type\" content=\"article\" \/>\n<meta property=\"og:title\" content=\"Jos\u00e9 \u201cPepe\u201d Mujica, Uruguay\u2019s Iconic Former President, Dies at 89\" \/>\n<meta property=\"og:description\" content=\"Pepe&quot; Mujica, &quot;the world&#039;s poorest president&quot;, who legalized cannabis and approved equal marriage in Uruguay, dies\" \/>\n<meta property=\"og:url\" content=\"https:\/\/confidencial.digital\/en\/english\/jose-pepe-mujica-the-iconic-former-president-of-uruguay-dies-at-age-89\/\" \/>\n<meta property=\"og:site_name\" content=\"Confidencial\" \/>\n<meta property=\"article:publisher\" content=\"https:\/\/www.facebook.com\/confidencial.com.ni\" \/>\n<meta property=\"article:published_time\" content=\"2025-05-13T20:52:47+00:00\" \/>\n<meta property=\"article:modified_time\" content=\"2025-05-14T23:49:06+00:00\" \/>\n<meta property=\"og:image\" content=\"https:\/\/confidencial.digital\/wp-content\/uploads\/2025\/05\/Jose-Mujica.jpg\" \/>\n\t<meta property=\"og:image:width\" content=\"1920\" \/>\n\t<meta property=\"og:image:height\" content=\"1280\" \/>\n\t<meta property=\"og:image:type\" content=\"image\/jpeg\" \/>\n<meta name=\"author\" content=\"Redacci\u00f3n Confidencial\" \/>\n<meta name=\"twitter:card\" content=\"summary_large_image\" \/>\n<meta name=\"twitter:creator\" content=\"@confidencial_ni\" \/>\n<meta name=\"twitter:site\" content=\"@confidencial_ni\" \/>\n<meta name=\"twitter:label1\" content=\"Written by\" \/>\n\t<meta name=\"twitter:data1\" content=\"Redacci\u00f3n Confidencial\" \/>\n\t<meta name=\"twitter:label2\" content=\"Est. reading time\" \/>\n\t<meta name=\"twitter:data2\" content=\"3 minutes\" \/>\n<script type=\"application\/ld+json\" class=\"yoast-schema-graph\">{\"@context\":\"https:\\\/\\\/schema.org\",\"@graph\":[{\"@type\":\"NewsArticle\",\"@id\":\"https:\\\/\\\/confidencial.digital\\\/en\\\/english\\\/jose-pepe-mujica-the-iconic-former-president-of-uruguay-dies-at-age-89\\\/#article\",\"isPartOf\":{\"@id\":\"https:\\\/\\\/confidencial.digital\\\/en\\\/english\\\/jose-pepe-mujica-the-iconic-former-president-of-uruguay-dies-at-age-89\\\/\"},\"author\":{\"name\":\"Redacci\u00f3n Confidencial\",\"@id\":\"https:\\\/\\\/confidencial.digital\\\/en\\\/#\\\/schema\\\/person\\\/64733b11255c0e9d6b4e93e81a984809\"},\"headline\":\"Jos\u00e9 \u201cPepe\u201d Mujica, Uruguay\u2019s Iconic Former President, Dies at 89\",\"datePublished\":\"2025-05-13T20:52:47+00:00\",\"dateModified\":\"2025-05-14T23:49:06+00:00\",\"mainEntityOfPage\":{\"@id\":\"https:\\\/\\\/confidencial.digital\\\/en\\\/english\\\/jose-pepe-mujica-the-iconic-former-president-of-uruguay-dies-at-age-89\\\/\"},\"wordCount\":566,\"publisher\":{\"@id\":\"https:\\\/\\\/confidencial.digital\\\/en\\\/#organization\"},\"image\":{\"@id\":\"https:\\\/\\\/confidencial.digital\\\/en\\\/english\\\/jose-pepe-mujica-the-iconic-former-president-of-uruguay-dies-at-age-89\\\/#primaryimage\"},\"thumbnailUrl\":\"https:\\\/\\\/confidencial.digital\\\/wp-content\\\/uploads\\\/2025\\\/05\\\/Jose-Mujica.jpg\",\"articleSection\":[\"English\"],\"inLanguage\":\"en-US\",\"copyrightYear\":\"2025\",\"copyrightHolder\":{\"@id\":\"https:\\\/\\\/confidencial.digital\\\/#organization\"}},{\"@type\":\"WebPage\",\"@id\":\"https:\\\/\\\/confidencial.digital\\\/en\\\/english\\\/jose-pepe-mujica-the-iconic-former-president-of-uruguay-dies-at-age-89\\\/\",\"url\":\"https:\\\/\\\/confidencial.digital\\\/en\\\/english\\\/jose-pepe-mujica-the-iconic-former-president-of-uruguay-dies-at-age-89\\\/\",\"name\":\"Jos\u00e9 \\\"Pepe\\\" Mujica, Uruguay's iconic former president, dies\",\"isPartOf\":{\"@id\":\"https:\\\/\\\/confidencial.digital\\\/en\\\/#website\"},\"primaryImageOfPage\":{\"@id\":\"https:\\\/\\\/confidencial.digital\\\/en\\\/english\\\/jose-pepe-mujica-the-iconic-former-president-of-uruguay-dies-at-age-89\\\/#primaryimage\"},\"image\":{\"@id\":\"https:\\\/\\\/confidencial.digital\\\/en\\\/english\\\/jose-pepe-mujica-the-iconic-former-president-of-uruguay-dies-at-age-89\\\/#primaryimage\"},\"thumbnailUrl\":\"https:\\\/\\\/confidencial.digital\\\/wp-content\\\/uploads\\\/2025\\\/05\\\/Jose-Mujica.jpg\",\"datePublished\":\"2025-05-13T20:52:47+00:00\",\"dateModified\":\"2025-05-14T23:49:06+00:00\",\"description\":\"Pepe\\\" Mujica, \\\"the world's poorest president\\\", who legalized cannabis and approved equal marriage in Uruguay, dies\",\"breadcrumb\":{\"@id\":\"https:\\\/\\\/confidencial.digital\\\/en\\\/english\\\/jose-pepe-mujica-the-iconic-former-president-of-uruguay-dies-at-age-89\\\/#breadcrumb\"},\"inLanguage\":\"en-US\",\"potentialAction\":[{\"@type\":\"ReadAction\",\"target\":[\"https:\\\/\\\/confidencial.digital\\\/en\\\/english\\\/jose-pepe-mujica-the-iconic-former-president-of-uruguay-dies-at-age-89\\\/\"]}]},{\"@type\":\"ImageObject\",\"inLanguage\":\"en-US\",\"@id\":\"https:\\\/\\\/confidencial.digital\\\/en\\\/english\\\/jose-pepe-mujica-the-iconic-former-president-of-uruguay-dies-at-age-89\\\/#primaryimage\",\"url\":\"https:\\\/\\\/confidencial.digital\\\/wp-content\\\/uploads\\\/2025\\\/05\\\/Jose-Mujica.jpg\",\"contentUrl\":\"https:\\\/\\\/confidencial.digital\\\/wp-content\\\/uploads\\\/2025\\\/05\\\/Jose-Mujica.jpg\",\"width\":1920,\"height\":1280,\"caption\":\"El expresidente uruguayo Jos\u00e9 \u201cPepe\u201d Mujica, durante un homenaje, en Montevideo, Uruguay. \\\/\\\/ Foto: EFE\\\/Archivo\\\/Gast\u00f3n Britos\"},{\"@type\":\"BreadcrumbList\",\"@id\":\"https:\\\/\\\/confidencial.digital\\\/en\\\/english\\\/jose-pepe-mujica-the-iconic-former-president-of-uruguay-dies-at-age-89\\\/#breadcrumb\",\"itemListElement\":[{\"@type\":\"ListItem\",\"position\":1,\"name\":\"Portada\",\"item\":\"https:\\\/\\\/confidencial.digital\\\/en\\\/\"},{\"@type\":\"ListItem\",\"position\":2,\"name\":\"Jos\u00e9 \u201cPepe\u201d Mujica, Uruguay\u2019s Iconic Former President, Dies at 89\"}]},{\"@type\":\"WebSite\",\"@id\":\"https:\\\/\\\/confidencial.digital\\\/en\\\/#website\",\"url\":\"https:\\\/\\\/confidencial.digital\\\/en\\\/\",\"name\":\"Confidencial Nicaragua\",\"description\":\"Noticias de Nicaragua, informaci\u00f3n, an\u00e1lisis, reportajes, investigaciones, perfiles y entrevistas. Somos Confidencial. Hacemos periodismo independiente.\",\"publisher\":{\"@id\":\"https:\\\/\\\/confidencial.digital\\\/en\\\/#organization\"},\"potentialAction\":[{\"@type\":\"SearchAction\",\"target\":{\"@type\":\"EntryPoint\",\"urlTemplate\":\"https:\\\/\\\/confidencial.digital\\\/en\\\/?s={search_term_string}\"},\"query-input\":{\"@type\":\"PropertyValueSpecification\",\"valueRequired\":true,\"valueName\":\"search_term_string\"}}],\"inLanguage\":\"en-US\"},{\"@type\":\"Organization\",\"@id\":\"https:\\\/\\\/confidencial.digital\\\/en\\\/#organization\",\"name\":\"Confidencial\",\"url\":\"https:\\\/\\\/confidencial.digital\\\/en\\\/\",\"logo\":{\"@type\":\"ImageObject\",\"inLanguage\":\"en-US\",\"@id\":\"https:\\\/\\\/confidencial.digital\\\/en\\\/#\\\/schema\\\/logo\\\/image\\\/\",\"url\":\"https:\\\/\\\/confidencial.digital\\\/wp-content\\\/uploads\\\/2023\\\/09\\\/Confidencial_696x696.jpg\",\"contentUrl\":\"https:\\\/\\\/confidencial.digital\\\/wp-content\\\/uploads\\\/2023\\\/09\\\/Confidencial_696x696.jpg\",\"width\":696,\"height\":696,\"caption\":\"Confidencial\"},\"image\":{\"@id\":\"https:\\\/\\\/confidencial.digital\\\/en\\\/#\\\/schema\\\/logo\\\/image\\\/\"},\"sameAs\":[\"https:\\\/\\\/www.facebook.com\\\/confidencial.com.ni\",\"https:\\\/\\\/x.com\\\/confidencial_ni\",\"https:\\\/\\\/www.youtube.com\\\/user\\\/ConfidencialNica\",\"https:\\\/\\\/www.instagram.com\\\/confidencial_ni\\\/\",\"https:\\\/\\\/www.linkedin.com\\\/company\\\/confidencial-nicaragua\\\/\",\"https:\\\/\\\/open.spotify.com\\\/show\\\/1rNymjqQuqP1CTGqHKdQ24\",\"https:\\\/\\\/bsky.app\\\/profile\\\/confidencialni.bsky.social\",\"https:\\\/\\\/www.threads.com\\\/@confidencial_ni\"],\"description\":\"En Confidencial hacemos periodismo de investigaci\u00f3n y an\u00e1lisis independiente para Nicaragua y su di\u00e1spora en el mundo. Fundado en 1996\",\"email\":\"info@confidencial.digital\",\"foundingDate\":\"1996-06-01\"},{\"@type\":\"Person\",\"@id\":\"https:\\\/\\\/confidencial.digital\\\/en\\\/#\\\/schema\\\/person\\\/64733b11255c0e9d6b4e93e81a984809\",\"name\":\"Redacci\u00f3n Confidencial\",\"image\":{\"@type\":\"ImageObject\",\"inLanguage\":\"en-US\",\"@id\":\"https:\\\/\\\/confidencial.digital\\\/wp-content\\\/uploads\\\/2024\\\/04\\\/redaccion-confidencial_avatar-96x96.png\",\"url\":\"https:\\\/\\\/confidencial.digital\\\/wp-content\\\/uploads\\\/2024\\\/04\\\/redaccion-confidencial_avatar-96x96.png\",\"contentUrl\":\"https:\\\/\\\/confidencial.digital\\\/wp-content\\\/uploads\\\/2024\\\/04\\\/redaccion-confidencial_avatar-96x96.png\",\"caption\":\"Redacci\u00f3n Confidencial\"},\"description\":\"Confidencial es un diario digital nicarag\u00fcense, de formato multimedia, fundado por Carlos F. Chamorro en junio de 1996. Inici\u00f3 como un semanario impreso y hoy es un medio de referencia regional con informaci\u00f3n, an\u00e1lisis, entrevistas, perfiles, reportajes e investigaciones sobre Nicaragua, informando desde el exilio por la persecuci\u00f3n pol\u00edtica de la dictadura de Daniel Ortega y Rosario Murillo.\",\"sameAs\":[\"https:\\\/\\\/x.com\\\/confidencial_ni\"],\"url\":\"https:\\\/\\\/confidencial.digital\\\/en\\\/author\\\/confidencial-digital\\\/\"}]}<\/script>\n<!-- \/ Yoast SEO Premium plugin. -->","yoast_head_json":{"title":"Jos\u00e9 \"Pepe\" Mujica, Uruguay's iconic former president, dies","description":"Pepe\" Mujica, \"the world's poorest president\", who legalized cannabis and approved equal marriage in Uruguay, dies","robots":{"index":"index","follow":"follow","max-snippet":"max-snippet:-1","max-image-preview":"max-image-preview:large","max-video-preview":"max-video-preview:-1"},"canonical":"https:\/\/confidencial.digital\/en\/english\/jose-pepe-mujica-the-iconic-former-president-of-uruguay-dies-at-age-89\/","og_locale":"en_US","og_type":"article","og_title":"Jos\u00e9 \u201cPepe\u201d Mujica, Uruguay\u2019s Iconic Former President, Dies at 89","og_description":"Pepe\" Mujica, \"the world's poorest president\", who legalized cannabis and approved equal marriage in Uruguay, dies","og_url":"https:\/\/confidencial.digital\/en\/english\/jose-pepe-mujica-the-iconic-former-president-of-uruguay-dies-at-age-89\/","og_site_name":"Confidencial","article_publisher":"https:\/\/www.facebook.com\/confidencial.com.ni","article_published_time":"2025-05-13T20:52:47+00:00","article_modified_time":"2025-05-14T23:49:06+00:00","og_image":[{"width":1920,"height":1280,"url":"https:\/\/confidencial.digital\/wp-content\/uploads\/2025\/05\/Jose-Mujica.jpg","type":"image\/jpeg"}],"author":"Redacci\u00f3n Confidencial","twitter_card":"summary_large_image","twitter_creator":"@confidencial_ni","twitter_site":"@confidencial_ni","twitter_misc":{"Written by":"Redacci\u00f3n Confidencial","Est. reading time":"3 minutes"},"schema":{"@context":"https:\/\/schema.org","@graph":[{"@type":"NewsArticle","@id":"https:\/\/confidencial.digital\/en\/english\/jose-pepe-mujica-the-iconic-former-president-of-uruguay-dies-at-age-89\/#article","isPartOf":{"@id":"https:\/\/confidencial.digital\/en\/english\/jose-pepe-mujica-the-iconic-former-president-of-uruguay-dies-at-age-89\/"},"author":{"name":"Redacci\u00f3n Confidencial","@id":"https:\/\/confidencial.digital\/en\/#\/schema\/person\/64733b11255c0e9d6b4e93e81a984809"},"headline":"Jos\u00e9 \u201cPepe\u201d Mujica, Uruguay\u2019s Iconic Former President, Dies at 89","datePublished":"2025-05-13T20:52:47+00:00","dateModified":"2025-05-14T23:49:06+00:00","mainEntityOfPage":{"@id":"https:\/\/confidencial.digital\/en\/english\/jose-pepe-mujica-the-iconic-former-president-of-uruguay-dies-at-age-89\/"},"wordCount":566,"publisher":{"@id":"https:\/\/confidencial.digital\/en\/#organization"},"image":{"@id":"https:\/\/confidencial.digital\/en\/english\/jose-pepe-mujica-the-iconic-former-president-of-uruguay-dies-at-age-89\/#primaryimage"},"thumbnailUrl":"https:\/\/confidencial.digital\/wp-content\/uploads\/2025\/05\/Jose-Mujica.jpg","articleSection":["English"],"inLanguage":"en-US","copyrightYear":"2025","copyrightHolder":{"@id":"https:\/\/confidencial.digital\/#organization"}},{"@type":"WebPage","@id":"https:\/\/confidencial.digital\/en\/english\/jose-pepe-mujica-the-iconic-former-president-of-uruguay-dies-at-age-89\/","url":"https:\/\/confidencial.digital\/en\/english\/jose-pepe-mujica-the-iconic-former-president-of-uruguay-dies-at-age-89\/","name":"Jos\u00e9 \"Pepe\" Mujica, Uruguay's iconic former president, dies","isPartOf":{"@id":"https:\/\/confidencial.digital\/en\/#website"},"primaryImageOfPage":{"@id":"https:\/\/confidencial.digital\/en\/english\/jose-pepe-mujica-the-iconic-former-president-of-uruguay-dies-at-age-89\/#primaryimage"},"image":{"@id":"https:\/\/confidencial.digital\/en\/english\/jose-pepe-mujica-the-iconic-former-president-of-uruguay-dies-at-age-89\/#primaryimage"},"thumbnailUrl":"https:\/\/confidencial.digital\/wp-content\/uploads\/2025\/05\/Jose-Mujica.jpg","datePublished":"2025-05-13T20:52:47+00:00","dateModified":"2025-05-14T23:49:06+00:00","description":"Pepe\" Mujica, \"the world's poorest president\", who legalized cannabis and approved equal marriage in Uruguay, dies","breadcrumb":{"@id":"https:\/\/confidencial.digital\/en\/english\/jose-pepe-mujica-the-iconic-former-president-of-uruguay-dies-at-age-89\/#breadcrumb"},"inLanguage":"en-US","potentialAction":[{"@type":"ReadAction","target":["https:\/\/confidencial.digital\/en\/english\/jose-pepe-mujica-the-iconic-former-president-of-uruguay-dies-at-age-89\/"]}]},{"@type":"ImageObject","inLanguage":"en-US","@id":"https:\/\/confidencial.digital\/en\/english\/jose-pepe-mujica-the-iconic-former-president-of-uruguay-dies-at-age-89\/#primaryimage","url":"https:\/\/confidencial.digital\/wp-content\/uploads\/2025\/05\/Jose-Mujica.jpg","contentUrl":"https:\/\/confidencial.digital\/wp-content\/uploads\/2025\/05\/Jose-Mujica.jpg","width":1920,"height":1280,"caption":"El expresidente uruguayo Jos\u00e9 \u201cPepe\u201d Mujica, durante un homenaje, en Montevideo, Uruguay. \/\/ Foto: EFE\/Archivo\/Gast\u00f3n Britos"},{"@type":"BreadcrumbList","@id":"https:\/\/confidencial.digital\/en\/english\/jose-pepe-mujica-the-iconic-former-president-of-uruguay-dies-at-age-89\/#breadcrumb","itemListElement":[{"@type":"ListItem","position":1,"name":"Portada","item":"https:\/\/confidencial.digital\/en\/"},{"@type":"ListItem","position":2,"name":"Jos\u00e9 \u201cPepe\u201d Mujica, Uruguay\u2019s Iconic Former President, Dies at 89"}]},{"@type":"WebSite","@id":"https:\/\/confidencial.digital\/en\/#website","url":"https:\/\/confidencial.digital\/en\/","name":"Confidencial Nicaragua","description":"Noticias de Nicaragua, informaci\u00f3n, an\u00e1lisis, reportajes, investigaciones, perfiles y entrevistas. Somos Confidencial. Hacemos periodismo independiente.","publisher":{"@id":"https:\/\/confidencial.digital\/en\/#organization"},"potentialAction":[{"@type":"SearchAction","target":{"@type":"EntryPoint","urlTemplate":"https:\/\/confidencial.digital\/en\/?s={search_term_string}"},"query-input":{"@type":"PropertyValueSpecification","valueRequired":true,"valueName":"search_term_string"}}],"inLanguage":"en-US"},{"@type":"Organization","@id":"https:\/\/confidencial.digital\/en\/#organization","name":"Confidencial","url":"https:\/\/confidencial.digital\/en\/","logo":{"@type":"ImageObject","inLanguage":"en-US","@id":"https:\/\/confidencial.digital\/en\/#\/schema\/logo\/image\/","url":"https:\/\/confidencial.digital\/wp-content\/uploads\/2023\/09\/Confidencial_696x696.jpg","contentUrl":"https:\/\/confidencial.digital\/wp-content\/uploads\/2023\/09\/Confidencial_696x696.jpg","width":696,"height":696,"caption":"Confidencial"},"image":{"@id":"https:\/\/confidencial.digital\/en\/#\/schema\/logo\/image\/"},"sameAs":["https:\/\/www.facebook.com\/confidencial.com.ni","https:\/\/x.com\/confidencial_ni","https:\/\/www.youtube.com\/user\/ConfidencialNica","https:\/\/www.instagram.com\/confidencial_ni\/","https:\/\/www.linkedin.com\/company\/confidencial-nicaragua\/","https:\/\/open.spotify.com\/show\/1rNymjqQuqP1CTGqHKdQ24","https:\/\/bsky.app\/profile\/confidencialni.bsky.social","https:\/\/www.threads.com\/@confidencial_ni"],"description":"En Confidencial hacemos periodismo de investigaci\u00f3n y an\u00e1lisis independiente para Nicaragua y su di\u00e1spora en el mundo. Fundado en 1996","email":"info@confidencial.digital","foundingDate":"1996-06-01"},{"@type":"Person","@id":"https:\/\/confidencial.digital\/en\/#\/schema\/person\/64733b11255c0e9d6b4e93e81a984809","name":"Redacci\u00f3n Confidencial","image":{"@type":"ImageObject","inLanguage":"en-US","@id":"https:\/\/confidencial.digital\/wp-content\/uploads\/2024\/04\/redaccion-confidencial_avatar-96x96.png","url":"https:\/\/confidencial.digital\/wp-content\/uploads\/2024\/04\/redaccion-confidencial_avatar-96x96.png","contentUrl":"https:\/\/confidencial.digital\/wp-content\/uploads\/2024\/04\/redaccion-confidencial_avatar-96x96.png","caption":"Redacci\u00f3n Confidencial"},"description":"Confidencial es un diario digital nicarag\u00fcense, de formato multimedia, fundado por Carlos F. Chamorro en junio de 1996. Inici\u00f3 como un semanario impreso y hoy es un medio de referencia regional con informaci\u00f3n, an\u00e1lisis, entrevistas, perfiles, reportajes e investigaciones sobre Nicaragua, informando desde el exilio por la persecuci\u00f3n pol\u00edtica de la dictadura de Daniel Ortega y Rosario Murillo.","sameAs":["https:\/\/x.com\/confidencial_ni"],"url":"https:\/\/confidencial.digital\/en\/author\/confidencial-digital\/"}]}},"_links":{"self":[{"href":"https:\/\/confidencial.digital\/en\/wp-json\/wp\/v2\/posts\/166644","targetHints":{"allow":["GET"]}}],"collection":[{"href":"https:\/\/confidencial.digital\/en\/wp-json\/wp\/v2\/posts"}],"about":[{"href":"https:\/\/confidencial.digital\/en\/wp-json\/wp\/v2\/types\/post"}],"author":[{"embeddable":true,"href":"https:\/\/confidencial.digital\/en\/wp-json\/wp\/v2\/users\/10"}],"replies":[{"embeddable":true,"href":"https:\/\/confidencial.digital\/en\/wp-json\/wp\/v2\/comments?post=166644"}],"version-history":[{"count":3,"href":"https:\/\/confidencial.digital\/en\/wp-json\/wp\/v2\/posts\/166644\/revisions"}],"predecessor-version":[{"id":166647,"href":"https:\/\/confidencial.digital\/en\/wp-json\/wp\/v2\/posts\/166644\/revisions\/166647"}],"wp:featuredmedia":[{"embeddable":true,"href":"https:\/\/confidencial.digital\/en\/wp-json\/wp\/v2\/media\/166581"}],"wp:attachment":[{"href":"https:\/\/confidencial.digital\/en\/wp-json\/wp\/v2\/media?parent=166644"}],"wp:term":[{"taxonomy":"category","embeddable":true,"href":"https:\/\/confidencial.digital\/en\/wp-json\/wp\/v2\/categories?post=166644"},{"taxonomy":"post_tag","embeddable":true,"href":"https:\/\/confidencial.digital\/en\/wp-json\/wp\/v2\/tags?post=166644"}],"curies":[{"name":"wp","href":"https:\/\/api.w.org\/{rel}","templated":true}]}}