{"id":166319,"date":"2025-05-09T02:09:14","date_gmt":"2025-05-09T08:09:14","guid":{"rendered":"https:\/\/confidencial.digital\/sin-categoria\/pope-leo-xiv-has-shown-his-support-for-nicaragua\/"},"modified":"2025-05-09T02:38:18","modified_gmt":"2025-05-09T08:38:18","slug":"pope-leo-xiv-has-shown-his-support-for-nicaragua","status":"publish","type":"post","link":"https:\/\/confidencial.digital\/en\/nation\/pope-leo-xiv-has-shown-his-support-for-nicaragua\/","title":{"rendered":"Pope Leo XIV Has Shown His Support for Nicaragua"},"content":{"rendered":"\n<p>U.S. Cardinal Robert Francis Prevost has been elected as the new pope, taking the name <a href=\"https:\/\/confidencial.digital\/mundo\/cuales-seran-los-primeros-pasos-del-papa-leon-xiv\/\" target=\"_blank\" rel=\"noreferrer noopener\">Leo XIV<\/a>. His election has drawn particular attention due to his closeness to the Catholic Church in Nicaragua, which is being persecuted by the regime of Daniel Ortega and Rosario Murillo.  <\/p>\n\n<p>In 2022, now Pope Leo XIV, then a member of the Peruvian Bishops\u2019 Conference, signed a letter calling for justice and democracy in Nicaragua. The letter was addressed to Monsignor Carlos Herrera, president of the Nicaraguan Bishops\u2019 Conference, who has since been exiled by the regime.  <\/p>\n\n<p>The letter from the Peruvian Bishops\u2019 Conference reads: \u201cIn the midst of the pain and forgiveness that fills the hearts of Nicaraguan Catholics, there is a cry for justice and respect\u2014one that allows them to express their convictions freely, as those who live in a true democracy.\u201d<\/p>\n\n<p>\u201cViolence has never built anything; it only sows the seeds of poverty and hatred. Violence, especially when unjustified, destroys the harmony, respect, and peace our peoples need to achieve full development and social friendship,\u201d the letter continues.<\/p>\n\n<p>During their 123rd Plenary Assembly, the <a href=\"https:\/\/www.vaticannews.va\/es\/iglesia\/news\/2022-08\/peru-obispos-solidaridad-con-nicaragua.html\" target=\"_blank\" rel=\"noreferrer noopener\">bishops of Peru <\/a>expressed solidarity with the Nicaraguan people, saying they were offering special prayers for \u201cthose who have been deprived of their freedom\u201d in Nicaragua.<\/p>\n\n<p>Just hours after <a href=\"https:\/\/confidencial.digital\/mundo\/fumata-blanca-habemus-papam\/\" target=\"_blank\" rel=\"noreferrer noopener\">Leo XIV\u2019s<\/a> inauguration, the Archdiocese of Managua shared a photo showing the new pontiff alongside Nicaraguan Cardinal Leopoldo Brenes, highlighting the close relationship between the Catholic leaders. <\/p>\n\n<h2 class=\"wp-block-heading\" id=\"h-cen-ora-por-el-papa-leon-xiv\">CEN Prays for Pope Leo XIV<\/h2>\n\n<p>The Episcopal Conference of Nicaragua (CEN) celebrated the election of the new pontiff of the Catholic Church and asked God to grant him a gentle and humble heart.<\/p>\n\n<p>\u201cWe give thanks to God for blessing us with a new shepherd, and we pray that He grants him a gentle and humble heart, like that of Jesus Christ, so he may lead the Church along the paths of the Gospel,\u201d stated the Nicaraguan episcopate.<\/p>\n\n<p>The Nicaraguan bishops offered Pope Leo XIV their \u201cexpressions of communion, respect, and filial obedience to his person and ministry.\u201d<\/p>\n\n<p>\u201cWe entrust him to the loving protection of the Immaculate Conception of Mary, so that during his pontificate he may always strengthen us in faith, guided by the Holy Spirit who makes him a sign and foundation of unity, fraternity, and peace, as he expressed in his first words as Bishop of Rome,\u201d the Episcopal Conference added.<\/p>\n\n<figure class=\"wp-block-image size-large\"><img decoding=\"async\" width=\"811\" height=\"1024\" src=\"https:\/\/confidencial.digital\/wp-content\/uploads\/2025\/05\/Comunicado-CEN-811x1024.jpg\" alt=\"\" class=\"wp-image-166290\" srcset=\"https:\/\/confidencial.digital\/wp-content\/uploads\/2025\/05\/Comunicado-CEN-811x1024.jpg 811w, https:\/\/confidencial.digital\/wp-content\/uploads\/2025\/05\/Comunicado-CEN-238x300.jpg 238w, https:\/\/confidencial.digital\/wp-content\/uploads\/2025\/05\/Comunicado-CEN-768x970.jpg 768w, https:\/\/confidencial.digital\/wp-content\/uploads\/2025\/05\/Comunicado-CEN-1216x1536.jpg 1216w, https:\/\/confidencial.digital\/wp-content\/uploads\/2025\/05\/Comunicado-CEN.jpg 1225w\" sizes=\"(max-width: 811px) 100vw, 811px\" \/><\/figure>\n\n<p>\u201cMay God grant our Pope Leo XIV a long life and ministry,\u201d concluded the Nicaraguan bishops. <\/p>\n\n<h2 class=\"wp-block-heading\" id=\"h-oposicion-espera-cercania-en-sus-ansias-de-libertad\">Opposition Hopes for Support in Their \u201cLonging for Freedom\u201d <\/h2>\n\n<p>Nicaraguan opposition figures in exile congratulated American Cardinal Robert Francis Prevost on his election as the new pope, under the name Leo XIV, and expressed hope that he will stand with them in their \u201clonging for freedom\u201d for Nicaragua.<\/p>\n\n<p>\u201cWe send our greetings to Leo XIV on his appointment as the new pope. We do so from Nicaragua, a country where the Catholic Church is persecuted by a totalitarian dictatorship,\u201d said the opposition group Uni\u00f3n Democr\u00e1tica Renovadora (Unamos) in a statement.<\/p>\n\n<p>&#8220;We look forward to your accompaniment of the Nicaraguan people in their yearning for freedom,&#8221; Unamos added.<\/p>\n\n<p>The Blue and White National Unity (UNAB) also congratulated the new Pope Leo XIV and said they hope that \u201cduring his pontificate, as the official representative of the Vatican State, he keeps in mind the Nicaraguan people who are being persecuted by the Ortega-Murillo dictatorship for practicing their faith.\u201d<\/p>\n\n<p>The regime of Daniel Ortega and Rosario Murillo has suspended diplomatic relations with the Vatican and has had repeated confrontations with the Catholic Church. So far, they have made no official statement regarding the election of Pope Leo XIV. <\/p>\n\n<p>For the <a><\/a><a><\/a><a><\/a> Foundation for Freedom, led by denationalized opposition figure F\u00e9lix Maradiaga, the election of Leo XIV represents \u201ca source of hope for the persecuted Church\u201d in Nicaragua.<\/p>\n\n<p>\u201cFrom the Foundation for the Freedom of Nicaragua, we receive with hope and respect the announcement that Cardinal Robert Francis Prevost has been elected as the new Supreme Pontiff of the Catholic Church (\u2026) His election, in the context of the Holy Year declared by his predecessor, Pope Francis, marks a new chapter in the life of the universal Church,\u201d the foundation stated from exile.<\/p>\n\n<h2 class=\"wp-block-heading\" id=\"h-esperan-consuelo-moral-y-respaldo-pastoral\"><strong>Hope for \u2018Moral Comfort and Pastoral Support\u2019<\/strong><\/h2>\n\n<p>Maradiaga said that \u201cLeo XIV\u2019s pastoral path\u2014especially his commitment to the peoples of Latin America\u2014is an encouraging sign for those of us who believe in the power of faith as a force for social transformation, particularly in contexts of repression and institutional violence.\u201d<\/p>\n\n<p>\u201cIn Nicaragua, the Catholic Church has been the victim of systematic persecution by the dictatorship. Many clergy members and religious communities have faced imprisonment, exile, and harassment for standing firm in their spiritual mission and their defense of fundamental rights,\u201d he added.<\/p>\n\n<p>For this reason, they hope \u201cthat Leo XIV\u2019s pontificate offers moral comfort and pastoral support to those living their faith under threat today, and that it helps strengthen global solidarity with persecuted Churches.\u201d<\/p>\n\n<p> Cardinal Prevost was elected on Thursday, May 8, 2025, on the second day of the conclave to succeed Pope Francis.<\/p>\n\n<p>Leo XIV, the name chosen by the cardinal, also holds Peruvian citizenship and had been serving as President of the Pontifical Commission for Latin America since January 2023.<\/p>\n\n<p>Shortly after his election, the new pope appeared before thousands gathered in St. Peter\u2019s Square, declaring that God loves humanity \u201cunconditionally\u201d and encouraged all to walk \u201ctogether, hand in hand,\u201d affirming that \u201cevil will not prevail.\u201d<\/p>\n\n<p>Thus, Leo XIV becomes the 267th pontiff in history and successor to Francis (2013-2025), who died last April 21 at the age of 88.<\/p>\n\n<p><em>With information from EFE<\/em><\/p>\n","protected":false},"excerpt":{"rendered":"<p>U.S. Cardinal Robert Francis Prevost has been elected as the new pope, taking the name Leo XIV. His election has drawn particular attention due to his closeness to the Catholic Church in Nicaragua, which is being persecuted by the regime of Daniel Ortega and Rosario Murillo. In 2022, now Pope Leo XIV, then a member [&hellip;]<\/p>\n","protected":false},"author":10,"featured_media":166289,"comment_status":"closed","ping_status":"closed","sticky":false,"template":"","format":"standard","meta":{"_acf_changed":false,"_eb_attr":"","_eb_data_table":"","footnotes":""},"categories":[15445,15446],"tags":[],"class_list":["post-166319","post","type-post","status-publish","format-standard","has-post-thumbnail","hentry","category-english","category-nation"],"acf":[],"yoast_head":"<!-- This site is optimized with the Yoast SEO Premium plugin v27.4 (Yoast SEO v27.4) - https:\/\/yoast.com\/product\/yoast-seo-premium-wordpress\/ -->\n<title>Leo XIV and its proximity to Nicaragua<\/title>\n<meta name=\"description\" content=\"The investiture of Pope Leo XIV has generated particular interest due to his closeness to the Catholic Church in Nicaragua.\" \/>\n<meta name=\"robots\" content=\"index, follow, max-snippet:-1, max-image-preview:large, max-video-preview:-1\" \/>\n<link rel=\"canonical\" href=\"https:\/\/confidencial.digital\/en\/nation\/pope-leo-xiv-has-shown-his-support-for-nicaragua\/\" \/>\n<meta property=\"og:locale\" content=\"en_US\" \/>\n<meta property=\"og:type\" content=\"article\" \/>\n<meta property=\"og:title\" content=\"Pope Leo XIV Has Shown His Support for Nicaragua\" \/>\n<meta property=\"og:description\" content=\"The investiture of Pope Leo XIV has generated particular interest due to his closeness to the Catholic Church in Nicaragua.\" \/>\n<meta property=\"og:url\" content=\"https:\/\/confidencial.digital\/en\/nation\/pope-leo-xiv-has-shown-his-support-for-nicaragua\/\" \/>\n<meta property=\"og:site_name\" content=\"Confidencial\" \/>\n<meta property=\"article:publisher\" content=\"https:\/\/www.facebook.com\/confidencial.com.ni\" \/>\n<meta property=\"article:published_time\" content=\"2025-05-09T08:09:14+00:00\" \/>\n<meta property=\"article:modified_time\" content=\"2025-05-09T08:38:18+00:00\" \/>\n<meta property=\"og:image\" content=\"https:\/\/confidencial.digital\/wp-content\/uploads\/2025\/05\/e4d5f599780b2722789036c3236a530a0ad9fc77w.jpg\" \/>\n\t<meta property=\"og:image:width\" content=\"1920\" \/>\n\t<meta property=\"og:image:height\" content=\"1279\" \/>\n\t<meta property=\"og:image:type\" content=\"image\/jpeg\" \/>\n<meta name=\"author\" content=\"Redacci\u00f3n Confidencial\" \/>\n<meta name=\"twitter:card\" content=\"summary_large_image\" \/>\n<meta name=\"twitter:creator\" content=\"@confidencial_ni\" \/>\n<meta name=\"twitter:site\" content=\"@confidencial_ni\" \/>\n<meta name=\"twitter:label1\" content=\"Written by\" \/>\n\t<meta name=\"twitter:data1\" content=\"Redacci\u00f3n Confidencial\" \/>\n\t<meta name=\"twitter:label2\" content=\"Est. reading time\" \/>\n\t<meta name=\"twitter:data2\" content=\"5 minutes\" \/>\n<script type=\"application\/ld+json\" class=\"yoast-schema-graph\">{\"@context\":\"https:\\\/\\\/schema.org\",\"@graph\":[{\"@type\":\"NewsArticle\",\"@id\":\"https:\\\/\\\/confidencial.digital\\\/en\\\/nation\\\/pope-leo-xiv-has-shown-his-support-for-nicaragua\\\/#article\",\"isPartOf\":{\"@id\":\"https:\\\/\\\/confidencial.digital\\\/en\\\/nation\\\/pope-leo-xiv-has-shown-his-support-for-nicaragua\\\/\"},\"author\":{\"name\":\"Redacci\u00f3n Confidencial\",\"@id\":\"https:\\\/\\\/confidencial.digital\\\/en\\\/#\\\/schema\\\/person\\\/64733b11255c0e9d6b4e93e81a984809\"},\"headline\":\"Pope Leo XIV Has Shown His Support for Nicaragua\",\"datePublished\":\"2025-05-09T08:09:14+00:00\",\"dateModified\":\"2025-05-09T08:38:18+00:00\",\"mainEntityOfPage\":{\"@id\":\"https:\\\/\\\/confidencial.digital\\\/en\\\/nation\\\/pope-leo-xiv-has-shown-his-support-for-nicaragua\\\/\"},\"wordCount\":948,\"publisher\":{\"@id\":\"https:\\\/\\\/confidencial.digital\\\/en\\\/#organization\"},\"image\":{\"@id\":\"https:\\\/\\\/confidencial.digital\\\/en\\\/nation\\\/pope-leo-xiv-has-shown-his-support-for-nicaragua\\\/#primaryimage\"},\"thumbnailUrl\":\"https:\\\/\\\/confidencial.digital\\\/wp-content\\\/uploads\\\/2025\\\/05\\\/e4d5f599780b2722789036c3236a530a0ad9fc77w.jpg\",\"articleSection\":[\"English\",\"Nation\"],\"inLanguage\":\"en-US\",\"copyrightYear\":\"2025\",\"copyrightHolder\":{\"@id\":\"https:\\\/\\\/confidencial.digital\\\/#organization\"}},{\"@type\":\"WebPage\",\"@id\":\"https:\\\/\\\/confidencial.digital\\\/en\\\/nation\\\/pope-leo-xiv-has-shown-his-support-for-nicaragua\\\/\",\"url\":\"https:\\\/\\\/confidencial.digital\\\/en\\\/nation\\\/pope-leo-xiv-has-shown-his-support-for-nicaragua\\\/\",\"name\":\"Leo XIV and its proximity to Nicaragua\",\"isPartOf\":{\"@id\":\"https:\\\/\\\/confidencial.digital\\\/en\\\/#website\"},\"primaryImageOfPage\":{\"@id\":\"https:\\\/\\\/confidencial.digital\\\/en\\\/nation\\\/pope-leo-xiv-has-shown-his-support-for-nicaragua\\\/#primaryimage\"},\"image\":{\"@id\":\"https:\\\/\\\/confidencial.digital\\\/en\\\/nation\\\/pope-leo-xiv-has-shown-his-support-for-nicaragua\\\/#primaryimage\"},\"thumbnailUrl\":\"https:\\\/\\\/confidencial.digital\\\/wp-content\\\/uploads\\\/2025\\\/05\\\/e4d5f599780b2722789036c3236a530a0ad9fc77w.jpg\",\"datePublished\":\"2025-05-09T08:09:14+00:00\",\"dateModified\":\"2025-05-09T08:38:18+00:00\",\"description\":\"The investiture of Pope Leo XIV has generated particular interest due to his closeness to the Catholic Church in Nicaragua.\",\"breadcrumb\":{\"@id\":\"https:\\\/\\\/confidencial.digital\\\/en\\\/nation\\\/pope-leo-xiv-has-shown-his-support-for-nicaragua\\\/#breadcrumb\"},\"inLanguage\":\"en-US\",\"potentialAction\":[{\"@type\":\"ReadAction\",\"target\":[\"https:\\\/\\\/confidencial.digital\\\/en\\\/nation\\\/pope-leo-xiv-has-shown-his-support-for-nicaragua\\\/\"]}]},{\"@type\":\"ImageObject\",\"inLanguage\":\"en-US\",\"@id\":\"https:\\\/\\\/confidencial.digital\\\/en\\\/nation\\\/pope-leo-xiv-has-shown-his-support-for-nicaragua\\\/#primaryimage\",\"url\":\"https:\\\/\\\/confidencial.digital\\\/wp-content\\\/uploads\\\/2025\\\/05\\\/e4d5f599780b2722789036c3236a530a0ad9fc77w.jpg\",\"contentUrl\":\"https:\\\/\\\/confidencial.digital\\\/wp-content\\\/uploads\\\/2025\\\/05\\\/e4d5f599780b2722789036c3236a530a0ad9fc77w.jpg\",\"width\":1920,\"height\":1279,\"caption\":\"VATICAN CITY (Vatican City State (Holy See)), 08\\\/05\\\/2025.- A handout picture provided by the Vatican Media shows newly elected Pope Leo XIV, Cardinal Robert Francis Prevost from the USA, addressing faithfuls from the central loggia of Saint Peter's Basilica, Vatican City, 08 May 2025. (Papa, Cardenal) EFE\\\/EPA\\\/VATICAN MEDIA HANDOUT HANDOUT EDITORIAL USE ONLY\\\/NO SALES\"},{\"@type\":\"BreadcrumbList\",\"@id\":\"https:\\\/\\\/confidencial.digital\\\/en\\\/nation\\\/pope-leo-xiv-has-shown-his-support-for-nicaragua\\\/#breadcrumb\",\"itemListElement\":[{\"@type\":\"ListItem\",\"position\":1,\"name\":\"Portada\",\"item\":\"https:\\\/\\\/confidencial.digital\\\/en\\\/\"},{\"@type\":\"ListItem\",\"position\":2,\"name\":\"Pope Leo XIV Has Shown His Support for Nicaragua\"}]},{\"@type\":\"WebSite\",\"@id\":\"https:\\\/\\\/confidencial.digital\\\/en\\\/#website\",\"url\":\"https:\\\/\\\/confidencial.digital\\\/en\\\/\",\"name\":\"Confidencial Nicaragua\",\"description\":\"Noticias de Nicaragua, informaci\u00f3n, an\u00e1lisis, reportajes, investigaciones, perfiles y entrevistas. Somos Confidencial. Hacemos periodismo independiente.\",\"publisher\":{\"@id\":\"https:\\\/\\\/confidencial.digital\\\/en\\\/#organization\"},\"potentialAction\":[{\"@type\":\"SearchAction\",\"target\":{\"@type\":\"EntryPoint\",\"urlTemplate\":\"https:\\\/\\\/confidencial.digital\\\/en\\\/?s={search_term_string}\"},\"query-input\":{\"@type\":\"PropertyValueSpecification\",\"valueRequired\":true,\"valueName\":\"search_term_string\"}}],\"inLanguage\":\"en-US\"},{\"@type\":\"Organization\",\"@id\":\"https:\\\/\\\/confidencial.digital\\\/en\\\/#organization\",\"name\":\"Confidencial\",\"url\":\"https:\\\/\\\/confidencial.digital\\\/en\\\/\",\"logo\":{\"@type\":\"ImageObject\",\"inLanguage\":\"en-US\",\"@id\":\"https:\\\/\\\/confidencial.digital\\\/en\\\/#\\\/schema\\\/logo\\\/image\\\/\",\"url\":\"https:\\\/\\\/confidencial.digital\\\/wp-content\\\/uploads\\\/2023\\\/09\\\/Confidencial_696x696.jpg\",\"contentUrl\":\"https:\\\/\\\/confidencial.digital\\\/wp-content\\\/uploads\\\/2023\\\/09\\\/Confidencial_696x696.jpg\",\"width\":696,\"height\":696,\"caption\":\"Confidencial\"},\"image\":{\"@id\":\"https:\\\/\\\/confidencial.digital\\\/en\\\/#\\\/schema\\\/logo\\\/image\\\/\"},\"sameAs\":[\"https:\\\/\\\/www.facebook.com\\\/confidencial.com.ni\",\"https:\\\/\\\/x.com\\\/confidencial_ni\",\"https:\\\/\\\/www.youtube.com\\\/user\\\/ConfidencialNica\",\"https:\\\/\\\/www.instagram.com\\\/confidencial_ni\\\/\",\"https:\\\/\\\/www.linkedin.com\\\/company\\\/confidencial-nicaragua\\\/\",\"https:\\\/\\\/open.spotify.com\\\/show\\\/1rNymjqQuqP1CTGqHKdQ24\",\"https:\\\/\\\/bsky.app\\\/profile\\\/confidencialni.bsky.social\",\"https:\\\/\\\/www.threads.com\\\/@confidencial_ni\"],\"description\":\"En Confidencial hacemos periodismo de investigaci\u00f3n y an\u00e1lisis independiente para Nicaragua y su di\u00e1spora en el mundo. Fundado en 1996\",\"email\":\"info@confidencial.digital\",\"foundingDate\":\"1996-06-01\"},{\"@type\":\"Person\",\"@id\":\"https:\\\/\\\/confidencial.digital\\\/en\\\/#\\\/schema\\\/person\\\/64733b11255c0e9d6b4e93e81a984809\",\"name\":\"Redacci\u00f3n Confidencial\",\"image\":{\"@type\":\"ImageObject\",\"inLanguage\":\"en-US\",\"@id\":\"https:\\\/\\\/confidencial.digital\\\/wp-content\\\/uploads\\\/2024\\\/04\\\/redaccion-confidencial_avatar-96x96.png\",\"url\":\"https:\\\/\\\/confidencial.digital\\\/wp-content\\\/uploads\\\/2024\\\/04\\\/redaccion-confidencial_avatar-96x96.png\",\"contentUrl\":\"https:\\\/\\\/confidencial.digital\\\/wp-content\\\/uploads\\\/2024\\\/04\\\/redaccion-confidencial_avatar-96x96.png\",\"caption\":\"Redacci\u00f3n Confidencial\"},\"description\":\"Confidencial es un diario digital nicarag\u00fcense, de formato multimedia, fundado por Carlos F. Chamorro en junio de 1996. Inici\u00f3 como un semanario impreso y hoy es un medio de referencia regional con informaci\u00f3n, an\u00e1lisis, entrevistas, perfiles, reportajes e investigaciones sobre Nicaragua, informando desde el exilio por la persecuci\u00f3n pol\u00edtica de la dictadura de Daniel Ortega y Rosario Murillo.\",\"sameAs\":[\"https:\\\/\\\/x.com\\\/confidencial_ni\"],\"url\":\"https:\\\/\\\/confidencial.digital\\\/en\\\/author\\\/confidencial-digital\\\/\"}]}<\/script>\n<!-- \/ Yoast SEO Premium plugin. -->","yoast_head_json":{"title":"Leo XIV and its proximity to Nicaragua","description":"The investiture of Pope Leo XIV has generated particular interest due to his closeness to the Catholic Church in Nicaragua.","robots":{"index":"index","follow":"follow","max-snippet":"max-snippet:-1","max-image-preview":"max-image-preview:large","max-video-preview":"max-video-preview:-1"},"canonical":"https:\/\/confidencial.digital\/en\/nation\/pope-leo-xiv-has-shown-his-support-for-nicaragua\/","og_locale":"en_US","og_type":"article","og_title":"Pope Leo XIV Has Shown His Support for Nicaragua","og_description":"The investiture of Pope Leo XIV has generated particular interest due to his closeness to the Catholic Church in Nicaragua.","og_url":"https:\/\/confidencial.digital\/en\/nation\/pope-leo-xiv-has-shown-his-support-for-nicaragua\/","og_site_name":"Confidencial","article_publisher":"https:\/\/www.facebook.com\/confidencial.com.ni","article_published_time":"2025-05-09T08:09:14+00:00","article_modified_time":"2025-05-09T08:38:18+00:00","og_image":[{"width":1920,"height":1279,"url":"https:\/\/confidencial.digital\/wp-content\/uploads\/2025\/05\/e4d5f599780b2722789036c3236a530a0ad9fc77w.jpg","type":"image\/jpeg"}],"author":"Redacci\u00f3n Confidencial","twitter_card":"summary_large_image","twitter_creator":"@confidencial_ni","twitter_site":"@confidencial_ni","twitter_misc":{"Written by":"Redacci\u00f3n Confidencial","Est. reading time":"5 minutes"},"schema":{"@context":"https:\/\/schema.org","@graph":[{"@type":"NewsArticle","@id":"https:\/\/confidencial.digital\/en\/nation\/pope-leo-xiv-has-shown-his-support-for-nicaragua\/#article","isPartOf":{"@id":"https:\/\/confidencial.digital\/en\/nation\/pope-leo-xiv-has-shown-his-support-for-nicaragua\/"},"author":{"name":"Redacci\u00f3n Confidencial","@id":"https:\/\/confidencial.digital\/en\/#\/schema\/person\/64733b11255c0e9d6b4e93e81a984809"},"headline":"Pope Leo XIV Has Shown His Support for Nicaragua","datePublished":"2025-05-09T08:09:14+00:00","dateModified":"2025-05-09T08:38:18+00:00","mainEntityOfPage":{"@id":"https:\/\/confidencial.digital\/en\/nation\/pope-leo-xiv-has-shown-his-support-for-nicaragua\/"},"wordCount":948,"publisher":{"@id":"https:\/\/confidencial.digital\/en\/#organization"},"image":{"@id":"https:\/\/confidencial.digital\/en\/nation\/pope-leo-xiv-has-shown-his-support-for-nicaragua\/#primaryimage"},"thumbnailUrl":"https:\/\/confidencial.digital\/wp-content\/uploads\/2025\/05\/e4d5f599780b2722789036c3236a530a0ad9fc77w.jpg","articleSection":["English","Nation"],"inLanguage":"en-US","copyrightYear":"2025","copyrightHolder":{"@id":"https:\/\/confidencial.digital\/#organization"}},{"@type":"WebPage","@id":"https:\/\/confidencial.digital\/en\/nation\/pope-leo-xiv-has-shown-his-support-for-nicaragua\/","url":"https:\/\/confidencial.digital\/en\/nation\/pope-leo-xiv-has-shown-his-support-for-nicaragua\/","name":"Leo XIV and its proximity to Nicaragua","isPartOf":{"@id":"https:\/\/confidencial.digital\/en\/#website"},"primaryImageOfPage":{"@id":"https:\/\/confidencial.digital\/en\/nation\/pope-leo-xiv-has-shown-his-support-for-nicaragua\/#primaryimage"},"image":{"@id":"https:\/\/confidencial.digital\/en\/nation\/pope-leo-xiv-has-shown-his-support-for-nicaragua\/#primaryimage"},"thumbnailUrl":"https:\/\/confidencial.digital\/wp-content\/uploads\/2025\/05\/e4d5f599780b2722789036c3236a530a0ad9fc77w.jpg","datePublished":"2025-05-09T08:09:14+00:00","dateModified":"2025-05-09T08:38:18+00:00","description":"The investiture of Pope Leo XIV has generated particular interest due to his closeness to the Catholic Church in Nicaragua.","breadcrumb":{"@id":"https:\/\/confidencial.digital\/en\/nation\/pope-leo-xiv-has-shown-his-support-for-nicaragua\/#breadcrumb"},"inLanguage":"en-US","potentialAction":[{"@type":"ReadAction","target":["https:\/\/confidencial.digital\/en\/nation\/pope-leo-xiv-has-shown-his-support-for-nicaragua\/"]}]},{"@type":"ImageObject","inLanguage":"en-US","@id":"https:\/\/confidencial.digital\/en\/nation\/pope-leo-xiv-has-shown-his-support-for-nicaragua\/#primaryimage","url":"https:\/\/confidencial.digital\/wp-content\/uploads\/2025\/05\/e4d5f599780b2722789036c3236a530a0ad9fc77w.jpg","contentUrl":"https:\/\/confidencial.digital\/wp-content\/uploads\/2025\/05\/e4d5f599780b2722789036c3236a530a0ad9fc77w.jpg","width":1920,"height":1279,"caption":"VATICAN CITY (Vatican City State (Holy See)), 08\/05\/2025.- A handout picture provided by the Vatican Media shows newly elected Pope Leo XIV, Cardinal Robert Francis Prevost from the USA, addressing faithfuls from the central loggia of Saint Peter's Basilica, Vatican City, 08 May 2025. (Papa, Cardenal) EFE\/EPA\/VATICAN MEDIA HANDOUT HANDOUT EDITORIAL USE ONLY\/NO SALES"},{"@type":"BreadcrumbList","@id":"https:\/\/confidencial.digital\/en\/nation\/pope-leo-xiv-has-shown-his-support-for-nicaragua\/#breadcrumb","itemListElement":[{"@type":"ListItem","position":1,"name":"Portada","item":"https:\/\/confidencial.digital\/en\/"},{"@type":"ListItem","position":2,"name":"Pope Leo XIV Has Shown His Support for Nicaragua"}]},{"@type":"WebSite","@id":"https:\/\/confidencial.digital\/en\/#website","url":"https:\/\/confidencial.digital\/en\/","name":"Confidencial Nicaragua","description":"Noticias de Nicaragua, informaci\u00f3n, an\u00e1lisis, reportajes, investigaciones, perfiles y entrevistas. Somos Confidencial. Hacemos periodismo independiente.","publisher":{"@id":"https:\/\/confidencial.digital\/en\/#organization"},"potentialAction":[{"@type":"SearchAction","target":{"@type":"EntryPoint","urlTemplate":"https:\/\/confidencial.digital\/en\/?s={search_term_string}"},"query-input":{"@type":"PropertyValueSpecification","valueRequired":true,"valueName":"search_term_string"}}],"inLanguage":"en-US"},{"@type":"Organization","@id":"https:\/\/confidencial.digital\/en\/#organization","name":"Confidencial","url":"https:\/\/confidencial.digital\/en\/","logo":{"@type":"ImageObject","inLanguage":"en-US","@id":"https:\/\/confidencial.digital\/en\/#\/schema\/logo\/image\/","url":"https:\/\/confidencial.digital\/wp-content\/uploads\/2023\/09\/Confidencial_696x696.jpg","contentUrl":"https:\/\/confidencial.digital\/wp-content\/uploads\/2023\/09\/Confidencial_696x696.jpg","width":696,"height":696,"caption":"Confidencial"},"image":{"@id":"https:\/\/confidencial.digital\/en\/#\/schema\/logo\/image\/"},"sameAs":["https:\/\/www.facebook.com\/confidencial.com.ni","https:\/\/x.com\/confidencial_ni","https:\/\/www.youtube.com\/user\/ConfidencialNica","https:\/\/www.instagram.com\/confidencial_ni\/","https:\/\/www.linkedin.com\/company\/confidencial-nicaragua\/","https:\/\/open.spotify.com\/show\/1rNymjqQuqP1CTGqHKdQ24","https:\/\/bsky.app\/profile\/confidencialni.bsky.social","https:\/\/www.threads.com\/@confidencial_ni"],"description":"En Confidencial hacemos periodismo de investigaci\u00f3n y an\u00e1lisis independiente para Nicaragua y su di\u00e1spora en el mundo. Fundado en 1996","email":"info@confidencial.digital","foundingDate":"1996-06-01"},{"@type":"Person","@id":"https:\/\/confidencial.digital\/en\/#\/schema\/person\/64733b11255c0e9d6b4e93e81a984809","name":"Redacci\u00f3n Confidencial","image":{"@type":"ImageObject","inLanguage":"en-US","@id":"https:\/\/confidencial.digital\/wp-content\/uploads\/2024\/04\/redaccion-confidencial_avatar-96x96.png","url":"https:\/\/confidencial.digital\/wp-content\/uploads\/2024\/04\/redaccion-confidencial_avatar-96x96.png","contentUrl":"https:\/\/confidencial.digital\/wp-content\/uploads\/2024\/04\/redaccion-confidencial_avatar-96x96.png","caption":"Redacci\u00f3n Confidencial"},"description":"Confidencial es un diario digital nicarag\u00fcense, de formato multimedia, fundado por Carlos F. Chamorro en junio de 1996. Inici\u00f3 como un semanario impreso y hoy es un medio de referencia regional con informaci\u00f3n, an\u00e1lisis, entrevistas, perfiles, reportajes e investigaciones sobre Nicaragua, informando desde el exilio por la persecuci\u00f3n pol\u00edtica de la dictadura de Daniel Ortega y Rosario Murillo.","sameAs":["https:\/\/x.com\/confidencial_ni"],"url":"https:\/\/confidencial.digital\/en\/author\/confidencial-digital\/"}]}},"_links":{"self":[{"href":"https:\/\/confidencial.digital\/en\/wp-json\/wp\/v2\/posts\/166319","targetHints":{"allow":["GET"]}}],"collection":[{"href":"https:\/\/confidencial.digital\/en\/wp-json\/wp\/v2\/posts"}],"about":[{"href":"https:\/\/confidencial.digital\/en\/wp-json\/wp\/v2\/types\/post"}],"author":[{"embeddable":true,"href":"https:\/\/confidencial.digital\/en\/wp-json\/wp\/v2\/users\/10"}],"replies":[{"embeddable":true,"href":"https:\/\/confidencial.digital\/en\/wp-json\/wp\/v2\/comments?post=166319"}],"version-history":[{"count":1,"href":"https:\/\/confidencial.digital\/en\/wp-json\/wp\/v2\/posts\/166319\/revisions"}],"predecessor-version":[{"id":166320,"href":"https:\/\/confidencial.digital\/en\/wp-json\/wp\/v2\/posts\/166319\/revisions\/166320"}],"wp:featuredmedia":[{"embeddable":true,"href":"https:\/\/confidencial.digital\/en\/wp-json\/wp\/v2\/media\/166289"}],"wp:attachment":[{"href":"https:\/\/confidencial.digital\/en\/wp-json\/wp\/v2\/media?parent=166319"}],"wp:term":[{"taxonomy":"category","embeddable":true,"href":"https:\/\/confidencial.digital\/en\/wp-json\/wp\/v2\/categories?post=166319"},{"taxonomy":"post_tag","embeddable":true,"href":"https:\/\/confidencial.digital\/en\/wp-json\/wp\/v2\/tags?post=166319"}],"curies":[{"name":"wp","href":"https:\/\/api.w.org\/{rel}","templated":true}]}}