{"id":164728,"date":"2025-04-09T01:20:00","date_gmt":"2025-04-09T07:20:00","guid":{"rendered":"https:\/\/confidencial.digital\/sin-categoria\/nicaragua-faces-third-holy-week-with-processions-confined-to-churches\/"},"modified":"2025-04-14T01:22:58","modified_gmt":"2025-04-14T07:22:58","slug":"nicaragua-faces-third-holy-week-with-processions-confined-to-churches","status":"publish","type":"post","link":"https:\/\/confidencial.digital\/en\/english\/nicaragua-faces-third-holy-week-with-processions-confined-to-churches\/","title":{"rendered":"Nicaragua Faces Third Holy Week With Processions Confined to Churches"},"content":{"rendered":"\n<p><em>Aurelio<\/em> is a parish coordinator and works closely with his church priest in organizing the Stations of the Cross. For <em>Marcos<\/em>, who also works in his parish, Holy Week has always been a time of &#8220;reflection&#8221;. <em>Janeth<\/em>, meanwhile, tries to go to the processions with her family, although she regrets that they are now held &#8220;closed&#8221; in the church.  <\/p>\n\n<p>These are the testimonies of three Catholic parishioners who, for the third consecutive year, will experience the Holy Week celebrations with restrictions: <a href=\"https:\/\/confidencial.digital\/nacion\/dictadura-institucionaliza-de-facto-prohibicion-de-procesiones-catolicas\/\">there will be no processions in the streets<\/a>.<\/p>\n\n<p>With the beginning of Lent, on March 7, 2025, several Catholic churches organized what they called the &#8220;first internal Stations of the Cross&#8221;, a tradition that for Catholics marks the beginning of this 40-day period of spiritual preparation prior to Major Week.  <\/p>\n\n<p>Since that date, every Friday, church coordinators have been inviting their parishioners to participate in the parish Stations of the Cross.  <\/p>\n\n<p>Since 2023, the Nicaraguan dictatorship &#8211; which maintains a frontal attack against the Catholic Church &#8211; has prohibited processions in the streets. To date, <a href=\"https:\/\/confidencial.digital\/nacion\/daniel-ortega-ordena-a-la-policia-que-no-salgan-los-santos-a-las-calles\/\">religious activities are still limited<\/a> and only take place indoors, in the gardens or courtyards of the temples.   <\/p>\n\n<p>&#8220;Before we used to go out to the streets and make a tour of the communities, but now we don&#8217;t. We have to do it inside the church, and that diminishes popular religiosity a little, because people liked the procession. Now, we only pray and read the stations (different episodes of Christ&#8217;s passion) inside the church,&#8221; says <em>Marcos<\/em>, 31, who collaborates with the biblical readings of the Stations of the Cross in his church in one of the eastern neighborhoods of Managua.<\/p>\n\n<h2 class=\"wp-block-heading\" id=\"h-policia-mantiene-vigilancia-en-las-parroquias\">Police keep vigilance in the parishes<\/h2>\n\n<p><em>Aurelio<\/em>, 35, is a parish coordinator and is responsible for planning, executing and evaluating activities in his parish in the capital. He says that parishioners are exposed all the time to police and plainclothes people who hang around the church.   <\/p>\n\n<p>&#8220;We already know who are the ones who come in civilian clothes, recently there was a kermesse and we saw them there. They take pictures, they see who is there and what is being done. The priest should provide information so that they are not surprised that they see people entering and leaving the temple, but they stay on Saturdays and Sundays,&#8221; said <em>Aurelio<\/em>.<\/p>\n\n<p>In the last three years, the parishioner adds, they have tried to keep their faith &#8220;intact&#8221; and adapt to the circumstances.  <\/p>\n\n<p>&#8220;Now we have to accommodate ourselves inside a parish and it is not at all comfortable to make a Stations of the Cross inside the church,&#8221; <em>Aurelio<\/em> points out.  <\/p>\n\n<p>This devout Catholic points out that the measure affects more those faithful who, due to illness or advanced age, are unable to get to church and were expecting the Stations of the Cross to pass through their homes.  <\/p>\n\n<h2 class=\"wp-block-heading\" id=\"h-semana-santa-con-14-000-policias-en-las-calles\">Easter Week with 14,000 police officers on the streets<\/h2>\n\n<p>The National Police, the main repressive and spying arm of the dictatorship, will deploy some 14,000 agents during Holy Week, so these parishioners do not rule out that they will continue with their surveillance work in churches.  <\/p>\n\n<p>Unlike previous years, <em>Marcos<\/em> perceives less police surveillance around his church, although he does not rule out that during the Semana Mayor the police will send their agents.  <\/p>\n\n<p>When we started to do them (the Stations of the Cross) inside the church,&#8221; <em>Marcos<\/em>emphasizes <em>, &#8220;<\/em>there was a police presence in the surrounding area, with patrols installed, but this year I have not seen anything. I think it is because they already know that the Stations of the Cross take place inside the church, since they receive a weekly report of the activities.   <\/p>\n\n<p>According to the report by researcher Martha Patricia Molina, entitled <a href=\"https:\/\/iglesiaperseguidani.com\/\"><em>Nicaragua: A persecuted church?<\/em><\/a>during 2024 the regime banned at least 4800 religious activities in the country. Among these activities are important religious traditions such as the Lenten and Holy Week processions, which are an integral part of the culture and devotion of the Nicaraguan people. <\/p>\n\n<p><em>Janeth<\/em> is a 44-year-old housewife from the municipality of La Concepci\u00f3n, Masaya, who likes to participate in the religious activities of Holy Week, but sometimes she thinks that she does not want to attend anymore for fear of being &#8220;booked&#8221;.<\/p>\n\n<p>&#8220;For me, attending processions is a way of expressing my faith and it is what I try to teach my youngest daughter. I don&#8217;t understand why the government keeps persecuting us. It seems unfair to me,&#8221; complains <em>Janeth<\/em>.  <\/p>\n\n<p>Nicaragua ranks among the 78 countries in the world where Christians are not safe from persecution, according to the <a href=\"https:\/\/confidencial.digital\/nacion\/paranoia-dictatorial-de-ortega-y-murillo-contra-cristianos-en-nicaragua\/\">World Persecution List 2025<\/a> prepared by Open Doors, a non-governmental organization based in the Netherlands.<\/p>\n\n<p>In July 2024, the UN Group of Experts on Human Rights in Nicaragua (GHREN), denounced in one of its reports that the dictatorship maintains <a href=\"https:\/\/confidencial.digital\/nacion\/expertos-onu-cometen-violaciones-y-abusos-graves-contra-iglesia-catolica-en-nicaragua\/\">&#8220;systematic&#8221; attacks against the Catholic Church<\/a> and other Christian denominations.  <\/p>\n\n<p>Meanwhile, the United States Commission on International Religious Freedom (Uscirf), in its 2025 report, recommended that the U.S. government list Nicaragua as a <a href=\"https:\/\/www.uscirf.gov\/sites\/default\/files\/2025-03\/2025%20USCIRF%20Annual%20Report.pdf\">&#8220;country of special concern&#8221;.<\/a> <\/p>\n\n<p>In 2024, conditions of religious freedom in Nicaragua &#8220;remained abysmal&#8221; and the dictatorship, Uscirf adds, continued its offensive against religious freedom through arbitrary detention, imprisonment and exile of religious leaders and the faithful, the cancellation of the legal personality of religious organizations, and the harassment and intimidation of the faithful.<\/p>\n","protected":false},"excerpt":{"rendered":"<p>Aurelio is a parish coordinator and works closely with his church priest in organizing the Stations of the Cross. For Marcos, who also works in his parish, Holy Week has always been a time of &#8220;reflection&#8221;. Janeth, meanwhile, tries to go to the processions with her family, although she regrets that they are now held [&hellip;]<\/p>\n","protected":false},"author":10,"featured_media":164471,"comment_status":"closed","ping_status":"closed","sticky":false,"template":"","format":"standard","meta":{"_acf_changed":false,"_eb_attr":"","_eb_data_table":"","footnotes":""},"categories":[15445],"tags":[],"class_list":["post-164728","post","type-post","status-publish","format-standard","has-post-thumbnail","hentry","category-english"],"acf":[],"yoast_head":"<!-- This site is optimized with the Yoast SEO Premium plugin v27.4 (Yoast SEO v27.4) - https:\/\/yoast.com\/product\/yoast-seo-premium-wordpress\/ -->\n<title>Nicaragua to experience another Holy Week without processions in the streets<\/title>\n<meta name=\"description\" content=\"Dictatorship bans Catholic celebrations from 2023, while maintaining surveillance and police spying in churches\" \/>\n<meta name=\"robots\" content=\"index, follow, max-snippet:-1, max-image-preview:large, max-video-preview:-1\" \/>\n<link rel=\"canonical\" href=\"https:\/\/confidencial.digital\/en\/english\/nicaragua-faces-third-holy-week-with-processions-confined-to-churches\/\" \/>\n<meta property=\"og:locale\" content=\"en_US\" \/>\n<meta property=\"og:type\" content=\"article\" \/>\n<meta property=\"og:title\" content=\"Nicaragua Faces Third Holy Week With Processions Confined to Churches\" \/>\n<meta property=\"og:description\" content=\"Dictatorship bans Catholic celebrations from 2023, while maintaining surveillance and police spying in churches\" \/>\n<meta property=\"og:url\" content=\"https:\/\/confidencial.digital\/en\/english\/nicaragua-faces-third-holy-week-with-processions-confined-to-churches\/\" \/>\n<meta property=\"og:site_name\" content=\"Confidencial\" \/>\n<meta property=\"article:publisher\" content=\"https:\/\/www.facebook.com\/confidencial.com.ni\" \/>\n<meta property=\"article:published_time\" content=\"2025-04-09T07:20:00+00:00\" \/>\n<meta property=\"article:modified_time\" content=\"2025-04-14T07:22:58+00:00\" \/>\n<meta property=\"og:image\" content=\"https:\/\/confidencial.digital\/wp-content\/uploads\/2025\/04\/CATEDRAL2.jpg\" \/>\n\t<meta property=\"og:image:width\" content=\"2048\" \/>\n\t<meta property=\"og:image:height\" content=\"1365\" \/>\n\t<meta property=\"og:image:type\" content=\"image\/jpeg\" \/>\n<meta name=\"author\" content=\"Redacci\u00f3n Confidencial\" \/>\n<meta name=\"twitter:card\" content=\"summary_large_image\" \/>\n<meta name=\"twitter:creator\" content=\"@confidencial_ni\" \/>\n<meta name=\"twitter:site\" content=\"@confidencial_ni\" \/>\n<meta name=\"twitter:label1\" content=\"Written by\" \/>\n\t<meta name=\"twitter:data1\" content=\"Redacci\u00f3n Confidencial\" \/>\n\t<meta name=\"twitter:label2\" content=\"Est. reading time\" \/>\n\t<meta name=\"twitter:data2\" content=\"4 minutes\" \/>\n<script type=\"application\/ld+json\" class=\"yoast-schema-graph\">{\"@context\":\"https:\\\/\\\/schema.org\",\"@graph\":[{\"@type\":\"NewsArticle\",\"@id\":\"https:\\\/\\\/confidencial.digital\\\/en\\\/english\\\/nicaragua-faces-third-holy-week-with-processions-confined-to-churches\\\/#article\",\"isPartOf\":{\"@id\":\"https:\\\/\\\/confidencial.digital\\\/en\\\/english\\\/nicaragua-faces-third-holy-week-with-processions-confined-to-churches\\\/\"},\"author\":{\"name\":\"Redacci\u00f3n Confidencial\",\"@id\":\"https:\\\/\\\/confidencial.digital\\\/en\\\/#\\\/schema\\\/person\\\/64733b11255c0e9d6b4e93e81a984809\"},\"headline\":\"Nicaragua Faces Third Holy Week With Processions Confined to Churches\",\"datePublished\":\"2025-04-09T07:20:00+00:00\",\"dateModified\":\"2025-04-14T07:22:58+00:00\",\"mainEntityOfPage\":{\"@id\":\"https:\\\/\\\/confidencial.digital\\\/en\\\/english\\\/nicaragua-faces-third-holy-week-with-processions-confined-to-churches\\\/\"},\"wordCount\":888,\"publisher\":{\"@id\":\"https:\\\/\\\/confidencial.digital\\\/en\\\/#organization\"},\"image\":{\"@id\":\"https:\\\/\\\/confidencial.digital\\\/en\\\/english\\\/nicaragua-faces-third-holy-week-with-processions-confined-to-churches\\\/#primaryimage\"},\"thumbnailUrl\":\"https:\\\/\\\/confidencial.digital\\\/wp-content\\\/uploads\\\/2025\\\/04\\\/CATEDRAL2.jpg\",\"articleSection\":[\"English\"],\"inLanguage\":\"en-US\",\"copyrightYear\":\"2025\",\"copyrightHolder\":{\"@id\":\"https:\\\/\\\/confidencial.digital\\\/#organization\"}},{\"@type\":\"WebPage\",\"@id\":\"https:\\\/\\\/confidencial.digital\\\/en\\\/english\\\/nicaragua-faces-third-holy-week-with-processions-confined-to-churches\\\/\",\"url\":\"https:\\\/\\\/confidencial.digital\\\/en\\\/english\\\/nicaragua-faces-third-holy-week-with-processions-confined-to-churches\\\/\",\"name\":\"Nicaragua to experience another Holy Week without processions in the streets\",\"isPartOf\":{\"@id\":\"https:\\\/\\\/confidencial.digital\\\/en\\\/#website\"},\"primaryImageOfPage\":{\"@id\":\"https:\\\/\\\/confidencial.digital\\\/en\\\/english\\\/nicaragua-faces-third-holy-week-with-processions-confined-to-churches\\\/#primaryimage\"},\"image\":{\"@id\":\"https:\\\/\\\/confidencial.digital\\\/en\\\/english\\\/nicaragua-faces-third-holy-week-with-processions-confined-to-churches\\\/#primaryimage\"},\"thumbnailUrl\":\"https:\\\/\\\/confidencial.digital\\\/wp-content\\\/uploads\\\/2025\\\/04\\\/CATEDRAL2.jpg\",\"datePublished\":\"2025-04-09T07:20:00+00:00\",\"dateModified\":\"2025-04-14T07:22:58+00:00\",\"description\":\"Dictatorship bans Catholic celebrations from 2023, while maintaining surveillance and police spying in churches\",\"breadcrumb\":{\"@id\":\"https:\\\/\\\/confidencial.digital\\\/en\\\/english\\\/nicaragua-faces-third-holy-week-with-processions-confined-to-churches\\\/#breadcrumb\"},\"inLanguage\":\"en-US\",\"potentialAction\":[{\"@type\":\"ReadAction\",\"target\":[\"https:\\\/\\\/confidencial.digital\\\/en\\\/english\\\/nicaragua-faces-third-holy-week-with-processions-confined-to-churches\\\/\"]}]},{\"@type\":\"ImageObject\",\"inLanguage\":\"en-US\",\"@id\":\"https:\\\/\\\/confidencial.digital\\\/en\\\/english\\\/nicaragua-faces-third-holy-week-with-processions-confined-to-churches\\\/#primaryimage\",\"url\":\"https:\\\/\\\/confidencial.digital\\\/wp-content\\\/uploads\\\/2025\\\/04\\\/CATEDRAL2.jpg\",\"contentUrl\":\"https:\\\/\\\/confidencial.digital\\\/wp-content\\\/uploads\\\/2025\\\/04\\\/CATEDRAL2.jpg\",\"width\":2048,\"height\":1365,\"caption\":\"Durante 2024 el r\u00e9gimen prohibi\u00f3 al menos 4800 actividades religiosas en el pa\u00eds. Foto: Tomada\"},{\"@type\":\"BreadcrumbList\",\"@id\":\"https:\\\/\\\/confidencial.digital\\\/en\\\/english\\\/nicaragua-faces-third-holy-week-with-processions-confined-to-churches\\\/#breadcrumb\",\"itemListElement\":[{\"@type\":\"ListItem\",\"position\":1,\"name\":\"Portada\",\"item\":\"https:\\\/\\\/confidencial.digital\\\/en\\\/\"},{\"@type\":\"ListItem\",\"position\":2,\"name\":\"Nicaragua Faces Third Holy Week With Processions Confined to Churches\"}]},{\"@type\":\"WebSite\",\"@id\":\"https:\\\/\\\/confidencial.digital\\\/en\\\/#website\",\"url\":\"https:\\\/\\\/confidencial.digital\\\/en\\\/\",\"name\":\"Confidencial Nicaragua\",\"description\":\"Noticias de Nicaragua, informaci\u00f3n, an\u00e1lisis, reportajes, investigaciones, perfiles y entrevistas. Somos Confidencial. Hacemos periodismo independiente.\",\"publisher\":{\"@id\":\"https:\\\/\\\/confidencial.digital\\\/en\\\/#organization\"},\"potentialAction\":[{\"@type\":\"SearchAction\",\"target\":{\"@type\":\"EntryPoint\",\"urlTemplate\":\"https:\\\/\\\/confidencial.digital\\\/en\\\/?s={search_term_string}\"},\"query-input\":{\"@type\":\"PropertyValueSpecification\",\"valueRequired\":true,\"valueName\":\"search_term_string\"}}],\"inLanguage\":\"en-US\"},{\"@type\":\"Organization\",\"@id\":\"https:\\\/\\\/confidencial.digital\\\/en\\\/#organization\",\"name\":\"Confidencial\",\"url\":\"https:\\\/\\\/confidencial.digital\\\/en\\\/\",\"logo\":{\"@type\":\"ImageObject\",\"inLanguage\":\"en-US\",\"@id\":\"https:\\\/\\\/confidencial.digital\\\/en\\\/#\\\/schema\\\/logo\\\/image\\\/\",\"url\":\"https:\\\/\\\/confidencial.digital\\\/wp-content\\\/uploads\\\/2023\\\/09\\\/Confidencial_696x696.jpg\",\"contentUrl\":\"https:\\\/\\\/confidencial.digital\\\/wp-content\\\/uploads\\\/2023\\\/09\\\/Confidencial_696x696.jpg\",\"width\":696,\"height\":696,\"caption\":\"Confidencial\"},\"image\":{\"@id\":\"https:\\\/\\\/confidencial.digital\\\/en\\\/#\\\/schema\\\/logo\\\/image\\\/\"},\"sameAs\":[\"https:\\\/\\\/www.facebook.com\\\/confidencial.com.ni\",\"https:\\\/\\\/x.com\\\/confidencial_ni\",\"https:\\\/\\\/www.youtube.com\\\/user\\\/ConfidencialNica\",\"https:\\\/\\\/www.instagram.com\\\/confidencial_ni\\\/\",\"https:\\\/\\\/www.linkedin.com\\\/company\\\/confidencial-nicaragua\\\/\",\"https:\\\/\\\/open.spotify.com\\\/show\\\/1rNymjqQuqP1CTGqHKdQ24\",\"https:\\\/\\\/bsky.app\\\/profile\\\/confidencialni.bsky.social\",\"https:\\\/\\\/www.threads.com\\\/@confidencial_ni\"],\"description\":\"En Confidencial hacemos periodismo de investigaci\u00f3n y an\u00e1lisis independiente para Nicaragua y su di\u00e1spora en el mundo. Fundado en 1996\",\"email\":\"info@confidencial.digital\",\"foundingDate\":\"1996-06-01\"},{\"@type\":\"Person\",\"@id\":\"https:\\\/\\\/confidencial.digital\\\/en\\\/#\\\/schema\\\/person\\\/64733b11255c0e9d6b4e93e81a984809\",\"name\":\"Redacci\u00f3n Confidencial\",\"image\":{\"@type\":\"ImageObject\",\"inLanguage\":\"en-US\",\"@id\":\"https:\\\/\\\/confidencial.digital\\\/wp-content\\\/uploads\\\/2024\\\/04\\\/redaccion-confidencial_avatar-96x96.png\",\"url\":\"https:\\\/\\\/confidencial.digital\\\/wp-content\\\/uploads\\\/2024\\\/04\\\/redaccion-confidencial_avatar-96x96.png\",\"contentUrl\":\"https:\\\/\\\/confidencial.digital\\\/wp-content\\\/uploads\\\/2024\\\/04\\\/redaccion-confidencial_avatar-96x96.png\",\"caption\":\"Redacci\u00f3n Confidencial\"},\"description\":\"Confidencial es un diario digital nicarag\u00fcense, de formato multimedia, fundado por Carlos F. Chamorro en junio de 1996. Inici\u00f3 como un semanario impreso y hoy es un medio de referencia regional con informaci\u00f3n, an\u00e1lisis, entrevistas, perfiles, reportajes e investigaciones sobre Nicaragua, informando desde el exilio por la persecuci\u00f3n pol\u00edtica de la dictadura de Daniel Ortega y Rosario Murillo.\",\"sameAs\":[\"https:\\\/\\\/x.com\\\/confidencial_ni\"],\"url\":\"https:\\\/\\\/confidencial.digital\\\/en\\\/author\\\/confidencial-digital\\\/\"}]}<\/script>\n<!-- \/ Yoast SEO Premium plugin. -->","yoast_head_json":{"title":"Nicaragua to experience another Holy Week without processions in the streets","description":"Dictatorship bans Catholic celebrations from 2023, while maintaining surveillance and police spying in churches","robots":{"index":"index","follow":"follow","max-snippet":"max-snippet:-1","max-image-preview":"max-image-preview:large","max-video-preview":"max-video-preview:-1"},"canonical":"https:\/\/confidencial.digital\/en\/english\/nicaragua-faces-third-holy-week-with-processions-confined-to-churches\/","og_locale":"en_US","og_type":"article","og_title":"Nicaragua Faces Third Holy Week With Processions Confined to Churches","og_description":"Dictatorship bans Catholic celebrations from 2023, while maintaining surveillance and police spying in churches","og_url":"https:\/\/confidencial.digital\/en\/english\/nicaragua-faces-third-holy-week-with-processions-confined-to-churches\/","og_site_name":"Confidencial","article_publisher":"https:\/\/www.facebook.com\/confidencial.com.ni","article_published_time":"2025-04-09T07:20:00+00:00","article_modified_time":"2025-04-14T07:22:58+00:00","og_image":[{"width":2048,"height":1365,"url":"https:\/\/confidencial.digital\/wp-content\/uploads\/2025\/04\/CATEDRAL2.jpg","type":"image\/jpeg"}],"author":"Redacci\u00f3n Confidencial","twitter_card":"summary_large_image","twitter_creator":"@confidencial_ni","twitter_site":"@confidencial_ni","twitter_misc":{"Written by":"Redacci\u00f3n Confidencial","Est. reading time":"4 minutes"},"schema":{"@context":"https:\/\/schema.org","@graph":[{"@type":"NewsArticle","@id":"https:\/\/confidencial.digital\/en\/english\/nicaragua-faces-third-holy-week-with-processions-confined-to-churches\/#article","isPartOf":{"@id":"https:\/\/confidencial.digital\/en\/english\/nicaragua-faces-third-holy-week-with-processions-confined-to-churches\/"},"author":{"name":"Redacci\u00f3n Confidencial","@id":"https:\/\/confidencial.digital\/en\/#\/schema\/person\/64733b11255c0e9d6b4e93e81a984809"},"headline":"Nicaragua Faces Third Holy Week With Processions Confined to Churches","datePublished":"2025-04-09T07:20:00+00:00","dateModified":"2025-04-14T07:22:58+00:00","mainEntityOfPage":{"@id":"https:\/\/confidencial.digital\/en\/english\/nicaragua-faces-third-holy-week-with-processions-confined-to-churches\/"},"wordCount":888,"publisher":{"@id":"https:\/\/confidencial.digital\/en\/#organization"},"image":{"@id":"https:\/\/confidencial.digital\/en\/english\/nicaragua-faces-third-holy-week-with-processions-confined-to-churches\/#primaryimage"},"thumbnailUrl":"https:\/\/confidencial.digital\/wp-content\/uploads\/2025\/04\/CATEDRAL2.jpg","articleSection":["English"],"inLanguage":"en-US","copyrightYear":"2025","copyrightHolder":{"@id":"https:\/\/confidencial.digital\/#organization"}},{"@type":"WebPage","@id":"https:\/\/confidencial.digital\/en\/english\/nicaragua-faces-third-holy-week-with-processions-confined-to-churches\/","url":"https:\/\/confidencial.digital\/en\/english\/nicaragua-faces-third-holy-week-with-processions-confined-to-churches\/","name":"Nicaragua to experience another Holy Week without processions in the streets","isPartOf":{"@id":"https:\/\/confidencial.digital\/en\/#website"},"primaryImageOfPage":{"@id":"https:\/\/confidencial.digital\/en\/english\/nicaragua-faces-third-holy-week-with-processions-confined-to-churches\/#primaryimage"},"image":{"@id":"https:\/\/confidencial.digital\/en\/english\/nicaragua-faces-third-holy-week-with-processions-confined-to-churches\/#primaryimage"},"thumbnailUrl":"https:\/\/confidencial.digital\/wp-content\/uploads\/2025\/04\/CATEDRAL2.jpg","datePublished":"2025-04-09T07:20:00+00:00","dateModified":"2025-04-14T07:22:58+00:00","description":"Dictatorship bans Catholic celebrations from 2023, while maintaining surveillance and police spying in churches","breadcrumb":{"@id":"https:\/\/confidencial.digital\/en\/english\/nicaragua-faces-third-holy-week-with-processions-confined-to-churches\/#breadcrumb"},"inLanguage":"en-US","potentialAction":[{"@type":"ReadAction","target":["https:\/\/confidencial.digital\/en\/english\/nicaragua-faces-third-holy-week-with-processions-confined-to-churches\/"]}]},{"@type":"ImageObject","inLanguage":"en-US","@id":"https:\/\/confidencial.digital\/en\/english\/nicaragua-faces-third-holy-week-with-processions-confined-to-churches\/#primaryimage","url":"https:\/\/confidencial.digital\/wp-content\/uploads\/2025\/04\/CATEDRAL2.jpg","contentUrl":"https:\/\/confidencial.digital\/wp-content\/uploads\/2025\/04\/CATEDRAL2.jpg","width":2048,"height":1365,"caption":"Durante 2024 el r\u00e9gimen prohibi\u00f3 al menos 4800 actividades religiosas en el pa\u00eds. Foto: Tomada"},{"@type":"BreadcrumbList","@id":"https:\/\/confidencial.digital\/en\/english\/nicaragua-faces-third-holy-week-with-processions-confined-to-churches\/#breadcrumb","itemListElement":[{"@type":"ListItem","position":1,"name":"Portada","item":"https:\/\/confidencial.digital\/en\/"},{"@type":"ListItem","position":2,"name":"Nicaragua Faces Third Holy Week With Processions Confined to Churches"}]},{"@type":"WebSite","@id":"https:\/\/confidencial.digital\/en\/#website","url":"https:\/\/confidencial.digital\/en\/","name":"Confidencial Nicaragua","description":"Noticias de Nicaragua, informaci\u00f3n, an\u00e1lisis, reportajes, investigaciones, perfiles y entrevistas. Somos Confidencial. Hacemos periodismo independiente.","publisher":{"@id":"https:\/\/confidencial.digital\/en\/#organization"},"potentialAction":[{"@type":"SearchAction","target":{"@type":"EntryPoint","urlTemplate":"https:\/\/confidencial.digital\/en\/?s={search_term_string}"},"query-input":{"@type":"PropertyValueSpecification","valueRequired":true,"valueName":"search_term_string"}}],"inLanguage":"en-US"},{"@type":"Organization","@id":"https:\/\/confidencial.digital\/en\/#organization","name":"Confidencial","url":"https:\/\/confidencial.digital\/en\/","logo":{"@type":"ImageObject","inLanguage":"en-US","@id":"https:\/\/confidencial.digital\/en\/#\/schema\/logo\/image\/","url":"https:\/\/confidencial.digital\/wp-content\/uploads\/2023\/09\/Confidencial_696x696.jpg","contentUrl":"https:\/\/confidencial.digital\/wp-content\/uploads\/2023\/09\/Confidencial_696x696.jpg","width":696,"height":696,"caption":"Confidencial"},"image":{"@id":"https:\/\/confidencial.digital\/en\/#\/schema\/logo\/image\/"},"sameAs":["https:\/\/www.facebook.com\/confidencial.com.ni","https:\/\/x.com\/confidencial_ni","https:\/\/www.youtube.com\/user\/ConfidencialNica","https:\/\/www.instagram.com\/confidencial_ni\/","https:\/\/www.linkedin.com\/company\/confidencial-nicaragua\/","https:\/\/open.spotify.com\/show\/1rNymjqQuqP1CTGqHKdQ24","https:\/\/bsky.app\/profile\/confidencialni.bsky.social","https:\/\/www.threads.com\/@confidencial_ni"],"description":"En Confidencial hacemos periodismo de investigaci\u00f3n y an\u00e1lisis independiente para Nicaragua y su di\u00e1spora en el mundo. Fundado en 1996","email":"info@confidencial.digital","foundingDate":"1996-06-01"},{"@type":"Person","@id":"https:\/\/confidencial.digital\/en\/#\/schema\/person\/64733b11255c0e9d6b4e93e81a984809","name":"Redacci\u00f3n Confidencial","image":{"@type":"ImageObject","inLanguage":"en-US","@id":"https:\/\/confidencial.digital\/wp-content\/uploads\/2024\/04\/redaccion-confidencial_avatar-96x96.png","url":"https:\/\/confidencial.digital\/wp-content\/uploads\/2024\/04\/redaccion-confidencial_avatar-96x96.png","contentUrl":"https:\/\/confidencial.digital\/wp-content\/uploads\/2024\/04\/redaccion-confidencial_avatar-96x96.png","caption":"Redacci\u00f3n Confidencial"},"description":"Confidencial es un diario digital nicarag\u00fcense, de formato multimedia, fundado por Carlos F. Chamorro en junio de 1996. Inici\u00f3 como un semanario impreso y hoy es un medio de referencia regional con informaci\u00f3n, an\u00e1lisis, entrevistas, perfiles, reportajes e investigaciones sobre Nicaragua, informando desde el exilio por la persecuci\u00f3n pol\u00edtica de la dictadura de Daniel Ortega y Rosario Murillo.","sameAs":["https:\/\/x.com\/confidencial_ni"],"url":"https:\/\/confidencial.digital\/en\/author\/confidencial-digital\/"}]}},"_links":{"self":[{"href":"https:\/\/confidencial.digital\/en\/wp-json\/wp\/v2\/posts\/164728","targetHints":{"allow":["GET"]}}],"collection":[{"href":"https:\/\/confidencial.digital\/en\/wp-json\/wp\/v2\/posts"}],"about":[{"href":"https:\/\/confidencial.digital\/en\/wp-json\/wp\/v2\/types\/post"}],"author":[{"embeddable":true,"href":"https:\/\/confidencial.digital\/en\/wp-json\/wp\/v2\/users\/10"}],"replies":[{"embeddable":true,"href":"https:\/\/confidencial.digital\/en\/wp-json\/wp\/v2\/comments?post=164728"}],"version-history":[{"count":1,"href":"https:\/\/confidencial.digital\/en\/wp-json\/wp\/v2\/posts\/164728\/revisions"}],"predecessor-version":[{"id":164729,"href":"https:\/\/confidencial.digital\/en\/wp-json\/wp\/v2\/posts\/164728\/revisions\/164729"}],"wp:featuredmedia":[{"embeddable":true,"href":"https:\/\/confidencial.digital\/en\/wp-json\/wp\/v2\/media\/164471"}],"wp:attachment":[{"href":"https:\/\/confidencial.digital\/en\/wp-json\/wp\/v2\/media?parent=164728"}],"wp:term":[{"taxonomy":"category","embeddable":true,"href":"https:\/\/confidencial.digital\/en\/wp-json\/wp\/v2\/categories?post=164728"},{"taxonomy":"post_tag","embeddable":true,"href":"https:\/\/confidencial.digital\/en\/wp-json\/wp\/v2\/tags?post=164728"}],"curies":[{"name":"wp","href":"https:\/\/api.w.org\/{rel}","templated":true}]}}