{"id":139394,"date":"2025-04-04T16:05:09","date_gmt":"2025-04-04T22:05:09","guid":{"rendered":"https:\/\/confidencial.digital\/sin-categoria\/bishop-baez-demands-prosecution-of-ortega-murillo-and-top-officials-after-ghren-report\/"},"modified":"2025-04-08T09:14:52","modified_gmt":"2025-04-08T15:14:52","slug":"bishop-baez-demands-prosecution-of-ortega-murillo-and-top-officials-after-ghren-report","status":"publish","type":"post","link":"https:\/\/confidencial.digital\/en\/english\/bishop-baez-demands-prosecution-of-ortega-murillo-and-top-officials-after-ghren-report\/","title":{"rendered":"Bishop B\u00e1ez demands prosecution of Ortega, Murillo and top officials after GHREN report"},"content":{"rendered":"\n<p>The auxiliary bishop of Managua, Silvio B\u00e1ez, currently in exile, asked this Friday, April 4, 2025, to prosecute Nicaraguan co-presidents and husband and wife, Daniel Ortega and Rosario Murillo, as well as 52 other high-ranking officials who <a href=\"https:\/\/confidencial.digital\/en\/english\/ghren-identifies-54-senior-officials-responsible-for-repression-in-nicaragua\/\">were identified by the Group of Experts<\/a> on Human Rights on Nicaragua, created by the UN, as responsible for violations and crimes in Nicaragua since 2018.<\/p>\n\n<p>&#8220;Now that the names and surnames of those who have brutally and shamelessly repressed the people of Nicaragua are known, the demand for justice is greater and more urgent,&#8221; demanded the Catholic leader, very critical of Ortega and Murillo, through his social networks.<\/p>\n\n<figure class=\"wp-block-embed is-type-rich is-provider-twitter wp-block-embed-twitter\"><div class=\"wp-block-embed__wrapper\">\n<blockquote class=\"twitter-tweet\" data-width=\"500\" data-dnt=\"true\"><p lang=\"es\" dir=\"ltr\">Al conocer los nombres y apellidos de quienes con brutalidad y desverg\u00fcenza han reprimido al pueblo de <a href=\"https:\/\/twitter.com\/hashtag\/Nicaragua?src=hash&amp;ref_src=twsrc%5Etfw\">#Nicaragua<\/a>, la exigencia de justicia es mayor y m\u00e1s urgente. Demasiado dolor, humillaci\u00f3n y muerte han provocado. Cada uno de ellos debe ser procesado y pagar por sus cr\u00edmenes.<\/p>&mdash; Silvio Jos\u00e9 B\u00e1ez (@silviojbaez) <a href=\"https:\/\/twitter.com\/silviojbaez\/status\/1907839237174489484?ref_src=twsrc%5Etfw\">April 3, 2025<\/a><\/blockquote><script async src=\"https:\/\/platform.twitter.com\/widgets.js\" charset=\"utf-8\"><\/script>\n<\/div><\/figure>\n\n<p>Bishop Silvio B\u00e1ez, whom Pope Francis ordered to leave Nicaragua in 2019 for security reasons, considered that Ortega, 79 years old and in power since 2007, together with Murillo and the top officials, &#8220;have caused too much pain, humiliation and death&#8221; in the Central American country.<\/p>\n\n<p>&#8220;Each one of them must be prosecuted and pay for their crimes,&#8221; sentenced the religious man, who resides in the United States and whom the authorities declared a &#8220;traitor to the homeland&#8221; and stripped of his nationality in February 2023.<\/p>\n\n<h2 class=\"wp-block-heading\" id=\"h-nombres-y-apellidos-de-los-represores-orteguistas\">Names and surnames of Ortega&#8217;s repressors<\/h2>\n\n<p>The list is based on a 234-page report presented the day before by the group of experts, which includes organization charts on <a href=\"https:\/\/confidencial.digital\/nacion\/militares-desplegaron-francotiradores-e-infiltraron-manifestaciones-en-las-protestas-de-abril\/\">the repressive system of the Sandinista government<\/a>, headed by the couple formed by Ortega and Murillo, co-presidents since the constitutional reform of February.<\/p>\n\n<p>The list includes authorities such as the head of the Army, Julio C\u00e9sar Avil\u00e9s, the acting president of the Supreme Court of Justice, Marvin Aguilar, the general director of the Police, Francisco D\u00edaz, and the head of the National Assembly, Gustavo Porras.<\/p>\n\n<p>The 54 individuals cited, according to the group of experts, allegedly played key roles in relation to arbitrary detentions, torture, extrajudicial executions, persecution of civil society and the media, as well as other crimes that in some cases could be considered crimes against humanity.<\/p>\n\n<p>The list is published weeks after the group of experts presented another report to the UN Human Rights Council on February 28, 2025, denouncing multiple abuses by the Nicaraguan regime.<\/p>\n\n<p>Nicaragua even withdrew from the Human Rights Council on February 27, a month in which it also announced its withdrawal from agencies such as the International Labor Organization (ILO), the International Organization for Migration (IOM) and the Food and Agriculture Organization of the United Nations (FAO).<\/p>\n","protected":false},"excerpt":{"rendered":"<p>The auxiliary bishop of Managua, Silvio B\u00e1ez, currently in exile, asked this Friday, April 4, 2025, to prosecute Nicaraguan co-presidents and husband and wife, Daniel Ortega and Rosario Murillo, as well as 52 other high-ranking officials who were identified by the Group of Experts on Human Rights on Nicaragua, created by the UN, as responsible [&hellip;]<\/p>\n","protected":false},"author":12,"featured_media":139395,"comment_status":"closed","ping_status":"closed","sticky":false,"template":"","format":"standard","meta":{"_acf_changed":false,"_eb_attr":"","_eb_data_table":"","footnotes":""},"categories":[15445],"tags":[],"class_list":["post-139394","post","type-post","status-publish","format-standard","has-post-thumbnail","hentry","category-english"],"acf":[],"yoast_head":"<!-- This site is optimized with the Yoast SEO Premium plugin v27.4 (Yoast SEO v27.4) - https:\/\/yoast.com\/product\/yoast-seo-premium-wordpress\/ -->\n<title>Bishop Silvio Baez demands prosecution of Ortega and Murillo<\/title>\n<meta name=\"description\" content=\"Bishop Silvio B\u00e1ez affirms that knowing the names and surnames of repressors, &quot;the demand for justice is greater and more urgent&quot;.\" \/>\n<meta name=\"robots\" content=\"index, follow, max-snippet:-1, max-image-preview:large, max-video-preview:-1\" \/>\n<link rel=\"canonical\" href=\"https:\/\/confidencial.digital\/en\/english\/bishop-baez-demands-prosecution-of-ortega-murillo-and-top-officials-after-ghren-report\/\" \/>\n<meta property=\"og:locale\" content=\"en_US\" \/>\n<meta property=\"og:type\" content=\"article\" \/>\n<meta property=\"og:title\" content=\"Bishop B\u00e1ez demands prosecution of Ortega, Murillo and top officials after GHREN report\" \/>\n<meta property=\"og:description\" content=\"Bishop Silvio B\u00e1ez affirms that knowing the names and surnames of repressors, &quot;the demand for justice is greater and more urgent&quot;.\" \/>\n<meta property=\"og:url\" content=\"https:\/\/confidencial.digital\/en\/english\/bishop-baez-demands-prosecution-of-ortega-murillo-and-top-officials-after-ghren-report\/\" \/>\n<meta property=\"og:site_name\" content=\"Confidencial\" \/>\n<meta property=\"article:publisher\" content=\"https:\/\/www.facebook.com\/confidencial.com.ni\" \/>\n<meta property=\"article:published_time\" content=\"2025-04-04T22:05:09+00:00\" \/>\n<meta property=\"article:modified_time\" content=\"2025-04-08T15:14:52+00:00\" \/>\n<meta property=\"og:image\" content=\"https:\/\/confidencial.digital\/wp-content\/uploads\/2023\/07\/WhatsApp-Image-2023-07-16-at-1.13.48-PM.jpeg\" \/>\n\t<meta property=\"og:image:width\" content=\"1600\" \/>\n\t<meta property=\"og:image:height\" content=\"928\" \/>\n\t<meta property=\"og:image:type\" content=\"image\/jpeg\" \/>\n<meta name=\"author\" content=\"Agencia EFE\" \/>\n<meta name=\"twitter:card\" content=\"summary_large_image\" \/>\n<meta name=\"twitter:creator\" content=\"@efenoticias\" \/>\n<meta name=\"twitter:site\" content=\"@confidencial_ni\" \/>\n<meta name=\"twitter:label1\" content=\"Written by\" \/>\n\t<meta name=\"twitter:data1\" content=\"Agencia EFE\" \/>\n\t<meta name=\"twitter:label2\" content=\"Est. reading time\" \/>\n\t<meta name=\"twitter:data2\" content=\"2 minutes\" \/>\n<script type=\"application\/ld+json\" class=\"yoast-schema-graph\">{\"@context\":\"https:\\\/\\\/schema.org\",\"@graph\":[{\"@type\":\"NewsArticle\",\"@id\":\"https:\\\/\\\/confidencial.digital\\\/en\\\/english\\\/bishop-baez-demands-prosecution-of-ortega-murillo-and-top-officials-after-ghren-report\\\/#article\",\"isPartOf\":{\"@id\":\"https:\\\/\\\/confidencial.digital\\\/en\\\/english\\\/bishop-baez-demands-prosecution-of-ortega-murillo-and-top-officials-after-ghren-report\\\/\"},\"author\":{\"name\":\"Agencia EFE\",\"@id\":\"https:\\\/\\\/confidencial.digital\\\/en\\\/#\\\/schema\\\/person\\\/02642e81a534005c3df18e99da2044dd\"},\"headline\":\"Bishop B\u00e1ez demands prosecution of Ortega, Murillo and top officials after GHREN report\",\"datePublished\":\"2025-04-04T22:05:09+00:00\",\"dateModified\":\"2025-04-08T15:14:52+00:00\",\"mainEntityOfPage\":{\"@id\":\"https:\\\/\\\/confidencial.digital\\\/en\\\/english\\\/bishop-baez-demands-prosecution-of-ortega-murillo-and-top-officials-after-ghren-report\\\/\"},\"wordCount\":417,\"publisher\":{\"@id\":\"https:\\\/\\\/confidencial.digital\\\/en\\\/#organization\"},\"image\":{\"@id\":\"https:\\\/\\\/confidencial.digital\\\/en\\\/english\\\/bishop-baez-demands-prosecution-of-ortega-murillo-and-top-officials-after-ghren-report\\\/#primaryimage\"},\"thumbnailUrl\":\"https:\\\/\\\/confidencial.digital\\\/wp-content\\\/uploads\\\/2023\\\/07\\\/WhatsApp-Image-2023-07-16-at-1.13.48-PM.jpeg\",\"articleSection\":[\"English\"],\"inLanguage\":\"en-US\",\"copyrightYear\":\"2025\",\"copyrightHolder\":{\"@id\":\"https:\\\/\\\/confidencial.digital\\\/#organization\"}},{\"@type\":\"WebPage\",\"@id\":\"https:\\\/\\\/confidencial.digital\\\/en\\\/english\\\/bishop-baez-demands-prosecution-of-ortega-murillo-and-top-officials-after-ghren-report\\\/\",\"url\":\"https:\\\/\\\/confidencial.digital\\\/en\\\/english\\\/bishop-baez-demands-prosecution-of-ortega-murillo-and-top-officials-after-ghren-report\\\/\",\"name\":\"Bishop Silvio Baez demands prosecution of Ortega and Murillo\",\"isPartOf\":{\"@id\":\"https:\\\/\\\/confidencial.digital\\\/en\\\/#website\"},\"primaryImageOfPage\":{\"@id\":\"https:\\\/\\\/confidencial.digital\\\/en\\\/english\\\/bishop-baez-demands-prosecution-of-ortega-murillo-and-top-officials-after-ghren-report\\\/#primaryimage\"},\"image\":{\"@id\":\"https:\\\/\\\/confidencial.digital\\\/en\\\/english\\\/bishop-baez-demands-prosecution-of-ortega-murillo-and-top-officials-after-ghren-report\\\/#primaryimage\"},\"thumbnailUrl\":\"https:\\\/\\\/confidencial.digital\\\/wp-content\\\/uploads\\\/2023\\\/07\\\/WhatsApp-Image-2023-07-16-at-1.13.48-PM.jpeg\",\"datePublished\":\"2025-04-04T22:05:09+00:00\",\"dateModified\":\"2025-04-08T15:14:52+00:00\",\"description\":\"Bishop Silvio B\u00e1ez affirms that knowing the names and surnames of repressors, \\\"the demand for justice is greater and more urgent\\\".\",\"breadcrumb\":{\"@id\":\"https:\\\/\\\/confidencial.digital\\\/en\\\/english\\\/bishop-baez-demands-prosecution-of-ortega-murillo-and-top-officials-after-ghren-report\\\/#breadcrumb\"},\"inLanguage\":\"en-US\",\"potentialAction\":[{\"@type\":\"ReadAction\",\"target\":[\"https:\\\/\\\/confidencial.digital\\\/en\\\/english\\\/bishop-baez-demands-prosecution-of-ortega-murillo-and-top-officials-after-ghren-report\\\/\"]}]},{\"@type\":\"ImageObject\",\"inLanguage\":\"en-US\",\"@id\":\"https:\\\/\\\/confidencial.digital\\\/en\\\/english\\\/bishop-baez-demands-prosecution-of-ortega-murillo-and-top-officials-after-ghren-report\\\/#primaryimage\",\"url\":\"https:\\\/\\\/confidencial.digital\\\/wp-content\\\/uploads\\\/2023\\\/07\\\/WhatsApp-Image-2023-07-16-at-1.13.48-PM.jpeg\",\"contentUrl\":\"https:\\\/\\\/confidencial.digital\\\/wp-content\\\/uploads\\\/2023\\\/07\\\/WhatsApp-Image-2023-07-16-at-1.13.48-PM.jpeg\",\"width\":1600,\"height\":928,\"caption\":\"El obispo Silvio B\u00e1ez durante una homil\u00eda en la parroquia Santa Agatha, en Miami.\"},{\"@type\":\"BreadcrumbList\",\"@id\":\"https:\\\/\\\/confidencial.digital\\\/en\\\/english\\\/bishop-baez-demands-prosecution-of-ortega-murillo-and-top-officials-after-ghren-report\\\/#breadcrumb\",\"itemListElement\":[{\"@type\":\"ListItem\",\"position\":1,\"name\":\"Portada\",\"item\":\"https:\\\/\\\/confidencial.digital\\\/en\\\/\"},{\"@type\":\"ListItem\",\"position\":2,\"name\":\"Bishop B\u00e1ez demands prosecution of Ortega, Murillo and top officials after GHREN report\"}]},{\"@type\":\"WebSite\",\"@id\":\"https:\\\/\\\/confidencial.digital\\\/en\\\/#website\",\"url\":\"https:\\\/\\\/confidencial.digital\\\/en\\\/\",\"name\":\"Confidencial Nicaragua\",\"description\":\"Noticias de Nicaragua, informaci\u00f3n, an\u00e1lisis, reportajes, investigaciones, perfiles y entrevistas. Somos Confidencial. Hacemos periodismo independiente.\",\"publisher\":{\"@id\":\"https:\\\/\\\/confidencial.digital\\\/en\\\/#organization\"},\"potentialAction\":[{\"@type\":\"SearchAction\",\"target\":{\"@type\":\"EntryPoint\",\"urlTemplate\":\"https:\\\/\\\/confidencial.digital\\\/en\\\/?s={search_term_string}\"},\"query-input\":{\"@type\":\"PropertyValueSpecification\",\"valueRequired\":true,\"valueName\":\"search_term_string\"}}],\"inLanguage\":\"en-US\"},{\"@type\":\"Organization\",\"@id\":\"https:\\\/\\\/confidencial.digital\\\/en\\\/#organization\",\"name\":\"Confidencial\",\"url\":\"https:\\\/\\\/confidencial.digital\\\/en\\\/\",\"logo\":{\"@type\":\"ImageObject\",\"inLanguage\":\"en-US\",\"@id\":\"https:\\\/\\\/confidencial.digital\\\/en\\\/#\\\/schema\\\/logo\\\/image\\\/\",\"url\":\"https:\\\/\\\/confidencial.digital\\\/wp-content\\\/uploads\\\/2023\\\/09\\\/Confidencial_696x696.jpg\",\"contentUrl\":\"https:\\\/\\\/confidencial.digital\\\/wp-content\\\/uploads\\\/2023\\\/09\\\/Confidencial_696x696.jpg\",\"width\":696,\"height\":696,\"caption\":\"Confidencial\"},\"image\":{\"@id\":\"https:\\\/\\\/confidencial.digital\\\/en\\\/#\\\/schema\\\/logo\\\/image\\\/\"},\"sameAs\":[\"https:\\\/\\\/www.facebook.com\\\/confidencial.com.ni\",\"https:\\\/\\\/x.com\\\/confidencial_ni\",\"https:\\\/\\\/www.youtube.com\\\/user\\\/ConfidencialNica\",\"https:\\\/\\\/www.instagram.com\\\/confidencial_ni\\\/\",\"https:\\\/\\\/www.linkedin.com\\\/company\\\/confidencial-nicaragua\\\/\",\"https:\\\/\\\/open.spotify.com\\\/show\\\/1rNymjqQuqP1CTGqHKdQ24\",\"https:\\\/\\\/bsky.app\\\/profile\\\/confidencialni.bsky.social\",\"https:\\\/\\\/www.threads.com\\\/@confidencial_ni\"],\"description\":\"En Confidencial hacemos periodismo de investigaci\u00f3n y an\u00e1lisis independiente para Nicaragua y su di\u00e1spora en el mundo. Fundado en 1996\",\"email\":\"info@confidencial.digital\",\"foundingDate\":\"1996-06-01\"},{\"@type\":\"Person\",\"@id\":\"https:\\\/\\\/confidencial.digital\\\/en\\\/#\\\/schema\\\/person\\\/02642e81a534005c3df18e99da2044dd\",\"name\":\"Agencia EFE\",\"image\":{\"@type\":\"ImageObject\",\"inLanguage\":\"en-US\",\"@id\":\"https:\\\/\\\/www.confidencial.digital\\\/wp-content\\\/uploads\\\/2023\\\/03\\\/efe_avatar-96x96.jpg\",\"url\":\"https:\\\/\\\/www.confidencial.digital\\\/wp-content\\\/uploads\\\/2023\\\/03\\\/efe_avatar-96x96.jpg\",\"contentUrl\":\"https:\\\/\\\/www.confidencial.digital\\\/wp-content\\\/uploads\\\/2023\\\/03\\\/efe_avatar-96x96.jpg\",\"caption\":\"Agencia EFE\"},\"description\":\"Agencia de noticias internacional con sede en Madrid, Espa\u00f1a. Fundada en Burgos durante la guerra civil espa\u00f1ola en enero de 1939.\",\"sameAs\":[\"https:\\\/\\\/efe.com\\\/\",\"https:\\\/\\\/x.com\\\/efenoticias\"],\"url\":\"https:\\\/\\\/confidencial.digital\\\/en\\\/author\\\/efe\\\/\"}]}<\/script>\n<!-- \/ Yoast SEO Premium plugin. -->","yoast_head_json":{"title":"Bishop Silvio Baez demands prosecution of Ortega and Murillo","description":"Bishop Silvio B\u00e1ez affirms that knowing the names and surnames of repressors, \"the demand for justice is greater and more urgent\".","robots":{"index":"index","follow":"follow","max-snippet":"max-snippet:-1","max-image-preview":"max-image-preview:large","max-video-preview":"max-video-preview:-1"},"canonical":"https:\/\/confidencial.digital\/en\/english\/bishop-baez-demands-prosecution-of-ortega-murillo-and-top-officials-after-ghren-report\/","og_locale":"en_US","og_type":"article","og_title":"Bishop B\u00e1ez demands prosecution of Ortega, Murillo and top officials after GHREN report","og_description":"Bishop Silvio B\u00e1ez affirms that knowing the names and surnames of repressors, \"the demand for justice is greater and more urgent\".","og_url":"https:\/\/confidencial.digital\/en\/english\/bishop-baez-demands-prosecution-of-ortega-murillo-and-top-officials-after-ghren-report\/","og_site_name":"Confidencial","article_publisher":"https:\/\/www.facebook.com\/confidencial.com.ni","article_published_time":"2025-04-04T22:05:09+00:00","article_modified_time":"2025-04-08T15:14:52+00:00","og_image":[{"width":1600,"height":928,"url":"https:\/\/confidencial.digital\/wp-content\/uploads\/2023\/07\/WhatsApp-Image-2023-07-16-at-1.13.48-PM.jpeg","type":"image\/jpeg"}],"author":"Agencia EFE","twitter_card":"summary_large_image","twitter_creator":"@efenoticias","twitter_site":"@confidencial_ni","twitter_misc":{"Written by":"Agencia EFE","Est. reading time":"2 minutes"},"schema":{"@context":"https:\/\/schema.org","@graph":[{"@type":"NewsArticle","@id":"https:\/\/confidencial.digital\/en\/english\/bishop-baez-demands-prosecution-of-ortega-murillo-and-top-officials-after-ghren-report\/#article","isPartOf":{"@id":"https:\/\/confidencial.digital\/en\/english\/bishop-baez-demands-prosecution-of-ortega-murillo-and-top-officials-after-ghren-report\/"},"author":{"name":"Agencia EFE","@id":"https:\/\/confidencial.digital\/en\/#\/schema\/person\/02642e81a534005c3df18e99da2044dd"},"headline":"Bishop B\u00e1ez demands prosecution of Ortega, Murillo and top officials after GHREN report","datePublished":"2025-04-04T22:05:09+00:00","dateModified":"2025-04-08T15:14:52+00:00","mainEntityOfPage":{"@id":"https:\/\/confidencial.digital\/en\/english\/bishop-baez-demands-prosecution-of-ortega-murillo-and-top-officials-after-ghren-report\/"},"wordCount":417,"publisher":{"@id":"https:\/\/confidencial.digital\/en\/#organization"},"image":{"@id":"https:\/\/confidencial.digital\/en\/english\/bishop-baez-demands-prosecution-of-ortega-murillo-and-top-officials-after-ghren-report\/#primaryimage"},"thumbnailUrl":"https:\/\/confidencial.digital\/wp-content\/uploads\/2023\/07\/WhatsApp-Image-2023-07-16-at-1.13.48-PM.jpeg","articleSection":["English"],"inLanguage":"en-US","copyrightYear":"2025","copyrightHolder":{"@id":"https:\/\/confidencial.digital\/#organization"}},{"@type":"WebPage","@id":"https:\/\/confidencial.digital\/en\/english\/bishop-baez-demands-prosecution-of-ortega-murillo-and-top-officials-after-ghren-report\/","url":"https:\/\/confidencial.digital\/en\/english\/bishop-baez-demands-prosecution-of-ortega-murillo-and-top-officials-after-ghren-report\/","name":"Bishop Silvio Baez demands prosecution of Ortega and Murillo","isPartOf":{"@id":"https:\/\/confidencial.digital\/en\/#website"},"primaryImageOfPage":{"@id":"https:\/\/confidencial.digital\/en\/english\/bishop-baez-demands-prosecution-of-ortega-murillo-and-top-officials-after-ghren-report\/#primaryimage"},"image":{"@id":"https:\/\/confidencial.digital\/en\/english\/bishop-baez-demands-prosecution-of-ortega-murillo-and-top-officials-after-ghren-report\/#primaryimage"},"thumbnailUrl":"https:\/\/confidencial.digital\/wp-content\/uploads\/2023\/07\/WhatsApp-Image-2023-07-16-at-1.13.48-PM.jpeg","datePublished":"2025-04-04T22:05:09+00:00","dateModified":"2025-04-08T15:14:52+00:00","description":"Bishop Silvio B\u00e1ez affirms that knowing the names and surnames of repressors, \"the demand for justice is greater and more urgent\".","breadcrumb":{"@id":"https:\/\/confidencial.digital\/en\/english\/bishop-baez-demands-prosecution-of-ortega-murillo-and-top-officials-after-ghren-report\/#breadcrumb"},"inLanguage":"en-US","potentialAction":[{"@type":"ReadAction","target":["https:\/\/confidencial.digital\/en\/english\/bishop-baez-demands-prosecution-of-ortega-murillo-and-top-officials-after-ghren-report\/"]}]},{"@type":"ImageObject","inLanguage":"en-US","@id":"https:\/\/confidencial.digital\/en\/english\/bishop-baez-demands-prosecution-of-ortega-murillo-and-top-officials-after-ghren-report\/#primaryimage","url":"https:\/\/confidencial.digital\/wp-content\/uploads\/2023\/07\/WhatsApp-Image-2023-07-16-at-1.13.48-PM.jpeg","contentUrl":"https:\/\/confidencial.digital\/wp-content\/uploads\/2023\/07\/WhatsApp-Image-2023-07-16-at-1.13.48-PM.jpeg","width":1600,"height":928,"caption":"El obispo Silvio B\u00e1ez durante una homil\u00eda en la parroquia Santa Agatha, en Miami."},{"@type":"BreadcrumbList","@id":"https:\/\/confidencial.digital\/en\/english\/bishop-baez-demands-prosecution-of-ortega-murillo-and-top-officials-after-ghren-report\/#breadcrumb","itemListElement":[{"@type":"ListItem","position":1,"name":"Portada","item":"https:\/\/confidencial.digital\/en\/"},{"@type":"ListItem","position":2,"name":"Bishop B\u00e1ez demands prosecution of Ortega, Murillo and top officials after GHREN report"}]},{"@type":"WebSite","@id":"https:\/\/confidencial.digital\/en\/#website","url":"https:\/\/confidencial.digital\/en\/","name":"Confidencial Nicaragua","description":"Noticias de Nicaragua, informaci\u00f3n, an\u00e1lisis, reportajes, investigaciones, perfiles y entrevistas. Somos Confidencial. Hacemos periodismo independiente.","publisher":{"@id":"https:\/\/confidencial.digital\/en\/#organization"},"potentialAction":[{"@type":"SearchAction","target":{"@type":"EntryPoint","urlTemplate":"https:\/\/confidencial.digital\/en\/?s={search_term_string}"},"query-input":{"@type":"PropertyValueSpecification","valueRequired":true,"valueName":"search_term_string"}}],"inLanguage":"en-US"},{"@type":"Organization","@id":"https:\/\/confidencial.digital\/en\/#organization","name":"Confidencial","url":"https:\/\/confidencial.digital\/en\/","logo":{"@type":"ImageObject","inLanguage":"en-US","@id":"https:\/\/confidencial.digital\/en\/#\/schema\/logo\/image\/","url":"https:\/\/confidencial.digital\/wp-content\/uploads\/2023\/09\/Confidencial_696x696.jpg","contentUrl":"https:\/\/confidencial.digital\/wp-content\/uploads\/2023\/09\/Confidencial_696x696.jpg","width":696,"height":696,"caption":"Confidencial"},"image":{"@id":"https:\/\/confidencial.digital\/en\/#\/schema\/logo\/image\/"},"sameAs":["https:\/\/www.facebook.com\/confidencial.com.ni","https:\/\/x.com\/confidencial_ni","https:\/\/www.youtube.com\/user\/ConfidencialNica","https:\/\/www.instagram.com\/confidencial_ni\/","https:\/\/www.linkedin.com\/company\/confidencial-nicaragua\/","https:\/\/open.spotify.com\/show\/1rNymjqQuqP1CTGqHKdQ24","https:\/\/bsky.app\/profile\/confidencialni.bsky.social","https:\/\/www.threads.com\/@confidencial_ni"],"description":"En Confidencial hacemos periodismo de investigaci\u00f3n y an\u00e1lisis independiente para Nicaragua y su di\u00e1spora en el mundo. Fundado en 1996","email":"info@confidencial.digital","foundingDate":"1996-06-01"},{"@type":"Person","@id":"https:\/\/confidencial.digital\/en\/#\/schema\/person\/02642e81a534005c3df18e99da2044dd","name":"Agencia EFE","image":{"@type":"ImageObject","inLanguage":"en-US","@id":"https:\/\/www.confidencial.digital\/wp-content\/uploads\/2023\/03\/efe_avatar-96x96.jpg","url":"https:\/\/www.confidencial.digital\/wp-content\/uploads\/2023\/03\/efe_avatar-96x96.jpg","contentUrl":"https:\/\/www.confidencial.digital\/wp-content\/uploads\/2023\/03\/efe_avatar-96x96.jpg","caption":"Agencia EFE"},"description":"Agencia de noticias internacional con sede en Madrid, Espa\u00f1a. Fundada en Burgos durante la guerra civil espa\u00f1ola en enero de 1939.","sameAs":["https:\/\/efe.com\/","https:\/\/x.com\/efenoticias"],"url":"https:\/\/confidencial.digital\/en\/author\/efe\/"}]}},"_links":{"self":[{"href":"https:\/\/confidencial.digital\/en\/wp-json\/wp\/v2\/posts\/139394","targetHints":{"allow":["GET"]}}],"collection":[{"href":"https:\/\/confidencial.digital\/en\/wp-json\/wp\/v2\/posts"}],"about":[{"href":"https:\/\/confidencial.digital\/en\/wp-json\/wp\/v2\/types\/post"}],"author":[{"embeddable":true,"href":"https:\/\/confidencial.digital\/en\/wp-json\/wp\/v2\/users\/12"}],"replies":[{"embeddable":true,"href":"https:\/\/confidencial.digital\/en\/wp-json\/wp\/v2\/comments?post=139394"}],"version-history":[{"count":3,"href":"https:\/\/confidencial.digital\/en\/wp-json\/wp\/v2\/posts\/139394\/revisions"}],"predecessor-version":[{"id":164446,"href":"https:\/\/confidencial.digital\/en\/wp-json\/wp\/v2\/posts\/139394\/revisions\/164446"}],"wp:featuredmedia":[{"embeddable":true,"href":"https:\/\/confidencial.digital\/en\/wp-json\/wp\/v2\/media\/139395"}],"wp:attachment":[{"href":"https:\/\/confidencial.digital\/en\/wp-json\/wp\/v2\/media?parent=139394"}],"wp:term":[{"taxonomy":"category","embeddable":true,"href":"https:\/\/confidencial.digital\/en\/wp-json\/wp\/v2\/categories?post=139394"},{"taxonomy":"post_tag","embeddable":true,"href":"https:\/\/confidencial.digital\/en\/wp-json\/wp\/v2\/tags?post=139394"}],"curies":[{"name":"wp","href":"https:\/\/api.w.org\/{rel}","templated":true}]}}